{"id":98305,"date":"2026-02-01T00:15:30","date_gmt":"2026-01-31T23:15:30","guid":{"rendered":"https:\/\/www.infokuryr.cz\/n\/?p=98305"},"modified":"2026-01-31T09:54:44","modified_gmt":"2026-01-31T08:54:44","slug":"andrew-p-napolitano-americke-gestapo-americky-psycho","status":"publish","type":"post","link":"https:\/\/www.infokuryr.cz\/n\/2026\/02\/01\/andrew-p-napolitano-americke-gestapo-americky-psycho\/","title":{"rendered":"Andrew P. Napolitano: Americk\u00e9 gestapo \/ Americk\u00fd psycho"},"content":{"rendered":"<div id=\"fb-root\"><\/div>\n<div class=\"elementor-element elementor-element-1fb4c2c elementor-widget elementor-widget-theme-post-content\" data-id=\"1fb4c2c\" data-element_type=\"widget\" data-widget_type=\"theme-post-content.default\">\n<div class=\"elementor-widget-container\">\n<p><span dir=\"auto\">Minul\u00fd t\u00fdden p\u016fl tuctu maskovan\u00fdch a neidentifikovan\u00fdch p\u0159\u00edslu\u0161n\u00edk\u016f Imigra\u010dn\u00ed a celn\u00ed spr\u00e1vy (ICE) zabilo 37let\u00e9ho feder\u00e1ln\u00edho zam\u011bstnance, zdravotn\u00edho sestru, t\u00edm, \u017ee ho nast\u0159\u00edkali pep\u0159ov\u00fdm sprejem do o\u010d\u00ed, srazili ho k zemi, vzali mu leg\u00e1ln\u011b vlastn\u011bnou a no\u0161enou pistoli a pot\u00e9 ho dev\u011btkr\u00e1t st\u0159elili do zad.<\/span><\/p>\n<p><span dir=\"auto\">Zlo\u010dinci z ICE, vyslan\u00ed do Minneapolisu feder\u00e1ln\u00ed vl\u00e1dou, zp\u016fsobili vra\u017edy a chaos v mnohem n\u00e1siln\u011bj\u0161\u00edm, ru\u0161iv\u011bj\u0161\u00edm a \u017eivot zni\u010duj\u00edc\u00edm m\u011b\u0159\u00edtku, ne\u017e cokoli, co zp\u016fsobili neleg\u00e1ln\u00ed imigranti \u017eij\u00edc\u00ed v Minneapolisu.<\/span><\/p>\n<p><span dir=\"auto\">Podle \u00fastavy byla imigrace \u2013 tedy kdo m\u016f\u017ee leg\u00e1ln\u011b vstoupit do Spojen\u00fdch st\u00e1t\u016f a z\u016fstat v nich \u2013 ponech\u00e1na na regulaci jednotliv\u00fdch st\u00e1t\u016f; a naturalizace \u2013 tedy kdo se m\u016f\u017ee st\u00e1t ob\u010danem USA \u2013 na feder\u00e1ln\u00ed vl\u00e1d\u011b.<\/span><\/p>\n<p><span dir=\"auto\">Navzdory jasn\u00e9mu zn\u011bn\u00ed \u00dastavy Kongres \u2013 motivovan\u00fd rasistickou averz\u00ed k lidem, kte\u0159\u00ed vypadali a zn\u011bli jinak ne\u017e b\u00edl\u00e9 anglosask\u00e9 protestantsk\u00e9 elity, kter\u00e9 ovl\u00e1daly vl\u00e1du \u2013 schv\u00e1lil z\u00e1kon o vylou\u010den\u00ed \u010c\u00ed\u0148an\u016f z roku 1882. Kdy\u017e byl tento z\u00e1kon zpochybn\u011bn, Nejvy\u0161\u0161\u00ed soud potvrdil autoritu Kongresu ve skute\u010dn\u011b bizarn\u00edm rozhodnut\u00ed, jeho\u017e autorem byl soudce George Sutherland, s\u00e1m imigrant.<\/span><\/p>\n<p><span dir=\"auto\">Soud poprv\u00e9 rozhodl, \u017ee Kongres m\u016f\u017ee vykon\u00e1vat regula\u010dn\u00ed pravomoci z jin\u00e9ho zdroje ne\u017e z \u00dastavy. Argumentoval t\u00edm, \u017ee pravomoc regulovat imigraci z\u016fstala i pot\u00e9, co brit\u0161t\u00ed voj\u00e1ci opustili kolonie po jejich kapitulaci v roce 1781, a metafyzicky p\u0159e\u0161la na novou feder\u00e1ln\u00ed vl\u00e1du. Ospravedln\u011bn\u00ed z ni\u010deho nic.<\/span><\/p>\n<p><span dir=\"auto\">Od t\u00e9 doby se feder\u00e1ln\u00ed imigra\u010dn\u00ed p\u0159edpisy st\u00e1le p\u0159\u00edsn\u011bj\u0161\u00ed, v\u011bt\u0161inou v z\u00e1vislosti na p\u0159evl\u00e1daj\u00edc\u00edch ekonomick\u00fdch trendech a rasov\u00fdch postoj\u00edch. Sto let po z\u00e1kon\u011b o vylou\u010den\u00ed \u010c\u00ed\u0148an\u016f schv\u00e1lil Kongres na nal\u00e9h\u00e1n\u00ed prezidenta Ronalda Reagana z\u00e1kon Simpson-Mazzoli, kter\u00fd ud\u011blil amnestii a trval\u00fd leg\u00e1ln\u00ed status v\u0161em imigrant\u016fm, kte\u0159\u00ed tehdy \u017eili ve Spojen\u00fdch st\u00e1tech. Nebe se z\u0159\u00edtilo.<\/span><\/p>\n<p><span dir=\"auto\">B\u00edl\u00fd d\u016fm obhajoval vra\u017edy dvou nevinn\u00fdch Ameri\u010dan\u016f, kter\u00e9 sp\u00e1chala ICE v chaosu v Minneapolisu, pou\u017e\u00edv\u00e1n\u00edm v\u00fdraz\u016f jako terorista, agit\u00e1tor, vrah a sebeobrana. Politick\u00fdm o\u010der\u0148ov\u00e1n\u00edm dvou mrtv\u00fdch ob\u011bt\u00ed se pokusil odv\u00e9st pozornost od taktik ICE v ulic\u00edch podobn\u00fdch gestapovsk\u00fdm. A v r\u00e1mci ma\u0159en\u00ed spravedlnosti ICE zatajila ve\u0161ker\u00e9 d\u016fkazy o t\u011bchto vra\u017ed\u00e1ch p\u0159ed st\u00e1tn\u00edmi vy\u0161et\u0159ovateli.<\/span><\/p>\n<p><span dir=\"auto\">Jsou maskovan\u00ed mu\u017ei v ulic\u00edch, jak tvrd\u00ed B\u00edl\u00fd d\u016fm, imunn\u00ed v\u016f\u010di trestn\u00edmu st\u00edh\u00e1n\u00ed za vra\u017edu?<\/span><\/p>\n<p><span dir=\"auto\">Feder\u00e1ln\u00ed a st\u00e1tn\u00ed z\u00e1kony stanov\u00ed \u2013 a v\u0161ichni policist\u00e9, v\u010detn\u011b agent\u016f DHS, to v\u011bd\u00ed \u2013 \u017ee nezabijete \u0159idi\u010de vozidla jedouc\u00edho rychlost\u00ed ni\u017e\u0161\u00ed ne\u017e osm kilometr\u016f za hodinu, kter\u00fd se v\u00e1m pokou\u0161\u00ed odbo\u010dit; nech\u00e1te ho odbo\u010dit nebo uhnout z cesty. Pokud se z jak\u00e9hokoli d\u016fvodu c\u00edt\u00edte ohro\u017eeni mu\u017eem na v\u0161ech \u010dty\u0159ech na zemi, kter\u00e9mu jste ji\u017e zabavili leg\u00e1ln\u011b no\u0161enou zbra\u0148 a kter\u00e9ho jste do\u010dasn\u011b oslepili pep\u0159ov\u00fdm sprejem, proto\u017ee v\u00e1s fotografoval, zadr\u017e\u00edte ho \u2013 nest\u0159\u00edl\u00edte ho do zad.<\/span><\/p>\n<p><span dir=\"auto\">D\u016fvod, pro\u010d je policejn\u00ed p\u0159edv\u00eddavost ohledn\u011b dobra a zla (kdo by nev\u011bd\u011bl, \u017ee je \u0161patn\u00e9 st\u0159elit neozbrojen\u00e9ho \u010dlov\u011bka do zad?) a z\u00e1konn\u00e9ho a trestn\u00e9ho pou\u017eit\u00ed s\u00edly relevantn\u00ed, spo\u010d\u00edv\u00e1 v dal\u0161\u00edm bizarn\u00edm rozhodnut\u00ed Nejvy\u0161\u0161\u00edho soudu. Prohl\u00e1sil, \u017ee st\u00edh\u00e1n\u00ed vl\u00e1dn\u00edch \u00fa\u0159edn\u00edk\u016f za nadm\u011brn\u00e9 pou\u017eit\u00ed s\u00edly z\u00e1vis\u00ed na tom, zda jin\u00ed vl\u00e1dn\u00ed ob\u017ealovan\u00ed ve srovnateln\u00fdch situac\u00edch prok\u00e1zali tuto p\u0159edv\u00eddavost. Dal\u0161\u00ed pr\u00e1vn\u00ed princip zrozen\u00fd z ni\u010deho nic.<\/span><\/p>\n<p><span dir=\"auto\">M\u016f\u017ee st\u00e1t Minnesota st\u00edhat vrahy z vlak\u016f ICE? Ano, podle feder\u00e1ln\u00edch i st\u00e1tn\u00edch z\u00e1kon\u016f. Sta\u010d\u00ed se zeptat Lona Horiuchiho, odst\u0159elova\u010de FBI z Ruby Ridge, kter\u00e9ho st\u00e1t Idaho st\u00edhal za nep\u0159im\u011b\u0159en\u00e9 pou\u017eit\u00ed s\u00edly pot\u00e9, co zast\u0159elil man\u017eelku osoby, kterou se feder\u00e1ln\u00ed vl\u00e1da sna\u017eila zatknout vzadu. A pro vra\u017edu neexistuje proml\u010dec\u00ed lh\u016fta.<\/span><\/p>\n<p><span dir=\"auto\">Nebezpe\u010dn\u011bj\u0161\u00ed ne\u017e americk\u00e9 gestapo je americk\u00fd psychopat \u2013 vl\u00e1dn\u00ed mentalita zbaven\u00e1 mor\u00e1ln\u00edch princip\u016f. Mentalita, kter\u00e1 se \u2013 stejn\u011b jako autorit\u00e1\u0159i v pr\u016fb\u011bhu d\u011bjin \u2013 zam\u011b\u0159uje na bezmocnou, beznad\u011bjnou a politicky slabou men\u0161inu a ospravedl\u0148uje vra\u017edy t\u011bch, kte\u0159\u00ed protestuj\u00ed proti n\u00e1sil\u00ed pou\u017eit\u00e9mu k dosa\u017een\u00ed tohoto c\u00edle.<\/span><\/p>\n<p><span dir=\"auto\">M\u00e1me vl\u00e1du postr\u00e1daj\u00edc\u00ed spole\u010densk\u00e9 ctnosti, kter\u00e1 se prim\u00e1rn\u011b zab\u00fdv\u00e1 demonstrac\u00ed sv\u00e9 moci nad lidmi. Nen\u00ed omezena dobrem, p\u0159irozen\u00fdm pr\u00e1vem, \u00fastavou ani prostou slu\u0161nost\u00ed. Nem\u00e1 \u017e\u00e1dn\u00e9 hodnoty. V\u011b\u0159\u00ed, \u017ee \u017eivot nem\u00e1 smysl. Ze strachu, \u017ee oby\u010dejn\u00ed lid\u00e9 budou fotografovat jej\u00ed n\u00e1sil\u00ed v ulic\u00edch, slovn\u011b obhajuje zabit\u00ed fotografa.<\/span><\/p>\n<p><span dir=\"auto\">Tato psychopatick\u00e1 vl\u00e1da tvrdila, \u017ee prvn\u00ed osoba z Minneapolis zavra\u017ed\u011bn\u00e1 jej\u00edmi agenty byla teroristka. Ona j\u00ed nebyla. Pak tvrdila, \u017ee jej\u00ed man\u017eel byl terorista. On nebyl.<\/span><\/p>\n<p><span dir=\"auto\">Pak tvrdila, \u017ee zdravotn\u00ed sestra, kter\u00e1 nat\u00e1\u010dela jej\u00ed agenty, je tam m\u011bla zab\u00edt, proto\u017ee leg\u00e1ln\u011b nosil pistoli a st\u0159elivo. Nem\u011bl je. Pak tvrdila, \u017ee jen \u201eukazoval\u201c svou zbran\u00ed. Sv\u00e9 zbran\u011b se ani nedotkl; agenti ICE mu ji p\u0159ed popravou odebrali. Nyn\u00ed tvrd\u00ed, \u017ee tento zdravotn\u00ed sestra, kter\u00e9ho zast\u0159elili, kdy\u017e le\u017eel po \u010dty\u0159ech na zmrzl\u00e9 zemi, oslepen\u00fd pep\u0159ov\u00fdm sprejem, p\u0159edstavoval pro jej\u00ed agenty hrozbu. To je nesmysl.<\/span><\/p>\n<p><span dir=\"auto\">Ministryn\u011b vnit\u0159n\u00ed bezpe\u010dnosti Kristi Noemov\u00e1 m\u00e9di\u00edm sd\u011blila, \u017ee se jej\u00ed agenti c\u00edtili ohro\u017eeni, a proto zdravotn\u00ed sestru odzbrojili. Nejvy\u0161\u0161\u00ed soud rozhodl, \u017ee druh\u00fd dodatek, kter\u00fd chr\u00e1n\u00ed pr\u00e1vo dr\u017eet a nosit zbran\u011b, je stejn\u011b siln\u00fd jako prvn\u00ed dodatek. Neexistoval \u017e\u00e1dn\u00fd pr\u00e1vn\u00ed z\u00e1klad pro post\u0159\u00edk\u00e1n\u00ed nebo omezov\u00e1n\u00ed zdravotn\u00ed sestry, a proto tito agenti nemohli zdravotn\u00ed sestru odzbrojit o nic z\u00e1konn\u011bji, ne\u017e mohli uml\u010det jeho projev o nich.<\/span><\/p>\n<p><span dir=\"auto\">Tuto do o\u010d\u00ed bij\u00edc\u00ed le\u017e vyvrac\u00ed to, co v\u0161ichni vid\u00edme.<\/span><\/p>\n<p><span dir=\"auto\">Stejn\u00fd psychotick\u00fd p\u0159\u00edstup, kter\u00fd loni tvrdil, \u017ee by mohl popravovat lidi na voln\u00e9m mo\u0159i bez soudu, nyn\u00ed p\u0159inesl tento nihilismus \u201ekdo m\u00e1 pr\u00e1vo\u201c do na\u0161ich ulic. Pokud Kongres nezastav\u00ed tuto nemoc ve v\u00fdkonn\u00e9 moci t\u00edm, \u017ee ji v\u010das zru\u0161\u00ed financov\u00e1n\u00edm, voli\u010di budou Kongres ozna\u010dovat za spolupachatele.<\/span><\/p>\n<p><span dir=\"auto\">Psychopati maj\u00ed samoz\u0159ejm\u011b navrch. M\u011bjte se na pozoru, lide \u00cdr\u00e1nu. Pokud psychopati sel\u017eou doma, zavedou n\u00e1s do v\u00e1lky v zahrani\u010d\u00ed.<\/span><\/p>\n<\/div>\n<\/div>\n<div class=\"elementor-element elementor-element-8c57238 quelle dc-has-condition dc-condition-empty elementor-widget elementor-widget-heading\" data-id=\"8c57238\" data-element_type=\"widget\" data-widget_type=\"heading.default\">\n<div class=\"elementor-widget-container\">\n<h3 class=\"elementor-heading-title elementor-size-default\"><span style=\"font-size: 10pt;\"><a href=\"https:\/\/www.lewrockwell.com\/2026\/01\/andrew-p-napolitano\/american-gestapo-american-psycho\/\" target=\"_blank\" rel=\"nofollow noopener\"><span dir=\"auto\">Zdroj<\/span><\/a><\/span><\/h3>\n<p>&nbsp;<\/p>\n<\/div>\n<\/div>\n","protected":false},"excerpt":{"rendered":"<p>Minul\u00fd t\u00fdden p\u016fl tuctu maskovan\u00fdch a neidentifikovan\u00fdch p\u0159\u00edslu\u0161n\u00edk\u016f Imigra\u010dn\u00ed a celn\u00ed spr\u00e1vy (ICE) zabilo 37let\u00e9ho&#8230;<\/p>\n","protected":false},"author":2,"featured_media":97443,"comment_status":"closed","ping_status":"closed","sticky":false,"template":"","format":"standard","meta":[],"categories":[7],"tags":[2780,10498,1503,37],"_links":{"self":[{"href":"https:\/\/www.infokuryr.cz\/n\/wp-json\/wp\/v2\/posts\/98305"}],"collection":[{"href":"https:\/\/www.infokuryr.cz\/n\/wp-json\/wp\/v2\/posts"}],"about":[{"href":"https:\/\/www.infokuryr.cz\/n\/wp-json\/wp\/v2\/types\/post"}],"author":[{"embeddable":true,"href":"https:\/\/www.infokuryr.cz\/n\/wp-json\/wp\/v2\/users\/2"}],"replies":[{"embeddable":true,"href":"https:\/\/www.infokuryr.cz\/n\/wp-json\/wp\/v2\/comments?post=98305"}],"version-history":[{"count":0,"href":"https:\/\/www.infokuryr.cz\/n\/wp-json\/wp\/v2\/posts\/98305\/revisions"}],"wp:featuredmedia":[{"embeddable":true,"href":"https:\/\/www.infokuryr.cz\/n\/wp-json\/wp\/v2\/media\/97443"}],"wp:attachment":[{"href":"https:\/\/www.infokuryr.cz\/n\/wp-json\/wp\/v2\/media?parent=98305"}],"wp:term":[{"taxonomy":"category","embeddable":true,"href":"https:\/\/www.infokuryr.cz\/n\/wp-json\/wp\/v2\/categories?post=98305"},{"taxonomy":"post_tag","embeddable":true,"href":"https:\/\/www.infokuryr.cz\/n\/wp-json\/wp\/v2\/tags?post=98305"}],"curies":[{"name":"wp","href":"https:\/\/api.w.org\/{rel}","templated":true}]}}