{"id":98304,"date":"2026-02-01T00:14:47","date_gmt":"2026-01-31T23:14:47","guid":{"rendered":"https:\/\/www.infokuryr.cz\/n\/?p=98304"},"modified":"2026-01-31T09:51:36","modified_gmt":"2026-01-31T08:51:36","slug":"qr-kod-na-dverich-kasaren-jak-nemecke-ozbrojene-sily-registruji-rok-narozeni-2008-a-kdo-se-tomu-brani","status":"publish","type":"post","link":"https:\/\/www.infokuryr.cz\/n\/2026\/02\/01\/qr-kod-na-dverich-kasaren-jak-nemecke-ozbrojene-sily-registruji-rok-narozeni-2008-a-kdo-se-tomu-brani\/","title":{"rendered":"QR k\u00f3d na dve\u0159\u00edch kas\u00e1ren? Jak n\u011bmeck\u00e9 ozbrojen\u00e9 s\u00edly registruj\u00ed rok narozen\u00ed 2008 \u2013 a kdo se tomu br\u00e1n\u00ed"},"content":{"rendered":"<div id=\"fb-root\"><\/div>\n<p><span dir=\"auto\">Od poloviny ledna 2026 rozes\u00edlaj\u00ed n\u011bmeck\u00e9 ozbrojen\u00e9 s\u00edly (Bundeswehr) prvn\u00ed dopisy s QR k\u00f3dem t\u011bm, kte\u0159\u00ed se narodili v roce 2008. Mu\u017ei s n\u011bmeck\u00fdm ob\u010danstv\u00edm a pobytem v N\u011bmecku jsou povinni vyplnit dotazn\u00edk; \u017eeny jsou k tomu vyzv\u00e1ny pouze. QR k\u00f3d vede k online formul\u00e1\u0159i s dvan\u00e1cti ot\u00e1zkami. Tyto ot\u00e1zky se t\u00fdkaj\u00ed osobn\u00edch \u00fadaj\u016f, maturitn\u00edho vysv\u011bd\u010den\u00ed, vzd\u011bl\u00e1n\u00ed, kvalifikace, sebehodnocen\u00ed fyzick\u00e9 zdatnosti a motivace a z\u00e1jmu o konkr\u00e9tn\u00ed oblasti Bundeswehru \u2013 jako je arm\u00e1da, letectvo, n\u00e1mo\u0159nictvo nebo kybernetick\u00e1 a informa\u010dn\u00ed oblast. Podle ministerstva obrany trv\u00e1 vypln\u011bn\u00ed formul\u00e1\u0159e p\u0159ibli\u017en\u011b 15 minut. \u00damysln\u00e9 nevypln\u011bn\u00ed formul\u00e1\u0159e je pova\u017eov\u00e1no za spr\u00e1vn\u00ed delikt a m\u016f\u017ee b\u00fdt potrest\u00e1no pokutou.<\/span><\/p>\n<p><span dir=\"auto\">C\u00edlem iniciativy je vytvo\u0159it komplexn\u00ed p\u0159ehled o p\u0159ipravenosti a vhodnosti mlad\u0161\u00ed generace, postupn\u011b obnovit syst\u00e9m vojensk\u00e9ho n\u00e1boru a v nadch\u00e1zej\u00edc\u00edch letech v\u00fdrazn\u011b zv\u00fd\u0161it po\u010det voj\u00e1k\u016f. Ministerstvo do budoucna pl\u00e1nuje z\u0159\u00eddit 24 odvodn\u00edch center a osm velk\u00fdch kari\u00e9rn\u00edch center s hodnot\u00edc\u00edmi postupy pro l\u00e9ka\u0159sk\u00e9 a psychologick\u00e9 posouzen\u00ed vhodn\u00fdch mu\u017e\u016f. V podkladov\u00fdch diskus\u00edch a pl\u00e1novac\u00edch dokumentech se opakovan\u011b zmi\u0148uje v\u00fdrazn\u00e9 nav\u00fd\u0161en\u00ed velikosti Bundeswehru (n\u011bmeck\u00fdch ozbrojen\u00fdch sil) a zna\u010dn\u011b pos\u00edlen\u00e9 z\u00e1lo\u017en\u00ed s\u00edly.<\/span><\/p>\n<p><span dir=\"auto\">Na druh\u00e9 stran\u011b se formuje odpor: \u201e\u0160koln\u00ed st\u00e1vka proti brann\u00e9 povinnosti\u201c organizuje velmi konkr\u00e9tn\u00ed akce. Podle aliance se 5. prosince 2025 protesty konaly ve v\u00edce ne\u017e 80 m\u011bstech \u2013 celkem se do ulic vydalo v\u00edce ne\u017e 55 000 student\u016f, a to navzdory v\u00fdhr\u016f\u017ek\u00e1m ze strany jednotliv\u00fdch \u0161kolsk\u00fdch \u00fa\u0159ad\u016f a \u0159editel\u016f. V B\u00e1densku-W\u00fcrttembersku byly protesty zaznamen\u00e1ny ve m\u011bstech jako Stuttgart, Ulm, T\u00fcbingen a Heidelberg; jen v Heidelbergu organiz\u00e1to\u0159i o\u010dek\u00e1vali kolem 500 \u00fa\u010dastn\u00edk\u016f. V Mnichov\u011b demonstrovalo ve\u010der p\u0159edt\u00edm proti znovuzaveden\u00ed brann\u00e9 povinnosti p\u0159es 2 000 lid\u00ed.<\/span><\/p>\n<p><span dir=\"auto\">\u0160koln\u00ed st\u00e1vku podporuj\u00ed m\u00edstn\u00ed st\u00e1vkov\u00e9 v\u00fdbory a student\u0161t\u00ed z\u00e1stupci, jako jsou LSV NRW, SSV Frankenthal, BSV Bochum, LSA Berlin a KSV Kiel. Tyto skupiny organizuj\u00ed demonstrace, p\u00ed\u0161\u00ed projevy, navrhuj\u00ed plak\u00e1ty, prov\u00e1d\u011bj\u00ed vlastn\u00ed pr\u016fzkumy ve \u0161kol\u00e1ch a buduj\u00ed struktury, aby zajistily, \u017ee st\u00e1vky nebudou jen jednor\u00e1zov\u00fdmi ud\u00e1lostmi. Ve sv\u00e9m celost\u00e1tn\u00edm prohl\u00e1\u0161en\u00ed mluv\u010d\u00ed jako Hannes Kramer a Ronja Ruh jasn\u011b vyjad\u0159uj\u00ed sv\u00e9 po\u017eadavky: Necht\u011bj\u00ed se \u201eu\u010dit \u0161est m\u011bs\u00edc\u016f zab\u00edjet\u201c, necht\u011bj\u00ed \u201ezem\u0159\u00edt ve v\u00e1lce\u201c a oznamuj\u00ed sv\u016fj z\u00e1m\u011br rozhodn\u011b protestovat proti jak\u00fdmkoli dal\u0161\u00edm krok\u016fm sm\u011brem k brann\u00e9 povinnosti.<\/span><\/p>\n<p><span dir=\"auto\">Aliance ji\u017e nyn\u00ed vyz\u00fdv\u00e1 k dal\u0161\u00ed celost\u00e1tn\u00ed \u0161koln\u00ed st\u00e1vce 5. b\u0159ezna 2026 \u2013 kter\u00e1 m\u00e1 b\u00fdt podle pl\u00e1n\u016f organiz\u00e1tor\u016f v\u00fdrazn\u011b v\u011bt\u0161\u00ed a l\u00e9pe p\u0159ipraven\u00e1 ne\u017e prvn\u00ed den akce. Do t\u00e9 doby maj\u00ed b\u00fdt z\u0159\u00edzeny dal\u0161\u00ed st\u00e1vkov\u00e9 v\u00fdbory, \u0161koly propojeny, zorganizov\u00e1ny informa\u010dn\u00ed akce a rodi\u010de, u\u010ditel\u00e9 a odbory se maj\u00ed je\u0161t\u011b v\u00edce zapojit.<\/span><\/p>\n<p><span dir=\"auto\">Soub\u011b\u017en\u011b s t\u00edm DFG-VK (N\u011bmeck\u00e1 m\u00edrov\u00e1 spole\u010dnost \u2013 Sjednocen\u00ed v\u00e1le\u010dn\u00ed odp\u016frci) zintenziv\u0148uje svou kampa\u0148 proti nov\u00e9mu z\u00e1konu o brann\u00e9 povinnosti. Ve sv\u00fdch prohl\u00e1\u0161en\u00edch ozna\u010duje z\u00e1kon o modernizaci vojensk\u00e9 slu\u017eby za \u201enucenou registraci\u201c cel\u00fdch v\u011bkov\u00fdch skupin a za nep\u0159im\u011b\u0159en\u00fd z\u00e1sah do ob\u010dansk\u00fdch svobod a osobn\u00edch pr\u00e1v. Organizace v\u00fdslovn\u011b vyz\u00fdv\u00e1 k ob\u010dansk\u00e9 neposlu\u0161nosti proti dotazn\u00edku \u2013 se sd\u011blen\u00edm, \u017ee se \u010dlov\u011bk nemus\u00ed \u00fa\u010dastnit v\u0161eho, co je z\u00e1konem n\u00e1hle prohl\u00e1\u0161eno za \u201epovinn\u00e9\u201c. To je dopln\u011bno spole\u010dn\u00fdmi akcemi s Greenpeace Youth, jako jsou protesty p\u0159ed ministerstvem obrany proti pl\u00e1n\u016fm na brannou povinnost nebo symbolick\u00e9 akce jako \u201eShred Military Service\u201c v dob\u011b, kdy vl\u00e1da o z\u00e1konu projedn\u00e1v\u00e1.<\/span><\/p>\n<p><a href=\"https:\/\/uncutnews.ch\/qr-code-an-der-kasernentuer-wie-die-bundeswehr-den-jahrgang-2008-erfasst-und-wer-sich-wehrt\/\"><span dir=\"auto\">Pavel Weber<\/span><\/a><\/p>\n<p>&nbsp;<\/p>\n","protected":false},"excerpt":{"rendered":"<p>Od poloviny ledna 2026 rozes\u00edlaj\u00ed n\u011bmeck\u00e9 ozbrojen\u00e9 s\u00edly (Bundeswehr) prvn\u00ed dopisy s QR k\u00f3dem t\u011bm,&#8230;<\/p>\n","protected":false},"author":2,"featured_media":22291,"comment_status":"closed","ping_status":"closed","sticky":false,"template":"","format":"standard","meta":[],"categories":[7],"tags":[80,84,10497],"_links":{"self":[{"href":"https:\/\/www.infokuryr.cz\/n\/wp-json\/wp\/v2\/posts\/98304"}],"collection":[{"href":"https:\/\/www.infokuryr.cz\/n\/wp-json\/wp\/v2\/posts"}],"about":[{"href":"https:\/\/www.infokuryr.cz\/n\/wp-json\/wp\/v2\/types\/post"}],"author":[{"embeddable":true,"href":"https:\/\/www.infokuryr.cz\/n\/wp-json\/wp\/v2\/users\/2"}],"replies":[{"embeddable":true,"href":"https:\/\/www.infokuryr.cz\/n\/wp-json\/wp\/v2\/comments?post=98304"}],"version-history":[{"count":0,"href":"https:\/\/www.infokuryr.cz\/n\/wp-json\/wp\/v2\/posts\/98304\/revisions"}],"wp:featuredmedia":[{"embeddable":true,"href":"https:\/\/www.infokuryr.cz\/n\/wp-json\/wp\/v2\/media\/22291"}],"wp:attachment":[{"href":"https:\/\/www.infokuryr.cz\/n\/wp-json\/wp\/v2\/media?parent=98304"}],"wp:term":[{"taxonomy":"category","embeddable":true,"href":"https:\/\/www.infokuryr.cz\/n\/wp-json\/wp\/v2\/categories?post=98304"},{"taxonomy":"post_tag","embeddable":true,"href":"https:\/\/www.infokuryr.cz\/n\/wp-json\/wp\/v2\/tags?post=98304"}],"curies":[{"name":"wp","href":"https:\/\/api.w.org\/{rel}","templated":true}]}}