{"id":98298,"date":"2026-01-31T07:33:10","date_gmt":"2026-01-31T06:33:10","guid":{"rendered":"https:\/\/www.infokuryr.cz\/n\/?p=98298"},"modified":"2026-01-31T07:37:24","modified_gmt":"2026-01-31T06:37:24","slug":"michael-svatos-proti-ukrajine-budou-masivne-nasazeny-%d0%be%d1%80%d1%83%d0%b6%d0%b8%d1%8f-%d0%b2%d0%be%d0%b7%d0%bc%d0%b5%d0%b7%d0%b4%d0%b8%d1%8f-pokud-rychle-nekapitul","status":"publish","type":"post","link":"https:\/\/www.infokuryr.cz\/n\/2026\/01\/31\/michael-svatos-proti-ukrajine-budou-masivne-nasazeny-%d0%be%d1%80%d1%83%d0%b6%d0%b8%d1%8f-%d0%b2%d0%be%d0%b7%d0%bc%d0%b5%d0%b7%d0%b4%d0%b8%d1%8f-pokud-rychle-nekapitul\/","title":{"rendered":"Michael Svato\u0161: Proti Ukrajin\u011b budou masivn\u011b nasazeny \u2013 \u00ab\u043e\u0440\u0443\u0436\u0438\u044f \u0432\u043e\u0437\u043c\u0435\u0437\u0434\u0438\u044f\u00bb \u2013 pokud rychle nekapituluje!"},"content":{"rendered":"<div id=\"fb-root\"><\/div>\n<h4><span style=\"color: #993366;\">Proti Ukrajin\u011b budou masivn\u011b nasazeny \u2013 \u00ab\u043e\u0440\u0443\u0436\u0438\u044f \u0432\u043e\u0437\u043c\u0435\u0437\u0434\u0438\u044f\u00bb \u2013 pokud rychle nekapituluje! Rusko zv\u00edt\u011bz\u00ed ! V\u0161echny c\u00edle operace na Ukrajin\u011b budou dosa\u017eeny a nikdo tomu nezabr\u00e1n\u00ed ! \u2013 Vyhl\u00e1sil v noci na dne\u0161ek usnesen\u00ed rusk\u00e9 Dumy jej\u00ed \u0161\u00e9f Vja\u010deslav Volodin! Anal\u00fdza, co Kreml chyst\u00e1.<\/span><\/h4>\n<p>V\u010dera zve\u010dera\u00a0<a href=\"https:\/\/www.unian.ua\/world\/mirotvorci-v-ukrajini-merc-vistupiv-proti-vidpravki-soldativ-pid-yevropeyskim-praporom-13272087.html\">n\u011bmeck\u00fd kancl\u00e9\u0159 Fridrich Merz neo\u010dek\u00e1van\u011b zmrazil kyjevsk\u00e9 nacionalisty<\/a>\u00a0snad je\u0161t\u011b v\u00edc ne\u017e jejich vlastn\u00ed meteorologov\u00e9, kte\u0159\u00ed jim ozn\u00e1mili, \u017ee na Ukrajinu 1. \u00fanora vtrhne arktick\u00e1 zima -30 stup\u0148\u016f Celsia, a na p\u00e1r dn\u00ed tam tak v\u0161ichni za\u017eij\u00ed prav\u00fd nefal\u0161ovan\u00fd sibi\u0159sk\u00fd mr\u00e1z, ov\u0161em na rozd\u00edl od Rus\u016f bez topen\u00ed a elekt\u0159iny.\u00a0 Kdy\u017e vyhl\u00e1sil,\u00a0<a href=\"https:\/\/www.politico.eu\/article\/friedrich-merz-plays-down-manfred-weber-idea-european-peacekeeping-army-ukraine\/\">\u017ee n\u011bmeck\u00e1 arm\u00e1da se nez\u00fa\u010dastn\u00ed \u017e\u00e1dn\u00e9 evropsk\u00e9 m\u00edrov\u00e9 mise na Ukrajin\u011b<\/a>, jak letos napl\u00e1novali Macron, Starmer, a jejich spolek evropsk\u00fdch politick\u00fdch zoufalc\u016f, \u017eij\u00edc\u00edch v utkv\u011bl\u00e9m bludu, \u017ee disponuj\u00ed moc\u00ed, je\u0161t\u011b n\u011bjak zastavit postup rusk\u00e9 arm\u00e1dy na v\u00fdchod. Kdy\u017e se rusk\u00e1 arm\u00e1da rozjede, ned\u00e1 se u\u017e zastavit, \u0159\u00edk\u00e1 historick\u00e9 pravidlo pro boj s Rusy. A rusk\u00e1 arm\u00e1da se pr\u00e1v\u011b rozjela! A my se proto v dne\u0161n\u00ed anal\u00fdze na ten jej\u00ed leto\u0161n\u00ed rozjezd pod\u00edv\u00e1me pon\u011bkud podrobn\u011bji.<\/p>\n<h4>Slavn\u00fd Stalingradsk\u00fd kotel byl ni\u010d\u00edm, proti obkl\u00ed\u010den\u00ed, kter\u00e9 pr\u00e1v\u011b za\u010dalo uzav\u00edrat Ukrajince na cel\u00e9m v\u00fdchodn\u00edm b\u0159ehu Dn\u011bpru! Rusk\u00e1 arm\u00e1da do n\u011bkolika m\u00e1lo m\u011bs\u00edc\u016f slavn\u011b zv\u00edt\u011bz\u00ed, se u\u017e r\u00fdsuje.<\/h4>\n<p>Okam\u017eik, kdy dojde na v\u00e1le\u010dn\u00e9 front\u011b k definitivn\u00edmu zlomu, a jedna strana za\u010dne od toho okam\u017eiku drtiv\u011b v\u00e1lcovat druhou, je n\u011bkdy slo\u017eit\u00e9 p\u0159esn\u011b \u010dasov\u011b definovat, pokud nejste historik a nehodnot\u00edte v\u00e1lku a\u017e n\u011bkolik let po jej\u00edm konci. Nicm\u00e9n\u011b tento t\u00fdden se uk\u00e1zalo, \u017ee rusk\u00e1 arm\u00e1da u\u017e dok\u00e1zala z\u00edskat rozhoduj\u00edc\u00ed absolutn\u00ed p\u0159evahu v oblasti 40 a\u017e 80 kilometr\u016f v hloubce ukrajinsk\u00e9 obrany,\u00a0<a href=\"https:\/\/www.ospreypublishing.com\/ca\/osprey-blog\/2023\/the-luftwaffe-s-stalingrad-airlift-the-transport-fleet-that-failed\/\">a za\u010dala tam masivn\u011b ni\u010dit v\u0161echna z\u00e1sobovac\u00ed, cisternov\u00e1, dopravn\u00ed, \u017eenijn\u00ed, odtahov\u00e1 a obrn\u011bn\u00e1 vozidla<\/a>. A to znamen\u00e1, \u017ee Ukrajina pr\u00e1v\u011b ztratila schopnost dopravovat posily a z\u00e1soby a zbran\u011b a munici a pohonn\u00e9 hmoty do sv\u00fdch opera\u010dn\u00edch sklad\u016f, a z nich je d\u00e1le redistribuovat sv\u00fdm bojov\u00fdm jednot\u00e1m, a kdo tuto schopnost ve v\u00e1lce ztrat\u00ed, jeho arm\u00e1da se rychle rozpadne na hladov\u00e9 tlupy vyd\u011b\u0161en\u00fdch otrhanc\u016f, kter\u00e9 se budou zmaten\u011b potulovat krajinou, ne\u017e nakonec padnou do zajet\u00ed, a nebo se rozprchnou do civilu.<\/p>\n<p>Aby bylo jasno, co se letos posledn\u00ed t\u00fdden stalo, mapa:<\/p>\n<div id=\"attachment_23535\" class=\"wp-caption aligncenter\" style=\"width: 1122px;\">\n<p><img decoding=\"async\" loading=\"lazy\" class=\" wp-image-23535\" src=\"https:\/\/www.michalapetr.com\/wp-content\/uploads\/2026\/01\/vlaky-page-001.png\" sizes=\"(max-width: 1626px) 100vw, 1626px\" srcset=\"https:\/\/www.michalapetr.com\/wp-content\/uploads\/2026\/01\/vlaky-page-001.png 1626w, https:\/\/www.michalapetr.com\/wp-content\/uploads\/2026\/01\/vlaky-page-001-300x144.png 300w, https:\/\/www.michalapetr.com\/wp-content\/uploads\/2026\/01\/vlaky-page-001-1030x495.png 1030w, https:\/\/www.michalapetr.com\/wp-content\/uploads\/2026\/01\/vlaky-page-001-768x369.png 768w, https:\/\/www.michalapetr.com\/wp-content\/uploads\/2026\/01\/vlaky-page-001-1536x739.png 1536w, https:\/\/www.michalapetr.com\/wp-content\/uploads\/2026\/01\/vlaky-page-001-1500x721.png 1500w, https:\/\/www.michalapetr.com\/wp-content\/uploads\/2026\/01\/vlaky-page-001-705x339.png 705w, https:\/\/www.michalapetr.com\/wp-content\/uploads\/2026\/01\/vlaky-page-001-450x216.png 450w\" alt=\"\" width=\"1122\" height=\"539\" aria-describedby=\"caption-attachment-23535\" \/><\/p>\n<p id=\"caption-attachment-23535\" class=\"wp-caption-text\" style=\"text-align: justify;\">Mapa ukazuje \u2013 (1) linii rusk\u00e9 fronty od Huljajpole a\u017e do Konstantivky = \u010derven\u00e1 linie. (2) Rozhran\u00ed rusk\u00fdch opera\u010dn\u00edch skupin V\u00ddCHOD (ji\u017en\u00ed skupina) a ST\u0158ED = dvojit\u00e1 p\u0159eru\u0161ovan\u00e1 rud\u00e1 linie. (3) \u00dasek ukrajinsk\u00e9 d\u00e1lnice mezi m\u011bsty Boguslav a Petropavlivka, na kter\u00e9m nov\u00e9 rusk\u00e9 drony ozna\u010dovan\u00e9 Ukrajinci spole\u010dn\u00fdm term\u00ednem \u201cCoStarlink\u201d tento t\u00fdden zni\u010dily ka\u017ed\u00fd den des\u00edtky ukrajinsk\u00fdch vozidel, a celou trasu \u00fapln\u011b zablokovaly = modr\u00e1 linie mezi modr\u00fdmi krou\u017eky. (4) A hlavn\u011b \u2013 vzd\u00e1lenost m\u011bsta Boguslav od rusk\u00e9 fronty = lev\u00e1 \u017elut\u00e1 \u0161ipka = 71.22km , a vzd\u00e1lenost m\u011bsta Petropavlivka od rusk\u00e9 fronty = prav\u00e1 \u017elut\u00e1 \u0161ipka 59.84km.<\/p>\n<\/div>\n<p>Pro pochopen\u00ed d\u016fsledk\u016f, jak\u00e9 bude m\u00edt zablokov\u00e1n\u00ed pr\u016fchodnosti z\u00e1sobovac\u00edch tras ukrajinsk\u00e9 arm\u00e1dy v hloubce 60 a\u017e 80km rusk\u00fdmi drony, na udr\u017een\u00ed z\u00e1kladn\u00ed bojov\u00e9 efektivity ukrajinsk\u00e9 arm\u00e1dy, velmi jednoduch\u00e9 srovn\u00e1n\u00ed. Dne 23. listopadu 1943 obkl\u00ed\u010dila sov\u011btsk\u00e1 vojska 6. n\u011bmeckou arm\u00e1du u Stalingradu,\u00a0<a href=\"https:\/\/www.ospreypublishing.com\/ca\/osprey-blog\/2023\/the-luftwaffe-s-stalingrad-airlift-the-transport-fleet-that-failed\/\">a n\u011bmeck\u00fd gener\u00e1ln\u00ed \u0161t\u00e1b ihned spo\u010d\u00edtal, \u017ee jen na udr\u017een\u00ed z\u00e1kladn\u00ed bojov\u00e9 efektivity t\u011bchto 230 tis\u00edc obkl\u00ed\u010den\u00fdch voj\u00e1k\u016f jim bude ka\u017ed\u00fd den naprosto nutn\u00e9 dopravovat 750 tun z\u00e1sob<\/a>.<\/p>\n<div id=\"attachment_23540\" class=\"wp-caption aligncenter\" style=\"width: 1052px;\">\n<p><img decoding=\"async\" loading=\"lazy\" class=\" wp-image-23540\" src=\"https:\/\/www.michalapetr.com\/wp-content\/uploads\/2026\/01\/697cdf99e8e1d9.79299898.jpg\" sizes=\"(max-width: 1200px) 100vw, 1200px\" srcset=\"https:\/\/www.michalapetr.com\/wp-content\/uploads\/2026\/01\/697cdf99e8e1d9.79299898.jpg 1200w, https:\/\/www.michalapetr.com\/wp-content\/uploads\/2026\/01\/697cdf99e8e1d9.79299898-300x169.jpg 300w, https:\/\/www.michalapetr.com\/wp-content\/uploads\/2026\/01\/697cdf99e8e1d9.79299898-1030x579.jpg 1030w, https:\/\/www.michalapetr.com\/wp-content\/uploads\/2026\/01\/697cdf99e8e1d9.79299898-768x432.jpg 768w, https:\/\/www.michalapetr.com\/wp-content\/uploads\/2026\/01\/697cdf99e8e1d9.79299898-705x397.jpg 705w, https:\/\/www.michalapetr.com\/wp-content\/uploads\/2026\/01\/697cdf99e8e1d9.79299898-450x253.jpg 450w\" alt=\"\" width=\"1052\" height=\"592\" aria-describedby=\"caption-attachment-23540\" \/><\/p>\n<p id=\"caption-attachment-23540\" class=\"wp-caption-text\" style=\"text-align: justify;\">Ukrajinsk\u00e9 z\u00e1b\u011bry z masivn\u00edch \u00fatok\u016f rusk\u00fdch dron\u016f \u201cCoStarlink\u201d proti d\u00e1lnici mezi m\u011bsty Boguslav \u2013 Petropavlivka. Rusov\u00e9 tuto d\u00e1lnici kompletn\u011b drony zablokovali, a za p\u00e1r dn\u00ed na n\u00ed zni\u010dili stovky vojensk\u00fdch vozidel. \u00dasek, na kter\u00fd rusk\u00e9 drony \u00fato\u010d\u00ed, se p\u0159itom nach\u00e1z\u00ed od 59 do 71 kilometr\u016f od frontov\u00e9 linie. \u201cCoStarlink\u201d je ukrajinsk\u00e9 ozna\u010den\u00ed pro ka\u017ed\u00fd typ rusk\u00e9ho dronu, kter\u00fd p\u0159i sv\u00e9m \u00fatoku pou\u017e\u00edv\u00e1 spojen\u00ed Starlink.<\/p>\n<\/div>\n<p>Ukrajinsk\u00e1 arm\u00e1da bojuj\u00edc\u00ed proti rusk\u00fdm opera\u010dn\u00edm skupin\u00e1m V\u00ddCHOD, ST\u0158ED, a JIH, p\u0159edstavuje nesiln\u011bj\u0161\u00ed ukrajinsk\u00e9 v\u00e1le\u010dn\u00e9 uskupen\u00ed a m\u00e1 odhadovanou s\u00edlu od 250 000 do 350 000 v\u00e1le\u010dn\u00edk\u016f, v\u010detn\u011b opera\u010dn\u00edch z\u00e1loh, a p\u0159\u00edslu\u0161n\u00edk\u016f \u0161t\u00e1b\u016f a logistiky. Na zaji\u0161t\u011bn\u00ed z\u00e1kladn\u00ed bojov\u00e9 efektivity t\u00e9to ukrajinsk\u00e9 bojov\u00e9 grupy bude i dnes minim\u00e1ln\u011b t\u0159eba stejn\u00e9ho mno\u017estv\u00ed z\u00e1sob jako pro n\u011bkdej\u0161\u00ed Paulusovu 6. arm\u00e1du, tedy a\u017e okolo 1000 tun denn\u011b, ov\u0161em p\u0159evoz t\u011bchto z\u00e1sob n\u00e1kladn\u00edmi dod\u00e1vkami a n\u00e1kladn\u00edmi auty, cisternami a kamiony, byl pr\u00e1v\u011b p\u0159eru\u0161en, respektive dostal se do stavu \u017ee, pokud do Stalingradu a zp\u011bt dolet\u011blo jen 92% v\u0161ech let\u016f, tak clonou rusk\u00fdch dron\u016f nepronikne u\u017e ani my\u0161!<\/p>\n<p>N\u011bmci ztratili p\u0159i z\u00e1sobov\u00e1n\u00ed Stalingradu podle hl\u00e1\u0161en\u00ed sv\u00e9ho mar\u0161\u00e1la Erharda Milch 488 letadel, z toho 266 dopravn\u00edch JU-52, (1\/3 v\u0161ech tohoto typu, kterou m\u011bli k dispozici), a 165 bombard\u00e9r\u016f HE-111, a p\u0159es 1000 pilot\u016f a \u010dlen\u016f pos\u00e1dek. Rusov\u00e9 napo\u010d\u00edtali celkem 900 ztracen\u00fdch n\u011bmeck\u00fdch letadel, ale do toho v\u00fdpo\u010dtu zahrnuli i v\u0161echna letadla, kter\u00e1 na\u0161li opu\u0161t\u011bn\u00e1 na dobyt\u00fdch leti\u0161t\u00edch v r\u00e1mci n\u011bkolika sv\u00fdch \u00fato\u010dn\u00fdch operac\u00ed spojen\u00fdch s likvidac\u00ed obkl\u00ed\u010den\u00e9 6. arm\u00e1dy. Nyn\u00ed se m\u00edsto zni\u010den\u00fdch letadel budou po\u010d\u00edtat zni\u010den\u00e1 n\u00e1kladn\u00ed vozidla a vlaky, le\u010d v\u00fdsledek bude nakonec stejn\u00fd. Luftwaffe dok\u00e1zala 6. arm\u00e1d\u011b dod\u00e1vat denn\u011b pr\u016fm\u011brn\u011b jen 117 tun z\u00e1sob, celkem 8 300 tun, a 722 tun materi\u00e1lu bylo zni\u010deno spole\u010dn\u011b se sest\u0159elen\u00fdmi letadly.<\/p>\n<p>6. arm\u00e1da se dok\u00e1zala organizovan\u011b br\u00e1nit pouh\u00fdch 69 dn\u00ed, pak se vzdala. Pro v\u011bt\u0161inu arm\u00e1d kyjevsk\u00e9 brann\u00e9 moci rozm\u00edst\u011bn\u00fdch na v\u00fdchodn\u00edm b\u0159ehu Dn\u011bpru te\u010f nastane podobn\u00fd sc\u00e9n\u00e1\u0159. Pokud Rusov\u00e9 dok\u00e1zali drony hromadn\u011b \u00fato\u010dit na d\u00e1lnici mezi m\u011bsty Boguslav a Petropavlivka, a zablokovat ji, jakmile takto zablokuj\u00ed nepo\u010detn\u00e9 mosty p\u0159es Dn\u011bpr, maj\u00ed 2\/3 cel\u00e9 ukrajinsk\u00e9 arm\u00e1dy v pasti, a ta nebude moci b\u00fdt ani z\u00e1sobov\u00e1na, ani nebude moci ut\u00e9ct na z\u00e1padn\u00ed b\u0159eh Dn\u011bpru, proto\u017ee na mostech a na korun\u00e1ch p\u0159ehrad by nastal v obou p\u0159\u00edpadech naprost\u00fd masakr. Za\u010d\u00edn\u00e1 b\u00fdt jasn\u00e9, pro\u010d tyto mosty a hr\u00e1ze gener\u00e1l Gerasimov nezni\u010dil, pot\u0159eboval, aby Ukrajinci nalezli na v\u00fdchodn\u00ed b\u0159eh, proto\u017ee v\u011bd\u011bl od rusk\u00fdch vojensk\u00fdch v\u00fdvoj\u00e1\u0159\u016f, kudy se rusk\u00e1 vojensk\u00e1 v\u011bda ub\u00edr\u00e1, a kdy budou v\u00fdsledky jej\u00ed pr\u00e1ce k dispozici p\u0159i masivn\u00edm nasazen\u00ed.<\/p>\n<p><a href=\"https:\/\/www.dnipro.media\/novyny-dnipro\/ruh-poyizdiv-mizh-dniprom-i-zaporizhzhyam-obmezhyly-cherez-zagrozu-bpla-pasazhyriv-perevozyat-avtobusamy\/\">Obdobn\u011b rusk\u00e9 drony tento t\u00fdden vy\u0159adily \u00fapln\u011b z provozu velk\u00fd \u017eelezni\u010dn\u00ed uzel\u00a0<span class=\"mw-page-title-main\">\u0421\u0438\u043d\u0435\u043b\u044c\u043d\u0438\u043a\u043e\u0432\u043e 34km jihov\u00fdchodn\u011b od m\u011bsta\u00a0<\/span>Dn\u011bpropetrovsk<\/a>. Nejbli\u017e\u0161\u00ed rusk\u00e9 jednotky, v\u00fdsadk\u00e1\u0159i gener\u00e1la Teplinsk\u00e9ho, p\u0159itom operuj\u00ed na front\u011b ve vzd\u00e1lenosti 73 km ji\u017en\u011b od tohoto \u017eelezni\u010dn\u00edho uzlu Sin\u011blnikovo. Podle m\u00edstn\u00edch ukrajinsk\u00fdch m\u00e9di\u00ed u\u017e byla ve\u0161ker\u00e1 vlakov\u00e1 doprava p\u0159es tento uzel zastavena, neb Rusov\u00e9 u\u017e vykolejili a vyp\u00e1lili n\u011bkolik vlak\u016f, respektive zni\u010dili ka\u017ed\u00fd vlak, kter\u00fd se pokou\u0161el projet.\u00a0<a href=\"https:\/\/news.mail.ru\/svo\/69620434\/\">Zde na zomto videu z p\u00e1tku 30.ledna<\/a>, v \u010dase 02:22+, nepot\u0159ebujete Telegram, uvid\u00edte rusk\u00fd \u00fatok dronem proti lokomotiv\u011b na trati u Sin\u011blnikova. Rusk\u00fd odd\u00edl Rubikon t\u011bmito drony typ\u016f \u201c\u0411\u041c-35 \u0418\u0442\u0430\u043b\u043c\u0430\u0441\u201d se 40kg v\u00fdbu\u0161niny, a \u041c\u043e\u043b\u043d\u0438\u044f-2 se 6kg v\u00fdbu\u0161niny, oba ve verzi CoStarlink, jak ukazuje cel\u00e9 video i pomoc\u00ed map, ni\u010d\u00ed v\u0161echny ukrajinsk\u00e9 vojensk\u00e9 c\u00edle a\u017e na vzd\u00e1lenost 100km od linie fronty, p\u0159i\u010dem\u017e se u\u017e zkou\u0161\u00ed i \u00fatoky do hloubky 200km. (<a href=\"https:\/\/ru.wikipedia.org\/wiki\/%D0%A1%D0%B8%D0%BD%D0%B5%D0%BB%D1%8C%D0%BD%D0%B8%D0%BA%D0%BE%D0%B2%D0%BE#\/maplink\/0\">Zde se V\u00e1m otev\u0159e mapa p\u0159\u00edmo na Sin\u011blnikovo<\/a>, rolujte na zv\u011bt\u0161en\u00ed mapy, a uvid\u00edte, \u017ee Sin\u011blnikovo le\u017e\u00ed mezi m\u011bsty Z\u00e1poro\u017e\u00ed, Dn\u011bpropetrovsk sm\u011brem na Pavlograd, a to je kl\u00ed\u010dov\u00e1 oblast p\u0159es n\u00ed\u017e vede ukrajinsk\u00e9 z\u00e1sobov\u00e1n\u00ed na Donbas i na Charkov.) Podle ukrajinsk\u00e9ho hl\u00e1\u0161en\u00ed z noci na dne\u0161ek\u00a0<a href=\"https:\/\/www.unian.ua\/economics\/transport\/viyna-v-ukrajini-rosiya-vzhe-dobu-atakuye-stanciyu-sinelnikove-13271991.html\">provedli v\u010dera Rusov\u00e9 7 \u00fasp\u011b\u0161n\u00fdch \u00fatok\u016f proti tomuto \u017eelezni\u010dn\u00edmu uzlu<\/a>.<\/p>\n<div id=\"attachment_23542\" class=\"wp-caption aligncenter\" style=\"width: 890px;\">\n<p><img decoding=\"async\" loading=\"lazy\" class=\" wp-image-23542\" src=\"https:\/\/www.michalapetr.com\/wp-content\/uploads\/2026\/01\/sKMxCVvscr9UvZL5d2dbupn0IDv5uN25.jpg\" sizes=\"(max-width: 2508px) 100vw, 2508px\" srcset=\"https:\/\/www.michalapetr.com\/wp-content\/uploads\/2026\/01\/sKMxCVvscr9UvZL5d2dbupn0IDv5uN25.jpg 2508w, https:\/\/www.michalapetr.com\/wp-content\/uploads\/2026\/01\/sKMxCVvscr9UvZL5d2dbupn0IDv5uN25-300x169.jpg 300w, https:\/\/www.michalapetr.com\/wp-content\/uploads\/2026\/01\/sKMxCVvscr9UvZL5d2dbupn0IDv5uN25-1030x579.jpg 1030w, https:\/\/www.michalapetr.com\/wp-content\/uploads\/2026\/01\/sKMxCVvscr9UvZL5d2dbupn0IDv5uN25-768x432.jpg 768w, https:\/\/www.michalapetr.com\/wp-content\/uploads\/2026\/01\/sKMxCVvscr9UvZL5d2dbupn0IDv5uN25-1536x864.jpg 1536w, https:\/\/www.michalapetr.com\/wp-content\/uploads\/2026\/01\/sKMxCVvscr9UvZL5d2dbupn0IDv5uN25-2048x1151.jpg 2048w, https:\/\/www.michalapetr.com\/wp-content\/uploads\/2026\/01\/sKMxCVvscr9UvZL5d2dbupn0IDv5uN25-1500x843.jpg 1500w, https:\/\/www.michalapetr.com\/wp-content\/uploads\/2026\/01\/sKMxCVvscr9UvZL5d2dbupn0IDv5uN25-705x396.jpg 705w, https:\/\/www.michalapetr.com\/wp-content\/uploads\/2026\/01\/sKMxCVvscr9UvZL5d2dbupn0IDv5uN25-450x253.jpg 450w\" alt=\"\" width=\"890\" height=\"500\" aria-describedby=\"caption-attachment-23542\" \/><\/p>\n<p id=\"caption-attachment-23542\" class=\"wp-caption-text\" style=\"text-align: justify;\">P\u0159edseda Rusk\u00e9 St\u00e1tn\u00ed Dumy, doln\u00ed komory tamn\u00edho parlamentu, Vja\u010deslav Volodin se nechal v\u010dera ve\u010der sly\u0161et, \u017ee \u201cPoslanci St\u00e1tn\u00ed dumy trvaj\u00ed na pou\u017eit\u00ed siln\u011bj\u0161\u00edch zbran\u00ed \u2013 \u201czbran\u00ed odvety\u201d (\u201c\u043e\u0440\u0443\u0436\u0438\u044f \u0432\u043e\u0437\u043c\u0435\u0437\u0434\u0438\u044f\u201d). A na dosa\u017een\u00ed v\u0161ech c\u00edl\u016f speci\u00e1ln\u00ed vojensk\u00e9 operace na Ukrajin\u011b. Co zbran\u011bmi odplaty Volodin myslel nen\u00ed \u00fapln\u011b jasn\u00e9, v ka\u017ed\u00e9m p\u0159\u00edpad\u011b se term\u00edn \u043e\u0440\u0443\u0436\u0438\u044f \u0432\u043e\u0437\u043c\u0435\u0437\u0434\u0438\u044f p\u0159ekl\u00e1d\u00e1 jako zbran\u011b odplaty, tedy z historie Hitlerovy rakety V-1 a V-2, a tedy Ukrajinu brzy zas\u00e1hne raketov\u00e1 smr\u0161\u0165.<\/p>\n<\/div>\n<p>Rusov\u00e9 maj\u00ed p\u0159ed parlamentn\u00edmi volbami, a tak slova \u0161\u00e9fa jejich Parlamentu nelze br\u00e1t na lehkou v\u00e1hu, ve volb\u00e1ch by mu nespln\u011bn\u00ed slibu ru\u0161t\u00ed nacionalist\u00e9 tvrd\u011b spo\u010d\u00edtali. Jak\u00e9 by podle rusk\u00fdch poslanc\u016f m\u011bly tyto rakety n\u00e9st hlavice, navozuj\u00ed Volodinova slova \u201c<a href=\"http:\/\/duma.gov.ru\/news\/62944\/\">\u0414\u0435\u043f\u0443\u0442\u0430\u0442\u044b \u0413\u043e\u0441\u0443\u0434\u0430\u0440\u0441\u0442\u0432\u0435\u043d\u043d\u043e\u0439 \u0414\u0443\u043c\u044b \u043d\u0430\u0441\u0442\u0430\u0438\u0432\u0430\u044e\u0442 \u043d\u0430 \u043f\u0440\u0438\u043c\u0435\u043d\u0435\u043d\u0438\u0438 \u0431\u043e\u043b\u0435\u0435 \u043c\u043e\u0449\u043d\u043e\u0433\u043e \u043e\u0440\u0443\u0436\u0438\u044f \u2014 \u00ab\u043e\u0440\u0443\u0436\u0438\u044f \u0432\u043e\u0437\u043c\u0435\u0437\u0434\u0438\u044f<\/a>\u00bb\u201d. Tedy do slova: \u201cRu\u0161t\u00ed poslanci trvaj\u00ed na pou\u017eit\u00ed mnohem siln\u011bj\u0161\u00edch zbran\u00ed (ne\u017e dosud) zbran\u00ed odplaty.\u201d, a z toho jde jadern\u00fd mr\u00e1z, proto\u017ee Ore\u0161niky u\u017e na Ukrajinu p\u0159ilet\u011bly, a nad nimi jsou u\u017e jen jadern\u00e9 hlavice. Pokud nem\u00e1 Putin je\u0161t\u011b n\u011bjak\u00fd trumf v ruk\u00e1vu.<\/p>\n<p>Dnes budu od 19. hodin diskutovat na TV Bure\u0161 s Josefem Sk\u00e1lou, t\u011b\u0161\u00edm se na V\u00e1s.\u00a0<a href=\"https:\/\/www.youtube.com\/@petrburestv\/streams\">Po\u0159ad najdete zde<\/a>.<\/p>\n<p><a href=\"https:\/\/www.michalapetr.com\/map-2521-proti-ukrajine-budou-masivne-nasazeny-%d0%be%d1%80%d1%83%d0%b6%d0%b8%d1%8f-%d0%b2%d0%be%d0%b7%d0%bc%d0%b5%d0%b7%d0%b4%d0%b8%d1%8f-pokud-rychle-nekapituluje-rusko-zvitezi-v\/\">Michael Svato\u0161<\/a><\/p>\n<p><img decoding=\"async\" loading=\"lazy\" class=\"alignnone size-full wp-image-27204\" src=\"http:\/\/www.infokuryr.cz\/n\/wp-content\/uploads\/2023\/05\/Michael_Svatos.png\" alt=\"\" width=\"180\" height=\"180\" srcset=\"https:\/\/www.infokuryr.cz\/n\/wp-content\/uploads\/2023\/05\/Michael_Svatos.png 180w, https:\/\/www.infokuryr.cz\/n\/wp-content\/uploads\/2023\/05\/Michael_Svatos-150x150.png 150w\" sizes=\"(max-width: 180px) 100vw, 180px\" \/><\/p>\n<p>&nbsp;<\/p>\n","protected":false},"excerpt":{"rendered":"<p>Proti Ukrajin\u011b budou masivn\u011b nasazeny \u2013 \u00ab\u043e\u0440\u0443\u0436\u0438\u044f \u0432\u043e\u0437\u043c\u0435\u0437\u0434\u0438\u044f\u00bb \u2013 pokud rychle nekapituluje! Rusko zv\u00edt\u011bz\u00ed !&#8230;<\/p>\n","protected":false},"author":2,"featured_media":72987,"comment_status":"closed","ping_status":"closed","sticky":false,"template":"","format":"standard","meta":[],"categories":[6],"tags":[1042,102,22,26],"_links":{"self":[{"href":"https:\/\/www.infokuryr.cz\/n\/wp-json\/wp\/v2\/posts\/98298"}],"collection":[{"href":"https:\/\/www.infokuryr.cz\/n\/wp-json\/wp\/v2\/posts"}],"about":[{"href":"https:\/\/www.infokuryr.cz\/n\/wp-json\/wp\/v2\/types\/post"}],"author":[{"embeddable":true,"href":"https:\/\/www.infokuryr.cz\/n\/wp-json\/wp\/v2\/users\/2"}],"replies":[{"embeddable":true,"href":"https:\/\/www.infokuryr.cz\/n\/wp-json\/wp\/v2\/comments?post=98298"}],"version-history":[{"count":0,"href":"https:\/\/www.infokuryr.cz\/n\/wp-json\/wp\/v2\/posts\/98298\/revisions"}],"wp:featuredmedia":[{"embeddable":true,"href":"https:\/\/www.infokuryr.cz\/n\/wp-json\/wp\/v2\/media\/72987"}],"wp:attachment":[{"href":"https:\/\/www.infokuryr.cz\/n\/wp-json\/wp\/v2\/media?parent=98298"}],"wp:term":[{"taxonomy":"category","embeddable":true,"href":"https:\/\/www.infokuryr.cz\/n\/wp-json\/wp\/v2\/categories?post=98298"},{"taxonomy":"post_tag","embeddable":true,"href":"https:\/\/www.infokuryr.cz\/n\/wp-json\/wp\/v2\/tags?post=98298"}],"curies":[{"name":"wp","href":"https:\/\/api.w.org\/{rel}","templated":true}]}}