{"id":98277,"date":"2026-01-31T00:34:22","date_gmt":"2026-01-30T23:34:22","guid":{"rendered":"https:\/\/www.infokuryr.cz\/n\/?p=98277"},"modified":"2026-01-30T15:18:03","modified_gmt":"2026-01-30T14:18:03","slug":"expert-vypadek-proudu-v-berline-mohl-znicit-60-procent-tepelnych-cerpadel","status":"publish","type":"post","link":"https:\/\/www.infokuryr.cz\/n\/2026\/01\/31\/expert-vypadek-proudu-v-berline-mohl-znicit-60-procent-tepelnych-cerpadel\/","title":{"rendered":"Expert: V\u00fdpadek proudu v Berl\u00edn\u011b mohl zni\u010dit 60 procent tepeln\u00fdch \u010derpadel"},"content":{"rendered":"<div id=\"fb-root\"><\/div>\n<p><strong><span dir=\"auto\">V\u00fdpadek proudu v Berl\u00edn\u011b zp\u016fsoben\u00fd \u00fatokem levicov\u00fdch extremist\u016f se pravd\u011bpodobn\u011b uk\u00e1\u017ee jako obzvl\u00e1\u0161t\u011b n\u00e1kladn\u00fd pro majitele tepeln\u00fdch \u010derpadel. Expert na tepeln\u00e1 \u010derpadla listu Epoch Times sd\u011blil, \u017ee v d\u016fsledku v\u00fdpadku bylo zni\u010deno 60 procent syst\u00e9m\u016f. V nejhor\u0161\u00edm p\u0159\u00edpad\u011b si lid\u00e9 budou muset koupit nov\u00e9 syst\u00e9my \u2013 co\u017e znamen\u00e1 n\u00e1klady p\u0159esahuj\u00edc\u00ed 15 000 eur. Levicov\u00ed extremist\u00e9 tak ne\u00fam\u011brn\u011b po\u0161kodili ty, kte\u0159\u00ed ji\u017e p\u0159echod na zelenou energii zavedli.<\/span><\/strong><\/p>\n<p><span dir=\"auto\">Navzdory nov\u00fdm technologi\u00edm se m\u00edstnosti s tepeln\u00fdmi \u010derpadly \u010dasto neoh\u0159ej\u00ed nad 18 stup\u0148\u016f Celsia. To ale nen\u00ed v\u0161e: v\u00fdpadky proudu p\u0159edstavuj\u00ed riziko \u00fapln\u00e9ho selh\u00e1n\u00ed syst\u00e9mu, jak se stalo b\u011bhem v\u00fdpadku proudu v Berl\u00edn\u011b za\u010d\u00e1tkem ledna. Jens Dietrich, gener\u00e1ln\u00ed \u0159editel topen\u00e1\u0159sk\u00e9 spole\u010dnosti specializuj\u00edc\u00ed se na tepeln\u00e1 \u010derpadla, odhaduje, \u017ee v d\u016fsledku teroristick\u00e9ho \u00fatoku na elektrickou s\u00ed\u0165 bylo zni\u010deno 60 procent syst\u00e9m\u016f v Berl\u00edn\u011b.<\/span><\/p>\n<p><span dir=\"auto\">Co se stane s tepeln\u00fdm \u010derpadlem, kdy\u017e na n\u011bkolik hodin nebo i dn\u00ed vypadne elekt\u0159ina? S touto situac\u00ed se pot\u00fdkaly desetitis\u00edce Berl\u00ed\u0148an\u016f na za\u010d\u00e1tku roku po teroristick\u00e9m \u00fatoku levicov\u011b extremistick\u00e9 \u201eVulkanskupiny\u201c na n\u011bkolik veden\u00ed vysok\u00e9ho nap\u011bt\u00ed v elektr\u00e1rn\u011b Lichterfelde na jihoz\u00e1pad\u011b hlavn\u00edho m\u011bsta.<\/span><\/p>\n<p><span dir=\"auto\">Jens Dietrich, jednatel spole\u010dnosti Rohn &amp; Co. v durynsk\u00e9 obci Paitzdorf, si je t\u011bchto probl\u00e9m\u016f dob\u0159e v\u011bdom. Jeho spole\u010dnost se ji\u017e v\u00edce ne\u017e 25 let zab\u00fdv\u00e1 prodejem a instalac\u00ed tepeln\u00fdch \u010derpadel. S\u00e1m je certifikovan\u00fdm odborn\u00edkem na tepeln\u00e1 \u010derpadla a vzd\u011bl\u00e1v\u00e1 za\u010d\u00ednaj\u00edc\u00ed mistry ve V\u00fdchododurynsk\u00e9 \u0159emesln\u00e9 komo\u0159e v Ge\u0159e. V rozhovoru pro\u00a0\u00a0<\/span><a href=\"https:\/\/www.epochtimes.de\/gesellschaft\/waermepumpen-erfordern-taegliche-kontrolle-was-besitzer-im-winter-beachten-muessen-a5351593.html\"><span dir=\"auto\">\u201eEpoch Times\u201c\u00a0<\/span><\/a><span dir=\"auto\"> popisuje zranitelnost syst\u00e9m\u016f, kter\u00e9 b\u011bhem mraziv\u00e9ho po\u010das\u00ed \u010dasto sotva zvl\u00e1daj\u00ed pokojovou teplotu 18 stup\u0148\u016f Celsia.<\/span><\/p>\n<p><span dir=\"auto\">Dietrich p\u0159edpokl\u00e1d\u00e1, \u017ee 70 procent instalovan\u00fdch tepeln\u00fdch \u010derpadel vzduch-voda v Berl\u00edn\u011b byly b\u011bhem v\u00fdpadku proudu monoblokov\u00e9 syst\u00e9my. \u201eN\u011bkolik jich sice p\u0159e\u017eilo, ale celkov\u011b je pravd\u011bpodobn\u00e9, \u017ee del\u0161\u00ed v\u00fdpadek proudu ovlivn\u00ed nejm\u00e9n\u011b 60 procent v\u0161ech syst\u00e9m\u016f.\u201c<\/span><\/p>\n<p><span dir=\"auto\">V nejhor\u0161\u00edm p\u0159\u00edpad\u011b si majitel\u00e9 budou muset po\u0159\u00eddit nov\u00fd syst\u00e9m. Podle experta Dietricha to znamen\u00e1 n\u00e1klady p\u0159esahuj\u00edc\u00ed 15 000 eur. Zda v\u0161ak poji\u0161\u0165ovna n\u00e1klady uhrad\u00ed, nen\u00ed jasn\u00e9.<\/span><\/p>\n<p><em><span dir=\"auto\">\u010cl\u00e1nek se poprv\u00e9 objevil v den\u00edku Deutschlandkurier<\/span><\/em><\/p>\n<p>&nbsp;<\/p>\n","protected":false},"excerpt":{"rendered":"<p>V\u00fdpadek proudu v Berl\u00edn\u011b zp\u016fsoben\u00fd \u00fatokem levicov\u00fdch extremist\u016f se pravd\u011bpodobn\u011b uk\u00e1\u017ee jako obzvl\u00e1\u0161t\u011b n\u00e1kladn\u00fd pro&#8230;<\/p>\n","protected":false},"author":2,"featured_media":98278,"comment_status":"closed","ping_status":"closed","sticky":false,"template":"","format":"standard","meta":[],"categories":[7],"tags":[10494,84,5002,6954],"_links":{"self":[{"href":"https:\/\/www.infokuryr.cz\/n\/wp-json\/wp\/v2\/posts\/98277"}],"collection":[{"href":"https:\/\/www.infokuryr.cz\/n\/wp-json\/wp\/v2\/posts"}],"about":[{"href":"https:\/\/www.infokuryr.cz\/n\/wp-json\/wp\/v2\/types\/post"}],"author":[{"embeddable":true,"href":"https:\/\/www.infokuryr.cz\/n\/wp-json\/wp\/v2\/users\/2"}],"replies":[{"embeddable":true,"href":"https:\/\/www.infokuryr.cz\/n\/wp-json\/wp\/v2\/comments?post=98277"}],"version-history":[{"count":0,"href":"https:\/\/www.infokuryr.cz\/n\/wp-json\/wp\/v2\/posts\/98277\/revisions"}],"wp:featuredmedia":[{"embeddable":true,"href":"https:\/\/www.infokuryr.cz\/n\/wp-json\/wp\/v2\/media\/98278"}],"wp:attachment":[{"href":"https:\/\/www.infokuryr.cz\/n\/wp-json\/wp\/v2\/media?parent=98277"}],"wp:term":[{"taxonomy":"category","embeddable":true,"href":"https:\/\/www.infokuryr.cz\/n\/wp-json\/wp\/v2\/categories?post=98277"},{"taxonomy":"post_tag","embeddable":true,"href":"https:\/\/www.infokuryr.cz\/n\/wp-json\/wp\/v2\/tags?post=98277"}],"curies":[{"name":"wp","href":"https:\/\/api.w.org\/{rel}","templated":true}]}}