{"id":98273,"date":"2026-01-31T00:31:09","date_gmt":"2026-01-30T23:31:09","guid":{"rendered":"https:\/\/www.infokuryr.cz\/n\/?p=98273"},"modified":"2026-01-30T15:12:41","modified_gmt":"2026-01-30T14:12:41","slug":"skryta-cena-vojenskych-schopnosti-vyzbrojovani-eskalace-pad","status":"publish","type":"post","link":"https:\/\/www.infokuryr.cz\/n\/2026\/01\/31\/skryta-cena-vojenskych-schopnosti-vyzbrojovani-eskalace-pad\/","title":{"rendered":"Skryt\u00e1 cena vojensk\u00fdch schopnost\u00ed: Vyzbrojov\u00e1n\u00ed, eskalace, p\u00e1d"},"content":{"rendered":"<div id=\"fb-root\"><\/div>\n<p><strong><span dir=\"auto\">Pokud by vypukla v\u00e1lka, n\u00e1sledky pro N\u011bmecko by byly zni\u010duj\u00edc\u00ed. Miliony mrtv\u00fdch a zran\u011bn\u00fdch, zni\u010den\u00e1 m\u011bsta, kolaps z\u00e1sobovac\u00edch syst\u00e9m\u016f a rozpad st\u00e1tn\u00edho po\u0159\u00e1dku by nebyly teoretick\u00fdmi sc\u00e9n\u00e1\u0159i, ale skute\u010dn\u00fdmi d\u016fsledky. To, co se \u010dasto politicky diskutuje jako abstraktn\u00ed pojem \u201en\u00e1rodn\u00ed obrany\u201c, ve skute\u010dnosti znamen\u00e1: zni\u010duj\u00edc\u00ed v\u00e1lku na na\u0161\u00ed vlastn\u00ed p\u016fd\u011b!\u00a0<\/span><\/strong><\/p>\n<p><span dir=\"auto\">Po\u017eadavek na zv\u00fd\u0161en\u00ed v\u00fddaj\u016f \u010dlensk\u00fdch st\u00e1t\u016f NATO na obranu na p\u011bt procent jejich hrub\u00e9ho dom\u00e1c\u00edho produktu z\u00edsk\u00e1v\u00e1 st\u00e1le v\u011bt\u0161\u00ed politickou podporu. To je od\u016fvodn\u011bno argumentem, \u017ee v\u011bt\u0161\u00ed vojensk\u00e1 s\u00edla zaji\u0161\u0165uje m\u00edr, zejm\u00e9na ve vztahu k Rusku.\u00a0<\/span><\/p>\n<p><span dir=\"auto\">Tato logika je v\u0161ak klamn\u00e1. Masivn\u00ed znovuzbrojen\u00ed nejen zvy\u0161uje odstra\u0161uj\u00edc\u00ed \u00fa\u010dinek, ale tak\u00e9 riziko vojensk\u00e9 eskalace. Kdokoli investuje st\u00e1le v\u011bt\u0161\u00ed \u010d\u00e1st sv\u00e9ho ekonomick\u00e9ho v\u00fdkonu do zbran\u00ed, z\u00e1rove\u0148 sni\u017euje pr\u00e1h pro v\u00e1lku.\u00a0<\/span><\/p>\n<h3 id=\"h-kriegstuchtig-um-jeden-preis\" class=\"wp-block-heading\"><span dir=\"auto\">V\u00e1l\u010dit za ka\u017edou cenu<\/span><\/h3>\n<p><span dir=\"auto\">N\u011bmeck\u00e9 ozbrojen\u00e9 s\u00edly maj\u00ed b\u00fdt v\u00edce \u201ebojov\u011b p\u0159ipraveny\u201c, co\u017e znamen\u00e1 pln\u011b opera\u010dn\u00ed. M\u00e1 b\u00fdt odstran\u011bn nedostatek vybaven\u00ed, zavedeny rozs\u00e1hl\u00e9 programy n\u00e1kupu a zejm\u00e9na po\u0159\u00edzeny nov\u00e9 zbra\u0148ov\u00e9 syst\u00e9my, jako jsou bojov\u00e9 drony.\u00a0<\/span><\/p>\n<p><span dir=\"auto\">To je ospravedl\u0148ov\u00e1no tvrzen\u00edm o d\u016fv\u011bryhodn\u00e9m zaji\u0161t\u011bn\u00ed schopnosti br\u00e1nit zemi. \u00dast\u0159edn\u00ed ot\u00e1zka v\u0161ak z\u016fst\u00e1v\u00e1 nezodpov\u011bzena: Co p\u0159esn\u011b se m\u00e1 br\u00e1nit, pokud v\u00e1lka zni\u010d\u00ed samotnou zemi?\u00a0<\/span><\/p>\n<p><span dir=\"auto\">Obrana je legitimn\u00ed pouze tehdy, pokud chr\u00e1n\u00ed \u017eivot a nebere v \u00favahu jeho zni\u010den\u00ed.<\/span><\/p>\n<h3 id=\"h-der-ernstfall-heisst-krieg\" class=\"wp-block-heading\"><span dir=\"auto\">Nejhor\u0161\u00edm mo\u017en\u00fdm sc\u00e9n\u00e1\u0159em je v\u00e1lka<\/span><\/h3>\n<p><span dir=\"auto\">Stav obrany nen\u00ed administrativn\u00ed nouzov\u00fd stav, ale neznamen\u00e1 nic jin\u00e9ho ne\u017e \u201ev\u00e1lku\u201c, i kdy\u017e to politici ne\u0159\u00edkaj\u00ed.<\/span><\/p>\n<p><span dir=\"auto\">Sou\u010dasn\u00e1 strategie NATO v\u00fdslovn\u011b nevylu\u010duje pou\u017eit\u00ed jadern\u00fdch zbran\u00ed. P\u0159edpokl\u00e1d\u00e1, \u017ee omezen\u00e9 a kontrolovan\u00e9 pou\u017eit\u00ed taktick\u00fdch jadern\u00fdch zbran\u00ed by mohlo umo\u017enit rychl\u00e9 ukon\u010den\u00ed konfliktu.\u00a0<\/span><\/p>\n<p><span dir=\"auto\">Tento p\u0159edpoklad je extr\u00e9mn\u011b nebezpe\u010dn\u00fd. Jak\u00e1koli jadern\u00e1 eskalace s sebou nese riziko nekontrolovateln\u00e9ho po\u017e\u00e1ru. Rozs\u00e1hl\u00e9 pou\u017eit\u00ed jadern\u00fdch zbran\u00ed by v Evrop\u011b zcela zni\u010dilo \u017eivot.<\/span><\/p>\n<h3 id=\"h-stadte-als-zielraume\" class=\"wp-block-heading\"><span dir=\"auto\">M\u011bsta jako c\u00edlov\u00e9 oblasti<\/span><\/h3>\n<p><span dir=\"auto\">Modern\u00ed v\u00e1l\u010den\u00ed se ji\u017e nem\u016f\u017ee omezovat na region\u00e1ln\u00ed oblast. Strategick\u00fdmi c\u00edli by se staly metropolitn\u00ed oblasti jako Por\u00fa\u0159\u00ed nebo velk\u00e1 m\u011bsta jako Berl\u00edn, Hamburk nebo Mnichov.\u00a0<\/span><\/p>\n<p><span dir=\"auto\">Evakua\u010dn\u00ed pl\u00e1ny pro miliony lid\u00ed existuj\u00ed v nejlep\u0161\u00edm p\u0159\u00edpad\u011b pouze na pap\u00ed\u0159e. Poskytnut\u00ed l\u00e9ka\u0159sk\u00e9 p\u00e9\u010de statis\u00edc\u016fm zran\u011bn\u00fdch by bylo prakticky nemo\u017en\u00e9. Ot\u00e1zka, jak dlouho m\u016f\u017ee vysoce industrializovan\u00e1 spole\u010dnost fungovat bez elekt\u0159iny, vody a komunikace, se nab\u00edz\u00ed sama o sob\u011b.<\/span><\/p>\n<h3 id=\"h-das-nukleare-arsenal\" class=\"wp-block-heading\"><span dir=\"auto\">Jadern\u00fd arzen\u00e1l<\/span><\/h3>\n<p><span dir=\"auto\">Spojen\u00e9 st\u00e1ty a Rusko vlastn\u00ed p\u0159ibli\u017en\u011b 5 000 jadern\u00fdch zbran\u00ed. Ty sahaj\u00ed od bojov\u00fdch zbran\u00ed s n\u00edzk\u00fdm v\u00fdt\u011b\u017ekem, p\u0159ibli\u017en\u011b 0,3 kilotuny TNT, p\u0159es taktick\u00e9 jadern\u00e9 zbran\u011b s v\u00fdkonem a\u017e 50 kilotun, a\u017e po strategick\u00e9 syst\u00e9my v megatunov\u00e9m rozsahu.<\/span><\/p>\n<p><span dir=\"auto\">Pro p\u0159ipomenut\u00ed: Atomov\u00e1 bomba svr\u017een\u00e1 USA na Hiro\u0161imu 6. srpna 1945 m\u011bla explozivn\u00ed s\u00edlu asi 15 kilotun TNT.<\/span><\/p>\n<p><span dir=\"auto\">I omezen\u00e9 pou\u017eit\u00ed dne\u0161n\u00edch zbran\u00ed by zp\u016fsobilo nep\u0159edstavitelnou zk\u00e1zu. Pou\u017eit\u00ed ve v\u011bt\u0161\u00edm m\u011b\u0159\u00edtku by Evropu trvale u\u010dinilo neobyvatelnou.<\/span><\/p>\n<p><span dir=\"auto\">Ve sv\u00e9 knize\u00a0<\/span><a href=\"https:\/\/www.amazon.de\/Nuklearschlag-gegen-Deutschland-Hintergr%25C3%25BCnde-Auswirkungen-ebook\/dp\/B0C63BQ4RR\/ref=sr_1_1?__mk_de_DE=%25C3%2585M%25C3%2585%25C5%25BD%25C3%2595%25C3%2591&amp;crid=1BYEZPYNFPNAQ&amp;dib=eyJ2IjoiMSJ9.VM5n1J2s90-15soXc0G41uc4tTuR3G4A7CggzfBUsbHGjHj071QN20LucGBJIEps.FILhPef821V2EqVrC0cBZxK4KURuIj7ivTCTOCyEqPo&amp;dib_tag=se&amp;keywords=nuklearschlag+gegen+deutschland&amp;qid=1765548083&amp;s=books&amp;sprefix=nuklearschlag+gegen+deutschlan,stripbooks,85&amp;sr=1-1\"><em><span dir=\"auto\">\u201eJADERN\u00dd \u00daDER PROTI N\u011aMECKU\u201c<\/span><\/em><\/a><span dir=\"auto\"> mimo jin\u00e9 analyzuji skute\u010dn\u00e9 a \u0161okuj\u00edc\u00ed d\u016fsledky jadern\u00fdch v\u00fdbuch\u016f na n\u011bmeck\u00e9 p\u016fd\u011b. Na konkr\u00e9tn\u00edch sc\u00e9n\u00e1\u0159\u00edch ukazuji, co by pou\u017eit\u00ed jadern\u00fdch zbran\u00ed ve skute\u010dnosti znamenalo: detonaci 20kilotunov\u00e9 jadern\u00e9 bomby nad Berl\u00ednem, dopad 550kilotunov\u00e9 v\u00fdbu\u0161niny, typick\u00e9 pro rusk\u00fd arzen\u00e1l, nad Frankfurtem nad Mohanem a explozi 180kilotunov\u00e9 jadern\u00e9 bomby nad B\u00fcchelem \u2013 spu\u0161t\u011bnou americk\u00fdmi jadern\u00fdmi zbran\u011bmi, kter\u00e9 jsou tam um\u00edst\u011bny.<\/span><\/p>\n<p><span dir=\"auto\">Tyto sc\u00e9n\u00e1\u0159e jasn\u011b ukazuj\u00ed, jak\u00fd rozsah ni\u010den\u00ed, \u00famrt\u00ed a dlouhodob\u00e9 neobyvatelnosti by jadern\u00fd \u00fader proti N\u011bmecku znamenal.<\/span><\/p>\n<h3 id=\"h-beschleunigte-eskalation\" class=\"wp-block-heading\"><span dir=\"auto\">Zrychlen\u00e1 eskalace<\/span><\/h3>\n<p><span dir=\"auto\">Modern\u00ed zbra\u0148ov\u00e9 technologie z\u00e1sadn\u011b zm\u011bnily logiku v\u00e1l\u010den\u00ed. Hypersonick\u00e9 st\u0159ely, kter\u00e9 se pohybuj\u00ed p\u011bti a\u017e desetin\u00e1sobnou rychlost\u00ed zvuku, dos\u00e1hnou sv\u00fdch c\u00edl\u016f b\u011bhem n\u011bkolika minut a je extr\u00e9mn\u011b obt\u00ed\u017en\u00e9 je zachytit.\u00a0<\/span><\/p>\n<p><span dir=\"auto\">N\u00edzko let\u00edc\u00ed syst\u00e9my se vyh\u00fdbaj\u00ed v\u010dasn\u00e9mu varov\u00e1n\u00ed. \u00dadery proti politick\u00fdm a vojensk\u00fdm v\u016fdc\u016fm, jejich\u017e n\u00e1sledkem je dekapitace, jsou mo\u017en\u00e9 i konven\u010dn\u00edmi zbran\u011bmi.\u00a0<\/span><\/p>\n<p><span dir=\"auto\">To v\u00fdrazn\u011b zvy\u0161uje riziko chybn\u00fdch jadern\u00fdch v\u00fdpo\u010dt\u016f. Jadern\u00e1 mocnost by mohla reflexivn\u011b reagovat na vn\u00edman\u00fd prvn\u00ed \u00fader jadern\u00fdmi zbran\u011bmi.<\/span><\/p>\n<h3 id=\"h-raketenstandort-deutschland\" class=\"wp-block-heading\"><span dir=\"auto\">Raketov\u00e9 stanovi\u0161t\u011b N\u011bmecko<\/span><\/h3>\n<p><span dir=\"auto\">Od roku 2026 maj\u00ed b\u00fdt americk\u00e9 syst\u00e9my st\u0159edn\u00edho doletu (st\u0159ely s plochou dr\u00e1hou letu Tomahawk, rakety SM-6 a nov\u00e9 hypersonick\u00e9 zbran\u011b) rozm\u00edst\u011bny v\u00fdhradn\u011b v N\u011bmecku.\u00a0<\/span><\/p>\n<p><span dir=\"auto\">Tyto zbran\u011b maj\u00ed dolet p\u0159es dva tis\u00edce kilometr\u016f a mohou b\u00fdt vybaveny konven\u010dn\u00edmi i jadern\u00fdmi hlavicemi.\u00a0<\/span><\/p>\n<p><span dir=\"auto\">Na rozd\u00edl od rozhodnut\u00ed NATO o dvoj\u00ed politice neexistuje sou\u010dasn\u00e1 diplomatick\u00e1 nab\u00eddka Rusku na odzbrojen\u00ed. Hust\u011b os\u00eddlen\u00e1 zem\u011b, jako je N\u011bmecko, by se tak stala hlavn\u00edm c\u00edlem nep\u0159\u00e1telsk\u00fdch syst\u00e9m\u016f. Rusko m\u00e1 sice v Kaliningradu um\u00edst\u011bn\u00e9 hypersonick\u00e9 rakety, ale tato skute\u010dnost by si vy\u017e\u00e1dala politickou iniciativu v oblasti kontroly zbrojen\u00ed.<\/span><\/p>\n<h3 id=\"h-digitale-kriegsrisiken\" class=\"wp-block-heading\"><span dir=\"auto\">Rizika digit\u00e1ln\u00ed v\u00e1lky<\/span><\/h3>\n<p><span dir=\"auto\">Kybernetick\u00e9 zbran\u011b a um\u011bl\u00e1 inteligence d\u00e1le zvy\u0161uj\u00ed nebezpe\u010d\u00ed. Manipulovan\u00e9 syst\u00e9my v\u010dasn\u00e9ho varov\u00e1n\u00ed, fale\u0161n\u00e9 poplachy nebo ztr\u00e1ta kontroly nad zbra\u0148ov\u00fdmi syst\u00e9my by mohly m\u00edt katastrof\u00e1ln\u00ed n\u00e1sledky.\u00a0<\/span><\/p>\n<p><span dir=\"auto\">Mezin\u00e1rodn\u00ed experti nyn\u00ed dokonce varuj\u00ed p\u0159ed samovoln\u011b se rozv\u00edjej\u00edc\u00ed superinteligenc\u00ed, kter\u00e1 by mohla zas\u00e1hnout do kritick\u00e9 infrastruktury nebo vojensk\u00fdch syst\u00e9m\u016f bez \u00fa\u010dinn\u00e9 kontroly. To by d\u00e1le zv\u00fd\u0161ilo riziko jadern\u00e9 v\u00e1lky.<\/span><\/p>\n<h3 id=\"h-die-verletzliche-hochtechnologiegesellschaft\" class=\"wp-block-heading\"><span dir=\"auto\">Zraniteln\u00e1 high-tech spole\u010dnost<\/span><\/h3>\n<p><span dir=\"auto\">Modern\u00ed industrializovan\u00e9 zem\u011b jsou vysoce propojen\u00e9, a proto extr\u00e9mn\u011b zraniteln\u00e9. Dod\u00e1vky elekt\u0159iny, voda, logistika, komunikace a zdravotnictv\u00ed tvo\u0159\u00ed k\u0159ehk\u00fd celkov\u00fd syst\u00e9m.\u00a0<\/span><\/p>\n<p><span dir=\"auto\">Dokonce i c\u00edlen\u00e9 konven\u010dn\u00ed \u00fatoky by mohly tyto struktury ochromit. Dlouhodob\u00fd v\u00fdpadek proudu by sta\u010dil k vyvol\u00e1n\u00ed chaosu a dezorganizace. Jadern\u00e9 zbran\u011b by ani nebyly nutn\u00e9.<\/span><\/p>\n<h3 id=\"h-das-strategische-dilemma\" class=\"wp-block-heading\"><span dir=\"auto\">Strategick\u00e9 dilema<\/span><\/h3>\n<p><span dir=\"auto\">Vojensk\u00e1 obrana st\u00e1tu \u010del\u00ed z\u00e1sadn\u00edmu rozporu. Na jedn\u00e9 stran\u011b m\u00e1 chr\u00e1nit obyvatelstvo, na druh\u00e9 stran\u011b je neodd\u011bliteln\u011b spojena s rizikem masov\u00e9 smrti.\u00a0<\/span><\/p>\n<p><span dir=\"auto\">V jadern\u00e9m sc\u00e9n\u00e1\u0159i je toto dilema ne\u0159e\u0161iteln\u00e9. Obrana a p\u0159e\u017eit\u00ed se pak ocitaj\u00ed v nesmi\u0159iteln\u00e9m konfliktu.<\/span><\/p>\n<h3 id=\"h-schutz-durch-diplomatie-und-nicht-durch-kriegstreiberei-und-aufrustung\" class=\"wp-block-heading\"><span dir=\"auto\">Ochrana prost\u0159ednictv\u00edm diplomacie, nikoli prost\u0159ednictv\u00edm v\u00e1le\u010dn\u00e9ho \u0161tvan\u00ed a znovuzbrojov\u00e1n\u00ed.<\/span><\/h3>\n<p><span dir=\"auto\">Skute\u010dn\u00e9 bezpe\u010dnosti se nedosahuje neust\u00e1le rostouc\u00edmi vojensk\u00fdmi v\u00fddaji, ale diplomaci\u00ed, kontrolou zbrojen\u00ed a spolehliv\u00fdmi komunika\u010dn\u00edmi kan\u00e1ly.\u00a0<\/span><\/p>\n<p><span dir=\"auto\">Je pot\u0159eba n\u00e1vrat k mezin\u00e1rodn\u00edm dohod\u00e1m o odzbrojen\u00ed a k syst\u00e9mu kooperativn\u00ed bezpe\u010dnosti. Evropa se v\u0161ak od toho st\u00e1le v\u00edce vzdaluje.\u00a0<\/span><\/p>\n<p><span dir=\"auto\">Kl\u00ed\u010dovou ot\u00e1zkou je, zda je n\u00e1vrat k pacifistick\u00e9mu a racion\u00e1ln\u00edmu p\u0159\u00edstupu st\u00e1le mo\u017en\u00fd, nebo zda cesta pokra\u010duje sm\u011brem k eskalaci.\u00a0<\/span><\/p>\n<p><span dir=\"auto\">Cena za \u0161patn\u00e9 rozhodnut\u00ed by byla nezm\u011brn\u00e1.<\/span><\/p>\n<p><em><strong><span dir=\"auto\">Guido Grandt<\/span><\/strong><span dir=\"auto\">\u00a0\u00a0(* 1963) je investigativn\u00ed novin\u00e1\u0159, publicista, televizn\u00ed redaktor a nez\u00e1visl\u00fd producent. Jeho pr\u00e1ce se zam\u011b\u0159uje na v\u00fdzkum organizovan\u00e9ho zlo\u010dinu, tajn\u00fdch spole\u010dnost\u00ed a citliv\u00fdch t\u00e9mat v politice, ekonomice, financ\u00edch, arm\u00e1d\u011b a bezpe\u010dnosti. V\u011bnuje se tak\u00e9 odhalov\u00e1n\u00ed skryt\u00fdch nebo tabuizovan\u00fdch aspekt\u016f soudob\u00fdch historick\u00fdch ud\u00e1lost\u00ed. Guido Grandt vydal p\u0159es 40 knih literatury faktu a napsal p\u0159ibli\u017en\u011b 6 000 \u010dl\u00e1nk\u016f.\u00a0<\/span><\/em><\/p>\n<p><strong><span dir=\"auto\">Zdroje:\u00a0<\/span><\/strong><\/p>\n<ul>\n<li><a href=\"https:\/\/www.telepolis.de\/features\/Verteidigungsfall-Was-eine-militaerische-Eskalation-fuer-Deutschland-bedeuten-wuerde-10688867.html?wt_mc=nl.red.telepolis.telepolis-nl.2025-10-02.link.link\"><span dir=\"auto\">https:\/\/www.telepolis.de\/features\/Verteidigungsfall-Was-eine-militaerische-Eskalation-fuer-Deutschland-bedeuten-wuerde-10688867.html?wt_mc=nl.red.telepolis.telepolis-nl.2025-10-02.link.link<\/span><\/a><\/li>\n<li><a href=\"https:\/\/www.telepolis.de\/article\/Ruestungsindustrie-2024-Bombengeschaefte-in-Kriegszeiten-10185947.html\"><span dir=\"auto\">https:\/\/www.telepolis.de\/article\/Ruestungsindustrie-2024-Bombengeschaefte-in-Kriegszeiten-10185947.html<\/span><\/a><\/li>\n<li><a href=\"https:\/\/de.euronews.com\/my-europe\/2025\/01\/08\/trump-fordert-5-prozent-nato-verteidigungsausgaben-so-reagieren-deutsche-politiker\"><span dir=\"auto\">https:\/\/de.euronews.com\/my-europe\/2025\/01\/08\/trump-fordert-5-prozent-nato-verteidigungsausgaben-so-reagieren-deutsche-politiker<\/span><\/a><\/li>\n<li><a href=\"https:\/\/www.icanw.de\/fakten\/auswirkungen\/hiroshima-und-nagasaki\/\"><span dir=\"auto\">https:\/\/www.icanw.de\/fakten\/auswirkungen\/hiroshima-und-nagasaki\/<\/span><\/a><\/li>\n<li><a href=\"https:\/\/www.change.org\/p\/gegen-die-atomare-bedrohung\"><span dir=\"auto\">https:\/\/www.change.org\/p\/gegen-die-atomare-bedrohung<\/span><\/a><\/li>\n<li><a href=\"https:\/\/www.berliner-zeitung.de\/open-source\/vor-nato-gipfel-2024-buergermeister-fuer-den-frieden-fordern-atomare-abruestung-li.2231446\"><span dir=\"auto\">https:\/\/www.berliner-zeitung.de\/open-source\/vor-nato-gipfel-2024-buergermeister-fuer-den-frieden-fordern-atomare-abruestung-li.2231446<\/span><\/a><\/li>\n<li><a href=\"https:\/\/www.unser-mitteleuropa.com\/177706\"><span dir=\"auto\">https:\/\/www.unser-mitteleuropa.com\/177706<\/span><\/a><\/li>\n<li><a href=\"https:\/\/www.freitag.de\/autoren\/hans-georg-ehrhart\/sicherheit-von-deutschland-aus-mit-us-wafen-russland-angreifen\"><span dir=\"auto\">https:\/\/www.freitag.de\/autoren\/hans-georg-ehrhart\/sicherheit-von-deutschland-aus-mit-us-waffen-russland-angreifen<\/span><\/a><\/li>\n<\/ul>\n<p>&nbsp;<\/p>\n","protected":false},"excerpt":{"rendered":"<p>Pokud by vypukla v\u00e1lka, n\u00e1sledky pro N\u011bmecko by byly zni\u010duj\u00edc\u00ed. Miliony mrtv\u00fdch a zran\u011bn\u00fdch, zni\u010den\u00e1&#8230;<\/p>\n","protected":false},"author":2,"featured_media":98274,"comment_status":"closed","ping_status":"closed","sticky":false,"template":"","format":"standard","meta":[],"categories":[7],"tags":[1503,84,40],"_links":{"self":[{"href":"https:\/\/www.infokuryr.cz\/n\/wp-json\/wp\/v2\/posts\/98273"}],"collection":[{"href":"https:\/\/www.infokuryr.cz\/n\/wp-json\/wp\/v2\/posts"}],"about":[{"href":"https:\/\/www.infokuryr.cz\/n\/wp-json\/wp\/v2\/types\/post"}],"author":[{"embeddable":true,"href":"https:\/\/www.infokuryr.cz\/n\/wp-json\/wp\/v2\/users\/2"}],"replies":[{"embeddable":true,"href":"https:\/\/www.infokuryr.cz\/n\/wp-json\/wp\/v2\/comments?post=98273"}],"version-history":[{"count":0,"href":"https:\/\/www.infokuryr.cz\/n\/wp-json\/wp\/v2\/posts\/98273\/revisions"}],"wp:featuredmedia":[{"embeddable":true,"href":"https:\/\/www.infokuryr.cz\/n\/wp-json\/wp\/v2\/media\/98274"}],"wp:attachment":[{"href":"https:\/\/www.infokuryr.cz\/n\/wp-json\/wp\/v2\/media?parent=98273"}],"wp:term":[{"taxonomy":"category","embeddable":true,"href":"https:\/\/www.infokuryr.cz\/n\/wp-json\/wp\/v2\/categories?post=98273"},{"taxonomy":"post_tag","embeddable":true,"href":"https:\/\/www.infokuryr.cz\/n\/wp-json\/wp\/v2\/tags?post=98273"}],"curies":[{"name":"wp","href":"https:\/\/api.w.org\/{rel}","templated":true}]}}