{"id":98262,"date":"2026-01-31T00:26:22","date_gmt":"2026-01-30T23:26:22","guid":{"rendered":"https:\/\/www.infokuryr.cz\/n\/?p=98262"},"modified":"2026-01-31T06:23:09","modified_gmt":"2026-01-31T05:23:09","slug":"bytova-krize-se-stupnuje-chudoba-neuprosne-roste-co-dela-eu-pro-sve-obcany","status":"publish","type":"post","link":"https:\/\/www.infokuryr.cz\/n\/2026\/01\/31\/bytova-krize-se-stupnuje-chudoba-neuprosne-roste-co-dela-eu-pro-sve-obcany\/","title":{"rendered":"Bytov\u00e1 krize se stup\u0148uje, chudoba ne\u00faprosn\u011b roste: Co d\u011bl\u00e1 EU pro sv\u00e9 ob\u010dany?"},"content":{"rendered":"<div id=\"fb-root\"><\/div>\n<p><strong><a href=\"https:\/\/tafel-oesterreich.at\/news\/notsituation-essen-oder-heizen\/\" target=\"_blank\" rel=\"noreferrer noopener\"><span dir=\"auto\">\u201eJ\u00eddlo, nebo topen\u00ed?\u201c Rakousk\u00e1 potravinov\u00e1 banka Tafel \u00d6sterreich ned\u00e1vno v tiskov\u00e9 zpr\u00e1v\u011b<\/span><\/a><span dir=\"auto\">\u00a0odsoudila rostouc\u00ed po\u010det Raku\u0161an\u016f, kte\u0159\u00ed jsou nuceni \u010delit t\u00e9to ot\u00e1zce tv\u00e1\u0159\u00ed v tv\u00e1\u0159 prudce rostouc\u00edm cen\u00e1m\u00a0. V t\u011b\u017ek\u00e9 situaci se v\u0161ak ocitaj\u00ed i lid\u00e9 v dal\u0161\u00edch zem\u00edch EU. Politika EU nejen zhor\u0161uje nedostatek byt\u016f, ale tak\u00e9 zvy\u0161uje n\u00e1klady nap\u0159\u00ed\u010d celou zem\u00ed. D\u016fsledky v\u0161ak v r\u00e1mci Unie nejsou zohledn\u011bny: Poslanec Evropsk\u00e9ho parlamentu za Stranu svobody Gerald Hauser v sou\u010dasn\u00e9 dob\u011b kritizuje nedostatek \u00fadaj\u016f o vyst\u011bhov\u00e1n\u00ed. Chce v\u011bd\u011bt: Co d\u011bl\u00e1 EU pro sv\u00e9 ob\u010dany a v boji proti bytov\u00e9 krizi?<\/span><\/strong><\/p>\n<p><em><span dir=\"auto\">N\u00ed\u017ee si m\u016f\u017eete p\u0159e\u010d\u00edst tiskovou zpr\u00e1vu FP\u00d6:<\/span><\/em><\/p>\n<p><span dir=\"auto\">\u201eBrusel mus\u00ed kone\u010dn\u011b poskytnout \u010d\u00edsla a br\u00e1t bytovou krizi v\u00e1\u017en\u011b,\u201c \u0159ekl poslanec Evropsk\u00e9ho parlamentu za Stranu svobody Gerald Hauser po projevu ve zdravotnictv\u00ed v Evropsk\u00e9m parlamentu. \u201eV n\u011bkolika \u010dlensk\u00fdch st\u00e1tech prudce rostou n\u00e1klady na bydlen\u00ed, nar\u016fstaj\u00ed nedoplatky na platb\u00e1ch a tlak na vys\u00eddlov\u00e1n\u00ed se st\u00e1v\u00e1 pro st\u00e1le v\u00edce lid\u00ed ho\u0159kou realitou.\u201c \u201eKdy\u017e i Rakousk\u00e1 potravinov\u00e1 banka (Die Tafel \u00d6sterreich) ve sv\u00e9 nejnov\u011bj\u0161\u00ed tiskov\u00e9 zpr\u00e1v\u011b varuje, \u017ee st\u00e1le v\u00edce lid\u00ed a rodin je nuceno volit mezi j\u00eddlem a topen\u00edm, pak je jasn\u00e9: tento syst\u00e9m sm\u011b\u0159uje k soci\u00e1ln\u00ed katastrof\u011b,\u201c dodal Hauser.<\/span><\/p>\n<p><span dir=\"auto\">\u201eKomise m\u00e1 v ot\u00e1zce vyst\u011bhov\u00e1n\u00ed naprostou nev\u011bdomost, to je skand\u00e1l,\u201c zd\u016fraznil Hauser. \u201eDodnes neexistuj\u00ed \u017e\u00e1dn\u00e9 srovnateln\u00e9 \u00fadaje o vyst\u011bhov\u00e1n\u00ed v cel\u00e9 EU. Neexistuje jednotn\u00fd z\u00e1znam o tom, co je pouh\u00fdm p\u0159\u00edkazem k vyst\u011bhov\u00e1n\u00ed a co je skute\u010dn\u011b provedeno, ani nejsou transparentn\u00ed hlavn\u00ed d\u016fvody a region\u00e1ln\u00ed rozd\u00edly.\u201c \u201ePo\u017eaduji jasn\u00e1 data; cokoli jin\u00e9ho jsou statistick\u00e9 klamy,\u201c prohl\u00e1sil Hauser.<\/span><\/p>\n<h3 id=\"h-brussels-regulierungswut-verteuert-das-wohnen\" class=\"wp-block-heading\"><span dir=\"auto\">Regula\u010dn\u00ed horlivost Bruselu zvy\u0161uje n\u00e1klady na bydlen\u00ed.<\/span><\/h3>\n<p><span dir=\"auto\">\u201eZ\u00e1rove\u0148 rostouc\u00ed regula\u010dn\u00ed horlivost um\u011ble nafukuje n\u00e1klady na bydlen\u00ed,\u201c kritizoval Hauser. \u201eHustka regulac\u00ed, po\u017eadavk\u016f na povolen\u00ed a pod\u00e1v\u00e1n\u00ed zpr\u00e1v, stejn\u011b jako p\u0159edpis\u016f v oblasti energetick\u00e9 a klimatick\u00e9 politiky, zvy\u0161uje n\u00e1klady na v\u00fdstavbu a renovace, zhor\u0161uje nedostatek byt\u016f a d\u00e1le zvy\u0161uje n\u00e1jmy.\u201c \u201eZejm\u00e9na v napjat\u00e9 ekonomick\u00e9 situaci je tato politika syst\u00e9mu katastrof\u00e1ln\u00ed a je to jen zast\u00edn\u011bn\u00e1 verze fakt\u016f,\u201c zd\u016fraznil Hauser.<\/span><\/p>\n<p><span dir=\"auto\">\u201eChci v\u011bd\u011bt \u010dern\u00e9 na b\u00edl\u00e9m, jak\u00e9 fondy EU byly od roku 2021 skute\u010dn\u011b mobilizov\u00e1ny nebo vynalo\u017eeny na boj s nedostatkem byt\u016f a prevenci vyst\u011bhov\u00e1n\u00ed, rozd\u011blen\u00e9 podle program\u016f a let,\u201c \u0159ekl Hauser. \u201eA chci v\u011bd\u011bt, do jak\u00e9 m\u00edry programy pomoci EU poskytuj\u00ed p\u0159\u00edm\u00e9 dotace na n\u00e1jemn\u00e9 nebo podobn\u00e9 n\u00e1stroje.\u201c Hauser uzav\u0159el: \u201eKomise mus\u00ed zajistit transparentnost, up\u0159ednostnit sni\u017eov\u00e1n\u00ed byrokracie a omezit p\u0159edpisy ovliv\u0148uj\u00edc\u00ed n\u00e1klady, aby bylo bydlen\u00ed dostupn\u011bj\u0161\u00ed. Jinak elity v Bruselu zhor\u0161\u00ed bytovou krizi a \u00fa\u010det zaplat\u00ed lid\u00e9.\u201c<\/span><\/p>\n<p><em><span dir=\"auto\">Gerald Hauser polo\u017eil Evropsk\u00e9 komisi n\u00e1sleduj\u00edc\u00ed ot\u00e1zky:<\/span><\/em><\/p>\n<ol>\n<li><span dir=\"auto\">Jak\u00e9 srovnateln\u00e9 \u00fadaje o vyst\u011bhov\u00e1n\u00ed\/vyst\u011bhov\u00e1n\u00ed v cel\u00e9 EU m\u00e1 Komise v sou\u010dasn\u00e9 dob\u011b k dispozici, jak\u00e9 jsou hlavn\u00ed mezery a do kdy pl\u00e1nuje zav\u00e9st standardizovan\u00e9 monitorov\u00e1n\u00ed (v\u010detn\u011b kl\u00ed\u010dov\u00fdch prom\u011bnn\u00fdch, jako je titul k vyst\u011bhov\u00e1n\u00ed vs. vym\u00e1h\u00e1n\u00ed, hlavn\u00ed d\u016fvody a region\u00e1ln\u00ed rozd\u011blen\u00ed)?<\/span><\/li>\n<\/ol>\n<ol>\n<li><span dir=\"auto\">Jak\u00e9 finan\u010dn\u00ed prost\u0159edky EU byly od roku 2021 mobilizov\u00e1ny nebo vynalo\u017eeny na boj s nedostatkem byt\u016f a prevenci vyst\u011bhov\u00e1n\u00ed (podle programu a roku) a do jak\u00e9 m\u00edry EU p\u0159\u00edmo podporuje soci\u00e1ln\u00ed d\u00e1vky souvisej\u00edc\u00ed s bydlen\u00edm, jako jsou dotace na n\u00e1jemn\u00e9 nebo podobn\u00e9 n\u00e1stroje?<\/span><\/li>\n<\/ol>\n<ol>\n<li><span dir=\"auto\">Jak Komise hodnot\u00ed dopad regula\u010dn\u00ed hustoty, po\u017eadavk\u016f na povolov\u00e1n\u00ed a pod\u00e1v\u00e1n\u00ed zpr\u00e1v, jako\u017e i po\u017eadavk\u016f energetick\u00e9 a klimatick\u00e9 politiky na n\u00e1klady na v\u00fdstavbu a renovaci, nedostatek dod\u00e1vek a v\u00fd\u0161i n\u00e1jemn\u00e9ho, \u200b\u200bzejm\u00e9na s ohledem na napjatou ekonomickou situaci, a kter\u00e1 opat\u0159en\u00ed na pomoc pova\u017euje za prioritn\u00ed?<\/span><\/li>\n<\/ol>\n<p><img decoding=\"async\" loading=\"lazy\" class=\"alignnone size-full wp-image-1185\" src=\"http:\/\/www.infokuryr.cz\/n\/wp-content\/uploads\/2021\/04\/kuryr-podpis.png\" alt=\"\" width=\"84\" height=\"24\" \/><\/p>\n<p>&nbsp;<\/p>\n","protected":false},"excerpt":{"rendered":"<p>\u201eJ\u00eddlo, nebo topen\u00ed?\u201c Rakousk\u00e1 potravinov\u00e1 banka Tafel \u00d6sterreich ned\u00e1vno v tiskov\u00e9 zpr\u00e1v\u011b\u00a0odsoudila rostouc\u00ed po\u010det Raku\u0161an\u016f,&#8230;<\/p>\n","protected":false},"author":2,"featured_media":98263,"comment_status":"closed","ping_status":"closed","sticky":false,"template":"","format":"standard","meta":[],"categories":[7],"tags":[2118,371,120],"_links":{"self":[{"href":"https:\/\/www.infokuryr.cz\/n\/wp-json\/wp\/v2\/posts\/98262"}],"collection":[{"href":"https:\/\/www.infokuryr.cz\/n\/wp-json\/wp\/v2\/posts"}],"about":[{"href":"https:\/\/www.infokuryr.cz\/n\/wp-json\/wp\/v2\/types\/post"}],"author":[{"embeddable":true,"href":"https:\/\/www.infokuryr.cz\/n\/wp-json\/wp\/v2\/users\/2"}],"replies":[{"embeddable":true,"href":"https:\/\/www.infokuryr.cz\/n\/wp-json\/wp\/v2\/comments?post=98262"}],"version-history":[{"count":0,"href":"https:\/\/www.infokuryr.cz\/n\/wp-json\/wp\/v2\/posts\/98262\/revisions"}],"wp:featuredmedia":[{"embeddable":true,"href":"https:\/\/www.infokuryr.cz\/n\/wp-json\/wp\/v2\/media\/98263"}],"wp:attachment":[{"href":"https:\/\/www.infokuryr.cz\/n\/wp-json\/wp\/v2\/media?parent=98262"}],"wp:term":[{"taxonomy":"category","embeddable":true,"href":"https:\/\/www.infokuryr.cz\/n\/wp-json\/wp\/v2\/categories?post=98262"},{"taxonomy":"post_tag","embeddable":true,"href":"https:\/\/www.infokuryr.cz\/n\/wp-json\/wp\/v2\/tags?post=98262"}],"curies":[{"name":"wp","href":"https:\/\/api.w.org\/{rel}","templated":true}]}}