{"id":98261,"date":"2026-01-31T00:25:48","date_gmt":"2026-01-30T23:25:48","guid":{"rendered":"https:\/\/www.infokuryr.cz\/n\/?p=98261"},"modified":"2026-01-30T12:39:34","modified_gmt":"2026-01-30T11:39:34","slug":"miroslav-kavij-petr-pavel-rozehrava-dalsi-epizodu-ustavneho-puce","status":"publish","type":"post","link":"https:\/\/www.infokuryr.cz\/n\/2026\/01\/31\/miroslav-kavij-petr-pavel-rozehrava-dalsi-epizodu-ustavneho-puce\/","title":{"rendered":"Miroslav Kavij: Petr Pavel  rozehr\u00e1v\u00e1 dal\u0161\u00ed epizodu  \u00fastavn\u00e9ho pu\u010de"},"content":{"rendered":"<div id=\"fb-root\"><\/div>\n<p>Hradn\u00ed padouch, kter\u00fd si svou komunistickou minulost odpracoval ve struktur\u00e1ch zlo\u010dineck\u00e9 organizace NATO, Petr Pavel, rozehr\u00e1v\u00e1 \u00a0dal\u0161\u00ed \u00a0epizodu \u00a0\u00fastavn\u00edho \u00a0pu\u010de a\u00a0 politick\u00e9 destabilizace \u010cR.<\/p>\n<p>Zpackan\u00e1 \u00a0tiskovka po kter\u00e9 \u00a0agent \u00a0P\u00e1vek\u00a0 vojensky, demokraticky\u00a0 spr\u00e1vn\u011b,\u00a0 nep\u0159ipustil dotazy novin\u00e1\u0159\u016f, n\u00e1sledn\u00fd \u201ekart\u00e1\u010d\u201c od sv\u00e9ho \u00a0loutkovodi\u010de Kol\u00e1\u0159e\u00a0 a n\u00e1sledn\u00fd \u00faprk ke zklidn\u011bn\u00ed nerv\u016f na zaslou\u017eenou dovolenou.<\/p>\n<p>Zat\u00edmco Odd\u011blen\u00ed styku s ve\u0159ejnost\u00ed \u00a0ne\u00fanavn\u011b na telefonick\u00e9 dotazy ob\u010dan\u016f, \u00a0v duchu po\u0159\u00e1dku a k\u00e1zn\u011b \u00a0\u00a0\u00a0a pokyn\u016f \u00a0Petra Pavla, \u00a0necht\u011blo \u00a0odpov\u011bd\u011bt \u00a0kam se n\u00e1m to\u00a0 hradn\u00ed p\u00e1n ukryl, d\u00edky soci\u00e1ln\u00edm s\u00edt\u00edm\u00a0 cel\u00e1 republika d\u00e1vno\u00a0 v\u011bd\u011bla, \u017ee zasl\u00edben\u00fdm m\u00edstem\u00a0\u00a0 je\u00a0 azyl ve \u0160pan\u011blsku, jeho\u017e spolumajitelem je ukrajinsk\u00fd oligarcha, \u00a0Zelensk\u00e9ho \u00a0p\u0159\u00edtel Andrij Jermak, proslaven\u00fd svou korupc\u00ed v arm\u00e1dn\u00edch zak\u00e1zk\u00e1ch.<\/p>\n<p>Za t\u00e9to situace prvn\u00ed d\u00e1ma, lidmi naz\u00fdvan\u00e1 vy\u017e\u00edrka, bouch\u00e1 do stolu a vzkazuje n\u00e1rodu. Takhle tedy ne, nenech\u00e1m \u00fato\u010dit na sv\u00e9ho man\u017eela! Milion \u00a0chl\u00edvk\u016f\u00a0 za\u010d\u00edn\u00e1\u00a0 chrlit \u00a0des\u00edtky tis\u00edc podpis\u016f za hodinu pod svoji petici na podporu agenta P\u00e1vka\u00a0 a v\u00a0 ned\u011bli \u00a0se pokus\u00ed \u00a0zp\u0159\u00edjemnit\u00a0 n\u00e1v\u0161t\u011bvn\u00edk\u016fm\u00a0 z ciz\u00edch zem\u00ed\u00a0 kulturn\u00ed \u00a0vlo\u017ekou\u00a0 jejich proch\u00e1zku\u00a0 pra\u017esk\u00fdm Starom\u00e1kem.<\/p>\n<p>Mnoz\u00ed \u00a0si \u00a0vzpomenou\u00a0 na medi\u00e1ln\u011b dosazenou\u00a0 ex \u2013 prezidentku \u00a0SR\u00a0 Zuzanu \u010caputovou (stejn\u011b jako v \u010cR Petr Pavel), v pov\u011bdom\u00ed\u00a0 Slov\u00e1k\u016f zapsanou \u00a0jako \u00a0ob\u010dansk\u00e1 aktivistka\u00a0 za uzav\u0159en\u00ed skl\u00e1dky odpad\u016f v Pezinku, kter\u00e1 p\u0159ijela\u00a0 P\u00e1vkovi gratulovat ke zvolen\u00ed\u00a0 prezidentem v dob\u011b, kdy je\u0161t\u011b nebylo dopo\u010d\u00edt\u00e1no\u00a0 a \u00a0po kter\u00e9 \u00a0ji\u017e dnes ani pes ne\u0161t\u011bkne.<\/p>\n<p>Tak\u00e9 konec \u00a0anga\u017em\u00e1\u00a0 admir\u00e1la Pavla na Hrad\u011b, p\u0159esto\u017ee\u00a0 s \u00a0Hradn\u00ed\u00a0 cestovkou\u00a0 za pen\u00edze da\u0148ov\u00fdch \u00a0poplatn\u00edk\u016f\u00a0 je osobn\u011b\u00a0 spokojen , \u00a0se bl\u00ed\u017e\u00ed. Slzy \u00a0uron\u00ed \u00a0z\u0159ejm\u011b d\u00e1my, pro kter\u00e9 byl (a z\u0159ejm\u011b z\u016fst\u00e1v\u00e1 \u00a0nad\u00e1le) Petr Pavel\u00a0 \u0161armantn\u00edm\u00a0 eleg\u00e1nem.\u00a0 Z\u00e1sadn\u00ed je, \u017ee pro \u010cR\u00a0 z\u00e1nik\u00a0 prezidentsk\u00e9ho \u00a0mand\u00e1tu a \u00a0\u00a0op\u011btovn\u00e9 \u00a0nezvolen\u00ed\u00a0 bude znamenat\u00a0 ukon\u010den\u00ed\u00a0 bezpe\u010dnostn\u00edho \u00a0rizika\u00a0 osobou, kter\u00e1 je vrchn\u00edm velitelem ozbrojen\u00fdch sil \u010cR!<\/p>\n<p><a href=\"https:\/\/www.pokec24.cz\/blog\/petr-pavel-rozehrava-dalsi-epizodu-ustavneho-puce\/\">Miroslav Kavij<\/a><\/p>\n<p>&nbsp;<\/p>\n","protected":false},"excerpt":{"rendered":"<p>Hradn\u00ed padouch, kter\u00fd si svou komunistickou minulost odpracoval ve struktur\u00e1ch zlo\u010dineck\u00e9 organizace NATO, Petr Pavel,&#8230;<\/p>\n","protected":false},"author":2,"featured_media":93715,"comment_status":"closed","ping_status":"closed","sticky":false,"template":"","format":"standard","meta":[],"categories":[6],"tags":[1503,1173,921],"_links":{"self":[{"href":"https:\/\/www.infokuryr.cz\/n\/wp-json\/wp\/v2\/posts\/98261"}],"collection":[{"href":"https:\/\/www.infokuryr.cz\/n\/wp-json\/wp\/v2\/posts"}],"about":[{"href":"https:\/\/www.infokuryr.cz\/n\/wp-json\/wp\/v2\/types\/post"}],"author":[{"embeddable":true,"href":"https:\/\/www.infokuryr.cz\/n\/wp-json\/wp\/v2\/users\/2"}],"replies":[{"embeddable":true,"href":"https:\/\/www.infokuryr.cz\/n\/wp-json\/wp\/v2\/comments?post=98261"}],"version-history":[{"count":0,"href":"https:\/\/www.infokuryr.cz\/n\/wp-json\/wp\/v2\/posts\/98261\/revisions"}],"wp:featuredmedia":[{"embeddable":true,"href":"https:\/\/www.infokuryr.cz\/n\/wp-json\/wp\/v2\/media\/93715"}],"wp:attachment":[{"href":"https:\/\/www.infokuryr.cz\/n\/wp-json\/wp\/v2\/media?parent=98261"}],"wp:term":[{"taxonomy":"category","embeddable":true,"href":"https:\/\/www.infokuryr.cz\/n\/wp-json\/wp\/v2\/categories?post=98261"},{"taxonomy":"post_tag","embeddable":true,"href":"https:\/\/www.infokuryr.cz\/n\/wp-json\/wp\/v2\/tags?post=98261"}],"curies":[{"name":"wp","href":"https:\/\/api.w.org\/{rel}","templated":true}]}}