{"id":98258,"date":"2026-01-31T00:22:50","date_gmt":"2026-01-30T23:22:50","guid":{"rendered":"https:\/\/www.infokuryr.cz\/n\/?p=98258"},"modified":"2026-01-30T12:36:38","modified_gmt":"2026-01-30T11:36:38","slug":"byla-hrdinna-akce-petra-pavla-v-jugoslavii-hoax-kdyz-se-chudacek-pokakal-po-jedne-smsce-neskutecne-trapne","status":"publish","type":"post","link":"https:\/\/www.infokuryr.cz\/n\/2026\/01\/31\/byla-hrdinna-akce-petra-pavla-v-jugoslavii-hoax-kdyz-se-chudacek-pokakal-po-jedne-smsce-neskutecne-trapne\/","title":{"rendered":"Byla hrdinn\u00e1 akce Petra Pavla v Jugosl\u00e1vii hoax, kdy\u017e se chud\u00e1\u010dek pokakal po jedn\u00e9 smsce? Neskute\u010dn\u011b trapn\u00e9&#8230;"},"content":{"rendered":"<div id=\"fb-root\"><\/div>\n<div class=\"introtext\">\n<h4>Co je to za zbab\u011blce, kdy\u017e p\u0159e\u010dte dvouminutov\u00fd projev o stra\u0161n\u00e9m vyd\u00edr\u00e1n\u00ed a vyhro\u017eov\u00e1n\u00ed a pak z n\u011bj vypadne kravina, \u017ee to je korespondence se \u0161a\u0161kem po boku? A zoufal\u00e9 v\u0159\u00edsk\u00e1n\u00ed po\u0161uk\u016f z opozice, aby karikatura hrdiny nebyla zneuct\u011bna?<\/h4>\n<\/div>\n<div class=\"fulltext\">\n<p>V\u00edme, \u017ee Petr Pavel kudy chod\u00ed, tudy l\u017ee.\u00a0Lhal o sv\u00e9 minulosti, lhal o pr\u00e1ska\u010di Sarajevo 1997 Kol\u00e1\u0159ovi, kter\u00fd je dokonce bez prov\u011brky a dr\u017e\u00ed ma\u0148\u00e1ska Pavla na \u0161pag\u00e1tk\u00e1ch, lhal a zap\u00edral, \u017ee nebyl &#8222;agent P\u00e1vek&#8220;, a lze v\u011b\u0159it v jeho hrdinstv\u00ed, nebo to byl jen hoax na imi\u010d (image) slavn\u00e9ho gener\u00e1la?<\/p>\n<p>Lze v\u016fbec v\u011b\u0159it n\u011bjak\u00fdm voj\u00e1k\u016fm?\u00a0Hrdinn\u00ed\u00a0Ukrajinci na Had\u00edm ostrov\u011b byli vyvra\u017ed\u011bni a pak si osobn\u011b p\u0159i\u0161li pro pen\u00edze a met\u00e1ly k Zelensk\u00e9mu.<\/p>\n<p>Nebyl to podobn\u00fd p\u0159\u00edpad uplak\u00e1nka agenta P\u00e1vka, \u017ee si v\u0161e vymyslel a zapsal do an\u00e1l\u016f, aby m\u011bl kvalitn\u00ed postup na gener\u00e1la jako mrtv\u00ed hrdinov\u00e9 na Had\u00edm ostrov\u011b? Bylo to po\u0159\u00e1dn\u011b prov\u011b\u0159eno, kdy\u017e se nyn\u00ed uk\u00e1zalo, jak\u00fd je to zbab\u011blec? Nebylo hrdinstv\u00ed jen kamufl\u00e1\u017e parti\u010dky voj\u00e1k\u016f, kte\u0159\u00ed pak dostali tak\u00e9 odm\u011bny ve Francii?<\/p>\n<h3>Proto\u017ee jak je mo\u017en\u00e9, \u017ee u obvin\u011bn\u00ed Macinky, \u017ee u\u017e se s n\u00edm nebude bavit a sp\u00e1l\u00ed mosty, se klepal jako osika a t\u0159\u00e1sl se mu hlas?<\/h3>\n<h3>A dokonce se vyplakal u BIS Koudelky a uprchl do zahrani\u010d\u00ed?<\/h3>\n<p>_________________________________<\/p>\n<div class=\"info_box leva_tretina jpalert\">\n<div class=\"explanationContent\">\n<p><span style=\"color: #993366;\">Jak zachr\u00e1nil hrdina Francouze?<\/span><span style=\"color: #993366;\">&#8222;<\/span><\/p>\n<p><span style=\"color: #993366;\">Chorvat\u00e9 nest\u0159\u00edleli ani na Francouze, ani na n\u00e1s. \u00da\u010dty si vy\u0159izovali ze Srby. Na\u0161t\u011bst\u00ed se mi poda\u0159ilo radiostanic\u00ed dovolat francouzsk\u00e9mu sty\u010dn\u00e9mu d\u016fstojn\u00edkovi, kter\u00fd byl jako pozorovatel v chorvatsk\u00e9m \u0161t\u00e1bu, a po\u017e\u00e1dal jsem ho, aby s t\u00edm chorvat\u0161t\u00ed d\u011blost\u0159elci okam\u017eit\u011b p\u0159estali, jinak i se Srby rozma\u0161\u00edruj\u00ed na ka\u0161i Francouze s \u010cechoslov\u00e1ky.\u00a0<strong>A zabralo to<\/strong>.&#8220;<\/span><\/p>\n<\/div>\n<\/div>\n<p>_________________________________<\/p>\n<p>A \u017ee to \u0159\u00edkal n\u011bjak\u00fd voj\u00e1k z Francie? V Ir\u00e1ku byl milion zavra\u017ed\u011bn\u00fdch civilist\u016f, a jen proto, \u017ee si George Bush vymyslel n\u011bjakou chemickou p\u0159\u00edhodu. Tak\u017ee n\u011bco nakukat ve\u0159ejnosti o hrdinstv\u00ed tohoto p\u00e1na na Pra\u017esk\u00e9m hrad\u011b u\u017e tak\u00e9 lze s \u00fasp\u011bchem pochybovat.<\/p>\n<p>Hrdina, co se neboj\u00ed proti kulk\u00e1m nep\u0159\u00edtele jak gener\u00e1l Laudon, se rozt\u0159ese na jednou zpr\u00e1vi\u010dkou, kter\u00e1 dokonce nepat\u0159ila ani jemu, ale pr\u00e1ska\u010di Sarajevo 1997 Kol\u00e1\u0159ovi?<\/p>\n<p>Prost\u011b j\u00e1 tomu komunistovi, co zradil jednou, kdy\u017e p\u0159\u00edsahal na \u010ceskoslovensko a Leonida Bre\u017en\u011bva &#8211; Gorba\u010dova, aby n\u00e1sledn\u011b p\u0159\u00edsahal na z\u00e1padn\u00ed imperialisty proti t\u011bm, kter\u00fdm se p\u0159edt\u00edm klan\u011bl, nev\u011b\u0159\u00edm ani slovo.<\/p>\n<p>V\u00e1\u017en\u011b v\u011b\u0159\u00edte, \u017ee se slavn\u00fd gener\u00e1l zhrout\u00ed po jedn\u00e9 SMS zpr\u00e1v\u011b,\u00a0rozt\u0159esen\u00fdm hlasem z hr\u016fzy n\u011bco zablekot\u00e1 a uprchne do ciziny, ani\u017e odpov\u00ed novin\u00e1\u0159\u016fm? V\u00e1\u017en\u011b je tento zbab\u011blec on\u00edm hrdinou?<\/p>\n<p>Je to trapn\u00e9. A na s\u00edt\u00edch se lid\u00e9 t\u0159\u00edskaj\u00ed sm\u00edchy, ale tento p\u00e1n m\u00e1 hro\u0161\u00ed k\u016f\u017ei i s jeho politru\u010dkou.<\/p>\n<h4><strong>Nebo m\u00e1 strach, co se stane, zda nem\u016f\u017ee j\u00edt do v\u011bzen\u00ed a odtud pramen\u00ed jeho strach &#8211; strach \u00fadajn\u00e9ho hrdiny z v\u00e1lky? Uk\u00e1\u017ee \u010das&#8230;<\/strong><\/h4>\n<p><a href=\"https:\/\/www.skrytapravda.cz\/z-domova\/2987-byla-hrdinna-akce-petra-pavla-v-jugoslavii-hoax-kdyz-se-chudacek-pokakal-po-jedne-smsce-neskutecne-trapne\">Petr Pokorn\u00fd<\/a><\/p>\n<p>&nbsp;<\/p>\n<\/div>\n","protected":false},"excerpt":{"rendered":"<p>Co je to za zbab\u011blce, kdy\u017e p\u0159e\u010dte dvouminutov\u00fd projev o stra\u0161n\u00e9m vyd\u00edr\u00e1n\u00ed a vyhro\u017eov\u00e1n\u00ed a&#8230;<\/p>\n","protected":false},"author":2,"featured_media":98259,"comment_status":"closed","ping_status":"closed","sticky":false,"template":"","format":"standard","meta":[],"categories":[6],"tags":[1503,2712,5367,1173],"_links":{"self":[{"href":"https:\/\/www.infokuryr.cz\/n\/wp-json\/wp\/v2\/posts\/98258"}],"collection":[{"href":"https:\/\/www.infokuryr.cz\/n\/wp-json\/wp\/v2\/posts"}],"about":[{"href":"https:\/\/www.infokuryr.cz\/n\/wp-json\/wp\/v2\/types\/post"}],"author":[{"embeddable":true,"href":"https:\/\/www.infokuryr.cz\/n\/wp-json\/wp\/v2\/users\/2"}],"replies":[{"embeddable":true,"href":"https:\/\/www.infokuryr.cz\/n\/wp-json\/wp\/v2\/comments?post=98258"}],"version-history":[{"count":0,"href":"https:\/\/www.infokuryr.cz\/n\/wp-json\/wp\/v2\/posts\/98258\/revisions"}],"wp:featuredmedia":[{"embeddable":true,"href":"https:\/\/www.infokuryr.cz\/n\/wp-json\/wp\/v2\/media\/98259"}],"wp:attachment":[{"href":"https:\/\/www.infokuryr.cz\/n\/wp-json\/wp\/v2\/media?parent=98258"}],"wp:term":[{"taxonomy":"category","embeddable":true,"href":"https:\/\/www.infokuryr.cz\/n\/wp-json\/wp\/v2\/categories?post=98258"},{"taxonomy":"post_tag","embeddable":true,"href":"https:\/\/www.infokuryr.cz\/n\/wp-json\/wp\/v2\/tags?post=98258"}],"curies":[{"name":"wp","href":"https:\/\/api.w.org\/{rel}","templated":true}]}}