{"id":98256,"date":"2026-01-31T00:19:39","date_gmt":"2026-01-30T23:19:39","guid":{"rendered":"https:\/\/www.infokuryr.cz\/n\/?p=98256"},"modified":"2026-01-30T12:30:57","modified_gmt":"2026-01-30T11:30:57","slug":"michal-rusek-architekt-paralelni-mocenske-struktury-projekt-pavel-byl-kolarovym-mistrovskym-dilem","status":"publish","type":"post","link":"https:\/\/www.infokuryr.cz\/n\/2026\/01\/31\/michal-rusek-architekt-paralelni-mocenske-struktury-projekt-pavel-byl-kolarovym-mistrovskym-dilem\/","title":{"rendered":"Michal Rusek: Architekt paraleln\u00ed mocensk\u00e9 struktury. Projekt Pavel byl Kol\u00e1\u0159ov\u00fdm mistrovsk\u00fdm d\u00edlem"},"content":{"rendered":"<div id=\"fb-root\"><\/div>\n<p><a href=\"https:\/\/www.nespokojeny.cz\/tag\/petr-kolar\/\" target=\"_blank\" rel=\"noopener\"><strong>Petr Kol\u00e1\u0159<\/strong><\/a>\u00a0reprezentuje v \u010desk\u00e9m kontextu unik\u00e1tn\u00ed archetyp \u201epower brokera\u201c \u2013 zprost\u0159edkovatele moci, kter\u00fd operuje na pomez\u00ed form\u00e1ln\u00edch instituc\u00ed a neform\u00e1ln\u00edch vlivov\u00fdch s\u00edt\u00ed.\u00a0<strong>Role architekta prezidentsk\u00e9 kandidatury\u00a0<a href=\"https:\/\/www.nespokojeny.cz\/tag\/petr-pavel\/\" target=\"_blank\" rel=\"noopener\">Petra Pavla<\/a><\/strong>\u00a0odhaluje hlub\u0161\u00ed struktur\u00e1ln\u00ed zm\u011bny nejen v \u010desk\u00e9 zahrani\u010dn\u00ed politice. Tyto zm\u011bny jsou charakterizov\u00e1ny postupn\u00fdm prol\u00edn\u00e1n\u00edm ve\u0159ejn\u00e9ho z\u00e1jmu se z\u00e1jmy soukrom\u00fdmi a ideologick\u00fdmi.<span id=\"more-64154\"><\/span><\/p>\n<h2><strong>Anatomie moci<\/strong><\/h2>\n<p><em>Hloubkov\u00e1 anal\u00fdza vlivov\u00fdch struktur Petra Kol\u00e1\u0159e a geneze prezidenta Petra Pavla v transatlantick\u00e9m kontextu.<\/em><\/p>\n<p>Jedn\u00edm z nejz\u00e1va\u017en\u011bj\u0161\u00edch skand\u00e1l\u016f je kauza plateb z \u010cesk\u00e9ho vysok\u00e9ho u\u010den\u00ed technick\u00e9ho (\u010cVUT). Investigace zjistily, \u017ee\u00a0<strong>rektor \u010cV\u00daT Vojt\u011bch Petr\u00e1\u010dek vypl\u00e1cel Kol\u00e1\u0159ovi od roku \u010d\u00e1stky dosahuj\u00edc\u00ed t\u00e9m\u011b\u0159 4 miliony korun<\/strong>\u00a0(cca 145 000 K\u010d m\u011bs\u00ed\u010dn\u011b). (15)<\/p>\n<p>Nejviditeln\u011bj\u0161\u00ed je Kol\u00e1\u0159ova\u00a0<strong>vazba na zbroja\u0159sk\u00fd holding Colt CZ Group<\/strong>\u00a0(d\u0159\u00edve \u010cesk\u00e1 zbrojovka Group). Kol\u00e1\u0159 otev\u0159en\u011b p\u0159iznal, \u017ee pom\u00e1hal t\u00e9to skupin\u011b s kl\u00ed\u010dovou akvizic\u00ed americk\u00e9ho v\u00fdrobce zbran\u00ed Colt v roce 2021. (13)<\/p>\n<h3>1. \u00davod: Privatizace diplomacie a transformace politick\u00e9ho vlivu v post-liber\u00e1ln\u00ed \u00e9\u0159e<\/h3>\n<p>V sou\u010dasn\u00e9 politologick\u00e9 a sociologick\u00e9 debat\u011b o povaze moci v \u010cesk\u00e9 republice zauj\u00edm\u00e1 postava Petra Kol\u00e1\u0159e zcela v\u00fdsadn\u00ed, by\u0165 kontroverzn\u00ed postaven\u00ed. Tato anal\u00fdza, zpracovan\u00e1 na z\u00e1klad\u011b extenzivn\u00edho zkoum\u00e1n\u00ed otev\u0159en\u00fdch zdroj\u016f, digit\u00e1ln\u00edch stop a institucion\u00e1ln\u00edch vazeb, si klade za c\u00edl dekonstruovat komplexn\u00ed s\u00ed\u0165, kterou Petr Kol\u00e1\u0159 vybudoval. Nejedn\u00e1 se pouze o biografick\u00fd exkurz jednoho diplomata, n\u00fdbr\u017e o p\u0159\u00edpadovou studii modern\u00edho fenom\u00e9nu tzv. \u201erevolving door\u201c (ot\u00e1\u010div\u00fdch dve\u0159\u00ed) mezi vysokou st\u00e1tn\u00ed diplomaci\u00ed, glob\u00e1ln\u00edm korpor\u00e1tn\u00edm lobbingem a politick\u00fdm marketingem.<\/p>\n<p>Petr Kol\u00e1\u0159 reprezentuje v \u010desk\u00e9m kontextu unik\u00e1tn\u00ed archetyp \u201epower brokera\u201c \u2013 zprost\u0159edkovatele moci, kter\u00fd operuje na pomez\u00ed form\u00e1ln\u00edch instituc\u00ed a neform\u00e1ln\u00edch vlivov\u00fdch s\u00edt\u00ed. Jeho trajektorie od poradce V\u00e1clava Havla, p\u0159es kl\u00ed\u010dov\u00e9 velvyslaneck\u00e9 posty ve Washingtonu a Moskv\u011b, a\u017e po roli architekta prezidentsk\u00e9 kandidatury Petra Pavla, odhaluje hlub\u0161\u00ed struktur\u00e1ln\u00ed zm\u011bny v \u010desk\u00e9 zahrani\u010dn\u00ed politice. Tyto zm\u011bny jsou charakterizov\u00e1ny postupn\u00fdm prol\u00edn\u00e1n\u00edm ve\u0159ejn\u00e9ho z\u00e1jmu (st\u00e1tn\u00ed diplomacie) se z\u00e1jmy soukrom\u00fdmi (korpor\u00e1tn\u00ed diplomacie) a ideologick\u00fdmi (transatlantick\u00fd aktivismus).<\/p>\n<p>Kl\u00ed\u010dovou tez\u00ed t\u00e9to zpr\u00e1vy je, \u017ee\u00a0<strong>\u201eud\u011bl\u00e1n\u00ed\u201c Petra Pavla prezidentem nebylo izolovanou, spont\u00e1nn\u00ed akc\u00ed ob\u010dansk\u00e9 spole\u010dnosti, n\u00fdbr\u017e vyvrcholen\u00edm dlouhodob\u00e9ho strategick\u00e9ho projektu, v n\u011bm\u017e se protnuly z\u00e1jmy bezpe\u010dnostn\u00ed komunity (NATO), transatlantick\u00e9ho kapit\u00e1lu (Squire Patton Boggs, zbrojn\u00ed pr\u016fmysl) a nov\u00e9 generace \u010desk\u00fdch miliard\u00e1\u0159\u016f (technologi\u010dt\u00ed investo\u0159i)<\/strong>.<\/p>\n<p>Petr Kol\u00e1\u0159 v tomto procesu sehr\u00e1l roli centr\u00e1ln\u00edho uzlu, kter\u00fd dok\u00e1zal tyto dispar\u00e1tn\u00ed skupiny propojit a nasm\u011brovat k jedin\u00e9mu c\u00edli: obsazen\u00ed Pra\u017esk\u00e9ho hradu kandid\u00e1tem, kter\u00fd by garantoval jednozna\u010dnou pro-z\u00e1padn\u00ed orientaci a stabilitu pro strategick\u00e9 investice.<\/p>\n<p>Tato zpr\u00e1va je strukturov\u00e1na do n\u011bkolika analytick\u00fdch blok\u016f, kter\u00e9 detailn\u011b zkoumaj\u00ed Kol\u00e1\u0159ovu americkou misi, jeho p\u0159erod v korpor\u00e1tn\u00edho lobbistu, mechanismus v\u00fdb\u011bru a p\u0159\u00edpravy Petra Pavla, a kone\u010dn\u011b finan\u010dn\u00ed a ideologick\u00e9 z\u00e1zem\u00ed tohoto projektu.<\/p>\n<h3>2. Americk\u00e1 geneze: Velvyslanec v centru glob\u00e1ln\u00ed moci (2005\u20132010)<\/h3>\n<p>Pro pochopen\u00ed sou\u010dasn\u00e9ho vlivu Petra Kol\u00e1\u0159e je nezbytn\u00e9 prov\u00e9st forenzn\u00ed anal\u00fdzu jeho p\u016fsoben\u00ed ve Spojen\u00fdch st\u00e1tech americk\u00fdch v letech 2005 a\u017e 2010. Toto obdob\u00ed nebylo pouhou diplomatickou mis\u00ed; \u0161lo o formativn\u00ed f\u00e1zi, b\u011bhem n\u00ed\u017e Kol\u00e1\u0159 integroval s\u00e1m sebe do struktur americk\u00e9ho foreign-policy establishmentu zp\u016fsobem, kter\u00fd nem\u00e1 u jin\u00fdch \u010desk\u00fdch diplomat\u016f obdoby.<\/p>\n<h4><strong>2.1 Architektura vztah\u016f ve Washingtonu D.C.<\/strong><\/h4>\n<p>Petr Kol\u00e1\u0159 nastoupil do funkce velvyslance v USA v prosinci 2005, v dob\u011b druh\u00e9ho funk\u010dn\u00edho obdob\u00ed prezidenta George W. Bushe.1 Byla to \u00e9ra vrchol\u00edc\u00edho neokonzervativn\u00edho vlivu, v\u00e1lky proti teroru a snahy o expanzi americk\u00e9 bezpe\u010dnostn\u00ed architektury do st\u0159edn\u00ed a v\u00fdchodn\u00ed Evropy. Kol\u00e1\u0159ova strategie byla zalo\u017eena na intenzivn\u00edm budov\u00e1n\u00ed osobn\u00edch vazeb s kl\u00ed\u010dov\u00fdmi hr\u00e1\u010di ve Washingtonu, a to jak v administrativ\u011b, tak v Kongresu a think-tanc\u00edch.<\/p>\n<p>Mezi jeho nejv\u00fdznamn\u011bj\u0161\u00ed kontakty pat\u0159ila zesnul\u00e1 Madeleine Albrightov\u00e1, b\u00fdval\u00e1 ministryn\u011b zahrani\u010d\u00ed USA \u010desk\u00e9ho p\u016fvodu. Tento vztah p\u0159esahoval r\u00e1mec b\u011b\u017en\u00e9 diplomacie; \u0161lo o hlubokou ideovou a osobn\u00ed alianci, kter\u00e1 Kol\u00e1\u0159ovi otev\u00edrala dve\u0159e do demokratick\u00fdch kruh\u016f a k elit\u00e1m Demokratick\u00e9 strany, co\u017e se pozd\u011bji uk\u00e1zalo jako kl\u00ed\u010dov\u00e9 p\u0159i p\u0159echodu k administrativ\u011b Baracka Obamy. (2)<\/p>\n<h4><strong>2.2 Radarov\u00e1 diplomacie a \u201eKoalice ochotn\u00fdch\u201c<\/strong><\/h4>\n<p>Nejv\u00fdznamn\u011bj\u0161\u00edm politick\u00fdm projektem Kol\u00e1\u0159ovy \u00e9ry bylo vyjedn\u00e1v\u00e1n\u00ed o um\u00edst\u011bn\u00ed americk\u00e9ho radaru protiraketov\u00e9 obrany v Brdech. A\u010dkoliv byl projekt nakonec administrativou Baracka Obamy v roce 2009 zru\u0161en (resp. rekonfigurov\u00e1n do jin\u00e9 podoby protiraketov\u00e9ho de\u0161tn\u00edku), pro Kol\u00e1\u0159e znamenal tento proces obrovsk\u00fd zisk v podob\u011b soci\u00e1ln\u00edho kapit\u00e1lu.<\/p>\n<p><strong>Jako hlavn\u00ed tv\u00e1\u0159 \u201eradarov\u00e9 diplomacie\u201c se Kol\u00e1\u0159 stal pro americkou stranu nepostradateln\u00fdm partnerem<\/strong>. \u00da\u010dastnil se vyjedn\u00e1v\u00e1n\u00ed o smlouv\u00e1ch SOFA (Status of Forces Agreement) a o strategick\u00e9 spolupr\u00e1ci. V tomto procesu si osvojil mechanismy fungov\u00e1n\u00ed americk\u00e9ho vojensko-pr\u016fmyslov\u00e9ho komplexu a nav\u00e1zal vazby na Pentagon a obrann\u00e9 v\u00fdbory Kongresu. Tyto zku\u0161enosti a kontakty pozd\u011bji p\u0159\u00edmo zhodnotil ve sv\u00e9 soukrom\u00e9 praxi p\u0159i poradenstv\u00ed pro zbrojn\u00ed pr\u016fmysl. (3)<\/p>\n<h4><strong>2.3 Visa Waiver Program: Lobbistick\u00fd mistrovsk\u00fd kus<\/strong><\/h4>\n<p>Druh\u00fdm pil\u00ed\u0159em Kol\u00e1\u0159ova \u00fasp\u011bchu bylo zru\u0161en\u00ed v\u00edzov\u00e9 povinnosti pro \u010desk\u00e9 ob\u010dany v roce 2008. Zde Kol\u00e1\u0159 prok\u00e1zal schopnost operovat jako lobbista uvnit\u0159 americk\u00e9ho legislativn\u00edho syst\u00e9mu. M\u00edsto pasivn\u00edho \u010dek\u00e1n\u00ed vytvo\u0159il a vedl \u201ekoalici zem\u00ed st\u0159edn\u00ed a v\u00fdchodn\u00ed Evropy\u201c (Coalition for Visa Equality), kter\u00e1 koordinovan\u011b tla\u010dila na \u010dleny Kongresu, aby zm\u011bnili legislativu t\u00fdkaj\u00edc\u00ed se v\u00edz. (3)<\/p>\n<p>Unikl\u00e9 diplomatick\u00e9 depe\u0161e (Wikileaks) z roku 2007 (ref: 07PRAGUE916) odhaluj\u00ed, jak americk\u00e1 administrativa Kol\u00e1\u0159e vn\u00edmala.<\/p>\n<p>Depe\u0161e popisuje Kol\u00e1\u0159ovu reakci na podpis z\u00e1kona implementuj\u00edc\u00edho doporu\u010den\u00ed komise 9\/11. Zat\u00edmco \u010desk\u00e9 ministerstvo zahrani\u010d\u00ed vydalo ofici\u00e1ln\u00ed, opatrn\u00e9 stanovisko, Kol\u00e1\u0159 v rozhovoru pro m\u00e9dia ozna\u010dil n\u011bkter\u00e9 repatria\u010dn\u00ed klauzule v z\u00e1kon\u011b za \u201eabsurdity\u201c a nazna\u010dil, \u017ee cesta k bezv\u00edzov\u00e9mu styku bude je\u0161t\u011b \u201edlouh\u00e1 d\u0159ina\u201c. Ameri\u010dt\u00ed diplomat\u00e9 v Praze reportovali do Washingtonu jeho reakci jako \u201evla\u017enou\u201c (tepid) a pe\u010dliv\u011b analyzovali ka\u017ed\u00e9 jeho slovo. (5)<\/p>\n<p>Tato epizoda ilustruje Kol\u00e1\u0159\u016fv styl: schopnost hr\u00e1t tvrd\u011b i v\u016f\u010di spojenc\u016fm, vyu\u017e\u00edvat m\u00e9dia k tlaku a udr\u017eovat si autonomn\u00ed pozici, kter\u00e1 nen\u00ed v\u017edy zcela v z\u00e1krytu s ofici\u00e1ln\u00ed linkou \u010cern\u00ednsk\u00e9ho pal\u00e1ce. Pr\u00e1v\u011b tato schopnost \u201ehr\u00e1t americkou hru\u201c mu vynesla respekt ve Washingtonu a polo\u017eila z\u00e1klady pro jeho budouc\u00ed kari\u00e9ru v sektoru government relations.<\/p>\n<h4><strong>2.4 Zpravodajsk\u00e9 a bezpe\u010dnostn\u00ed p\u0159esahy<\/strong><\/h4>\n<p>B\u011bhem sv\u00e9ho p\u016fsoben\u00ed v USA a n\u00e1sledn\u011b v Rusku (2010\u20132012) se Kol\u00e1\u0159 pohyboval v nejvy\u0161\u0161\u00edch patrech glob\u00e1ln\u00ed bezpe\u010dnosti. Jeho interakce se zpravodajsk\u00fdmi slu\u017ebami (CIA, FBI na stran\u011b USA; FSB, SVR jako protivn\u00edci v Rusku) byly sou\u010d\u00e1st\u00ed jeho pr\u00e1ce. Kol\u00e1\u0159 \u010dasto zmi\u0148uje, \u017ee v Rusku byli diplomat\u00e9 pod neust\u00e1l\u00fdm dohledem a tlakem, co\u017e formovalo jeho nekompromisn\u00ed postoj v\u016f\u010di re\u017eimu Vladimira Putina. (6)<\/p>\n<p>Tyto zku\u0161enosti jsou kl\u00ed\u010dov\u00e9 pro jeho sou\u010dasnou roli poradce prezidenta. Kol\u00e1\u0159 nen\u00ed teoretik; jeho pohled na mezin\u00e1rodn\u00ed vztahy je formov\u00e1n realpolitikou a p\u0159\u00edmou konfrontac\u00ed s bezpe\u010dnostn\u00edmi hrozbami. To vysv\u011btluje jeho d\u016fraz na posilov\u00e1n\u00ed transatlantick\u00e9 vazby a\u00a0<strong>investic do obrany, co\u017e rezonuje s jeho klienty v soukrom\u00e9m sektoru (zbroja\u0159i)<\/strong>.<\/p>\n<h3>3. Institucion\u00e1ln\u00ed z\u00e1zem\u00ed vlivu: Squire Patton Boggs a \u201eK Street\u201c v Praze<\/h3>\n<p>Po n\u00e1vratu z diplomatick\u00fdch slu\u017eeb a kr\u00e1tk\u00e9m anga\u017em\u00e1 v PPF (kde \u0159\u00eddil zahrani\u010dn\u00ed vztahy se zam\u011b\u0159en\u00edm na Asii, co\u017e je paradoxn\u00ed vzhledem k jeho sou\u010dasn\u00e9 proti\u010d\u00ednsk\u00e9 r\u00e9torice) (3), zakotvil Petr Kol\u00e1\u0159 v roce 2014 v americk\u00e9 pr\u00e1vn\u00ed a lobbistick\u00e9 firm\u011b Squire Patton Boggs (SPB). Toto anga\u017em\u00e1 je naprosto z\u00e1sadn\u00ed pro pochopen\u00ed mechanismu jeho vlivu.<\/p>\n<h4><strong>3.1 Geneze a povaha Squire Patton Boggs<\/strong><\/h4>\n<p>Squire Patton Boggs nen\u00ed b\u011b\u017enou advok\u00e1tn\u00ed kancel\u00e1\u0159\u00ed. Vznikla f\u00faz\u00ed clevelandsk\u00e9 Squire Sanders a washingtonsk\u00e9 legendy Patton Boggs.<strong>\u00a0Patton Boggs byla po desetilet\u00ed nejvlivn\u011bj\u0161\u00ed lobbistickou firmou ve Washingtonu D.C., s\u00eddl\u00edc\u00ed na slavn\u00e9 \u201eK Street\u201c. Byla zn\u00e1m\u00e1 t\u00edm, \u017ee dok\u00e1zala prosadit z\u00e1jmy ciz\u00edch vl\u00e1d, dikt\u00e1tor\u016f a ob\u0159\u00edch korporac\u00ed v americk\u00e9m Kongresu.<\/strong><\/p>\n<p>Firma je podle anal\u00fdz z roku 2025 jednou z nejvyu\u017e\u00edvan\u011bj\u0161\u00edch PR a lobbistick\u00fdch firem pro autorit\u00e1\u0159sk\u00e9 re\u017eimy a v minulosti zastupovala i Sa\u00fadskou Ar\u00e1bii v dob\u011b vra\u017edy novin\u00e1\u0159e D\u017eam\u00e1la Ch\u00e1\u0161ukd\u017e\u00edho. (9)<\/p>\n<p>Anga\u017em\u00e1 Petra Kol\u00e1\u0159e v t\u00e9to firm\u011b na pozici Senior Advisor 3 znamen\u00e1 import americk\u00e9ho modelu lobbingu do st\u0159edoevropsk\u00e9ho prostoru. Kol\u00e1\u0159 neposkytuje pr\u00e1vn\u00ed slu\u017eby (nen\u00ed uveden jako advok\u00e1t v seznamu \u010cAK), ale v\u011bnuje se \u201eCommercial Diplomacy\u201c a \u201eGlobal Government Relations\u201c. V praxi to znamen\u00e1 monetizaci jeho telefonn\u00edho seznamu a schopnosti otev\u00edrat dve\u0159e u prezident\u016f, premi\u00e9r\u016f a v legislativn\u00edch sborech.<\/p>\n<h4><strong>3.2 FARA a americk\u00fd kontext<\/strong><\/h4>\n<p>A\u010dkoliv Kol\u00e1\u0159 p\u016fsob\u00ed prim\u00e1rn\u011b z Prahy, jeho firma podl\u00e9h\u00e1 americk\u00e9mu z\u00e1konu FARA (Foreign Agents Registration Act), pokud lobbuje v USA pro zahrani\u010dn\u00ed subjekty. Kol\u00e1\u0159ova role je \u010dasto popisov\u00e1na jako most mezi \u010desk\u00fdmi subjekty a americk\u00fdmi rozhodovac\u00edmi centry. Jeho profil na webu SPB explicitn\u011b uv\u00e1d\u00ed, \u017ee poskytuje klient\u016fm \u201eanalytickou a diplomatickou expertizu\u201c a zastupuje je p\u0159ed \u201elegislativn\u00edmi a exekutivn\u00edmi slo\u017ekami vl\u00e1dy\u201c. (10) To je definice lobbingu.<\/p>\n<p>Fakt, \u017ee poradce \u010desk\u00e9ho prezidenta je na v\u00fdplatn\u00ed listin\u011b firmy, kter\u00e1 je synonymem pro glob\u00e1ln\u00ed vlivov\u00e9 operace a zastupov\u00e1n\u00ed ciz\u00edch mocnost\u00ed, vytv\u00e1\u0159\u00ed bezprecedentn\u00ed situaci st\u0159etu z\u00e1jm\u016f, kter\u00fd je v \u010desk\u00e9m prost\u0159ed\u00ed \u010dasto bagatelizov\u00e1n.<\/p>\n<h3>4. Klientelistick\u00e9 s\u00edt\u011b: Od tab\u00e1ku po zbran\u011b (Anal\u00fdza portfolia)<\/h3>\n<p>Na z\u00e1klad\u011b detailn\u00edho rozboru ofici\u00e1ln\u00edch profil\u016f Petra Kol\u00e1\u0159e na webu Squire Patton Boggs a investigativn\u00edch zpr\u00e1v lze rekonstruovat portfolio jeho klient\u016f. Toto portfolio odhaluje, \u017ee Kol\u00e1\u0159ovy slu\u017eby vyu\u017e\u00edvaj\u00ed nejsiln\u011bj\u0161\u00ed kapit\u00e1lov\u00e9 skupiny v zemi, \u010dasto v siln\u011b regulovan\u00fdch odv\u011btv\u00edch.<\/p>\n<p>Identifikovan\u00ed klienti a oblasti z\u00e1jmu Petra Kol\u00e1\u0159e (via SPB)<\/p>\n<p><a title=\"\" href=\"https:\/\/www.nespokojeny.cz\/wp-content\/uploads\/klienti_zajmy_petr_kolar.jpg\" data-rel=\"lightbox-image-0\" data-magnific_type=\"image\" data-rl_title=\"\" data-rl_caption=\"\"><img decoding=\"async\" loading=\"lazy\" class=\"aligncenter wp-image-64163\" src=\"https:\/\/www.nespokojeny.cz\/wp-content\/uploads\/klienti_zajmy_petr_kolar.jpg\" sizes=\"(max-width: 600px) 100vw, 600px\" srcset=\"https:\/\/www.nespokojeny.cz\/wp-content\/uploads\/klienti_zajmy_petr_kolar.jpg 900w, https:\/\/www.nespokojeny.cz\/wp-content\/uploads\/klienti_zajmy_petr_kolar-259x300.jpg 259w, https:\/\/www.nespokojeny.cz\/wp-content\/uploads\/klienti_zajmy_petr_kolar-388x450.jpg 388w, https:\/\/www.nespokojeny.cz\/wp-content\/uploads\/klienti_zajmy_petr_kolar-129x150.jpg 129w, https:\/\/www.nespokojeny.cz\/wp-content\/uploads\/klienti_zajmy_petr_kolar-768x891.jpg 768w\" alt=\"\" width=\"600\" height=\"696\" \/><\/a><\/p>\n<p>Nejviditeln\u011bj\u0161\u00ed je Kol\u00e1\u0159ova vazba na zbroja\u0159sk\u00fd holding Colt CZ Group (d\u0159\u00edve \u010cesk\u00e1 zbrojovka Group). Kol\u00e1\u0159 otev\u0159en\u011b p\u0159iznal, \u017ee pom\u00e1hal t\u00e9to skupin\u011b s kl\u00ed\u010dovou akvizic\u00ed americk\u00e9ho v\u00fdrobce zbran\u00ed Colt v roce 2021. (13)<\/p>\n<p>Tato transakce byla z geopolitick\u00e9ho hlediska mimo\u0159\u00e1dn\u011b citliv\u00e1. Koup\u011b ikonick\u00e9 americk\u00e9 zbrojovky zahrani\u010dn\u00edm subjektem podl\u00e9h\u00e1 schv\u00e1len\u00ed americk\u00e9ho v\u00fdboru CFIUS (Committee on Foreign Investment in the United States), kter\u00fd posuzuje rizika pro n\u00e1rodn\u00ed bezpe\u010dnost USA. Kol\u00e1\u0159ovy vazby ve Washingtonu a jeho reputace \u201ep\u0159\u00edtele Ameriky\u201c byly pro hladk\u00fd pr\u016fb\u011bh schvalov\u00e1n\u00ed naprosto kl\u00ed\u010dov\u00e9. Kol\u00e1\u0159 je nyn\u00ed \u010dlenem Etick\u00e9 komise (Compliance and Ethics Committee) Colt CZ Group (17) a p\u0159edsedou spr\u00e1vn\u00ed rady Nadace rodiny Hole\u010dkov\u00fdch (majitel\u016f zbrojovky) (14), co\u017e potvrzuje jeho hlubok\u00e9 ukotven\u00ed ve struktur\u00e1ch zbroja\u0159sk\u00e9ho holdingu.<\/p>\n<h4><strong>4.2 Energetika a EPH: Rusk\u00fd plyn a evropsk\u00e1 legislativa<\/strong><\/h4>\n<p>Kol\u00e1\u0159ovo poradenstv\u00ed pro energetick\u00fd sektor, specificky pro EPH Daniela K\u0159et\u00ednsk\u00e9ho (identifikov\u00e1no na z\u00e1klad\u011b popisu klienta a zn\u00e1m\u00fdch vazeb SPB na EPH), je v p\u0159\u00edm\u00e9m kontrastu s jeho ve\u0159ejnou jest\u0159\u00e1b\u00ed r\u00e9torikou v\u016f\u010di Rusku. EPH byl historicky v\u00fdznamn\u00fdm p\u0159epravcem rusk\u00e9ho plynu p\u0159es Slovensko (Eustream). Kol\u00e1\u0159ova role zde pravd\u011bpodobn\u011b spo\u010d\u00edvala v lobbingu v Bruselu a v n\u00e1rodn\u00edch vl\u00e1d\u00e1ch ohledn\u011b energetick\u00e9 regulace, taxonomie EU a zaji\u0161t\u011bn\u00ed bezpe\u010dnosti investic v turbulentn\u00edm prost\u0159ed\u00ed energetick\u00e9 krize. (3)<\/p>\n<p>Zde se ukazuje pragmatismus Kol\u00e1\u0159ova p\u016fsoben\u00ed: na jedn\u00e9 stran\u011b varuje p\u0159ed Ruskem, na druh\u00e9 stran\u011b jeho firma pracuje pro subjekty, jejich\u017e byznys model byl l\u00e9ta z\u00e1visl\u00fd na toc\u00edch rusk\u00fdch surovin.<\/p>\n<h4><strong>4.3 Tab\u00e1kov\u00fd lobbing<\/strong><\/h4>\n<p>Pr\u00e1ce pro Philip Morris (identifikov\u00e1no jako \u201enumber-one world tobacco producer\u201c) v oblasti da\u0148ov\u00e9 regulace zah\u0159\u00edvan\u00e9ho tab\u00e1ku (3) ukazuje na Kol\u00e1\u0159ovu schopnost ovliv\u0148ovat dom\u00e1c\u00ed legislativu. Zm\u011bny spot\u0159ebn\u00edch dan\u00ed jsou pro st\u00e1tn\u00ed rozpo\u010det i zisky korporac\u00ed ot\u00e1zkou miliard korun. Kol\u00e1\u0159ova role \u201eSenior Advisora\u201c mu umo\u017e\u0148uje neform\u00e1ln\u011b komunikovat s ministry financ\u00ed a poslanci, ani\u017e by byl zat\u00ed\u017een stigmatem klasick\u00e9ho tab\u00e1kov\u00e9ho lobbisty.<\/p>\n<h3>5. Projekt \u201ePrezident\u201c: Opera\u010dn\u00ed anal\u00fdza volebn\u00ed architektury<\/h3>\n<p>Spojen\u00ed Petra Kol\u00e1\u0159e a Petra Pavla nen\u00ed v\u00fdsledkem n\u00e1hody, ale pe\u010dliv\u011b napl\u00e1novanou operac\u00ed. Kol\u00e1\u0159 v Pavlovi identifikoval ide\u00e1ln\u00ed nosi\u010d pro realizaci sv\u00fdch politick\u00fdch a strategick\u00fdch viz\u00ed v dob\u011b, kdy tradi\u010dn\u00ed politick\u00e9 strany selh\u00e1valy v generov\u00e1n\u00ed siln\u00fdch l\u00eddr\u016f schopn\u00fdch porazit Andreje Babi\u0161e.<\/p>\n<h4><strong>5.1 F\u00e1ze 1: Identifikace a n\u00e1bor (NATO Connection)<\/strong><\/h4>\n<p>Kol\u00e1\u0159 a Pavel se znaj\u00ed z prost\u0159ed\u00ed mezin\u00e1rodn\u00ed diplomacie a bezpe\u010dnosti. Zat\u00edmco Kol\u00e1\u0159 p\u016fsobil jako velvyslanec, Pavel stoupal v hierarchii A\u010cR a NATO a\u017e na pozici p\u0159edsedy Vojensk\u00e9ho v\u00fdboru NATO (2015\u20132018). Kol\u00e1\u0159 rozpoznal Pavl\u016fv potenci\u00e1l: v\u00e1le\u010dn\u00fd hrdina, technokrat, klidn\u00e1 s\u00edla, pro-z\u00e1padn\u00ed orientace a absence politick\u00e9 minulosti (krom\u011b \u010dlenstv\u00ed v KS\u010c, kter\u00e9 bylo r\u00e1mov\u00e1no jako \u201echyba ml\u00e1d\u00ed\u201c).<\/p>\n<p>S\u00e1m Kol\u00e1\u0159 v m\u00e9di\u00edch neskromn\u011b prohl\u00e1sil, \u017ee v Pavlovi \u201ed\u0159\u00edmal talent, ale a\u017e on z n\u011bj dok\u00e1zal vybrousit diamant\u201c. (18) Kol\u00e1\u0159 p\u0159esv\u011bd\u010dil Pavla, \u017ee po skon\u010den\u00ed mise v NATO m\u00e1 povinnost slou\u017eit vlasti na nejvy\u0161\u0161\u00ed \u00farovni.<\/p>\n<h4><strong>5.2 F\u00e1ze 2: Institucionalizace (Spolek \u201ePro bezpe\u010dnou budoucnost\u201c)<\/strong><\/h4>\n<p>Aby mohl Pavel vstoupit do ve\u0159ejn\u00e9ho prostoru je\u0161t\u011b p\u0159ed ofici\u00e1ln\u00edm vyhl\u00e1\u0161en\u00edm kampan\u011b, vytvo\u0159il Kol\u00e1\u0159 v roce 2019 podp\u016frnou infrastrukturu. Kl\u00ed\u010dov\u00fdm vehiklem se stal spolek Pro bezpe\u010dnou budoucnost, kter\u00fd Kol\u00e1\u0159 zalo\u017eil spole\u010dn\u011b s datov\u00fdm analytikem Franti\u0161kem Vrabelem (Semantic Visions) a Radko Hokovsk\u00fdm (think-tank Evropsk\u00e9 hodnoty). (19)<\/p>\n<p>Tento spolek slou\u017eil jako ideov\u00fd inkub\u00e1tor a z\u00e1kladna pro Pavl\u016fv t\u00fdm. Propojil Pavla s experty na hybridn\u00ed hrozby, dezinformace a strategickou komunikaci.<\/p>\n<h4><strong>5.3 F\u00e1ze 3: Kampa\u0148 p\u0159ed kampan\u00ed (Iniciativa \u201eSpolu siln\u011bj\u0161\u00ed\u201c)<\/strong><\/h4>\n<p>Na ja\u0159e 2020, s n\u00e1stupem pandemie COVID-19, transformoval Kol\u00e1\u0159\u016fv t\u00fdm aktivity do iniciativy Spolu siln\u011bj\u0161\u00ed. Tato iniciativa byla mistrovsk\u00fdm tahem politick\u00e9ho marketingu. Umo\u017enila Pavlovi obj\u00ed\u017ed\u011bt republiku, sb\u00edrat finan\u010dn\u00ed prost\u0159edky a prezentovat se jako krizov\u00fd mana\u017eer a sjednocovatel, ani\u017e by form\u00e1ln\u011b vedl politickou kampa\u0148 (co\u017e mu umo\u017enilo vyhnout se p\u0159\u00edsn\u00fdm limit\u016fm volebn\u00edho z\u00e1kona v t\u00e9to f\u00e1zi). (21)<\/p>\n<p>Iniciativa organizovala sb\u00edrky, setk\u00e1n\u00ed s ob\u010dany a expertn\u00ed panely. \u00da\u0159ad pro dohled nad hospoda\u0159en\u00edm politick\u00fdch stran pozd\u011bji ozna\u010dil tyto aktivity za \u201e\u0161edou z\u00f3nu\u201c, ale z hlediska budov\u00e1n\u00ed poznatelnosti a pozitivn\u00edho image byly kl\u00ed\u010dov\u00e9. Pavel se profiloval jako anti-populista, kter\u00fd nab\u00edz\u00ed \u201e\u0159\u00e1d a klid\u201c. (23)<\/p>\n<h4><strong>5.4 F\u00e1ze 4: Finan\u010dn\u00ed infrastruktura \u2013 \u201eNov\u00ed oligarchov\u00e9\u201c<\/strong><\/h4>\n<p>Kdo tento projekt financoval? Anal\u00fdza d\u00e1rc\u016f iniciativy Spolu siln\u011bj\u0161\u00ed a n\u00e1sledn\u00e9 prezidentsk\u00e9 kampan\u011b odhaluje posun v \u010desk\u00e9 mocensk\u00e9 struktu\u0159e. Zat\u00edmco Milo\u0161e Zemana podporovali tradi\u010dn\u00ed pr\u016fmysln\u00edci a vazby na V\u00fdchod, za Pavlem a Kol\u00e1\u0159em se zformovala skupina tzv. \u201enov\u00fdch oligarch\u016f\u201c \u2013 miliard\u00e1\u0159\u016f z technologick\u00e9ho sektoru, finan\u010dnictv\u00ed a startup\u016f.<\/p>\n<p><strong>Kl\u00ed\u010dov\u00ed finan\u010dn\u00ed patroni:<\/strong><\/p>\n<ul>\n<li>Libor Winkler (RSJ): Finan\u010dn\u00edk a mecen\u00e1\u0161, dlouhodob\u00fd podporovatel protikorup\u010dn\u00edch iniciativ. (20)<\/li>\n<li>Martin Voh\u00e1nka (W.A.G. Payment Solutions\/Eurowag): Podnikatel v logistice a technologi\u00edch, propag\u00e1tor eura a Green Dealu. (20)<\/li>\n<li>V\u00e1clav Muchna (YSoft): Technologick\u00fd podnikatel z Brna. (20)<\/li>\n<li>Jan Barta &amp; Du\u0161an \u0160enkypl (Pale Fire Capital): Investo\u0159i do internetov\u00fdch projekt\u016f, spojen\u00ed s projektem Hl\u00edda\u010d st\u00e1tu a dal\u0161\u00edmi transparentn\u00edmi iniciativami. (24)<\/li>\n<li>Martin H\u00e1jek (Livesport). (20)<\/li>\n<li>Nadace Zde\u0148ka a Michaely Bakalov\u00fdch: Zm\u00edn\u011bna jako v\u00fdznamn\u00fd d\u00e1rce Aspen Institutu, kde Kol\u00e1\u0159 p\u016fsob\u00ed, a nep\u0159\u00edmo spojen\u00e1 s t\u00edmto okruhem. (24)<\/li>\n<\/ul>\n<p>Tito don\u00e1to\u0159i vid\u011bli v Pavlovi (a Kol\u00e1\u0159ovi jako garantovi) pojistku proti oligarchizaci st\u00e1tu stylem Andreje Babi\u0161e a z\u00e1ruku pro-z\u00e1padn\u00edho sm\u011b\u0159ov\u00e1n\u00ed, kter\u00e9 je pro jejich glob\u00e1ln\u00ed byznys nezbytn\u00e9. Kol\u00e1\u0159 fungoval jako \u201edve\u0159n\u00edk\u201c, kter\u00fd t\u011bmto byznysmen\u016fm zprost\u0159edkoval kontakt s Pavlem a p\u0159esv\u011bd\u010dil je o smysluplnosti investice.<\/p>\n<h3>6. V\u00fdkonn\u00e1 moc bez mand\u00e1tu: Kol\u00e1\u0159ova role na Hrad\u011b<\/h3>\n<p>Po v\u00edt\u011bzstv\u00ed Petra Pavla ve volb\u00e1ch 2023 nastala specifick\u00e1 situace. Petr Kol\u00e1\u0159 se nestal kancl\u00e9\u0159em ani ofici\u00e1ln\u00edm poradcem na pln\u00fd \u00favazek. D\u016fvodem je jeho neochota vzd\u00e1t se lukrativn\u00ed praxe ve Squire Patton Boggs a pravd\u011bpodobn\u011b i obt\u00ed\u017ee, kter\u00e9 by p\u0159ineslo majetkov\u00e9 p\u0159izn\u00e1n\u00ed a bezpe\u010dnostn\u00ed prov\u011brka na stupe\u0148 p\u0159\u00edsn\u011b tajn\u00e9 p\u0159i jeho sou\u010dasn\u00fdch vazb\u00e1ch.<\/p>\n<h4><strong>6.1 \u201eP\u0159\u00edtel po boku\u201c<\/strong><\/h4>\n<p>Kol\u00e1\u0159 si pro sebe definoval roli \u201ep\u0159\u00edtele po boku\u201c a extern\u00edho poradce pro mezin\u00e1rodn\u00ed vztahy a bezpe\u010dnost. (3) Tato pozice je z hlediska transparentnosti demokratick\u00e9ho procesu problematick\u00e1. Kol\u00e1\u0159 m\u00e1 exkluzivn\u00ed p\u0159\u00edstup k prezidentovi (v\u00eddaj\u00ed se cca jednou t\u00fddn\u011b, komunikuj\u00ed neform\u00e1ln\u011b), ovliv\u0148uje jeho program a n\u00e1zory, ale nenese \u017e\u00e1dnou form\u00e1ln\u00ed odpov\u011bdnost.<\/p>\n<p>Hradn\u00ed mluv\u010d\u00ed V\u00edt Kol\u00e1\u0159 (shoda jmen) opakovan\u011b zd\u016fraz\u0148uje, \u017ee Petr Kol\u00e1\u0159 nem\u00e1 s Hradem pracovn\u011bpr\u00e1vn\u00ed vztah. (15) To v\u0161ak paradoxn\u011b zvy\u0161uje riziko: pokud nem\u00e1 smlouvu, nen\u00ed v\u00e1z\u00e1n st\u00e1tn\u00ed slu\u017ebou ani etick\u00fdmi kodexy pro \u00fa\u0159edn\u00edky, a p\u0159itom m\u00e1 vliv srovnateln\u00fd s kancl\u00e9\u0159em.<\/p>\n<h4><strong>6.2 Konflikty uvnit\u0159 Hradu<\/strong><\/h4>\n<p>Kol\u00e1\u0159ova p\u0159\u00edtomnost vyvol\u00e1v\u00e1 pnut\u00ed uvnit\u0159 prezidentsk\u00e9 kancel\u00e1\u0159e. Jeho vliv byl trnem v oku b\u00fdval\u00e9 kancl\u00e9\u0159ce Jan\u011b Vohral\u00edkov\u00e9, kter\u00e1 se sna\u017eila zav\u00e9st standardn\u00ed \u00fa\u0159edn\u00ed postupy a omezit vliv \u201eexternist\u016f\u201c. Kol\u00e1\u0159 v m\u00e9di\u00edch Vohral\u00edkovou kritizoval a jeho \u201ek\u0159\u00eddlo\u201c nakonec v mocensk\u00e9m souboji zv\u00edt\u011bzilo (Vohral\u00edkov\u00e1 rezignovala za\u010d\u00e1tkem roku 2024). (25)<\/p>\n<p><strong>Kol\u00e1\u0159\u016fv vliv se projevuje v person\u00e1ln\u00ed politice (dosazov\u00e1n\u00ed diplomat\u016f) a v zahrani\u010dn\u00edch cest\u00e1ch. Je kl\u00ed\u010dov\u00fdm architektem Pavlovy jest\u0159\u00e1b\u00ed linie v\u016f\u010di Rusku a \u010c\u00edn\u011b a jeho siln\u00e9 podpory Ukrajin\u011b.<\/strong><\/p>\n<h3>7. Kontroverze a limity vlivu: St\u0159et z\u00e1jm\u016f jako syst\u00e9mov\u00fd rys<\/h3>\n<p>Anga\u017em\u00e1 Petra Kol\u00e1\u0159e je prov\u00e1zeno \u0159adou kontroverz\u00ed, kter\u00e9 poukazuj\u00ed na syst\u00e9mov\u00e1 rizika privatizace politick\u00e9ho vlivu.<\/p>\n<h4><strong>7.1 Kauza \u010cVUT: Monetizace p\u0159\u00edstupu?<\/strong><\/h4>\n<p>Jedn\u00edm z nejz\u00e1va\u017en\u011bj\u0161\u00edch skand\u00e1l\u016f je kauza plateb z \u010cesk\u00e9ho vysok\u00e9ho u\u010den\u00ed technick\u00e9ho (\u010cVUT). Investigace zjistily, \u017ee rektor \u010cVUT Vojt\u011bch Petr\u00e1\u010dek vypl\u00e1cel Kol\u00e1\u0159ovi od roku 2022 \u010d\u00e1stky dosahuj\u00edc\u00ed t\u00e9m\u011b\u0159 4 milion\u016f korun (cca 145 000 K\u010d m\u011bs\u00ed\u010dn\u011b). (15)<\/p>\n<p><strong>Problematick\u00e9 aspekty:<\/strong><\/p>\n<ul>\n<li>Absence smluv: \u010c\u00e1st spolupr\u00e1ce prob\u00edhala bez p\u00edsemn\u00fdch smluv nebo byly smlouvy zve\u0159ejn\u011bny v registru se zpo\u017ed\u011bn\u00edm, co\u017e odporuje z\u00e1konu.<\/li>\n<li>Nejasn\u00e9 pln\u011bn\u00ed: Ofici\u00e1ln\u011b \u0161lo o strategick\u00e9 konzultace a poradenstv\u00ed. Kritici z \u0159ad akademick\u00e9ho sen\u00e1tu v\u0161ak tvrd\u00ed, \u017ee neexistuj\u00ed \u017e\u00e1dn\u00e9 hmatateln\u00e9 v\u00fdstupy (anal\u00fdzy, zpr\u00e1vy).<\/li>\n<li>Podez\u0159en\u00ed z kupov\u00e1n\u00ed vlivu: Panuje podez\u0159en\u00ed, \u017ee rektor Petr\u00e1\u010dek si platil Kol\u00e1\u0159e jako prost\u0159edn\u00edka k prezidentu Pavlovi, aby pos\u00edlil svou pozici v r\u00e1mci akademick\u00e9 obce i v\u016f\u010di st\u00e1tu.<\/li>\n<li>D\u016fsledek: Kauza vedla k n\u00e1vrhu na odvol\u00e1n\u00ed rektora Petr\u00e1\u010dka Akademick\u00fdm sen\u00e1tem \u010cVUT v roce 2025.26 Prezident Pavel ozn\u00e1mil p\u0159ipravenost rektora odvolat, jakmile obdr\u017e\u00ed n\u00e1vrh z M\u0160MT, co\u017e stav\u00ed Kol\u00e1\u0159e do delik\u00e1tn\u00ed pozice \u2013 jeho \u201eklient\u201c (rektor) je odvol\u00e1v\u00e1n jeho \u201ep\u0159\u00edtelem\u201c (prezidentem) \u010d\u00e1ste\u010dn\u011b kv\u016fli platb\u00e1m jemu samotn\u00e9mu.<\/li>\n<\/ul>\n<h4><strong>7.2 St\u0159et z\u00e1jm\u016f v energetice a zbrojen\u00ed<\/strong><\/h4>\n<p>Transparency International a dal\u0161\u00ed protikorup\u010dn\u00ed organizace opakovan\u011b upozor\u0148uj\u00ed, \u017ee Kol\u00e1\u0159 \u201esed\u00ed na dvou \u017eidl\u00edch\u201c. (27)<\/p>\n<p>Nelze odd\u011blit radu prezidentovi v oblasti energetick\u00e9 bezpe\u010dnosti od z\u00e1jm\u016f klienta (EPH\/k\u0159et\u00ednsk\u00fd) v t\u00e9\u017ee oblasti.\u00a0<strong>Nelze odd\u011blit podporu \u010desk\u00e9ho zbrojn\u00edho pr\u016fmyslu na Ukrajin\u011b o z\u00e1jm\u016f klienta (Colt CT group).<\/strong><\/p>\n<p>Kol\u00e1\u0159 argumentuje, \u017ee u prezidenta nelobbuje, pouze \u201ep\u0159edkl\u00e1d\u00e1 pohledy\u201c. V praxi je v\u0161ak hranice mezi expertn\u00edm n\u00e1zorem a prosazov\u00e1n\u00edm z\u00e1jmu klienta neviditeln\u00e1.<\/p>\n<h3>8. Ideologick\u00e1 nadstavba: Think-tanky a informa\u010dn\u00ed v\u00e1lka<\/h3>\n<p><strong>Kol\u00e1\u0159\u016fv vliv nen\u00ed zalo\u017een jen na pen\u011bz\u00edch a kontaktech<\/strong>, ale i na siln\u00e9m ideologick\u00e9m z\u00e1zem\u00ed. Je pevnou sou\u010d\u00e1st\u00ed s\u00edt\u011b transatlantick\u00fdch think-tank\u016f, kter\u00e9 formuj\u00ed ve\u0159ejnou debatu.<\/p>\n<p><strong>8.1 Aspen Institute Central Europe<\/strong><\/p>\n<p>Kol\u00e1\u0159 je \u010dlenem dozor\u010d\u00ed rady \u010desk\u00e9 pobo\u010dky Aspen Institutu.11 Tato organizace slou\u017e\u00ed jako kl\u00ed\u010dov\u00e1 platforma pro setk\u00e1v\u00e1n\u00ed politick\u00fdch, byznysov\u00fdch a intelektu\u00e1ln\u00edch elit. Aspen Institute je \u010dasto ozna\u010dov\u00e1n za \u201el\u00edhe\u0148\u201c pro-z\u00e1padn\u00edch l\u00eddr\u016f. Propojen\u00ed Pavla s Aspenem (mnoho jeho poradc\u016f a sponzor\u016f je s Aspenem spojeno) legitimizovalo Pavla v o\u010d\u00edch liber\u00e1ln\u00edch elit.<\/p>\n<h4><strong>8.2 Evropsk\u00e9 hodnoty a Globsec\u00a0<\/strong><\/h4>\n<p>Kol\u00e1\u0159 dlouhodob\u011b podporuje think-tank Evropsk\u00e9 hodnoty (European Values Center for Security Policy), kter\u00fd se zam\u011b\u0159uje na boj proti rusk\u00e9mu a \u010d\u00ednsk\u00e9mu vlivu. Je p\u0159edsedou spr\u00e1vn\u00ed rady iniciativy. (11) Tento think-tank, financovan\u00fd mimo jin\u00e9 ambas\u00e1dami USA, Velk\u00e9 Brit\u00e1nie a nadacemi spojen\u00fdmi s Open Society Foundations (a tak\u00e9 \u010desk\u00fdmi ministerstvy), poskytuje \u201emunici\u201c v podob\u011b anal\u00fdz a medi\u00e1ln\u00edch v\u00fdstup\u016f, kter\u00e9 podporuj\u00ed jest\u0159\u00e1b\u00ed zahrani\u010dn\u00ed politiku. (28)<\/p>\n<p>D\u00e1le je Kol\u00e1\u0159 \u010dlenem mezin\u00e1rodn\u00edho poradn\u00edho sboru organizace GLOBSEC (Bratislava), co\u017e je jedno z nejvlivn\u011bj\u0161\u00edch bezpe\u010dnostn\u00edch f\u00f3r ve st\u0159edn\u00ed Evrop\u011b.30 Skrze tyto platformy Kol\u00e1\u0159 \u0161\u00ed\u0159\u00ed narativ o Praze jako \u201ehlavn\u00edm m\u011bst\u011b svobodn\u00e9ho sv\u011bta\u201c a nutnosti tvrd\u00e9ho postupu v\u016f\u010di autorit\u00e1\u0159sk\u00fdm re\u017eim\u016fm. (32)<\/p>\n<h3>9. Z\u00e1v\u011br: Petr Kol\u00e1\u0159 \u2013 Architekt, Lobbista, St\u00e1tn\u00edk bez mand\u00e1tu<\/h3>\n<p>Hloubkov\u00e1 anal\u00fdza vazeb Petra Kol\u00e1\u0159e odhaluje, \u017ee jeho role v \u010desk\u00e9 politice je mnohem komplexn\u011bj\u0161\u00ed ne\u017e prost\u00e9 ozna\u010den\u00ed \u201eporadce\u201c. Petr Kol\u00e1\u0159 je architektem paraleln\u00ed mocensk\u00e9 struktury, kter\u00e1 dok\u00e1zala v roce 2023 efektivn\u011b p\u0159evz\u00edt nejvy\u0161\u0161\u00ed \u00fastavn\u00ed funkci v zemi.<\/p>\n<p><strong>Jeho s\u00edla pramen\u00ed z unik\u00e1tn\u00ed kombinace t\u0159\u00ed faktor\u016f:<\/strong><\/p>\n<p>1. Institucion\u00e1ln\u00ed pam\u011b\u0165 a kontakty: Znalost mechanism\u016f americk\u00e9 administrativy a osobn\u00ed vazby vybudovan\u00e9 b\u011bhem mise v USA (2005\u20132010).<br \/>\n2. Korpor\u00e1tn\u00ed z\u00e1zem\u00ed: Pozice v Squire Patton Boggs mu d\u00e1v\u00e1 finan\u010dn\u00ed nez\u00e1vislost a p\u0159\u00edstup k nadn\u00e1rodn\u00edmu kapit\u00e1lu (zbroja\u0159i, energetika, tab\u00e1k), kter\u00fd vyu\u017e\u00edv\u00e1 k financov\u00e1n\u00ed politick\u00fdch projekt\u016f.<br \/>\n3. Ideologick\u00e1 konzistence: Jeho neochv\u011bjn\u00fd atlantismus mu zaji\u0161\u0165uje podporu bezpe\u010dnostn\u00ed komunity a z\u00e1padn\u00edch ambas\u00e1d.<\/p>\n<p><strong>\u201eProjekt Pavel\u201c byl Kol\u00e1\u0159ov\u00fdm mistrovsk\u00fdm d\u00edlem<\/strong>\u00a0\u2013 \u00fasp\u011b\u0161nou konverz\u00ed gener\u00e1la NATO na prezidenta republiky za podpory s\u00edt\u011b \u201enov\u00fdch oligarch\u016f\u201c a transatlantick\u00fdch struktur.<\/p>\n<p>Nicm\u00e9n\u011b, tento model nese i sv\u00e1 rizika. Kol\u00e1\u0159ovo p\u016fsoben\u00ed v \u0161ed\u00e9 z\u00f3n\u011b bez form\u00e1ln\u00ed odpov\u011bdnosti, jeho vazby na kontroverzn\u00ed lobbistickou firmu a kauzy typu \u010cVUT podkop\u00e1vaj\u00ed d\u016fv\u011bru v integritu prezidentsk\u00e9ho \u00fa\u0159adu. Petr Kol\u00e1\u0159 tak z\u016fst\u00e1v\u00e1 janusovskou tv\u00e1\u0159\u00ed \u010desk\u00e9 demokracie: pro jedny garantem z\u00e1padn\u00edho sm\u011b\u0159ov\u00e1n\u00ed, pro druh\u00e9 symbolem nevolen\u00fdch elit, kter\u00e9 \u0159\u00edd\u00ed st\u00e1t ze z\u00e1kulis\u00ed ve prosp\u011bch korpor\u00e1tn\u00edch z\u00e1jm\u016f.<\/p>\n<p><em><strong> <a href=\"https:\/\/www.facebook.com\/michal.rusek.7\/posts\/pfbid0zEbvxtV4Xs9S22PdGmEW3ZjS4zMUV38KiTRFXMtBDcccq7vBugm3pw5B8RjWGA8il\" target=\"_blank\" rel=\"noopener\">Michal Rusek<\/a><\/strong><\/em><\/p>\n<p>P\u0159ehled kl\u00ed\u010dov\u00fdch zji\u0161t\u011bn\u00ed (Key Takeaways)<br \/>\nOblast Kl\u00ed\u010dov\u00e1 zji\u0161t\u011bn\u00ed D\u016fkaz\/Zdroj<\/p>\n<p>USA Vazby Velvyslanec 2005-2010, vazby na Albrightovou, Pentagon, neokonzervativce. Radar, Visa Waiver. (1)<br \/>\nLobbistick\u00e1 firma Squire Patton Boggs (SPB). Kol\u00e1\u0159 p\u016fsob\u00ed jako Senior Advisor pro Commercial Diplomacy. Firma s histori\u00ed zastupov\u00e1n\u00ed vl\u00e1d a korporac\u00ed (FARA). (9)<br \/>\nKlienti (via SPB) Colt CZ Group (zbran\u011b), Philip Morris (tab\u00e1k), EPH (energetika), \u010cesk\u00e1 spo\u0159itelna (banky), Allwyn (loterie). (3)<br \/>\nRole u Pavla \u201eP\u0159\u00edtel po boku\u201c, architekt kandidatury, extern\u00ed poradce bez smlouvy. Vliv na zahrani\u010dn\u00ed politiku a person\u00e1lie. (18)<br \/>\nFinancov\u00e1n\u00ed Pavla S\u00ed\u0165 \u201enov\u00fdch oligarch\u016f\u201c: Winkler (RSJ), Barta (PFC), Voh\u00e1nka (Eurowag). Napojen\u00ed na Aspen Institute. (20)<br \/>\nKontroverze Kauza \u010cVUT: platby 4 mil. K\u010d bez jasn\u00e9ho pln\u011bn\u00ed. St\u0159et z\u00e1jm\u016f: Zbroja\u0159sk\u00fd lobbing vs. st\u00e1tn\u00ed podpora Ukrajiny. (15)<br \/>\nIdeologie Atlantismus, protirusk\u00fd postoj, podpora think-tank\u016f Evropsk\u00e9 hodnoty a Globsec. (11)<\/p>\n<h4>ZDROJE: Citovan\u00e1 d\u00edla<\/h4>\n<p>1. Petr Kol\u00e1\u0159 \u2013 Wikipedia, pou\u017eito ledna 27, 2026,\u00a0<a href=\"https:\/\/en.wikipedia.org\/wiki\/Petr_Kol%C3%A1%C5%99\" target=\"_blank\" rel=\"noopener\">https:\/\/en.wikipedia.org\/wiki\/Petr_Kol%C3%A1%C5%99<\/a><br \/>\n2. Anne Applebaum Archives \u2013 Page 2 of 8 \u2013 Democracy Digest, pou\u017eito ledna 27, 2026,\u00a0<a href=\"https:\/\/www.demdigest.org\/tag\/anne-applebaum\/page\/2\/\" target=\"_blank\" rel=\"noopener\">https:\/\/www.demdigest.org\/tag\/anne-applebaum\/page\/2\/<\/a><br \/>\n3. Petr Kol\u00e1\u0159 | Our people \u2013 Squire Patton Boggs, pou\u017eito ledna 27, 2026,\u00a0<a href=\"https:\/\/www.squirepattonboggs.com\/our-people\/petr-kolar\/\" target=\"_blank\" rel=\"noopener\">https:\/\/www.squirepattonboggs.com\/our-people\/petr-kolar\/<\/a><br \/>\n4. Colt CZ Group SE Legal Entity Identifier (LEI): 315700O990GR61YDGF96 6.1% fixed rate notes in the anticipated aggregate nominal \u2013 Komer\u010dn\u00ed banka, pou\u017eito ledna 27, 2026,\u00a0<a href=\"https:\/\/www.kb.cz\/getmedia\/df35c051-8931-46c5-ae20-63d175a9719a\/kb-prospekt-dluhopisu-coltcz-cz0003577546.pdf\" target=\"_blank\" rel=\"noopener\">https:\/\/www.kb.cz\/getmedia\/df35c051-8931-46c5-ae20-63d175a9719a\/kb-prospekt-dluhopisu-coltcz-cz0003577546.pdf<\/a><br \/>\n5. Cablegate: Lukewarm Czech Reaction to Presidential Signing Of | Scoop News, pou\u017eito ledna 27, 2026,\u00a0<a href=\"https:\/\/www.scoop.co.nz\/stories\/WL0708\/S01063\/cablegate-lukewarm-czech-reaction-to-presidential-signing-of.htm\" target=\"_blank\" rel=\"noopener\">https:\/\/www.scoop.co.nz\/stories\/WL0708\/S01063\/cablegate-lukewarm-czech-reaction-to-presidential-signing-of.htm<\/a><br \/>\n6. \u201cLooking back, Russians were laughing at us\u201d: Former ambassador to US and Russia Petr Kol\u00e1\u0159 on Ukraine, NATO, and Czech security | Radio Prague International, pou\u017eito ledna 27, 2026,\u00a0<a href=\"https:\/\/english.radio.cz\/looking-back-russians-were-laughing-us-former-ambassador-us-and-russia-petr-8846776\" target=\"_blank\" rel=\"noopener\">https:\/\/english.radio.cz\/looking-back-russians-were-laughing-us-former-ambassador-us-and-russia-petr-8846776<\/a><br \/>\n7. Sv\u011bt stoj\u00ed nad propast\u00ed. NATO nesta\u010d\u00ed, mus\u00edme demokratick\u00e9 zem\u011b v\u00edc spojit, je p\u0159esv\u011bd\u010den\u00fd Kol\u00e1\u0159 a p\u0159ipravuje konferenci Globsec \u2013 \u010cesk\u00fd rozhlas Plus, pou\u017eito ledna 27, 2026,\u00a0<a href=\"https:\/\/plus.rozhlas.cz\/svet-stoji-nad-propasti-nato-nestaci-musime-demokraticke-zeme-vic-spojit-je-9301733\" target=\"_blank\" rel=\"noopener\">https:\/\/plus.rozhlas.cz\/svet-stoji-nad-propasti-nato-nestaci-musime-demokraticke-zeme-vic-spojit-je-9301733<\/a><br \/>\n8. Petr Kol\u00e1\u0159 \u2013 GLOBSEC Forum 2024, pou\u017eito ledna 27, 2026,\u00a0<a href=\"https:\/\/forum2024.globsec.org\/speakers\/petr-kolar\/\" target=\"_blank\" rel=\"noopener\">https:\/\/forum2024.globsec.org\/speakers\/petr-kolar\/<\/a><br \/>\n9. Squire Patton Boggs \u2013 Wikipedia, pou\u017eito ledna 27, 2026,\u00a0<a href=\"https:\/\/en.wikipedia.org\/wiki\/Squire_Patton_Boggs\" target=\"_blank\" rel=\"noopener\">https:\/\/en.wikipedia.org\/wiki\/Squire_Patton_Boggs<\/a><br \/>\n10. Petr Kol\u00e1\u0159 \u2013 Squire Patton Boggs, pou\u017eito ledna 27, 2026,\u00a0<a href=\"https:\/\/www.squirepattonboggs.com\/our-people\/petr-kolar\/\" target=\"_blank\" rel=\"noopener\">https:\/\/www.squirepattonboggs.com\/our-people\/petr-kolar\/<\/a><br \/>\n11. Petr Kol\u00e1\u0159 \u2013 Kverulant.org, pou\u017eito ledna 27, 2026,\u00a0<a href=\"https:\/\/www.kverulant.org\/wp-content\/uploads\/2024\/02\/petrkolar-SQUIRE.pdf\" target=\"_blank\" rel=\"noopener\">https:\/\/www.kverulant.org\/wp-content\/uploads\/2024\/02\/petrkolar-SQUIRE.pdf<\/a><br \/>\n12. Lenka Zl\u00e1malov\u00e1: Prezident se velmi zaj\u00edm\u00e1 o stavbu jadern\u00fdch blok\u016f. Pro\u010d je d\u016fle\u017eit\u00e9 v\u011bd\u011bt, kdo ho ovliv\u0148uje \u2013 Reflex, pou\u017eito ledna 27, 2026,\u00a0<a href=\"https:\/\/www.reflex.cz\/clanek\/komentare\/123005\/lenka-zlamalova-prezident-se-velmi-zajima-o-stavbu-jadernych-bloku-proc-je-dulezite-vedet-kdo-ho-ovlivnuje.html\" target=\"_blank\" rel=\"noopener\">https:\/\/www.reflex.cz\/clanek\/komentare\/123005\/lenka-zlamalova-prezident-se-velmi-zajima-o-stavbu-jadernych-bloku-proc-je-dulezite-vedet-kdo-ho-ovlivnuje.html<\/a><br \/>\n13. Pavel si na n\u00e1v\u0161t\u011bv\u011b USA prohl\u00e9dl zbrojovku Colt, kter\u00e1 pat\u0159\u00ed \u010desk\u00fdm majitel\u016fm, pou\u017eito ledna 27, 2026,\u00a0<a href=\"https:\/\/defense.tydenikeuro.cz\/pavel-si-na-navsteve-usa-prohledl-zbrojovku-colt-ktera-patri-ceskym-majitelum\/\" target=\"_blank\" rel=\"noopener\">https:\/\/defense.tydenikeuro.cz\/pavel-si-na-navsteve-usa-prohledl-zbrojovku-colt-ktera-patri-ceskym-majitelum\/<\/a><br \/>\n14. We support people with knowledge, experience and vision in areas we consider important for the development of our society. \u2013 Nadace rodiny Hole\u010dkov\u00fdch, pou\u017eito ledna 27, 2026,\u00a0<a href=\"https:\/\/www.holecekfoundation.cz\/en\/\" target=\"_blank\" rel=\"noopener\">https:\/\/www.holecekfoundation.cz\/en\/<\/a><br \/>\n15. Pavel se Kol\u00e1\u0159e i p\u0159es podez\u0159el\u00e9 miliony z \u010cVUT nevzd\u00e1 \u2013 Novinky.cz, pou\u017eito ledna 27, 2026,\u00a0<a href=\"https:\/\/www.novinky.cz\/clanek\/domaci-pavel-se-kolare-i-pres-podezrele-miliony-z-cvut-nevzda-40523353\" target=\"_blank\" rel=\"noopener\">https:\/\/www.novinky.cz\/clanek\/domaci-pavel-se-kolare-i-pres-podezrele-miliony-z-cvut-nevzda-40523353<\/a><br \/>\n16. Petr Kol\u00e1\u0159 inkasoval miliony z \u010cVUT. Rektor Petr\u00e1\u010dek mu za \u201e\u00fastn\u00ed rady\u201c platil ze \u0161koln\u00edch pen\u011bz \u2013 Registr dlu\u017en\u00edk\u016f, pou\u017eito ledna 27, 2026,\u00a0<a href=\"https:\/\/www.centralniregistrdluzniku.cz\/zpravodajstvi\/petr-kolar-inkasoval-miliony-z-cvut-rektor-petracek-mu-za-ustni-rady-platil-ze-skolnich-penez\" target=\"_blank\" rel=\"noopener\">https:\/\/www.centralniregistrdluzniku.cz\/zpravodajstvi\/petr-kolar-inkasoval-miliony-z-cvut-rektor-petracek-mu-za-ustni-rady-platil-ze-skolnich-penez<\/a><br \/>\n17. Czech Initiative Criticized For Costs, Quality, And Delays \u2014 But Keeps Ammo Flowing To Ukraine \u2013 Radio Free Europe, pou\u017eito ledna 27, 2026,\u00a0<a href=\"https:\/\/www.rferl.org\/a\/schemes-investigation-czech-ammo-ukraine\/33406541.html\" target=\"_blank\" rel=\"noopener\">https:\/\/www.rferl.org\/a\/schemes-investigation-czech-ammo-ukraine\/33406541.html<\/a><br \/>\n18. D\u00e9monizovan\u00fd Kol\u00e1\u0159. Kdo je ve skute\u010dnosti mu\u017e po boku nov\u00e9ho prezidenta, pou\u017eito ledna 27, 2026,\u00a0<a href=\"https:\/\/www.seznamzpravy.cz\/clanek\/domaci-politika-demonizovany-kolar-kdo-je-ve-skutecnosti-muz-po-boku-noveho-prezidenta-226959\" target=\"_blank\" rel=\"noopener\">https:\/\/www.seznamzpravy.cz\/clanek\/domaci-politika-demonizovany-kolar-kdo-je-ve-skutecnosti-muz-po-boku-noveho-prezidenta-226959<\/a><br \/>\n19. Prvn\u00ed kroky nov\u00e9ho prezidenta. Kdo bude v t\u00fdmu Petra Pavla? \u2013 Seznam Zpr\u00e1vy, pou\u017eito ledna 27, 2026,\u00a0<a href=\"https:\/\/www.seznamzpravy.cz\/clanek\/volby-prezidentske-prvni-kroky-noveho-prezidenta-kdo-bude-v-tymu-petra-pavla-224418\" target=\"_blank\" rel=\"noopener\">https:\/\/www.seznamzpravy.cz\/clanek\/volby-prezidentske-prvni-kroky-noveho-prezidenta-kdo-bude-v-tymu-petra-pavla-224418<\/a><br \/>\n20. Gener\u00e1l Pavel a rektorka Nerudov\u00e1 u\u017e skl\u00e1daj\u00ed prezidentsk\u00e9 t\u00fdmy a sh\u00e1n\u011bj\u00ed pen\u00edze \u2013 E15, pou\u017eito ledna 27, 2026,\u00a0<a href=\"https:\/\/www.e15.cz\/domaci\/general-pavel-a-rektorka-nerudova-uz-skladaji-prezidentske-tymy-a-shaneji-penize-1384977\" target=\"_blank\" rel=\"noopener\">https:\/\/www.e15.cz\/domaci\/general-pavel-a-rektorka-nerudova-uz-skladaji-prezidentske-tymy-a-shaneji-penize-1384977<\/a><br \/>\n21. Josef St\u0159edula \u201e(\u2026) Petra Pavla, kter\u00fd tak\u00e9 zalo\u017eil spolek\u2026\u201c \u2013 Demagog.cz, pou\u017eito ledna 27, 2026,\u00a0<a href=\"https:\/\/demagog.cz\/vyrok\/22275\" target=\"_blank\" rel=\"noopener\">https:\/\/demagog.cz\/vyrok\/22275<\/a><br \/>\n22. Tajn\u00e1 mise gener\u00e1la Pavla. Vede kampa\u0148, o kter\u00e9 se nesm\u00ed mluvit \u2013 Seznam Zpr\u00e1vy, pou\u017eito ledna 27, 2026,\u00a0<a href=\"https:\/\/www.seznamzpravy.cz\/clanek\/tajna-mise-generala-pavla-vede-kampan-o-ktere-se-nesmi-mluvit-172025\" target=\"_blank\" rel=\"noopener\">https:\/\/www.seznamzpravy.cz\/clanek\/tajna-mise-generala-pavla-vede-kampan-o-ktere-se-nesmi-mluvit-172025<\/a><br \/>\n23. Tito lid\u00e9 dostali Pavla na Hrad. Bude komunikovat \u00fapln\u011b jinak, \u0159\u00edkaj\u00ed \u2013 Seznam Zpr\u00e1vy, pou\u017eito ledna 27, 2026,\u00a0<a href=\"https:\/\/www.seznamzpravy.cz\/clanek\/volby-prezidentske-tito-lide-dostali-pavla-na-hrad-bude-komunikovat-uplne-jinak-rikaji-224860\" target=\"_blank\" rel=\"noopener\">https:\/\/www.seznamzpravy.cz\/clanek\/volby-prezidentske-tito-lide-dostali-pavla-na-hrad-bude-komunikovat-uplne-jinak-rikaji-224860<\/a><br \/>\n24. Za institutem nov\u00e9ho kancl\u00e9\u0159e Va\u0161iny stoj\u00ed Pavlovi sponzo\u0159i \u2013 Novinky.cz, pou\u017eito ledna 27, 2026,\u00a0<a href=\"https:\/\/www.novinky.cz\/clanek\/domaci-za-institutem-noveho-kanclere-vasiny-stoji-pavlovi-sponzori-40458673\" target=\"_blank\" rel=\"noopener\">https:\/\/www.novinky.cz\/clanek\/domaci-za-institutem-noveho-kanclere-vasiny-stoji-pavlovi-sponzori-40458673<\/a><br \/>\n25. Kol\u00e1\u0159 uzav\u0159el smlouvu s Hradem a\u017e dva m\u011bs\u00edce po n\u00e1stupu Pavla, kontrakt vypr\u0161\u00ed letos, pou\u017eito ledna 27, 2026,\u00a0<a href=\"https:\/\/zpravy.aktualne.cz\/domaci\/kolar-prezident-pavel\/r~cbfbf03c680811eeba5b0cc47ab5f122\/\" target=\"_blank\" rel=\"noopener\">https:\/\/zpravy.aktualne.cz\/domaci\/kolar-prezident-pavel\/r~cbfbf03c680811eeba5b0cc47ab5f122\/<\/a><br \/>\n26. Rektor \u010cVUT si platil jako poradce prezidentova p\u0159\u00edtele Petra Kol\u00e1\u0159e. Te\u010f mu hroz\u00ed odvol\u00e1n\u00ed, pou\u017eito ledna 27, 2026,\u00a0<a href=\"https:\/\/www.echo24.cz\/a\/H2MX8\/zpravy-domov-rektor-cvut-platil-miliony-kolarovi-za-pristup-k-prazskemu-hradu-ted-mu-hrozi-odvolani\" target=\"_blank\" rel=\"noopener\">https:\/\/www.echo24.cz\/a\/H2MX8\/zpravy-domov-rektor-cvut-platil-miliony-kolarovi-za-pristup-k-prazskemu-hradu-ted-mu-hrozi-odvolani<\/a><br \/>\n27. Kol\u00e1\u0159 sed\u00ed na dvou \u017eidl\u00edch, je ve st\u0159etu z\u00e1jm\u016f, tvrd\u00ed Transparency | e15.cz, pou\u017eito ledna 27, 2026,\u00a0<a href=\"https:\/\/www.e15.cz\/domaci\/kolar-sedi-na-dvou-zidlich-nevime-jake-vztahy-maji-pres-nej-primou-linku-na-hrad-tvrdi-transparency-1413851\" target=\"_blank\" rel=\"noopener\">https:\/\/www.e15.cz\/domaci\/kolar-sedi-na-dvou-zidlich-nevime-jake-vztahy-maji-pres-nej-primou-linku-na-hrad-tvrdi-transparency-1413851<\/a><br \/>\n28. European Values (think tank) \u2013 Wikipedia, pou\u017eito ledna 27, 2026,\u00a0<a href=\"https:\/\/en.wikipedia.org\/wiki\/European_Values_(think_tank)\" target=\"_blank\" rel=\"noopener\">https:\/\/en.wikipedia.org\/wiki\/European_Values_(think_tank)<\/a><br \/>\n29. ANNUAL REPORT 2023 \u2013 European Values Center for Security Policy, pou\u017eito ledna 27, 2026,\u00a0<a href=\"https:\/\/europeanvalues.cz\/wp-content\/uploads\/2025\/11\/EN_European_Values_Center_for_Security_Policy-Annual_Report_2023.pdf\" target=\"_blank\" rel=\"noopener\">https:\/\/europeanvalues.cz\/wp-content\/uploads\/2025\/11\/EN_European_Values_Center_for_Security_Policy-Annual_Report_2023.pdf<\/a><br \/>\n30. Petr Kol\u00e1\u0159 | GLOBSEC \u2013 A Global Think Tank: Ideas Shaping the World, pou\u017eito ledna 27, 2026,\u00a0<a href=\"https:\/\/www.globsec.org\/who-we-are\/our-people\/petr-kolar\" target=\"_blank\" rel=\"noopener\">https:\/\/www.globsec.org\/who-we-are\/our-people\/petr-kolar<\/a><br \/>\n31. GLOBSEC strengthens its International Advisory Council with new members: Aivis Ronis, Anna Eliasson Schamis, and Petr Kol\u00e1\u0159, pou\u017eito ledna 27, 2026,\u00a0<a href=\"https:\/\/www.globsec.org\/what-we-do\/press-releases\/globsec-strengthens-its-international-advisory-council-new-members-aivis\" target=\"_blank\" rel=\"noopener\">https:\/\/www.globsec.org\/what-we-do\/press-releases\/globsec-strengthens-its-international-advisory-council-new-members-aivis<\/a><br \/>\n32. Dostal Pavla na Hrad a m\u00e1 nov\u00fd pl\u00e1n. Praha m\u016f\u017ee b\u00fdt hlavn\u00edm m\u011bstem svobodn\u00e9ho sv\u011bta, \u0159\u00edk\u00e1 Petr Kol\u00e1\u0159 \u2013 CzechCrunch, pou\u017eito ledna 27, 2026,\u00a0<a href=\"https:\/\/cc.cz\/dostal-pavla-na-hrad-a-ma-novy-plan-praha-muze-byt-hlavnim-mestem-svobodneho-sveta-rika-petr-kolar\/\" target=\"_blank\" rel=\"noopener\">https:\/\/cc.cz\/dostal-pavla-na-hrad-a-ma-novy-plan-praha-muze-byt-hlavnim-mestem-svobodneho-sveta-rika-petr-kolar\/<\/a><\/p>\n<p>&nbsp;<\/p>\n","protected":false},"excerpt":{"rendered":"<p>Petr Kol\u00e1\u0159\u00a0reprezentuje v \u010desk\u00e9m kontextu unik\u00e1tn\u00ed archetyp \u201epower brokera\u201c \u2013 zprost\u0159edkovatele moci, kter\u00fd operuje na&#8230;<\/p>\n","protected":false},"author":2,"featured_media":98257,"comment_status":"closed","ping_status":"closed","sticky":false,"template":"","format":"standard","meta":[],"categories":[6],"tags":[1042,4297,1173],"_links":{"self":[{"href":"https:\/\/www.infokuryr.cz\/n\/wp-json\/wp\/v2\/posts\/98256"}],"collection":[{"href":"https:\/\/www.infokuryr.cz\/n\/wp-json\/wp\/v2\/posts"}],"about":[{"href":"https:\/\/www.infokuryr.cz\/n\/wp-json\/wp\/v2\/types\/post"}],"author":[{"embeddable":true,"href":"https:\/\/www.infokuryr.cz\/n\/wp-json\/wp\/v2\/users\/2"}],"replies":[{"embeddable":true,"href":"https:\/\/www.infokuryr.cz\/n\/wp-json\/wp\/v2\/comments?post=98256"}],"version-history":[{"count":0,"href":"https:\/\/www.infokuryr.cz\/n\/wp-json\/wp\/v2\/posts\/98256\/revisions"}],"wp:featuredmedia":[{"embeddable":true,"href":"https:\/\/www.infokuryr.cz\/n\/wp-json\/wp\/v2\/media\/98257"}],"wp:attachment":[{"href":"https:\/\/www.infokuryr.cz\/n\/wp-json\/wp\/v2\/media?parent=98256"}],"wp:term":[{"taxonomy":"category","embeddable":true,"href":"https:\/\/www.infokuryr.cz\/n\/wp-json\/wp\/v2\/categories?post=98256"},{"taxonomy":"post_tag","embeddable":true,"href":"https:\/\/www.infokuryr.cz\/n\/wp-json\/wp\/v2\/tags?post=98256"}],"curies":[{"name":"wp","href":"https:\/\/api.w.org\/{rel}","templated":true}]}}