{"id":9825,"date":"2022-04-21T02:30:56","date_gmt":"2022-04-21T00:30:56","guid":{"rendered":"http:\/\/www.infokuryr.cz\/n\/?p=9825"},"modified":"2022-04-20T18:43:45","modified_gmt":"2022-04-20T16:43:45","slug":"ceska-vlada-spustila-web-na-kterem-vyzyva-k-udavani-obcanu-s-jinymi-nazory-nez-ktere-zastava-vlada","status":"publish","type":"post","link":"https:\/\/www.infokuryr.cz\/n\/2022\/04\/21\/ceska-vlada-spustila-web-na-kterem-vyzyva-k-udavani-obcanu-s-jinymi-nazory-nez-ktere-zastava-vlada\/","title":{"rendered":"\u010cesk\u00e1 vl\u00e1da spustila web, na kter\u00e9m vyz\u00fdv\u00e1 k ud\u00e1v\u00e1n\u00ed ob\u010dan\u016f s jin\u00fdmi n\u00e1zory, ne\u017e kter\u00e9 zast\u00e1v\u00e1 vl\u00e1da!"},"content":{"rendered":"<div id=\"fb-root\"><\/div>\n<h4>\u010cesk\u00e1 vl\u00e1da spustila web, na kter\u00e9m vyz\u00fdv\u00e1 k ud\u00e1v\u00e1n\u00ed ob\u010dan\u016f s jin\u00fdmi n\u00e1zory, ne\u017e kter\u00e9 zast\u00e1v\u00e1 vl\u00e1da! Na tituln\u00ed str\u00e1nce webu je p\u0159itom le\u017e a dezinformace o tom, kdy naposledy za\u00fato\u010dil evropsk\u00fd st\u00e1t proti jin\u00e9mu! A ne, nebylo to naposledy v roce 1939! Nacifikace v \u010cR se prohlubuje a lid\u00e9 jsou vystaveni dezinformac\u00edm Fialovy vl\u00e1dy o tom, \u017ee v\u00e1lku na Ukrajin\u011b za\u010dalo Rusko v \u00fanoru tohoto roku, ale to je le\u017e! A u\u017e v\u00edme, pro\u010d Fialova vl\u00e1da nechala zablokovat Aeronet a k tomu dal\u0161\u00edch 7 web\u016f jako mask\u00edrovku! Bylo to kv\u016fli v\u00fdbu\u0161n\u00e9mu investigativn\u00edmu \u010dl\u00e1nku z ledna o gigantick\u00e9m st\u0159etu z\u00e1jm\u016f premi\u00e9ra!<\/h4>\n<p>Na\u0161e redakce byla v posledn\u00edch hodin\u00e1ch zaplavena stovkami email\u016f od \u010dten\u00e1\u0159\u016f, abychom informovali o nov\u00e9m dezinforma\u010dn\u00edm webu \u010desk\u00e9 vl\u00e1dy, kter\u00fd provozuje p\u0159\u00edmo \u00da\u0159ad vl\u00e1dy \u010cR na sv\u00fdch serverech a na webu vl\u00e1da \u010cR krom\u011b jin\u00e9ho vyz\u00fdv\u00e1 k ud\u00e1v\u00e1n\u00ed \u010desk\u00fdch ob\u010dan\u016f, kte\u0159\u00ed maj\u00ed na v\u011bc konfliktu na Ukrajin\u011b jin\u00fd n\u00e1zor ne\u017e je ten, kter\u00fd ofici\u00e1ln\u011b zast\u00e1v\u00e1 vl\u00e1da \u010cR.<\/p>\n<p>Ob\u010dan\u00e9 pr\u00fd maj\u00ed zji\u0161t\u011bn\u00e9 v\u00fdroky nesouhlasu s postojem vl\u00e1dy \u010cR k Ukrajin\u011b nahla\u0161ovat standardn\u00edmi postupy, co\u017e nen\u00ed jasn\u00e9, co se t\u00edm mysl\u00ed, anebo maj\u00ed rovnou policii nahla\u0161ovat trestn\u00e9 \u010diny ve spojitosti s vyj\u00e1d\u0159en\u00edm jin\u00e9ho n\u00e1zoru, ne\u017e m\u00e1 vl\u00e1da \u010cR.\u00a0<strong>\u010cesk\u00e1 vl\u00e1da se tak nechala inspirovat \u0159\u00ed\u0161sk\u00fdm v\u00fdnosem ze z\u00e1\u0159\u00ed 1939, kter\u00fdm se na \u00fazem\u00ed Protektor\u00e1tu \u010cechy a Morava zavedla tzv. oznamovac\u00ed povinnost<\/strong>, kdy ob\u010dan\u00e9 Protektor\u00e1tu m\u011bli \u00fa\u0159adovn\u00e1m Gestapa oznamovat, pokud se n\u011bkdo slovem nebo p\u00edsmem vyj\u00e1d\u0159il proti \u0158\u00ed\u0161i nebo Protektor\u00e1tu, nebo proti v\u00e1le\u010dn\u00e9mu \u00fasil\u00ed \u0158\u00ed\u0161e v pr\u00e1v\u011b odstartovan\u00e9 II. sv. v\u00e1lce.<\/p>\n<figure id=\"attachment_51379\" class=\"wp-caption aligncenter\"><a href=\"https:\/\/aeronet.news\/wp-content\/uploads\/branmecesko-cz-Listing.jpg\"><img decoding=\"async\" loading=\"lazy\" class=\"wp-image-51379 size-full\" src=\"https:\/\/aeronet.news\/wp-content\/uploads\/branmecesko-cz-Listing.jpg\" sizes=\"(max-width: 700px) 100vw, 700px\" srcset=\"https:\/\/aeronet.news\/wp-content\/uploads\/branmecesko-cz-Listing.jpg 700w, https:\/\/aeronet.news\/wp-content\/uploads\/branmecesko-cz-Listing-300x246.jpg 300w, https:\/\/aeronet.news\/wp-content\/uploads\/branmecesko-cz-Listing-435x357.jpg 435w, https:\/\/aeronet.news\/wp-content\/uploads\/branmecesko-cz-Listing-588x483.jpg 588w\" alt=\"\" width=\"700\" height=\"575\" \/><\/a><figcaption class=\"wp-caption-text\">V\u00fdpis z registru dom\u00e9n<\/figcaption><\/figure>\n<p>Webov\u00e9 str\u00e1nky se jmenuj\u00ed\u00a0<em>Bra\u0148me \u010cesko<\/em>\u00a0na dom\u00e9n\u011b branmecesko.cz\u00a0<strong>[<a href=\"https:\/\/href.li\/?https:\/\/branmecesko.cz\/\" target=\"_blank\" rel=\"nofollow noopener\">1<\/a>]<\/strong>\u00a0a podle registru CZ.NIC je provozovatelem \u00da\u0159ad vl\u00e1dy \u010cesk\u00e9 republiky a jako administrativn\u00ed kontakty jsou tam uvedeni Vladim\u00edr Kohout, Pavel Kormunda a Tom\u00e1\u0161 Ku\u010dera. Webov\u00e1 str\u00e1nka hned po na\u010dten\u00ed na v\u00e1s \u00fapln\u011b v prvn\u00ed v\u011bt\u011b vybal\u00ed nehor\u00e1znou le\u017e a dezinformaci o tom, \u017ee\u2026 \u201c<em><strong>Poprv\u00e9 od roku 1939 jeden evropsk\u00fd st\u00e1t napadl druh\u00fd, Evropa je sv\u011bdkem bezprecedentn\u00ed rusk\u00e9 agrese.<\/strong><\/em>\u201d A to je le\u017e!<\/p>\n<p>Opravdu nev\u00edme v redakci, jestli Petr Fiala psal tento text s\u00e1m, anebo mu ho psal ministr vnitra V\u00edt Raku\u0161an, anebo jde o pr\u00e1ci n\u011bjak\u00e9ho zam\u011bstnance vl\u00e1dn\u00ed \u010di nevl\u00e1dn\u00ed neziskovky, ale faktem je, \u017ee tato prvn\u00ed v\u011bta na webu, kterou si p\u0159e\u010dtete, je nehor\u00e1zn\u00e1 le\u017e. Je to le\u017e \u010dist\u011b \u00fa\u010delov\u00e1, proto\u017ee je m\u00ed\u0159ena na konceptu\u00e1ln\u011b tup\u00e9 voli\u010de P\u011btikoalice. \u010cesk\u00e1 vl\u00e1da toti\u017e pova\u017euje ob\u010dany za idioty, kte\u0159\u00ed maj\u00ed tak kr\u00e1tkou pam\u011b\u0165, \u017ee si nepamatuj\u00ed na dobu v Evrop\u011b jen ned\u00e1vno minulou.<\/p>\n<h6><span style=\"font-size: 18pt;\">N\u011bmecko a \u0160pan\u011blsko za\u00fato\u010dily pod vlajkou NATO v roce 1999 na Srbsko!<\/span><\/h6>\n<p>Naposledy, kdy\u017e jedna nebo v\u00edce evropsk\u00fdch zem\u00ed za\u00fato\u010dilo proti jin\u00e9 evropsk\u00e9 zemi, to opravdu nebylo naposledy v roce 1939.\u00a0<strong>Naposledy to bylo a\u017e o 60 let pozd\u011bji, 24. b\u0159ezna 1999, kdy\u017e spojeneck\u00e1 letadla evropsk\u00fdch spojenc\u016f NATO spolu s s letadly USA bezd\u016fvodn\u011b napadla Srbsko<\/strong>\u00a0a na B\u011blehrad a cel\u00e9 Srbsko dopadlo p\u0159es 11 000 leteck\u00fdch pum a raket s plochou dr\u00e1hou letu. A v t\u00e9 dob\u011b p\u0159\u00edmo tehdy \u010desk\u00fd prezident, V\u00e1clav Havel, ozna\u010dil tuto agresi za \u201c<strong>humanit\u00e1rn\u00ed bombardov\u00e1n\u00ed<\/strong>\u201d a paradoxn\u011b ho tehdy za toto schvalov\u00e1n\u00ed v\u00e1lky a \u00fatoku na Srbsko \u017e\u00e1dn\u00fd st\u00e1tn\u00ed z\u00e1stupce v \u010cR nest\u00edhal. A jak\u00e9 evropsk\u00e9 st\u00e1ty tehdy napadly Srbsko?<\/p>\n<figure id=\"attachment_51380\" class=\"wp-caption aligncenter\" style=\"width: 694px;\"><a href=\"https:\/\/aeronet.news\/wp-content\/uploads\/BranmeCeskoText700.jpg\"><img decoding=\"async\" loading=\"lazy\" class=\"wp-image-51380 \" src=\"https:\/\/aeronet.news\/wp-content\/uploads\/BranmeCeskoText700.jpg\" sizes=\"(max-width: 700px) 100vw, 700px\" srcset=\"https:\/\/aeronet.news\/wp-content\/uploads\/BranmeCeskoText700.jpg 700w, https:\/\/aeronet.news\/wp-content\/uploads\/BranmeCeskoText700-300x145.jpg 300w\" alt=\"\" width=\"694\" height=\"335\" \/><\/a><figcaption class=\"wp-caption-text\">L\u017eiv\u00e9 texty z vl\u00e1dn\u00edho webu<\/figcaption><\/figure>\n<p>&nbsp;<\/p>\n<p>Tak v prvn\u00ed \u0159ad\u011b pro n\u011bmeckou Luftwaffe to byla prvn\u00ed a hned nejv\u011bt\u0161\u00ed leteck\u00e1 \u00fato\u010dn\u00e1 operace od konce II. sv. v\u00e1lky. Bylo to v\u016fbec poprv\u00e9 od roku 1945, kdy n\u011bmeck\u00e9 letectvo za\u00fato\u010dilo na jinou zemi. Bombardovac\u00ed operaci spolu s Ameri\u010dany zahajovalo na B\u011blehrad d\u00e1le \u0161pan\u011blsk\u00e9 letectvo, kter\u00e9 \u00fato\u010dilo na B\u011blehrad a na vybran\u00e9 objekty. \u00datok na Srbsko ze strany evropsk\u00fdch \u010dlen\u016f NATO byl proto bezprecedentn\u00ed \u00fatok evropsk\u00fdch zem\u00ed proti jin\u00e9 zemi v Evrop\u011b.<\/p>\n<p>Kdybychom \u0161li d\u00e1le do minulosti a hledali dal\u0161\u00ed p\u0159\u00edklad agrese, kdy jedna evropsk\u00e1 zem\u011b napadla jinou, tak znovu bychom nemuseli j\u00edt a\u017e do roku 1939. V\u016fbec ne.\u00a0<strong>Tak t\u0159eba 20. \u010dervence 1974 provedlo Turecko invazi na Kypr.<\/strong>\u00a0Ostrov byl tehdy z v\u00edce jak 80% ob\u00fdv\u00e1n \u0158eky, ale na Kypru prob\u011bhl st\u00e1tn\u00ed p\u0159evrat ve prosp\u011bch \u0158ek\u016f a Ankara si to nenechala l\u00edbit a provedla invazi. Jak se zd\u00e1, vl\u00e1da Petra Fialy je zjevn\u011b velice slab\u00e1 v historii, anebo maj\u00ed v P\u011btikoalici velice kr\u00e1tkou pam\u011b\u0165. Ale pozor, l\u017eiv\u00e1 a pokryteck\u00e1 nen\u00ed jen prvn\u00ed v\u011bta webu.<\/p>\n<h6><span style=\"font-size: 18pt;\">Rusko m\u011blo zcela jasn\u00fd d\u016fvod pro vtrhnut\u00ed na Ukrajinu, byla to 8 let trvaj\u00edc\u00ed genocida obyvatel Donbasu ze strany zakopan\u00e9 ukrajinsk\u00e9 arm\u00e1dy<\/span><\/h6>\n<p>Druh\u00e1 v\u011bta na vl\u00e1dn\u00edm webu zn\u00ed takto: \u201c<em><strong>Rusko bezd\u016fvodn\u011b a bez vyhl\u00e1\u0161en\u00ed v\u00e1lky napadlo sousedn\u00ed Ukrajinu. Tuto agresi nesm\u00edme tolerovat a nesm\u00edme ji pom\u00e1hat.<\/strong><\/em>\u201d Na\u0161e redakce by se r\u00e1da zeptala Petra Fialy a jeho kump\u00e1n\u016f z P\u011btikoalice, jestli t\u00edm \u201c<em>bezd\u016fvodn\u011b<\/em>\u201d mysl\u00ed i t\u011bch 14 000 zavra\u017ed\u011bn\u00fdch ob\u010dan\u016f Ukrajiny, kter\u00e9 od roku 2014 na Donbasu povra\u017edila a pozab\u00edjela ukrajinsk\u00e1 arm\u00e1da jenom kv\u016fli tomu, \u017ee ti ob\u010dan\u00e9 mluvili rusky a nav\u00edc nesouhlasili se st\u00e1tn\u00edm p\u0159evratem, ke kter\u00e9mu na Ukrajin\u011b do\u0161lo po\u010d\u00e1tkem roku 2014 v Kyjev\u011b? Rusko p\u0159ihl\u00ed\u017eelo 8 let vra\u017ed\u011bn\u00ed ukrajinsk\u00fdch ob\u010dan\u016f ze strany ukrajinsk\u00e9 arm\u00e1dy na Donbasu, ale spole\u010dn\u011b s Ruskem p\u0159ihl\u00ed\u017eela i Evropsk\u00e1 unie, USA a rovn\u011b\u017e \u010desk\u00e9 vl\u00e1dy.<\/p>\n<figure id=\"attachment_51376\" class=\"wp-caption aligncenter\" style=\"width: 687px;\"><a href=\"https:\/\/aeronet.news\/wp-content\/uploads\/BranmeReport.jpg\"><img decoding=\"async\" loading=\"lazy\" class=\"wp-image-51376 \" src=\"https:\/\/aeronet.news\/wp-content\/uploads\/BranmeReport-1024x571.jpg\" sizes=\"(max-width: 700px) 100vw, 700px\" srcset=\"https:\/\/aeronet.news\/wp-content\/uploads\/BranmeReport-1024x571.jpg 1024w, https:\/\/aeronet.news\/wp-content\/uploads\/BranmeReport-300x167.jpg 300w, https:\/\/aeronet.news\/wp-content\/uploads\/BranmeReport-768x428.jpg 768w, https:\/\/aeronet.news\/wp-content\/uploads\/BranmeReport-700x390.jpg 700w, https:\/\/aeronet.news\/wp-content\/uploads\/BranmeReport-640x357.jpg 640w, https:\/\/aeronet.news\/wp-content\/uploads\/BranmeReport-866x483.jpg 866w, https:\/\/aeronet.news\/wp-content\/uploads\/BranmeReport.jpg 1280w\" alt=\"\" width=\"687\" height=\"383\" \/><\/a><figcaption class=\"wp-caption-text\">V\u00fdzva na vl\u00e1dn\u00edm webu k ud\u00e1v\u00e1n\u00ed spoluob\u010dan\u016f s jin\u00fdm ne\u017e vl\u00e1dn\u00edm pohledem na ot\u00e1zku konfliktu na Ukrajin\u011b<\/figcaption><\/figure>\n<p>A po 14 000 zavra\u017ed\u011bn\u00fdch ob\u010danech Ukrajiny na Donbasu, kte\u0159\u00ed byli zabiti ukrajinskou arm\u00e1dou jen kv\u016fli sv\u00e9mu etnick\u00e9mu rusk\u00e9mu p\u016fvodu a nesouhlasu s pu\u010dem na Majdanu, se Rusko zjevn\u011b rozhodlo u\u010dinit t\u00e9to genocid\u011b na Donbasu p\u0159\u00edtr\u017e.\u00a0<strong>Rusko rozhodn\u011b m\u011blo d\u016fvod vtrhnout na Ukrajinu, byl to pro Rusy d\u016fvod humanit\u00e1rn\u00ed, tentokr\u00e1t doopravdy a ne \u201c<em>na Havla<\/em>\u201c, a to s c\u00edlem ukon\u010dit vra\u017ed\u011bn\u00ed obyvatelstva na Donbasu ze strany tam zakopan\u00e9 ukrajinsk\u00e9 arm\u00e1dy.<\/strong>\u00a0Tak\u017ee i tato v\u011bta na webu \u010desk\u00e9 vl\u00e1dy o bezd\u016fvodn\u00e9m napaden\u00ed Ukrajiny je l\u017eiv\u00e1 a nepravdiv\u00e1. Rusov\u00e9 m\u011bli d\u016fvod. A to zcela zjevn\u00fd.<\/p>\n<p>Pokud jde ale o bezd\u016fvodn\u00e9 v\u00e1lky, tak takov\u00fdch bychom jinde ale na\u0161li dost a na mnoha z nich se pod\u00edlela i \u010desk\u00e1 arm\u00e1da v r\u00e1mci expedi\u010dn\u00edch mis\u00ed, pane Fialo! Co t\u0159eba takov\u00e1\u00a0<strong>nevyprovokovan\u00e1 a bezd\u016fvodn\u00e1 v\u00e1lka NATO a USA v Ir\u00e1ku na z\u00e1klad\u011b vylhan\u00e9 dezinformace americk\u00e9 CIA o zbran\u00edch hromadn\u00e9ho ni\u010den\u00ed v roce 2003?<\/strong>\u00a0Ano, od t\u00e9 sam\u00e9 CIA, od jej\u00ed\u017e \u0159editelky Giny Haspel dostal Michal Koudelka jako \u0161\u00e9f \u010desk\u00e9 BIS Tenetovu cenu za kolaboraci, rozum\u011bj spolupr\u00e1ci se CIA. Anebo okupace Afgh\u00e1nist\u00e1nu ze strany NATO a USA? A nen\u00ed divu, \u017ee to byla pr\u00e1v\u011b vl\u00e1da Petra Fialy, kter\u00e1 op\u011bt jmenovala Michala Koudelku do \u010dela BIS na dal\u0161\u00ed funk\u010dn\u00ed obdob\u00ed.<\/p>\n<h6><span style=\"font-size: 18pt;\">Fialova vl\u00e1da cht\u011bla blokac\u00ed \u201csundat\u201d Aeronet kv\u016fli v\u00fdbu\u0161n\u00e9mu \u010dl\u00e1nku z ledna o st\u0159etu z\u00e1jm\u016f premi\u00e9ra v neziskovce, kter\u00e1 \u010derp\u00e1 vl\u00e1dn\u00ed dotace v des\u00edtk\u00e1ch milion\u016f korun<\/span><\/h6>\n<p>A co t\u0159eba nevyprovokovan\u00fd \u00fatok NATO a n\u00e1sledn\u011b USA proti Libyi b\u011bhem tzv. Arabsk\u00e9ho jara? Zat\u00edmco \u010desk\u00e9 vl\u00e1dy se zlo\u010dinn\u011b pod\u00edl\u00ed na agresivn\u00edch v\u00e1lk\u00e1ch u\u017e p\u0159es 2 dek\u00e1dy od vstupu do NATO, na okupac\u00edch v dalek\u00fdch zem\u00edch, na nevyprovokovan\u00fdch bombardov\u00e1n\u00edch pod hlavi\u010dkou NATO, tak mezit\u00edm \u010desk\u00e1 vl\u00e1da spou\u0161t\u00ed kvazi-gestap\u00e1ck\u00e9 weby na ud\u00e1v\u00e1n\u00ed obyvatel za jin\u00fd n\u00e1zor, za nesouhlas s agresivn\u00ed \u010di naopak serviln\u00ed politikou \u010desk\u00e9 vl\u00e1dy.<\/p>\n<p>A vrcholem je potom drzost, kdy p\u0159\u00edmo vl\u00e1dn\u00ed web drze l\u017ee o historick\u00fdch faktech, kdy a kter\u00e9 evropsk\u00e9 zem\u011b naposledy za\u00fato\u010dily proti jin\u00e9. V redakci n\u00e1s chov\u00e1n\u00ed \u010desk\u00e9 vl\u00e1dy nep\u0159ekvapuje, a to zejm\u00e9na ne po dne\u0161ku, kdy jsme se kone\u010dn\u011b od whistleblowera p\u0159\u00edmo z okol\u00ed \u010desk\u00e9 vl\u00e1dy dozv\u011bd\u011bli, pro\u010d dala vl\u00e1da Petra Fialy pokyn k zablokov\u00e1n\u00ed 8 \u010desk\u00fdch web\u016f. Nebylo to kv\u016fli Ukrajin\u011b, to byla z\u00e1minka. Hlavn\u00edm impulzem byla odveta vl\u00e1dy za to, \u017ee\u00a0<strong>n\u00e1\u0161 web v lednu p\u0159inesl investigativn\u00ed \u010dl\u00e1nek o st\u0159etu z\u00e1jm\u016f \u010desk\u00e9ho premi\u00e9ra Petra Fialy a jeho napojen\u00ed na neziskovku, kter\u00e1 \u010derpala od \u010desk\u00e9ho st\u00e1tu des\u00edtky milion\u016f korun.<\/strong><\/p>\n<figure id=\"attachment_49989\" class=\"wp-caption aligncenter\" style=\"width: 702px;\"><a href=\"https:\/\/aeronet.news\/wp-content\/uploads\/AresFiala.jpg\"><img decoding=\"async\" loading=\"lazy\" class=\"wp-image-49989 \" src=\"https:\/\/aeronet.news\/wp-content\/uploads\/AresFiala.jpg\" sizes=\"(max-width: 706px) 100vw, 706px\" srcset=\"https:\/\/aeronet.news\/wp-content\/uploads\/AresFiala.jpg 706w, https:\/\/aeronet.news\/wp-content\/uploads\/AresFiala-123x300.jpg 123w, https:\/\/aeronet.news\/wp-content\/uploads\/AresFiala-420x1024.jpg 420w, https:\/\/aeronet.news\/wp-content\/uploads\/AresFiala-700x1707.jpg 700w, https:\/\/aeronet.news\/wp-content\/uploads\/AresFiala-146x357.jpg 146w, https:\/\/aeronet.news\/wp-content\/uploads\/AresFiala-198x483.jpg 198w\" alt=\"\" width=\"702\" height=\"1712\" \/><\/a><figcaption class=\"wp-caption-text\">V\u00fdpis z obchodn\u00edho rejst\u0159\u00edku z ledna 2022. Dnes ji\u017e premi\u00e9r Petr Fiala ve spr\u00e1vn\u00ed rad\u011b neziskovky nefiguruje<\/figcaption><\/figure>\n<p>Ano, je to venku! Oby\u010dejn\u00e1 odveta za n\u00e1\u0161 investigativn\u00ed \u010dl\u00e1nek\u00a0<strong>[<a href=\"https:\/\/aeronet.news\/skandal-cesky-premier-petr-fiala-je-v-brutalnim-stretu-zajmu-a-mel-by-odstoupit-z-funkce-jako-chlap-figuruje-v-cele-neziskove-organizace-ktera-cerpa-od-ceskeho-statu-dotace\/\">2<\/a>]<\/strong>, kter\u00fd odhaloval st\u0159et z\u00e1jm\u016f premi\u00e9ra ve vztahu k neziskov\u00e9mu subjektu, kter\u00fd \u010derp\u00e1 st\u00e1tn\u00ed dotace pr\u00e1v\u011b z vl\u00e1dn\u00edch dota\u010dn\u00edch titul a a grant\u016f. Paradoxn\u00ed p\u0159itom je, \u017ee prvn\u00ed informaci o st\u0159etu z\u00e1jm\u016f Petra Fialy p\u0159inesl Lubo\u0161 Xaver Vesel\u00fd a my jsme to pouze a\u017e po n\u011bm rozpracovali. Jen\u017ee je pravda, \u017ee n\u00e1\u0161 \u010dl\u00e1nek\u00a0byl hojn\u011b sd\u00edlen, a asi v\u00edce, ne\u017e by se n\u011bkomu l\u00edbilo. N\u00e1\u0161 zdroj, kter\u00fd n\u00e1m dnes poskytl tuto informaci, n\u00e1\u0161 rovn\u011b\u017e informoval, \u017ee \u201c<strong>\u2026<em>ty dal\u0161\u00ed weby k tomu p\u0159idali proto, aby to nevedlo jenom k v\u00e1m na Aeronetu a k va\u0161emu investigativn\u00edmu \u010dl\u00e1nku o nada\u010dn\u00edch vazb\u00e1ch premi\u00e9ra na neziskov\u00fd sektor<\/em><\/strong>\u201c.\u00a0 Tak\u017ee, te\u010f u\u017e je to zcela jasn\u00e9. Uml\u010dov\u00e1n\u00ed opozi\u010dn\u00ed \u017eurnalistiky s c\u00edlem zlikvidovat a uml\u010det nez\u00e1visl\u00e9 zpravodajsk\u00e9 servery! A to si pr\u00fd si \u0159\u00edkaj\u00ed demokrati!<\/p>\n<h6><span style=\"font-size: 18pt;\">Zelensk\u00fd: Na Donbasu bojuje 44 000 profesion\u00e1ln\u00edch voj\u00e1k\u016f ve Velk\u00e9 v\u00e1lce ji\u017e od roku 2014<\/span><\/h6>\n<p>\u00dapln\u011b na z\u00e1v\u011br si nech\u00e1v\u00e1m koment\u00e1\u0159 k tomu tvrzen\u00ed na vl\u00e1dn\u00edm webu o rusk\u00e9 agresi a v\u00e1lce na Ukrajin\u011b.\u00a0<strong>V\u00e1lka na Ukrajin\u011b nevypukla 24. \u00fanora 2022 ruskou invaz\u00ed, ale zu\u0159\u00ed tam ji\u017e od roku 2014. Ofici\u00e1ln\u011b to uvedl a potvrdil ukrajinsk\u00fd prezident Volodymyr Zelensk\u00fd<\/strong>, kter\u00fd v rozhovoru pro CNN uvedl, \u017ee na Donbasu bojuje na 44 000 nejlep\u0161\u00edch ukrajinsk\u00fdch voj\u00e1k\u016f ve Velk\u00e9 v\u00e1lce ji\u017e od roku 2014. Toto nen\u00ed tvrzen\u00ed Aeronetu, to je p\u0159\u00edmo v\u00fdrok ukrajinsk\u00e9ho prezidenta. A t\u00edm je to dan\u00e9. Ukrajina se p\u0159iznala, \u017ee v\u00e1l\u010d\u00ed na Donbasu ji\u017e od roku 2014 a v\u00e1l\u010d\u00ed tam 44 000 profesion\u00e1ln\u00edch ukrajinsk\u00fdch voj\u00e1k\u016f.<\/p>\n<figure id=\"attachment_51374\" class=\"wp-caption aligncenter\" style=\"width: 723px;\"><a href=\"https:\/\/aeronet.news\/wp-content\/uploads\/ZelenskyWarSince2014crop.jpg\"><img decoding=\"async\" loading=\"lazy\" class=\"wp-image-51374 \" src=\"https:\/\/aeronet.news\/wp-content\/uploads\/ZelenskyWarSince2014crop.jpg\" sizes=\"(max-width: 847px) 100vw, 847px\" srcset=\"https:\/\/aeronet.news\/wp-content\/uploads\/ZelenskyWarSince2014crop.jpg 847w, https:\/\/aeronet.news\/wp-content\/uploads\/ZelenskyWarSince2014crop-150x150.jpg 150w, https:\/\/aeronet.news\/wp-content\/uploads\/ZelenskyWarSince2014crop-300x297.jpg 300w, https:\/\/aeronet.news\/wp-content\/uploads\/ZelenskyWarSince2014crop-768x761.jpg 768w, https:\/\/aeronet.news\/wp-content\/uploads\/ZelenskyWarSince2014crop-700x693.jpg 700w, https:\/\/aeronet.news\/wp-content\/uploads\/ZelenskyWarSince2014crop-360x357.jpg 360w, https:\/\/aeronet.news\/wp-content\/uploads\/ZelenskyWarSince2014crop-488x483.jpg 488w\" alt=\"\" width=\"723\" height=\"716\" \/><\/a><figcaption class=\"wp-caption-text\">V\u00fdrok prezidenta Zelensk\u00e9ho o Velk\u00e9 v\u00e1lce na Ukrajin\u011b od roku 2014<\/figcaption><\/figure>\n<p>S k\u00fdm tam ale t\u011bch 8 let ta ukrajinsk\u00e1 arm\u00e1da v\u00e1l\u010d\u00ed, pane Fialo?\u00a0<strong>V\u00e1l\u010d\u00ed tam s duchy? Ne, v\u00e1l\u010d\u00ed tam proti vlastn\u00edm ob\u010dan\u016fm, ukrajinsk\u00fdm obyvatel\u016fm, kte\u0159\u00ed nesouhlasili s pu\u010dem na Majdanu z roku 2014<\/strong>, a to kv\u016fli tomu, \u017ee nesouhlas\u00ed s nez\u00e1konn\u00fdm a nelegitimn\u00edm procesem zbaven\u00ed funkce demokraticky zvolen\u00e9ho prezidenta Janukovy\u010de, a \u017ee nesouhlas\u00ed s t\u00edm, aby Ukrajina vstoupila do EU a do NATO pod veden\u00edm nelegitimn\u00ed vl\u00e1dy, kter\u00e1 se po pu\u010di na Majdanu ujala moci v Kyjev\u011b a za\u010dala vra\u017edit etnick\u00e9 Rusy, nap\u0159. v Od\u011bse, anebo zakazovat rusk\u00fd jazyk a jeho pou\u017e\u00edv\u00e1n\u00ed ve \u0161kol\u00e1ch, na \u00fa\u0159adech, v obchodech, v tisku. Pravdu o Ukrajin\u011b se lid\u00e9 v t\u00e9to dob\u011b v \u010cR dozv\u00ed hlavn\u011b z Aeronetu, a proto n\u00e1s fialov\u00e1 vl\u00e1da blokuje. A proto se objevuj\u00ed i gestap\u00e1ck\u00e9 man\u00fdry vl\u00e1dy, kter\u00e1 spou\u0161t\u00ed weby na ud\u00e1v\u00e1n\u00ed ob\u010dan\u016f, kte\u0159\u00ed se dopust\u00ed ideozlo\u010dinu. Orwell by se nesta\u010dil divit!<\/p>\n<p>-VK- \u0160\u00e9fredaktor AE News<\/p>\n<p><a href=\"https:\/\/aeronet.news\/ceska-vlada-spustila-web-na-kterem-vyzyva-k-udavani-obcanu-s-jinymi-nazory-nez-ktere-zastava-vlada-na-titulni-strance-webu-je-pritom-lez-a-dezinformace-o-tom-kdy-naposledy-zautocil-evropsky-stat\/\">ZDROJ<\/a><\/p>\n<p>&nbsp;<\/p>\n","protected":false},"excerpt":{"rendered":"<p>\u010cesk\u00e1 vl\u00e1da spustila web, na kter\u00e9m vyz\u00fdv\u00e1 k ud\u00e1v\u00e1n\u00ed ob\u010dan\u016f s jin\u00fdmi n\u00e1zory, ne\u017e kter\u00e9&#8230;<\/p>\n","protected":false},"author":2,"featured_media":9826,"comment_status":"closed","ping_status":"closed","sticky":false,"template":"","format":"standard","meta":[],"categories":[6],"tags":[63,409,1975,48,2240,20],"_links":{"self":[{"href":"https:\/\/www.infokuryr.cz\/n\/wp-json\/wp\/v2\/posts\/9825"}],"collection":[{"href":"https:\/\/www.infokuryr.cz\/n\/wp-json\/wp\/v2\/posts"}],"about":[{"href":"https:\/\/www.infokuryr.cz\/n\/wp-json\/wp\/v2\/types\/post"}],"author":[{"embeddable":true,"href":"https:\/\/www.infokuryr.cz\/n\/wp-json\/wp\/v2\/users\/2"}],"replies":[{"embeddable":true,"href":"https:\/\/www.infokuryr.cz\/n\/wp-json\/wp\/v2\/comments?post=9825"}],"version-history":[{"count":1,"href":"https:\/\/www.infokuryr.cz\/n\/wp-json\/wp\/v2\/posts\/9825\/revisions"}],"predecessor-version":[{"id":9827,"href":"https:\/\/www.infokuryr.cz\/n\/wp-json\/wp\/v2\/posts\/9825\/revisions\/9827"}],"wp:featuredmedia":[{"embeddable":true,"href":"https:\/\/www.infokuryr.cz\/n\/wp-json\/wp\/v2\/media\/9826"}],"wp:attachment":[{"href":"https:\/\/www.infokuryr.cz\/n\/wp-json\/wp\/v2\/media?parent=9825"}],"wp:term":[{"taxonomy":"category","embeddable":true,"href":"https:\/\/www.infokuryr.cz\/n\/wp-json\/wp\/v2\/categories?post=9825"},{"taxonomy":"post_tag","embeddable":true,"href":"https:\/\/www.infokuryr.cz\/n\/wp-json\/wp\/v2\/tags?post=9825"}],"curies":[{"name":"wp","href":"https:\/\/api.w.org\/{rel}","templated":true}]}}