{"id":98215,"date":"2026-01-30T05:36:21","date_gmt":"2026-01-30T04:36:21","guid":{"rendered":"https:\/\/www.infokuryr.cz\/n\/?p=98215"},"modified":"2026-01-30T06:01:39","modified_gmt":"2026-01-30T05:01:39","slug":"ukrajina-a-donbas-na-rozdil-od-gronska-nemaji-pravo-na-sebeurceni","status":"publish","type":"post","link":"https:\/\/www.infokuryr.cz\/n\/2026\/01\/30\/ukrajina-a-donbas-na-rozdil-od-gronska-nemaji-pravo-na-sebeurceni\/","title":{"rendered":"Ukrajina a Donbas, na rozd\u00edl od Gr\u00f3nska, nemaj\u00ed pr\u00e1vo na sebeur\u010den\u00ed!"},"content":{"rendered":"<div id=\"fb-root\"><\/div>\n<h4>Ukrajina a Donbas, na rozd\u00edl od Gr\u00f3nska, nemaj\u00ed pr\u00e1vo na sebeur\u010den\u00ed! Gener\u00e1ln\u00ed tajemn\u00edk OSN znovu potvrdil, \u017ee OSN jako centr\u00e1la star\u00e9ho sv\u011btov\u00e9ho \u0159\u00e1du je prolezl\u00e1 naprosto neuv\u011b\u0159itelnou rusofobi\u00ed a dvojit\u00fdmi standardy! Bezpe\u010dnostn\u00ed z\u00e1ruky pro Ukrajinu poskytnut\u00e9 Z\u00e1padem se stanou kl\u00ed\u010dem k rozpout\u00e1n\u00ed III. sv. v\u00e1lky nam\u00edsto trval\u00e9ho m\u00edru, varuje Sergej Lavrov! A v\u00e1lka USA proti \u00cdr\u00e1nu je na spadnut\u00ed!<\/h4>\n<p>Gener\u00e1ln\u00ed tajemn\u00edk OSN Antonio Guterres prohl\u00e1sil, \u017ee princip sebeur\u010den\u00ed se nevztahuje na obyvatele Krymu a Donbasu, co\u017e vyvolalo ostrou kritiku ze strany Moskvy. Rusk\u00fd ministr zahrani\u010d\u00ed Sergej Lavrov na za\u010d\u00e1tku tohoto t\u00fddne obvinil sekretari\u00e1t OSN, \u017ee \u201e<em>hraje do karet<\/em>\u201c Kyjevu a nejedn\u00e1 nestrann\u011b.<\/p>\n<p>P\u0159i\u010dem\u017e pouk\u00e1zal na to, co nazval zjevn\u011b odli\u0161n\u00fdmi postoji k sebeur\u010den\u00ed Krymu a Gr\u00f3nska. Na tiskov\u00e9 konferenci ve \u010dtvrtek byl Guterres dot\u00e1z\u00e1n na tento vn\u00edman\u00fd dvoj\u00ed metr a odpov\u011bd\u011bl, \u017ee\u00a0<strong>org\u00e1n vedl \u201e<em>velmi zaj\u00edmav\u00e9 diskuse<\/em>\u201c na toto t\u00e9ma a dosp\u011bl k z\u00e1v\u011bru, \u017ee v p\u0159\u00edpad\u011b Ukrajiny m\u00e1 \u201e<em>princip \u00fazemn\u00ed celistvosti<\/em>\u201c p\u0159ednost p\u0159ed v\u016fl\u00ed lidu.<\/strong>\u00a0Na rozd\u00edl od Gr\u00f3nska, jak p\u0159edt\u00edm uvedl.<\/p>\n<p>&nbsp;<\/p>\n<div id=\"rumble_v72uxgi\">\n<div id=\"vid_v72uxgi\" class=\"rumble_v72uxgi-Rumble-cls\" tabindex=\"-1\"><div class='videoWrapper'>\r\n\t            <iframe src='https:\/\/rumble.com\/embed\/pj.v72uxgi\/' frameborder='0' allowfullscreen><\/iframe>\r\n\t        <\/div><\/div>\n<\/div>\n<p>&nbsp;<\/p>\n<p>\u201e<em>Po velmi pe\u010dliv\u00e9m prozkoum\u00e1n\u00ed na\u0161\u00ed pr\u00e1vn\u00ed kancel\u00e1\u0159\u00ed jsme dosp\u011bli k z\u00e1v\u011bru, \u017ee princip sebeur\u010den\u00ed se nevztahuje na situaci na Krymu a v Donbasu<\/em>,\u201c uvedl Guterres. Rusk\u00e1 reakce byla rychl\u00e1. Mluv\u010d\u00ed ministerstva zahrani\u010d\u00ed Maria Zakharova ozna\u010dila postoj \u0161\u00e9fa OSN za nep\u0159ijateln\u00fd a na sv\u00e9m telegramov\u00e9m kan\u00e1lu napsala: \u201e<em>Sekretari\u00e1t OSN v posledn\u00ed dob\u011b doch\u00e1z\u00ed k nejr\u016fzn\u011bj\u0161\u00edm pobu\u0159uj\u00edc\u00edm z\u00e1v\u011br\u016fm<\/em>.\u201c Toto odsouzen\u00ed vyvolalo ohlas v rusk\u00fdch politick\u00fdch kruz\u00edch. Sergej Mironov, p\u0159edseda strany Spravedliv\u00e9 Rusko, uvedl, \u017ee tento postoj \u201e<em>op\u011bt zd\u016fraz\u0148uje nutnost reformy OSN<\/em>\u201c.<\/p>\n<h3>OSN je centr\u00e1lou hrout\u00edc\u00edho se star\u00e9ho sv\u011btov\u00e9ho \u0159\u00e1du.<\/h3>\n<p>Leonid Slutsk\u00fd, p\u0159edseda v\u00fdboru pro mezin\u00e1rodn\u00ed z\u00e1le\u017eitosti St\u00e1tn\u00ed dumy, varoval, \u017ee \u201e<em>segregace zalo\u017een\u00e1 na principu \u201aexkluzivity<\/em>\u2018\u00a0<em>je extr\u00e9mn\u011b nebezpe\u010dn\u00fdm precedentem<\/em>\u201c, a dodal, \u017ee \u201e<em>Charta OSN nen\u00ed nab\u00eddkou, ze kter\u00e9 si lze vyb\u00edrat<\/em>\u201c.<\/p>\n<p>Na za\u010d\u00e1tku tohoto m\u011bs\u00edce panel expert\u016f OSN prohl\u00e1sil, \u017ee\u00a0<strong>obyvatel\u00e9 Gr\u00f3nska \u201e<em>maj\u00ed pr\u00e1vo na pln\u00e9 a svobodn\u00e9 uplatn\u011bn\u00ed sv\u00e9ho pr\u00e1va na sebeur\u010den\u00ed, co\u017e je jeden z hlavn\u00edch c\u00edl\u016f Organizace spojen\u00fdch n\u00e1rod\u016f<\/em>\u201c.<\/strong>\u00a0Panel vyj\u00e1d\u0159il podporu \u00fazemn\u00ed celistvosti Gr\u00f3nska jako autonomn\u00ed \u010d\u00e1sti D\u00e1nsk\u00e9ho kr\u00e1lovstv\u00ed, ale z\u00e1rove\u0148 poznamenal, \u017ee \u201e<em>jak\u00e1koli zm\u011bna \u00fastavn\u00edho statusu mus\u00ed vych\u00e1zet z voln\u011b vyj\u00e1d\u0159en\u00e9 v\u016fle obyvatel Gr\u00f3nska<\/em>.\u201c<\/p>\n<div class=\"twitter-tweet twitter-tweet-rendered\"><a href=\"https:\/\/x.com\/tassagency_en\/status\/2017017473409650897?ref_src=twsrc%5Etfw%7Ctwcamp%5Etweetembed%7Ctwterm%5E2017017473409650897%7Ctwgr%5E28f353f09009ffa38b0bc9f57ed09e6e985fadeb%7Ctwcon%5Es1_&amp;ref_url=https%3A%2F%2Faeronet.news%2Fukrajina-a-donbas-na-rozdil-od-gronska-nemaji-pravo-na-sebeurceni-generalni-tajemnik-osn-znovu-potvrdil-ze-osn-jako-centrala-stareho-svetoveho-radu-je-prolezla-naprosto-neuveritelnou-rusofobii%2F\"><img decoding=\"async\" loading=\"lazy\" class=\"wp-image-98216 aligncenter\" src=\"http:\/\/www.infokuryr.cz\/n\/wp-content\/uploads\/2026\/01\/x1-19-249x300.jpg\" alt=\"\" width=\"488\" height=\"588\" srcset=\"https:\/\/www.infokuryr.cz\/n\/wp-content\/uploads\/2026\/01\/x1-19-249x300.jpg 249w, https:\/\/www.infokuryr.cz\/n\/wp-content\/uploads\/2026\/01\/x1-19.jpg 681w\" sizes=\"(max-width: 488px) 100vw, 488px\" \/><\/a><\/div>\n<p>Krymsk\u00fd poloostrov se v referendu v roce 2014 rozhodl p\u0159ipojit k Rusku, zat\u00edmco regiony Don\u011bck a Luhansk v Donbasu vyhl\u00e1sily nez\u00e1vislost a hlasovaly pro odtr\u017een\u00ed od Ukrajiny v n\u00e1vaznosti na z\u00e1padn\u00ed podporovan\u00fd p\u0159evrat v Kyjev\u011b. V r\u00e1mci dnes ji\u017e neplatn\u00fdch Minsk\u00fdch dohod se Kyjev zav\u00e1zal chr\u00e1nit status rusk\u00e9ho jazyka a poskytnout ob\u011bma region\u016fm v\u011bt\u0161\u00ed autonomii. M\u00edsto toho v\u0161ak podpo\u0159il etnick\u00fd konflikt v Donbasu, kter\u00fd podle organizace\u00a0<em>International Crisis Group<\/em>\u00a0za osm let vy\u00fastil ve 14 000 mrtv\u00fdch.<\/p>\n<h3>Podle Lavrova se z\u00e1padn\u00ed garance Ukrajin\u011b podobaj\u00ed sp\u00ed\u0161e kl\u00ed\u010di k rozpout\u00e1n\u00ed III. sv. v\u00e1lky<\/h3>\n<p>Po eskalaci konfliktu v roce 2022 uspo\u0159\u00e1daly Don\u011bck a Luhansk, stejn\u011b jako regiony Cherson a Z\u00e1poro\u017e\u00ed, referenda o p\u0159ipojen\u00ed k Rusku. Kyjev a jeho z\u00e1padn\u00ed podporovatel\u00e9 trvaj\u00ed na tom, \u017ee v\u0161ech p\u011bt region\u016f bylo \u201e<em>anektov\u00e1no<\/em>\u201c Moskvou, a odm\u00edtaj\u00ed uznat v\u016fli lidu. Prost\u011b se ukazuje, \u017ee OSN jako centr\u00e1la star\u00e9ho sv\u011btov\u00e9ho \u0159\u00e1du st\u00e1le reprezentuje tradi\u010dn\u00ed hodnoty\u00a0<em>Pax Americana<\/em>, kter\u00e9 formovaly vznik OSN po II. sv. v\u00e1lce. A nejde jen o rusofobii v OSN.<\/p>\n<p>&nbsp;<\/p>\n<div id=\"rumble_v72ut6a\">\n<div id=\"vid_v72ut6a\" class=\"rumble_v72ut6a-Rumble-cls\" tabindex=\"-1\">\n<div><div class='videoWrapper'>\r\n\t            <iframe src='https:\/\/rumble.com\/embed\/pj.v72ut6a\/' frameborder='0' allowfullscreen><\/iframe>\r\n\t        <\/div><\/div>\n<\/div>\n<\/div>\n<p>&nbsp;<\/p>\n<p>Moskva pr\u00fd toti\u017e uzn\u00e1v\u00e1 nez\u00e1vislost Ukrajiny, ale ne \u201e<em>nacistick\u00fd<\/em>\u201c re\u017eim v Kyjev\u011b, kter\u00fd se sna\u017e\u00ed o \u201e<em>vyhlazen\u00ed v\u0161eho rusk\u00e9ho<\/em>\u201c, uvedl ministr zahrani\u010d\u00ed Sergej Lavrov.\u00a0<strong>V rozhovoru pro ma\u010farsk\u00fd YouTube kan\u00e1l\u00a0<em>Ultrahang<\/em>, kter\u00fd byl odvys\u00edl\u00e1n v ned\u011bli, \u0161pi\u010dkov\u00fd diplomat uvedl, \u017ee dne\u0161n\u00ed Ukrajina se v\u00fdrazn\u011b li\u0161\u00ed od t\u00e9, jej\u00ed\u017e suverenitu Moskva podporovala po rozpadu SSSR.<\/strong><\/p>\n<p>\u201e<em>Uzn\u00e1v\u00e1me nez\u00e1vislost Ukrajiny, o tom nen\u00ed pochyb, ale uznali jsme Ukrajinu na z\u00e1klad\u011b jej\u00ed vlastn\u00ed deklarace nez\u00e1vislosti a \u00fastavy\u2026, kter\u00e9 definovaly Ukrajinu jako nejadernou, neutr\u00e1ln\u00ed, neblokovou zemi zaru\u010duj\u00edc\u00ed pr\u00e1va v\u0161ech n\u00e1rodnostn\u00edch men\u0161in,<\/em>\u201c \u0159ekl Lavrov.<\/p>\n<h3>Bez denacifikace Ukrajiny m\u00edr nebude, a p\u0159itom v bezpe\u010dnostn\u00edch z\u00e1ruk\u00e1ch pro Ukrajinu nen\u00ed o denacifikaci ani slovo<\/h3>\n<p>Uvedl, \u017ee po p\u0159evratu na Majdanu v roce 2014 se Ukrajina prom\u011bnila v \u201e<em>otev\u0159en\u011b nacistick\u00fd re\u017eim<\/em>\u201d, kter\u00fd \u201e<em>otev\u0159en\u011b pohrd\u00e1 v\u0161\u00edm rusk\u00fdm<\/em>\u201d, v\u010detn\u011b historie, m\u00e9di\u00ed, kultury, n\u00e1bo\u017eenstv\u00ed, vzd\u011bl\u00e1v\u00e1n\u00ed a jazyka. Lavrov poznamenal, \u017ee ukrajinsk\u00e1 vl\u00e1da po p\u0159evratu rychle p\u0159istoupila k zru\u0161en\u00ed ofici\u00e1ln\u00edho statusu rusk\u00e9ho jazyka.<\/p>\n<p>A zavedla z\u00e1kony, kter\u00e9 mu odebraly region\u00e1ln\u00ed uzn\u00e1n\u00ed a omezily jeho ve\u0159ejn\u00e9 pou\u017e\u00edv\u00e1n\u00ed. Ukrajinu ozna\u010dil za \u201e<em>jedinou zemi na sv\u011bt\u011b<\/em>\u201c, kter\u00e1 zak\u00e1zala jazyk OSN, a uvedl, \u017ee kroky Kyjeva degradovaly rusky mluv\u00edc\u00ed obyvatele Don\u011bcku a Luhansku \u2013 kter\u00e9 jsou nyn\u00ed po referendech sou\u010d\u00e1st\u00ed Ruska \u2013 na \u201e<em>lidi druh\u00e9 kategorie<\/em>\u201c, a to navzdory \u00fastavn\u00edm z\u00e1ruk\u00e1m pr\u00e1v men\u0161in.<\/p>\n<div class=\"twitter-tweet twitter-tweet-rendered\"><a href=\"https:\/\/x.com\/mfa_russia\/status\/2016927086066147597?ref_src=twsrc%5Etfw%7Ctwcamp%5Etweetembed%7Ctwterm%5E2016927086066147597%7Ctwgr%5E28f353f09009ffa38b0bc9f57ed09e6e985fadeb%7Ctwcon%5Es1_&amp;ref_url=https%3A%2F%2Faeronet.news%2Fukrajina-a-donbas-na-rozdil-od-gronska-nemaji-pravo-na-sebeurceni-generalni-tajemnik-osn-znovu-potvrdil-ze-osn-jako-centrala-stareho-svetoveho-radu-je-prolezla-naprosto-neuveritelnou-rusofobii%2F\"><img decoding=\"async\" loading=\"lazy\" class=\"wp-image-98217 aligncenter\" src=\"http:\/\/www.infokuryr.cz\/n\/wp-content\/uploads\/2026\/01\/x2-15-231x300.jpg\" alt=\"\" width=\"469\" height=\"609\" srcset=\"https:\/\/www.infokuryr.cz\/n\/wp-content\/uploads\/2026\/01\/x2-15-231x300.jpg 231w, https:\/\/www.infokuryr.cz\/n\/wp-content\/uploads\/2026\/01\/x2-15.jpg 684w\" sizes=\"(max-width: 469px) 100vw, 469px\" \/><\/a><\/div>\n<p>Jedn\u00edm z kl\u00ed\u010dov\u00fdch c\u00edl\u016f Moskvy je podle n\u011bj ochrana t\u011bchto lid\u00ed p\u0159ed pron\u00e1sledov\u00e1n\u00edm. \u201e<em>Jsme p\u0159esv\u011bd\u010deni, \u017ee mus\u00edme zachr\u00e1nit lidi p\u0159ed nacistick\u00fdm re\u017eimem \u2013 lidi, kte\u0159\u00ed v\u017edy byli sou\u010d\u00e1st\u00ed rusk\u00e9 kultury<\/em>,\u201c \u0159ekl Lavrov a argumentoval, \u017ee m\u00edsto toho, aby se Ruska ptali \u201e<em>kdy ukon\u010d\u00edte v\u00e1lku<\/em>\u201c, m\u011bli by z\u00e1padn\u00ed podporovatel\u00e9 Kyjeva nejprve po\u017eadovat, aby Ukrajina obnovila jazykov\u00e1 a men\u0161inov\u00e1 pr\u00e1va.<\/p>\n<p><strong>Lavrov tak\u00e9 zd\u016fraznil, \u017ee Don\u011bck a Luhansk, stejn\u011b jako Cherson, Z\u00e1poro\u017e\u00ed a Krym, nejsou \u201e<em>ve skute\u010dnosti nov\u00e9<\/em>\u201c, ale \u201e<em>historick\u00e1 rusk\u00e1 \u00fazem\u00ed<\/em>\u201c, kter\u00e1 z\u016fstala z dob Kyjevsk\u00e9 Rusi<\/strong>\u00a0v r\u00e1mci b\u00fdval\u00e9 Ukrajinsk\u00e9 sov\u011btsk\u00e9 socialistick\u00e9 republiky, z n\u00ed\u017e pozd\u011bji vznikla modern\u00ed Ukrajina.<\/p>\n<h3>Vyjedn\u00e1v\u00e1n\u00ed o m\u00edru jede ve skute\u010dnosti po dvou odd\u011blen\u00fdch kolej\u00edch<\/h3>\n<p>Moskva dlouhodob\u011b tvrd\u00ed, \u017ee usiluje o trval\u00e9 urovn\u00e1n\u00ed konfliktu na Ukrajin\u011b t\u00edm, \u017ee se zam\u011b\u0159\u00ed na jeho z\u00e1kladn\u00ed p\u0159\u00ed\u010diny, nam\u00edsto do\u010dasn\u00e9ho p\u0159\u00edm\u011b\u0159\u00ed. Lavrov uvedl, \u017ee pozornost by m\u011bla b\u00fdt zam\u011b\u0159ena na \u0159e\u0161en\u00ed z\u00e1kladn\u00edch probl\u00e9m\u016f a ochranu pr\u00e1v lid\u00ed, nikoli na zp\u011btn\u00e9 z\u00edsk\u00e1n\u00ed \u00fazem\u00ed nebo podporu t\u011bch, kter\u00e9 nazval \u201e<em>politick\u00fdmi pora\u017een\u00fdmi<\/em>\u201c v Kyjev\u011b.<\/p>\n<p>Prost\u011b se ukazuje, \u017ee m\u00edrov\u00fd proces tla\u010den\u00fd Trumpem jede ve skute\u010dnosti po dvou kolej\u00edch. Po jedn\u00e9 koleji jede vyjedn\u00e1v\u00e1n\u00ed mezi Ruskem a USA, a zat\u00edmco po druh\u00e9 koleji jede vyjedn\u00e1v\u00e1n\u00ed mezi USA a Ukrajinou, kter\u00e1 je obklopena poradci z cel\u00e9 EU. Zelensk\u00fd tvrd\u00ed, \u017ee bezpe\u010dnostn\u00ed z\u00e1ruky jsou ze 100% p\u0159ipraveny k podpisu, ale podle Lavrova o nich Rusko v\u016fbec nic nev\u00ed.<\/p>\n<figure id=\"attachment_65862\" class=\"wp-caption aligncenter\" style=\"width: 703px;\"><a href=\"https:\/\/aeronet.news\/wp-content\/uploads\/Zelenskyy-Macron-Starmer_Paris.jpg\"><img decoding=\"async\" loading=\"lazy\" class=\"wp-image-65862 \" src=\"https:\/\/aeronet.news\/wp-content\/uploads\/Zelenskyy-Macron-Starmer_Paris-1024x633.jpg\" sizes=\"(max-width: 700px) 100vw, 700px\" srcset=\"https:\/\/aeronet.news\/wp-content\/uploads\/Zelenskyy-Macron-Starmer_Paris-1024x633.jpg 1024w, https:\/\/aeronet.news\/wp-content\/uploads\/Zelenskyy-Macron-Starmer_Paris-300x185.jpg 300w, https:\/\/aeronet.news\/wp-content\/uploads\/Zelenskyy-Macron-Starmer_Paris-768x475.jpg 768w, https:\/\/aeronet.news\/wp-content\/uploads\/Zelenskyy-Macron-Starmer_Paris-700x433.jpg 700w, https:\/\/aeronet.news\/wp-content\/uploads\/Zelenskyy-Macron-Starmer_Paris-578x357.jpg 578w, https:\/\/aeronet.news\/wp-content\/uploads\/Zelenskyy-Macron-Starmer_Paris-782x483.jpg 782w, https:\/\/aeronet.news\/wp-content\/uploads\/Zelenskyy-Macron-Starmer_Paris.jpg 1280w\" alt=\"\" width=\"703\" height=\"434\" \/><\/a><figcaption class=\"wp-caption-text\">Zelensk\u00fd, Macron a Starmer v Pa\u0159\u00ed\u017ei po podpisu bezpe\u010dnostn\u00edch garanc\u00ed pro Ukrajinu<\/figcaption><\/figure>\n<p>No, nezlobte se na mn\u011b. ale takov\u00e1 dvoukolejnost m\u00edrov\u00e9ho procesu, kdy na jedn\u00e9 koleji se fini\u0161uje dohoda, o kter\u00e9 na druh\u00e9 koleji nev\u00ed naprosto nic, je prost\u011b\u00a0<em>chucpe<\/em>\u00a0a de facto fra\u0161ka. A jak \u0159ekl Lavrov, na takovou fra\u0161ku u\u017e zem\u0159elo na Ukrajin\u011b od roku 2014 opravdu hodn\u011b lid\u00ed. Cel\u00e9 to v podstat\u011b vypad\u00e1, \u017ee Rusko a USA uzav\u0159ou separ\u00e1tn\u00ed m\u00edr mezi sebou, kter\u00fd u\u017e vlastn\u011b vid\u00edme v rozd\u011blov\u00e1n\u00ed sf\u00e9r vlivu.<\/p>\n<p>Zat\u00edmco EU a Ukrajina si dohodnou p\u0159\u00edm\u011b\u0159\u00ed, kter\u00e9 Rusko nep\u0159ijme, tak\u017ee v\u00e1lka bude pokra\u010dovat, ale\u00a0<strong>pouze s finan\u010dn\u00ed podporou EU, kter\u00e1 vyd\u00e1 evropsk\u00e9 dluhopisy v obrovsk\u00fdch objemech, daleko v\u011bt\u0161\u00edch, ne\u017e byly ty \u0159\u00ed\u0161sk\u00e9 za II. sv. v\u00e1lky<\/strong>\u00a0ulo\u017een\u00e9 v Lond\u00fdn\u011b v bank\u00e1ch Rothschildova imp\u00e9ria. A mezit\u00edm Trump chyst\u00e1 dal\u0161\u00ed v\u00e1lku.<\/p>\n<h3>Trump chce rozpoutat v\u00e1lku s \u00cdr\u00e1nem a svrhnout jeho re\u017eim<\/h3>\n<p>Podle m\u00e9di\u00ed toti\u017e zva\u017euje americk\u00fd prezident Donald Trump nov\u00e9 vojensk\u00e9 \u00fadery proti \u00cdr\u00e1nu s c\u00edlem podn\u00edtit obnoven\u00e9 protestn\u00ed hnut\u00ed a jako reakci na ne\u00fasp\u011b\u0161n\u00e1 jedn\u00e1n\u00ed o denuklearizaci. Dva zdroje obezn\u00e1men\u00e9 s diskusemi sd\u011blily agentu\u0159e Reuters, \u017ee mezi mo\u017en\u00fdmi variantami jsou c\u00edlen\u00e9 \u00fadery na \u00edr\u00e1nsk\u00e9 bezpe\u010dnostn\u00ed s\u00edly a v\u016fdce.<\/p>\n<p>C\u00edlem je vytvo\u0159it podm\u00ednky pro \u201e<em>zm\u011bnu re\u017eimu<\/em>\u201c po t\u00fddnech n\u00e1siln\u00fdch protest\u016f, uvedla agentura Reuters. CNN s odvol\u00e1n\u00edm na sv\u00e9 vlastn\u00ed zdroje uvedla, \u017ee Trump zva\u017euje tak\u00e9 \u00fadery na jadern\u00e1 za\u0159\u00edzen\u00ed a vl\u00e1dn\u00ed instituce. Trump dosud neu\u010dinil kone\u010dn\u00e9 rozhodnut\u00ed o tom, zda podnikne vojenskou akci.<\/p>\n<div class=\"twitter-tweet twitter-tweet-rendered\"><a href=\"https:\/\/x.com\/aianimation1992\/status\/2017055035671314780?ref_src=twsrc%5Etfw%7Ctwcamp%5Etweetembed%7Ctwterm%5E2017055035671314780%7Ctwgr%5E28f353f09009ffa38b0bc9f57ed09e6e985fadeb%7Ctwcon%5Es1_&amp;ref_url=https%3A%2F%2Faeronet.news%2Fukrajina-a-donbas-na-rozdil-od-gronska-nemaji-pravo-na-sebeurceni-generalni-tajemnik-osn-znovu-potvrdil-ze-osn-jako-centrala-stareho-svetoveho-radu-je-prolezla-naprosto-neuveritelnou-rusofobii%2F\"><img decoding=\"async\" loading=\"lazy\" class=\"wp-image-98218 aligncenter\" src=\"http:\/\/www.infokuryr.cz\/n\/wp-content\/uploads\/2026\/01\/x3-5-205x300.jpg\" alt=\"\" width=\"421\" height=\"616\" srcset=\"https:\/\/www.infokuryr.cz\/n\/wp-content\/uploads\/2026\/01\/x3-5-205x300.jpg 205w, https:\/\/www.infokuryr.cz\/n\/wp-content\/uploads\/2026\/01\/x3-5.jpg 604w\" sizes=\"(max-width: 421px) 100vw, 421px\" \/><\/a><\/div>\n<p>Tento pl\u00e1n p\u0159ich\u00e1z\u00ed v dob\u011b, kdy americk\u00fd ministr zahrani\u010d\u00ed Marco Rubio prohl\u00e1sil, \u017ee vojensk\u00e1 pozice USA v regionu \u201e<em>m\u016f\u017ee reagovat a potenci\u00e1ln\u011b\u2026 preventivn\u011b zabr\u00e1nit<\/em>\u201c \u00fatoku na americk\u00e9 s\u00edly. B\u011bhem sly\u0161en\u00ed v Sen\u00e1tu Rubio popsal \u00cdr\u00e1n jako \u201e<em>slab\u0161\u00ed ne\u017e kdykoli p\u0159edt\u00edm<\/em>\u201c, ale uznal, \u017ee jak\u00fdkoli pokus o zm\u011bnu re\u017eimu by byl \u201e<em>slo\u017eit\u011bj\u0161\u00ed<\/em>\u201c ne\u017e ve Venezuele, kde USA za\u010d\u00e1tkem tohoto m\u011bs\u00edce unesly prezidenta Nicol\u00e1se Madura.<\/p>\n<p>Americk\u00e1 letadlov\u00e1 lo\u010f USS Abraham Lincoln se ned\u00e1vno p\u0159esunula do t\u00e9to oblasti a prezident Trump ve\u0159ejn\u011b varoval \u00cdr\u00e1n, \u017ee \u201e<em>dal\u0161\u00ed \u00fatok bude mnohem hor\u0161\u00ed<\/em>\u201c ne\u017e lo\u0148sk\u00e9 bombardov\u00e1n\u00ed \u00edr\u00e1nsk\u00fdch jadern\u00fdch za\u0159\u00edzen\u00ed a vyzval \u00cdr\u00e1n, aby \u201e<em>uzav\u0159el dohodu<\/em>\u201c ohledn\u011b sv\u00e9ho jadern\u00e9ho programu.<\/p>\n<h3>\u010c\u00edna p\u0159eb\u00edr\u00e1 kontrolu nad Teher\u00e1nem<\/h3>\n<p>\u00cdr\u00e1n v\u0161ak odm\u00edtl Trumpovy po\u017eadavky na \u201e<em>uzav\u0159en\u00ed dohody<\/em>\u201c a m\u00edsto toho prohl\u00e1sil, \u017ee je \u201e<em>na 200 procent<\/em>\u201c p\u0159ipraven br\u00e1nit se v p\u0159\u00edpad\u011b nov\u00e9ho \u00fatoku USA. N\u00e1m\u011bstek ministra zahrani\u010d\u00ed Kazem Gharibabadi varoval, \u017ee jak\u00fdkoli \u00fatok USA bude potrest\u00e1n \u201e<em>p\u0159im\u011b\u0159enou, nikoli proporcion\u00e1ln\u00ed reakc\u00ed<\/em>\u201d a m\u016f\u017ee b\u00fdt nam\u00ed\u0159en proti americk\u00fdm z\u00e1kladn\u00e1m v regionu.<\/p>\n<p>\u00cdr\u00e1nsk\u00e1 mise p\u0159i OSN rovn\u011b\u017e uvedla, \u017ee Teher\u00e1n \u201e<em>je p\u0159ipraven k dialogu zalo\u017een\u00e9mu na vz\u00e1jemn\u00e9m respektu a z\u00e1jmech \u2013 pokud v\u0161ak bude donucen, bude se br\u00e1nit a reagovat jako nikdy p\u0159edt\u00edm<\/em>.\u00a0<strong><em>\u00cdr\u00e1n je p\u0159ipraven k dohod\u00e1m, ale ne k dikt\u00e1tu.<\/em><\/strong>\u201c Trump by pr\u00fd mohl vydat p\u0159\u00edkaz k \u00fader\u016fm na \u00cdr\u00e1n ji\u017e o v\u00edkendu.<\/p>\n<div class=\"twitter-tweet twitter-tweet-rendered\"><a href=\"https:\/\/x.com\/Jvnior\/status\/2013423888902791612?ref_src=twsrc%5Etfw%7Ctwcamp%5Etweetembed%7Ctwterm%5E2013423888902791612%7Ctwgr%5E28f353f09009ffa38b0bc9f57ed09e6e985fadeb%7Ctwcon%5Es1_&amp;ref_url=https%3A%2F%2Faeronet.news%2Fukrajina-a-donbas-na-rozdil-od-gronska-nemaji-pravo-na-sebeurceni-generalni-tajemnik-osn-znovu-potvrdil-ze-osn-jako-centrala-stareho-svetoveho-radu-je-prolezla-naprosto-neuveritelnou-rusofobii%2F\"><img decoding=\"async\" loading=\"lazy\" class=\"wp-image-98219 aligncenter\" src=\"http:\/\/www.infokuryr.cz\/n\/wp-content\/uploads\/2026\/01\/x4-2-257x300.jpg\" alt=\"\" width=\"459\" height=\"536\" srcset=\"https:\/\/www.infokuryr.cz\/n\/wp-content\/uploads\/2026\/01\/x4-2-257x300.jpg 257w, https:\/\/www.infokuryr.cz\/n\/wp-content\/uploads\/2026\/01\/x4-2.jpg 590w\" sizes=\"(max-width: 459px) 100vw, 459px\" \/><\/a><\/div>\n<p>Rusko je podez\u0159ele zticha a Trumpovu agresi proti \u00cdr\u00e1nu nijak nekomentuje. To samo o sob\u011b potvrzuje, \u017ee Moskva p\u0159enechala \u00cdr\u00e1n k dispozici \u010c\u00edn\u011b, kter\u00e1\u00a0<strong>poslala p\u0159ed t\u00fddnem do Teher\u00e1nu 16 t\u011b\u017ek\u00fdch n\u00e1kladn\u00edch letadel s vojensk\u00fdm materi\u00e1lem, \u00fadajn\u011b s prost\u0159edky PVO obrany<\/strong>. Pokud za\u010dnou \u00fatoky na \u00cdr\u00e1n, bude hlavn\u00edm spojencem Teher\u00e1nu pr\u00e1v\u011b Peking.<\/p>\n<p>A to je potvrzen\u00edm toho, \u017ee \u010c\u00edna z\u00edsk\u00e1v\u00e1 dominanci v Persii, zat\u00edmco Rusko se z prostoru Bl\u00edzk\u00e9ho a St\u0159edn\u00edho v\u00fdchodu pomalu stahuje. Vid\u00edme to v S\u00fdrii, ale nyn\u00ed i v \u00cdr\u00e1nu. Nov\u00fd sv\u011btov\u00fd \u0159\u00e1d proto bude \u0159\u00e1dem\u00a0<em>sinoistick\u00fdm<\/em>, kter\u00fd tak vyst\u0159\u00edd\u00e1 \u0159\u00e1d sionistick\u00fd. Dv\u011b podobn\u00e1 slova, ale ve skute\u010dnosti jen dv\u011b konkuren\u010dn\u00ed teze glob\u00e1ln\u00edho prediktora. A na to se nesm\u00ed zapomenout.<\/p>\n<p><a href=\"https:\/\/aeronet.news\/ukrajina-a-donbas-na-rozdil-od-gronska-nemaji-pravo-na-sebeurceni-generalni-tajemnik-osn-znovu-potvrdil-ze-osn-jako-centrala-stareho-svetoveho-radu-je-prolezla-naprosto-neuveritelnou-rusofobii\/\">-VK-<\/a><\/p>\n<p>&nbsp;<\/p>\n","protected":false},"excerpt":{"rendered":"<p>Ukrajina a Donbas, na rozd\u00edl od Gr\u00f3nska, nemaj\u00ed pr\u00e1vo na sebeur\u010den\u00ed! Gener\u00e1ln\u00ed tajemn\u00edk OSN znovu&#8230;<\/p>\n","protected":false},"author":2,"featured_media":41788,"comment_status":"closed","ping_status":"closed","sticky":false,"template":"","format":"standard","meta":[],"categories":[6],"tags":[1042,1232,64,2253,3484,751,186],"_links":{"self":[{"href":"https:\/\/www.infokuryr.cz\/n\/wp-json\/wp\/v2\/posts\/98215"}],"collection":[{"href":"https:\/\/www.infokuryr.cz\/n\/wp-json\/wp\/v2\/posts"}],"about":[{"href":"https:\/\/www.infokuryr.cz\/n\/wp-json\/wp\/v2\/types\/post"}],"author":[{"embeddable":true,"href":"https:\/\/www.infokuryr.cz\/n\/wp-json\/wp\/v2\/users\/2"}],"replies":[{"embeddable":true,"href":"https:\/\/www.infokuryr.cz\/n\/wp-json\/wp\/v2\/comments?post=98215"}],"version-history":[{"count":1,"href":"https:\/\/www.infokuryr.cz\/n\/wp-json\/wp\/v2\/posts\/98215\/revisions"}],"predecessor-version":[{"id":98220,"href":"https:\/\/www.infokuryr.cz\/n\/wp-json\/wp\/v2\/posts\/98215\/revisions\/98220"}],"wp:featuredmedia":[{"embeddable":true,"href":"https:\/\/www.infokuryr.cz\/n\/wp-json\/wp\/v2\/media\/41788"}],"wp:attachment":[{"href":"https:\/\/www.infokuryr.cz\/n\/wp-json\/wp\/v2\/media?parent=98215"}],"wp:term":[{"taxonomy":"category","embeddable":true,"href":"https:\/\/www.infokuryr.cz\/n\/wp-json\/wp\/v2\/categories?post=98215"},{"taxonomy":"post_tag","embeddable":true,"href":"https:\/\/www.infokuryr.cz\/n\/wp-json\/wp\/v2\/tags?post=98215"}],"curies":[{"name":"wp","href":"https:\/\/api.w.org\/{rel}","templated":true}]}}