{"id":98209,"date":"2026-01-30T05:29:07","date_gmt":"2026-01-30T04:29:07","guid":{"rendered":"https:\/\/www.infokuryr.cz\/n\/?p=98209"},"modified":"2026-01-30T05:29:07","modified_gmt":"2026-01-30T04:29:07","slug":"ukrajina-vymazane-dukazy","status":"publish","type":"post","link":"https:\/\/www.infokuryr.cz\/n\/2026\/01\/30\/ukrajina-vymazane-dukazy\/","title":{"rendered":"Ukrajina: Vymazan\u00e9 d\u016fkazy"},"content":{"rendered":"<div id=\"fb-root\"><\/div>\n<p><strong>Vzhledem k dominantn\u00edmu politick\u00e9mu a medi\u00e1ln\u00edmu narativu, kter\u00fd vykresluje Rusko jako v\u00e1l\u010d\u00edc\u00ed a agresivn\u00ed zemi, zat\u00edmco USA, NATO, EU a Ukrajina cht\u011bj\u00ed v\u00e1lku ukon\u010dit, p\u0159in\u00e1\u0161\u00edme v\u00fd\u0148atky z ned\u00e1vn\u00fdch epizod po\u0159adu Grandangolo. Obsahuj\u00ed nezvratn\u00e9 d\u016fkazy, vymazan\u00e9 mainstreamov\u00fdmi m\u00e9dii, \u017ee skute\u010dnost je p\u0159esn\u011b opa\u010dn\u00e1, ne\u017e jak byla prezentov\u00e1na. N\u00ed\u017ee je uveden p\u0159ehled p\u0159\u00edpravn\u00e9 f\u00e1ze v\u00e1lky, p\u0159evzat\u00fd z knihy\u00a0<i>L\u2019altra faccia della Storia<\/i>\u00a0(\u201eDruh\u00e1 strana historie\u201c) vydan\u00e9 nakladatelstv\u00edm Byoblu.<\/strong><\/p>\n<p>Od roku 1991, kdy se Ukrajina po rozpadu SSSR stala nez\u00e1vislou republikou, buduje NATO s\u00ed\u0165 kontakt\u016f v r\u00e1mci ukrajinsk\u00fdch ozbrojen\u00fdch sil. Z\u00e1rove\u0148 jsou prost\u0159ednictv\u00edm CIA a dal\u0161\u00edch zpravodajsk\u00fdch slu\u017eeb verbov\u00e1ni, financov\u00e1ni, cvi\u010deni a vyzbrojov\u00e1ni neonacisti\u010dt\u00ed militanti. Fotografick\u00e1 dokumentace ukazuje mlad\u00e9 ukrajinsk\u00e9 neonacistick\u00e9 militanty z UNO-UNSO, kte\u0159\u00ed byli v roce 2006 v Estonsku cvi\u010deni instruktory NATO, kte\u0159\u00ed je u\u010dili techniky boje v m\u011bstsk\u00e9m prost\u0159ed\u00ed a pou\u017e\u00edv\u00e1n\u00ed v\u00fdbu\u0161nin k sabot\u00e1\u017e\u00edm a \u00fatok\u016fm. Tato neonacistick\u00e1 paramilit\u00e1rn\u00ed struktura se dostala do hry 20. \u00fanora 2014 na Majdanu v Kyjev\u011b b\u011bhem politick\u00e9 demonstrace, p\u0159i kter\u00e9 do\u0161lo ke st\u0159etu p\u0159\u00edznivc\u016f a odp\u016frc\u016f vstupu Ukrajiny do EU. Zat\u00edmco ozbrojen\u00e9 a organizovan\u00e9 skupiny \u00fato\u010dily na vl\u00e1dn\u00ed budovy, \u201enezn\u00e1m\u00ed\u201c st\u0159elci (kte\u0159\u00ed se pozd\u011bji uk\u00e1zali b\u00fdt odst\u0159elova\u010di najat\u00fdmi v Gruzii) st\u0159\u00edleli ze stejn\u00fdch odst\u0159elovac\u00edch pu\u0161ek jak na demonstranty, tak na policisty, co\u017e m\u011blo za n\u00e1sledek des\u00edtky mrtv\u00fdch. V den pu\u010de na n\u00e1m\u011bst\u00ed Majdan se gener\u00e1ln\u00ed tajemn\u00edk NATO obr\u00e1til na ukrajinsk\u00e9 ozbrojen\u00e9 s\u00edly autoritativn\u00edm t\u00f3nem a varoval je, aby \u201ez\u016fstaly neutr\u00e1ln\u00ed\u201c, jinak budou \u010delit \u201ez\u00e1va\u017en\u00fdm negativn\u00edm d\u016fsledk\u016fm pro na\u0161e vztahy\u201c. Prezident Janukovy\u010d, opu\u0161t\u011bn\u00fd nejvy\u0161\u0161\u00edmi p\u0159edstaviteli ozbrojen\u00fdch sil a velkou \u010d\u00e1st\u00ed vl\u00e1dn\u00edho apar\u00e1tu, byl nucen uprchnout.<\/p>\n<p>Po p\u0159evratu na Majdanu n\u00e1sledoval okam\u017eit\u00fd \u00fatok na Rusy na Ukrajin\u011b a Ukrajince p\u0159\u00e1telsk\u00e9 k Rusku. Byla to vlna teroru, organizovan\u00e1 podle p\u0159esn\u00e9 strategie: s\u00eddla Komunistick\u00e9 strany Ukrajiny a dal\u0161\u00edch politick\u00fdch hnut\u00ed byla zdevastov\u00e1na, v\u016fdci lyn\u010dov\u00e1ni, novin\u00e1\u0159i mu\u010deni a zavra\u017ed\u011bni; aktivist\u00e9 byli up\u00e1leni za\u017eiva v Od\u011bsk\u00e9m dom\u011b pr\u00e1ce; neozbrojen\u00ed obyvatel\u00e9 v\u00fdchodn\u00ed Ukrajiny rusk\u00e9ho p\u016fvodu byli masakrov\u00e1ni v Mariupolu a ve Slovjansku, Luhansku a Don\u011bcku byly pou\u017eity bomby s b\u00edl\u00fdm fosforem. Tv\u00e1\u0159\u00ed v tv\u00e1\u0159 ofenziv\u011b proti Rus\u016fm na Ukrajin\u011b hlasovala Nejvy\u0161\u0161\u00ed rada Republiky Krym \u2013 rusk\u00e9ho \u00fazem\u00ed p\u0159eveden\u00e9ho na Ukrajinu b\u011bhem sov\u011btsk\u00e9 \u00e9ry v roce 1954 \u2013 pro odtr\u017een\u00ed od Kyjeva a op\u011btovn\u00e9 p\u0159ipojen\u00ed k Rusk\u00e9 federaci. Rozhodnut\u00ed bylo potvrzeno 97 % hlas\u016f v lidov\u00e9m referendu. Dne 18. b\u0159ezna 2014 podepsal prezident Putin smlouvu, kter\u00e1 Krymu p\u0159izn\u00e1v\u00e1 status autonomn\u00ed republiky v r\u00e1mci Rusk\u00e9 federace.<\/p>\n<p>Zat\u00edmco v Donbasu samozvan\u00e9 lidov\u00e9 republiky Don\u011bck a Luhansk, ob\u00fdvan\u00e9 rusk\u00fdm obyvatelstvem, odol\u00e1vaj\u00ed \u00fatok\u016fm z Kyjeva, kter\u00e9 si vy\u017e\u00e1daly 14 000 ob\u011bt\u00ed, pl\u00e1n vojensko-technick\u00e9 spolupr\u00e1ce mezi NATO a Ukrajinou, podepsan\u00fd v roce 2015, pln\u011b integruje ozbrojen\u00e9 s\u00edly a zbrojn\u00ed pr\u016fmysl do aliance pod veden\u00edm USA. Neonacistick\u00e9 skupiny jsou integrov\u00e1ny do N\u00e1rodn\u00ed gardy, kde je cvi\u010d\u00ed stovky americk\u00fdch instruktor\u016f ze 173. v\u00fdsadkov\u00e9 brig\u00e1dy, p\u0159esunut\u00e9 z Vicenzy na Ukrajinu, spolu s dal\u0161\u00edmi instruktory z NATO.<\/p>\n<p>Kyjevsk\u00e1 Ukrajina se stala \u017eivnou p\u016fdou pro o\u017eiven\u00ed nacismu v srdci Evropy. Do Kyjeva p\u0159ijeli neonacist\u00e9 z cel\u00e9 Evropy (v\u010detn\u011b It\u00e1lie) a USA, kte\u0159\u00ed byli rekrutov\u00e1ni p\u0159edev\u0161\u00edm Prav\u00fdm sektorem a Azovsk\u00fdm praporem, jeho\u017e nacistick\u00e1 identita je zt\u011blesn\u011bna jeho embl\u00e9mem, kopi\u00ed embl\u00e9mu divize SS Das Reich. Pot\u00e9, co byli vycvi\u010deni a prov\u011b\u0159eni v bojov\u00fdch akc\u00edch proti Rus\u016fm na Ukrajin\u011b v Donbasu, bylo jim umo\u017en\u011bno vr\u00e1tit se do sv\u00e9 zem\u011b s privilegiem pou\u017e\u00edvat ukrajinsk\u00e9 pasy. Sou\u010dasn\u011b se na Ukrajin\u011b \u0161\u00ed\u0159ila nacistick\u00e1 ideologie mezi mlad\u0161\u00edmi generacemi. Kl\u00ed\u010dovou roli v tom sehr\u00e1l Azovsk\u00fd prapor, kter\u00fd organizoval vojensk\u00e9 v\u00fdcvikov\u00e9 t\u00e1bory a ideologick\u00e9 indoktrina\u010dn\u00ed programy pro d\u011bti a teenagery, kter\u00fdm se p\u0159edev\u0161\u00edm v\u0161t\u011bpovala nen\u00e1vist k Rus\u016fm.<\/p>\n<p>V ukrajinsk\u00fdch volb\u00e1ch v roce 2019 se herec Volodymyr Zelenskyj, zn\u00e1m\u00fd d\u00edky televizn\u00edmu seri\u00e1lu o korupci na nejvy\u0161\u0161\u00ed politick\u00e9 \u00farovni, v n\u011bm\u017e hr\u00e1l profesora, kter\u00fd je ne\u010dekan\u011b zvolen prezidentem, skute\u010dn\u011b stal prezidentem Ukrajiny. B\u011bhem sv\u00e9 kampan\u011b Zelenskyj sl\u00edbil, \u017ee ukon\u010d\u00ed v\u00e1lku v Donbasu a vy\u010dist\u00ed vl\u00e1dn\u00ed syst\u00e9m ovl\u00e1dan\u00fd oligarchy, a obvinil bohat\u00e9ho Poroshenka, tehdej\u0161\u00edho prezidenta, z ukr\u00fdv\u00e1n\u00ed sv\u00e9ho majetku v zahrani\u010dn\u00edch da\u0148ov\u00fdch r\u00e1j\u00edch.<\/p>\n<p>Jakmile byl v\u0161ak zvolen prezidentem, Zelenskyj ud\u011blal v\u0161e, co mohl, aby podpo\u0159il de facto v\u00e1lku vedenou NATO proti Rusku. Pokud jde o jeho druh\u00fd slib, tedy odstran\u011bn\u00ed korupce, zejm\u00e9na v\u00fdvozu kapit\u00e1lu do da\u0148ov\u00fdch r\u00e1j\u016f, fakta hovo\u0159\u00ed sama za sebe v dokumentovan\u00e9m vy\u0161et\u0159ov\u00e1n\u00ed den\u00edku The Guardian: Zelenskyj je spolumajitelem t\u0159\u00ed spole\u010dnost\u00ed se s\u00eddlem a kapit\u00e1lem v Belize, na Britsk\u00fdch Panensk\u00fdch ostrovech (St\u0159edn\u00ed Amerika) a na Kypru. Prost\u0159ednictv\u00edm t\u011bchto spole\u010dnost\u00ed dost\u00e1v\u00e1 v\u00edce ne\u017e 40 milion\u016f dolar\u016f od nezn\u00e1m\u00fdch finan\u010dn\u00edk\u016f. Investigativn\u00ed dokument Scotta Rittera \u2013 kari\u00e9rn\u00edho americk\u00e9ho mari\u0148\u00e1ka specializuj\u00edc\u00edho se na zpravodajskou \u010dinnost, kter\u00fd v letech 1991 a\u017e 1998 vedl inspektory OSN v Ir\u00e1ku \u2013 ukazuje luxusn\u00ed vily, kter\u00e9 Zelensky vlastn\u00ed v Miami (jen tato m\u00e1 hodnotu 34 milion\u016f dolar\u016f), Izraeli, Forte dei Marmi v It\u00e1lii, Lond\u00fdn\u011b, Gruzii, \u0158ecku a dal\u0161\u00edch zem\u00edch.<\/p>\n<p><em><strong>Manlio Dinucci<\/strong><\/em><\/p>\n<div class=\"podcarou\">\n<p><a href=\"https:\/\/www.voltairenet.org\/article223441.html\" target=\"_blank\" rel=\"external noopener\">Ukraine: The Erased Evidence<\/a> vy\u0161el 25.12.2025 na voltairenet.org<\/p>\n<p>&nbsp;<\/p>\n<\/div>\n","protected":false},"excerpt":{"rendered":"<p>Vzhledem k dominantn\u00edmu politick\u00e9mu a medi\u00e1ln\u00edmu narativu, kter\u00fd vykresluje Rusko jako v\u00e1l\u010d\u00edc\u00ed a agresivn\u00ed zemi,&#8230;<\/p>\n","protected":false},"author":2,"featured_media":98210,"comment_status":"closed","ping_status":"closed","sticky":false,"template":"","format":"standard","meta":[],"categories":[7],"tags":[63,3736,664,26],"_links":{"self":[{"href":"https:\/\/www.infokuryr.cz\/n\/wp-json\/wp\/v2\/posts\/98209"}],"collection":[{"href":"https:\/\/www.infokuryr.cz\/n\/wp-json\/wp\/v2\/posts"}],"about":[{"href":"https:\/\/www.infokuryr.cz\/n\/wp-json\/wp\/v2\/types\/post"}],"author":[{"embeddable":true,"href":"https:\/\/www.infokuryr.cz\/n\/wp-json\/wp\/v2\/users\/2"}],"replies":[{"embeddable":true,"href":"https:\/\/www.infokuryr.cz\/n\/wp-json\/wp\/v2\/comments?post=98209"}],"version-history":[{"count":0,"href":"https:\/\/www.infokuryr.cz\/n\/wp-json\/wp\/v2\/posts\/98209\/revisions"}],"wp:featuredmedia":[{"embeddable":true,"href":"https:\/\/www.infokuryr.cz\/n\/wp-json\/wp\/v2\/media\/98210"}],"wp:attachment":[{"href":"https:\/\/www.infokuryr.cz\/n\/wp-json\/wp\/v2\/media?parent=98209"}],"wp:term":[{"taxonomy":"category","embeddable":true,"href":"https:\/\/www.infokuryr.cz\/n\/wp-json\/wp\/v2\/categories?post=98209"},{"taxonomy":"post_tag","embeddable":true,"href":"https:\/\/www.infokuryr.cz\/n\/wp-json\/wp\/v2\/tags?post=98209"}],"curies":[{"name":"wp","href":"https:\/\/api.w.org\/{rel}","templated":true}]}}