{"id":98206,"date":"2026-01-30T05:26:02","date_gmt":"2026-01-30T04:26:02","guid":{"rendered":"https:\/\/www.infokuryr.cz\/n\/?p=98206"},"modified":"2026-01-30T05:26:02","modified_gmt":"2026-01-30T04:26:02","slug":"opozice-zapomnela-jak-pred-4-lety-marketa-pekarova-adamova-chtela-zbavit-prezidenta-zemana-svepravnosti","status":"publish","type":"post","link":"https:\/\/www.infokuryr.cz\/n\/2026\/01\/30\/opozice-zapomnela-jak-pred-4-lety-marketa-pekarova-adamova-chtela-zbavit-prezidenta-zemana-svepravnosti\/","title":{"rendered":"Opozice zapomn\u011bla, jak p\u0159ed 4 lety Mark\u00e9ta Pekarov\u00e1 Adamov\u00e1 cht\u011bla zbavit prezidenta Zemana sv\u00e9pr\u00e1vnosti?"},"content":{"rendered":"<div id=\"fb-root\"><\/div>\n<h4>P\u0159ed 4 lety Mark\u00e9ta Pekarov\u00e1 Adamov\u00e1 ve\u0159ejn\u011b prohl\u00e1sila, \u017ee pokud Milo\u0161 Zeman odm\u00edtne jmenovat vl\u00e1du slo\u017eenou z koalice SPOLU a PirStan, tak krajn\u00edm \u0159e\u0161en\u00edm bude zbavit jej pravomoci pro nezp\u016fsobilost v\u00fdkonu funkce.<\/h4>\n<div style=\"width: 640px;\" class=\"wp-video\"><!--[if lt IE 9]><script>document.createElement('video');<\/script><![endif]-->\n<video class=\"wp-video-shortcode\" id=\"video-98206-1\" width=\"640\" height=\"1054\" preload=\"metadata\" controls=\"controls\"><source type=\"video\/mp4\" src=\"http:\/\/www.infokuryr.cz\/n\/wp-content\/uploads\/2026\/01\/2985.mp4?_=1\" \/><a href=\"http:\/\/www.infokuryr.cz\/n\/wp-content\/uploads\/2026\/01\/2985.mp4\">http:\/\/www.infokuryr.cz\/n\/wp-content\/uploads\/2026\/01\/2985.mp4<\/a><\/video><\/div>\n<p>&nbsp;<\/p>\n<div class=\"x14z9mp xat24cr x1lziwak x1vvkbs xtlvy1s x126k92a\">\n<div dir=\"auto\">A Mikul\u00e1\u0161 Ferjen\u010d\u00edk navrhoval sn\u00ed\u017eit rozpo\u010det Hradu na nulu.<\/div>\n<\/div>\n<div class=\"x14z9mp xat24cr x1lziwak x1vvkbs xtlvy1s x126k92a\">\n<div dir=\"auto\">To tehdy nebylo vyd\u00edr\u00e1n\u00ed?\u00a0Kde byla tehdy mainstreamov\u00e1 m\u00e9dia a komici z Milionu chvilek?<\/div>\n<\/div>\n<div class=\"x14z9mp xat24cr x1lziwak x1vvkbs xtlvy1s x126k92a\">\n<div dir=\"auto\">Je na \u010dase pochopit, \u017ee s nimi \u017e\u00e1dn\u00e1 rozumn\u00e1 dohoda nen\u00ed mo\u017en\u00e1 a shodit rukavice.<\/div>\n<\/div>\n<div class=\"x14z9mp xat24cr x1lziwak x1vvkbs xtlvy1s x126k92a\">\n<div dir=\"auto\">Osobn\u011b bych ud\u011blal p\u0159esn\u011b to, co oni sami navrhovali po minul\u00fdch volb\u00e1ch a vzk\u00e1zal Petru Pavlovi, \u017ee pokud neza\u010dne jednat v mez\u00edch \u00dastavy, tak jeho rozpo\u010det bude nula, a ihned zru\u0161it ned\u016fstojnou apan\u00e1\u017e pro jeho \u017eenu, kterou si netroufli zav\u00e9st ani bol\u0161evi\u010dt\u00ed prezidenti v \u010dele s Gottwaldem.<\/div>\n<\/div>\n<div class=\"x14z9mp xat24cr x1lziwak x1vvkbs xtlvy1s x126k92a\">\n<p dir=\"auto\">Jste PRO?<\/p>\n<p dir=\"auto\"><strong><em>Jind\u0159ich Rajchl<\/em><\/strong><\/p>\n<p dir=\"auto\">\n<\/div>\n","protected":false},"excerpt":{"rendered":"<p>P\u0159ed 4 lety Mark\u00e9ta Pekarov\u00e1 Adamov\u00e1 ve\u0159ejn\u011b prohl\u00e1sila, \u017ee pokud Milo\u0161 Zeman odm\u00edtne jmenovat vl\u00e1du&#8230;<\/p>\n","protected":false},"author":2,"featured_media":91455,"comment_status":"closed","ping_status":"closed","sticky":false,"template":"","format":"standard","meta":[],"categories":[6],"tags":[1503,441,889,185],"_links":{"self":[{"href":"https:\/\/www.infokuryr.cz\/n\/wp-json\/wp\/v2\/posts\/98206"}],"collection":[{"href":"https:\/\/www.infokuryr.cz\/n\/wp-json\/wp\/v2\/posts"}],"about":[{"href":"https:\/\/www.infokuryr.cz\/n\/wp-json\/wp\/v2\/types\/post"}],"author":[{"embeddable":true,"href":"https:\/\/www.infokuryr.cz\/n\/wp-json\/wp\/v2\/users\/2"}],"replies":[{"embeddable":true,"href":"https:\/\/www.infokuryr.cz\/n\/wp-json\/wp\/v2\/comments?post=98206"}],"version-history":[{"count":1,"href":"https:\/\/www.infokuryr.cz\/n\/wp-json\/wp\/v2\/posts\/98206\/revisions"}],"predecessor-version":[{"id":98208,"href":"https:\/\/www.infokuryr.cz\/n\/wp-json\/wp\/v2\/posts\/98206\/revisions\/98208"}],"wp:featuredmedia":[{"embeddable":true,"href":"https:\/\/www.infokuryr.cz\/n\/wp-json\/wp\/v2\/media\/91455"}],"wp:attachment":[{"href":"https:\/\/www.infokuryr.cz\/n\/wp-json\/wp\/v2\/media?parent=98206"}],"wp:term":[{"taxonomy":"category","embeddable":true,"href":"https:\/\/www.infokuryr.cz\/n\/wp-json\/wp\/v2\/categories?post=98206"},{"taxonomy":"post_tag","embeddable":true,"href":"https:\/\/www.infokuryr.cz\/n\/wp-json\/wp\/v2\/tags?post=98206"}],"curies":[{"name":"wp","href":"https:\/\/api.w.org\/{rel}","templated":true}]}}