{"id":98183,"date":"2026-01-30T00:39:56","date_gmt":"2026-01-29T23:39:56","guid":{"rendered":"https:\/\/www.infokuryr.cz\/n\/?p=98183"},"modified":"2026-01-29T19:20:33","modified_gmt":"2026-01-29T18:20:33","slug":"alastair-crooke-jaky-by-mohl-byt-konecny-vysledek-pro-gronsko","status":"publish","type":"post","link":"https:\/\/www.infokuryr.cz\/n\/2026\/01\/30\/alastair-crooke-jaky-by-mohl-byt-konecny-vysledek-pro-gronsko\/","title":{"rendered":"Alastair Crooke: Jak\u00fd by mohl b\u00fdt kone\u010dn\u00fd v\u00fdsledek pro Gr\u00f3nsko?"},"content":{"rendered":"<div id=\"fb-root\"><\/div>\n<p><strong><span dir=\"auto\">Jak\u00fd bude kone\u010dn\u00fd v\u00fdsledek pro Gr\u00f3nsko? Trump Gr\u00f3nsko \u201ezabere\u201c.<\/span><\/strong><\/p>\n<p><span dir=\"auto\">V pond\u011bl\u00ed, kdy\u017e se prezidenta Trumpa zeptali, zda by Spojen\u00e9 st\u00e1ty pou\u017eily s\u00edlu k obsazen\u00ed Gr\u00f3nska, odpov\u011bd\u011bl: \u201e\u00a0<\/span><em><span dir=\"auto\">Bez koment\u00e1\u0159e<\/span><\/em><span dir=\"auto\">\u00a0.\u201c P\u0159edt\u00edm sl\u00edbil, \u017ee se nejv\u011bt\u0161\u00edho ostrova sv\u011bta zmocn\u00ed \u201e\u00a0<\/span><em><span dir=\"auto\">m\u00edrn\u011b<\/span><\/em><span dir=\"auto\">\u00a0[koup\u00ed]\u00a0<\/span><em><span dir=\"auto\">, nebo obt\u00ed\u017en\u011bji<\/span><\/em><span dir=\"auto\">\u00a0[silou]\u201c.<\/span><\/p>\n<p><span dir=\"auto\">A\u010dkoli se zd\u00e1, \u017ee tato my\u0161lenka p\u0159i\u0161la \u201ez ni\u010deho nic\u201c, John Bolton, Trump\u016fv b\u00fdval\u00fd poradce pro n\u00e1rodn\u00ed bezpe\u010dnost, prozrazuje, \u017ee to byl Ron Lauder, 81let\u00fd \u017eidovsk\u00fd miliard\u00e1\u0159 z New Yorku a d\u011bdic majetku\u00a0<\/span><em><span dir=\"auto\">Est\u00e9e Lauder<\/span><\/em><span dir=\"auto\">\u00a0, kdo jako prvn\u00ed zasadil sem\u00ednko my\u0161lenky\u00a0<\/span><a title=\"\" href=\"https:\/\/www.conflictsforum.org\/mailster\/5623\/97189261f027671934716f31a7ad0ae6\/aHR0cHM6Ly93d3cudGVsZWdyYXBoLmNvLnVrL3dvcmxkLW5ld3MvMjAyNi8wMS8xMy9ob3ctdHJ1bXAtY2FuLXRha2UtZ3JlZW5sYW5kLXdpdGhvdXQtZmlyaW5nLWEtc2hvdC8\" target=\"_blank\" rel=\"noopener\"><span dir=\"auto\">americk\u00e9ho vlastnictv\u00ed Gr\u00f3nska<\/span><\/a><span dir=\"auto\">\u00a0do prezidentovy mysli v roce 2018, b\u011bhem jeho prvn\u00edho funk\u010dn\u00edho obdob\u00ed. Trump se v roce 2019,\u00a0<\/span><a title=\"\" href=\"https:\/\/www.conflictsforum.org\/mailster\/5623\/97189261f027671934716f31a7ad0ae6\/aHR0cHM6Ly93d3cudGVsZWdyYXBoLmNvLnVrL25ld3MvMjAyMC8wNi8xMS9kb25hbGQtdHJ1bXAtb3BlbnMtdXMtY29uc3VsYXRlLWdyZWVubGFuZC1hcmN0aWMtcHVzaC8\" target=\"_blank\" rel=\"noopener\"><span dir=\"auto\">rovn\u011b\u017e b\u011bhem sv\u00e9ho prvn\u00edho funk\u010dn\u00edho obdob\u00ed<\/span><\/a><span dir=\"auto\">\u00a0, ne\u00fasp\u011b\u0161n\u011b pokusil Gr\u00f3nsko koupit . Prezident Harry Truman tak\u00e9 v roce 1946 nab\u00eddl, \u017ee ho odkoup\u00ed ve zlat\u011b za 100 milion\u016f dolar\u016f, ale jeho nab\u00eddka byla odm\u00edtnuta.<\/span><\/p>\n<p><span dir=\"auto\">Historicky,\u00a0<em>jak\u00a0<\/em><\/span><a title=\"\" href=\"https:\/\/www.conflictsforum.org\/mailster\/5623\/97189261f027671934716f31a7ad0ae6\/aHR0cHM6Ly93d3cudGVsZWdyYXBoLmNvLnVrL3dvcmxkLW5ld3MvMjAyNi8wMS8yMC9ob3ctdHJ1bXAtY2FuLXRha2UtZ3JlZW5sYW5kLXdpdGhvdXQtZmlyaW5nLWEtc2hvdC8\" target=\"_blank\" rel=\"noopener\"><span dir=\"auto\">poznamen\u00e1v\u00e1<\/span><\/a><span dir=\"auto\">\u00a0Telegraph\u00a0, \u201e\u00a0<em>Spojen\u00e9 st\u00e1ty se v\u017edy zdr\u00e1haly dob\u00fdvat \u00fazem\u00ed, ale ne z\u00edsk\u00e1vat \u00fazem\u00ed za pen\u00edze. Kdy\u017e v roce 1803 koupily Louisianu, koupily od Francie obrovsk\u00e9 mno\u017estv\u00ed p\u016fdy za \u010d\u00e1stku odpov\u00eddaj\u00edc\u00ed dne\u0161n\u00edm zhruba 430 milion\u016fm dolar\u016f. Kdy\u017e v roce 1867 koupily Alja\u0161ku, Spojen\u00e9 st\u00e1ty zaplatily Rusku za to, co se stalo 49. st\u00e1tem, dne\u0161n\u00ed ekvivalent 160 milion\u016f dolar\u016f. Americk\u00e9 Panensk\u00e9 ostrovy koupily od D\u00e1nska v roce 1917 za zlat\u00e9 mince v hodnot\u011b p\u0159esahuj\u00edc\u00ed dne\u0161n\u00edch 600 milion\u016f dolar\u016f\u00a0<\/em><em>.<\/em>\u00a0\u201c<\/span><\/p>\n<p><span dir=\"auto\">Wolfgang Munchau, zku\u0161en\u00fd evropsk\u00fd koment\u00e1tor,\u00a0<\/span><a title=\"\" href=\"https:\/\/www.conflictsforum.org\/mailster\/5623\/97189261f027671934716f31a7ad0ae6\/aHR0cHM6Ly91bmhlcmQuY29tLzIwMjYvMDEvd2h5LXRydW1wLXdpbGwtZ2V0LWdyZWVubGFuZC8\" target=\"_blank\" rel=\"noopener\"><span dir=\"auto\">\u0159\u00edk\u00e1<\/span><\/a><span dir=\"auto\">\u00a0\u00a0: \u201e\u00a0<\/span><em><span dir=\"auto\">Zd\u011b\u0161en\u00ed evrop\u0161t\u00ed p\u0159edstavitel\u00e9 ozna\u010duj\u00ed Trump\u016fv usp\u011bchan\u00fd pokus o anexi suver\u00e9nn\u00edho d\u00e1nsk\u00e9ho \u00fazem\u00ed za \u201a\u0161\u00edlen\u00fd\u2018 a \u201anezp\u016fsobil\u00fd\u2018, p\u0159em\u00fd\u0161lej\u00ed, zda po sv\u00e9m dobrodru\u017estv\u00ed s Venezuelou nen\u00ed chycen ve sv\u00e9m \u201av\u00e1le\u010dn\u00e9m re\u017eimu\u2018 \u2013 a tvrd\u00ed, \u017ee si zaslou\u017e\u00ed nejsiln\u011bj\u0161\u00ed reakci Evropy na to, co mnoz\u00ed vn\u00edmaj\u00ed jako jasn\u00fd a nevyprovokovan\u00fd \u00fatok na jej\u00ed spojence za Atlantikem\u00a0<\/span><\/em><span dir=\"auto\"><em>.<\/em>\u00a0\u201c<\/span><\/p>\n<p><span dir=\"auto\">Bruselsk\u00fd \u00fa\u0159edn\u00edk nazna\u010dil, \u017ee Spojen\u00e9 st\u00e1ty ji\u017e nelze pova\u017eovat za spolehliv\u00e9ho obchodn\u00edho partnera a \u017ee se zem\u011b za Trumpa natolik zm\u011bnila, \u017ee tuto metamorf\u00f3zu je t\u0159eba pova\u017eovat za trvalou.<\/span><\/p>\n<p><span dir=\"auto\">Podle pr\u016fzkum\u016f ve\u0159ejn\u00e9ho m\u00edn\u011bn\u00ed se evropsk\u00e1 podpora Spojen\u00fdch st\u00e1t\u016f vypa\u0159ila: nov\u00fd pr\u016fzkum zve\u0159ejn\u011bn\u00fd v N\u011bmecku ukazuje, \u017ee Spojen\u00fdm st\u00e1t\u016fm nyn\u00ed d\u016fv\u011b\u0159uje m\u00e9n\u011b ne\u017e 17 % Evropan\u016f.<\/span><\/p>\n<p><span dir=\"auto\">Michael McNair v\u0161ak\u00a0<\/span><a title=\"\" href=\"https:\/\/www.conflictsforum.org\/mailster\/5623\/97189261f027671934716f31a7ad0ae6\/aHR0cHM6Ly9tZWRpdW0uY29tL0BtY25haTAwMi90aGUtYnJpZGdlLWF0LXRoZS1jZW50ZXItb2YtdGhlLXBlbnRhZ29uLWQxMDRiNGNmMzI0OA\" target=\"_blank\" rel=\"noopener\"><span dir=\"auto\">tvrd\u00ed<\/span><\/a><span dir=\"auto\">\u00a0, \u017ee to nebyl Lauder, kdo podn\u00edtil p\u0159evzet\u00ed Gr\u00f3nska, ale sp\u00ed\u0161e n\u00e1m\u011bstek ministra obrany pro politick\u00e9 z\u00e1le\u017eitosti Elbridge Colby, kter\u00fd ve sv\u00e9 knize z roku 2021 s n\u00e1zvem \u201e\u00a0<\/span><em><span dir=\"auto\">Strategie<\/span><\/em><span dir=\"auto\">\u00a0pop\u00edr\u00e1n\u00ed: Americk\u00e1 obrana ve v\u011bku velmoc\u00ed\u201c popsal svou vizi tohoto man\u00e9vru.<\/span><\/p>\n<p><a title=\"\" href=\"https:\/\/www.conflictsforum.org\/mailster\/5623\/97189261f027671934716f31a7ad0ae6\/aHR0cHM6Ly9zaW1wbGljaXVzNzYuc3Vic3RhY2suY29tL3AvdGhlLXBzeWNob2xvZ2ljYWwtc3Rha2UtaW4tZ3JlZW5sYW5k\" target=\"_blank\" rel=\"noopener\"><span dir=\"auto\">Colbyho \u00fast\u0159edn\u00edm argumentem<\/span><\/a><span dir=\"auto\">\u00a0je\u00a0, \u017ee strategie USA v 21. stolet\u00ed by m\u011bla usilovat o to, aby zabr\u00e1nila \u010c\u00edn\u011b v dosa\u017een\u00ed hegemonie nad Asi\u00ed. Zbytek Colbyho navrhovan\u00e9ho r\u00e1mce vych\u00e1z\u00ed z tohoto jednoduch\u00e9ho tvrzen\u00ed. Podle McNaira spad\u00e1 zaji\u0161t\u011bn\u00ed z\u00e1padn\u00ed polokoule do tohoto r\u00e1mce: zaji\u0161t\u011bn\u00ed domovsk\u00e9 z\u00e1kladny nen\u00ed\u00a0<\/span><em><span dir=\"auto\">\u00fastupem z Asie,<\/span><\/em><span dir=\"auto\">\u00a0ale p\u0159edpokladem pro udr\u017een\u00ed projekce moci v indicko-pacifick\u00e9m regionu. \u201e\u00a0<\/span><em><span dir=\"auto\">Nem\u016f\u017eete v\u00e9st v\u00e1lku v z\u00e1padn\u00edm Pacifiku, pokud nep\u0159\u00e1tel\u0161t\u00ed akt\u00e9\u0159i ovl\u00e1daj\u00ed va\u0161e ji\u017en\u00ed p\u0159\u00edstupy\u00a0<\/span><\/em><span dir=\"auto\"><em>.<\/em>\u00a0\u201c<\/span><\/p>\n<p><span dir=\"auto\">\u201e\u00a0<\/span><em><span dir=\"auto\">Zam\u011b\u0159en\u00ed se na z\u00e1padn\u00ed polokouli neznamen\u00e1, \u017ee se Spojen\u00e9 st\u00e1ty stahuj\u00ed do izolace. Jde o zaji\u0161t\u011bn\u00ed opera\u010dn\u00ed z\u00e1kladny. Nem\u016f\u017eete v indicko-pacifick\u00e9m regionu projevovat svou moc, pokud nep\u0159\u00e1tel\u0161t\u00ed akt\u00e9\u0159i ovl\u00e1daj\u00ed n\u00e1mo\u0159n\u00ed trasy v Persk\u00e9m z\u00e1livu, v\u00e1\u0161 p\u0159\u00edstup k pr\u016fplavu nebo kritick\u00e9 dodavatelsk\u00e9 \u0159et\u011bzce na va\u0161\u00ed vlastn\u00ed polokouli. Znovupotvrzen\u00ed Monroeovy doktr\u00edny umo\u017e\u0148uje asijskou strategii. Nenahrazuje ji\u00a0<\/span><\/em><span dir=\"auto\"><em>.<\/em>\u00a0\u201c<\/span><\/p>\n<p><span dir=\"auto\">To zjevn\u011b ned\u00e1v\u00e1 moc smysl. \u010c\u00edna (ani Rusko) Gr\u00f3nsko neohro\u017euj\u00ed a Spojen\u00e9 st\u00e1ty ji\u017e maj\u00ed v gr\u00f3nsk\u00e9m vesm\u00edrn\u00e9m st\u0159edisku Pituffik, kde s\u00eddl\u00ed 12. peru\u0165 vesm\u00edrn\u00e9ho varov\u00e1n\u00ed, v\u00fdznamnou z\u00e1kladnu pro raketov\u00fd varovn\u00fd syst\u00e9m. Jak\u00fd dal\u0161\u00ed prosp\u011bch by Spojen\u00e9 st\u00e1ty z\u00edskaly z p\u0159\u00edm\u00e9ho \u201evlastnictv\u00ed\u201c Gr\u00f3nska, kdy\u017e u\u017e maj\u00ed povoleno instalovat tam sv\u00e9 masivn\u00ed radary pro raketov\u00fd varovn\u00fd syst\u00e9m?<\/span><\/p>\n<p><span dir=\"auto\">Je z\u0159ejm\u00e9, \u017ee neexistuje \u017e\u00e1dn\u00e1 bezprost\u0159edn\u00ed a nal\u00e9hav\u00e1 obrann\u00e1 nouze, kter\u00e1 by donutila Spojen\u00e9 st\u00e1ty k anexi Gr\u00f3nska. Nicm\u00e9n\u011b s bl\u00ed\u017e\u00edc\u00edmi se volbami do poloviny volebn\u00edho obdob\u00ed a Trumpov\u00fdm strachem, \u017ee pokud prohraje Sn\u011bmovnu reprezentant\u016f, bude \u201e\u00a0<\/span><em><span dir=\"auto\">konec, konec, konec<\/span><\/em><span dir=\"auto\">\u00a0\u201c (podle jeho vlastn\u00edch slov), by mohl existovat dal\u0161\u00ed politick\u00fd d\u016fvod.<\/span><\/p>\n<p><span dir=\"auto\">Trump v\u011b\u0159\u00ed, \u017ee jeho medi\u00e1ln\u00ed trik s \u00fanosem prezidenta Madura doma dob\u0159e fungoval. \u00dadajn\u011b sv\u00fdm p\u0159\u00edznivc\u016fm \u0159ekl, \u017ee chce p\u0159ed volbami v polovin\u011b volebn\u00edho obdob\u00ed dos\u00e1hnout \u201e\u00a0<\/span><em><span dir=\"auto\">v\u00fdznamn\u00fdch<\/span><\/em><span dir=\"auto\">\u00a0\u201c politick\u00fdch v\u00edt\u011bzstv\u00ed .<\/span><\/p>\n<p><span dir=\"auto\">\u201e\u00a0<\/span><em><span dir=\"auto\">Pokud by se Trumpovi poda\u0159ilo koupit Gr\u00f3nsko, t\u00e9m\u011b\u0159 jist\u011b by si zajistil m\u00edsto v americk\u00fdch i sv\u011btov\u00fdch d\u011bjin\u00e1ch\u2026 Gr\u00f3nsko se rozkl\u00e1d\u00e1 na plo\u0161e p\u0159ibli\u017en\u011b 2,17 milionu kilometr\u016f \u010dtvere\u010dn\u00edch, co\u017e je jeho rozloha srovnateln\u00e1 s celou koup\u00ed Louisiany z roku 1803 a v\u011bt\u0161\u00ed ne\u017e koup\u00ed Alja\u0161ky z roku 1867. Pokud by se tato oblast p\u0159idala k dne\u0161n\u00edm Spojen\u00fdm st\u00e1t\u016fm, celkov\u00e1 rozloha Spojen\u00fdch st\u00e1t\u016f by p\u0159ekro\u010dila rozlohu Kanady, co\u017e by Spojen\u00e9 st\u00e1ty \u0159adilo co do \u00fazemn\u00ed rozlohy na druh\u00e9 m\u00edsto hned za Rusko. V syst\u00e9mu, kde st\u00e1le z\u00e1le\u017e\u00ed na velikosti, zdroj\u00edch a strategick\u00e9 hloubce, by takov\u00e1 zm\u011bna byla celosv\u011btov\u011b interpretov\u00e1na jako potvrzen\u00ed trval\u00e9 americk\u00e9 moci\u00a0<\/span><\/em><em><span dir=\"auto\">,<\/span><\/em>\u00a0<span dir=\"auto\">\u201c\u00a0<\/span><a title=\"\" href=\"https:\/\/www.conflictsforum.org\/mailster\/5623\/97189261f027671934716f31a7ad0ae6\/aHR0cHM6Ly93d3cucnQuY29tL25ld3MvNjMxMTA0LXVzLXRydW1wLWhpc3RvcnktZ3JlZW5sYW5kLw\" target=\"_blank\" rel=\"noopener\"><span dir=\"auto\">poznamen\u00e1v\u00e1<\/span><\/a><span dir=\"auto\">\u00a0jeden koment\u00e1tor.<\/span><\/p>\n<p><span dir=\"auto\">To by asi bylo dob\u0159e p\u0159ijato.<\/span><\/p>\n<p><span dir=\"auto\">Munchau\u00a0v\u0161ak\u00a0<\/span><a title=\"\" href=\"https:\/\/www.conflictsforum.org\/mailster\/5623\/97189261f027671934716f31a7ad0ae6\/aHR0cHM6Ly91bmhlcmQuY29tLzIwMjYvMDEvd2h5LXRydW1wLXdpbGwtZ2V0LWdyZWVubGFuZC8\/2\" target=\"_blank\" rel=\"noopener\"><span dir=\"auto\">poznamen\u00e1v\u00e1 :<\/span><\/a><\/p>\n<p><span dir=\"auto\">\u201e[\u017de]\u00a0<\/span><em><span dir=\"auto\">se Evropan\u00e9 kone\u010dn\u011b probudili a tentokr\u00e1t jsou skute\u010dn\u011b na\u0161tvan\u00ed a hlasit\u011b po\u017eaduj\u00ed vyd\u00e1n\u00ed tiskov\u00fdch zpr\u00e1v odsuzuj\u00edc\u00edch Trumpa. Sly\u0161\u00edm koment\u00e1tory, kte\u0159\u00ed nal\u00e9haj\u00ed na EU, aby pou\u017eila protin\u00e1tlakov\u00fd n\u00e1stroj, pr\u00e1vn\u00ed n\u00e1stroj, kter\u00fd vstoupil v platnost p\u0159ed dv\u011bma lety, k potla\u010den\u00ed ekonomick\u00e9ho tlaku vyv\u00edjen\u00e9ho jej\u00edmi protivn\u00edky. Trvaj\u00ed na tom, \u017ee EU je siln\u011bj\u0161\u00ed, ne\u017e si mysl\u00ed. Nen\u00ed to snad nejv\u011bt\u0161\u00ed jednotn\u00fd trh a nejv\u011bt\u0161\u00ed celn\u00ed unie na sv\u011bt\u011b? A pova\u017euje se za regula\u010dn\u00ed supervelmoc\u00a0<\/span><\/em><span dir=\"auto\"><em>.<\/em>\u00a0\u201c<\/span><\/p>\n<p><span dir=\"auto\">B\u011bhem v\u00edkendu Trump ozn\u00e1mil dodate\u010dn\u00e1 cla ve v\u00fd\u0161i 10 % po\u010d\u00ednaje 1. \u00fanorem, kter\u00e1 se od 1. \u010dervna zv\u00fd\u0161\u00ed na 25 %, a to na osm evropsk\u00fdch zem\u00ed, kter\u00e9 se br\u00e1n\u00ed snah\u00e1m USA o z\u00edsk\u00e1n\u00ed Gr\u00f3nska. EU p\u0159ipravuje odvetn\u00e1 cla v hodnot\u011b 93 miliard eur, aby Evrop\u011b poskytla prost\u0159edky k reakci. Prezident Macron d\u016frazn\u011b nal\u00e9h\u00e1 na EU, aby aktivovala sv\u016fj n\u00e1stroj proti n\u00e1tlaku.<\/span><\/p>\n<p><span dir=\"auto\">Evrop\u0161t\u00ed p\u0159edstavitel\u00e9 tak\u00e9 diskutuj\u00ed o \u201ediskr\u00e9tn\u011b\u201c \u201ecitliv\u00fdch mo\u017enostech\u201c, v\u010detn\u011b odstran\u011bn\u00ed americk\u00fdch z\u00e1kladen v Evrop\u011b, kter\u00e9 Spojen\u00fdm st\u00e1t\u016fm umo\u017e\u0148uj\u00ed prom\u00edtat s\u00edlu v kl\u00ed\u010dov\u00fdch opera\u010dn\u00edch s\u00e1lech, zejm\u00e9na na Bl\u00edzk\u00e9m v\u00fdchod\u011b.<\/span><\/p>\n<p><span dir=\"auto\">\u201e\u00a0<\/span><em><span dir=\"auto\">Lze jasn\u011b vymezit osm zem\u00ed, na kter\u00e9 se Donald Trump zam\u011b\u0159il sv\u00fdmi sank\u010dn\u00edmi 10% cly: D\u00e1nsko, Norsko, \u0160v\u00e9dsko, Finsko, Spojen\u00e9 kr\u00e1lovstv\u00ed, N\u011bmecko, Francie a Nizozemsko. Liber\u00e1ln\u00ed severoz\u00e1padn\u00ed Evropa se sna\u017e\u00ed \u010delit Trumpovu p\u0159evzet\u00ed Gr\u00f3nska. Ale 21 dal\u0161\u00edch \u010dlensk\u00fdch st\u00e1t\u016f sankce uvaleny nebylo<\/span><\/em><span dir=\"auto\">\u00a0,\u201c poznamen\u00e1v\u00e1 Munchau.<\/span><\/p>\n<p><span dir=\"auto\">\u201e\u00a0<\/span><em><span dir=\"auto\">Rozejde se Meloni s prezidentem kv\u016fli odlehl\u00e9mu a bezv\u00fdznamn\u00e9mu kusu zem\u011b, kter\u00fd je irelevantn\u00ed pro bezpe\u010dnost a ekonomiku It\u00e1lie? Ud\u011bl\u00e1 tot\u00e9\u017e \u0160pan\u011blsko? Nebo \u0158ecko? Nebo Malta a Kypr? A co v\u00fdchodn\u00ed Evropa? Posp\u011b\u0161\u00ed Viktor Orb\u00e1n, Andrej Babi\u0161 a Robert Fico na pomoc sv\u00fdm liber\u00e1ln\u00edm p\u0159\u00e1tel\u016fm v D\u00e1nsku?<\/span><\/em><span dir=\"auto\">\u00a0\u201c<\/span><\/p>\n<p><span dir=\"auto\">O\u010dek\u00e1van\u00e1 konfrontace dos\u00e1hne sv\u00e9ho vrcholu na Sv\u011btov\u00e9m ekonomick\u00e9m f\u00f3ru v Davosu, kter\u00e9 se kon\u00e1 tento t\u00fdden, kdy dnes (ve st\u0159edu) doraz\u00ed Trump s velkou delegac\u00ed.<\/span><\/p>\n<p><span dir=\"auto\">V Davosu je napl\u00e1nov\u00e1no nejm\u00e9n\u011b jedno setk\u00e1n\u00ed mezi p\u0159edstaviteli EU a NATO a Trumpem. Mohlo by to b\u00fdt bou\u0159liv\u00e9.<\/span><\/p>\n<p><span dir=\"auto\">\u201eVyh\u0159\u00e1t\u00e9\u201c, proto\u017ee zdroj bl\u00edzk\u00fd jedn\u00e1n\u00edm v B\u00edl\u00e9m dom\u011b informuje, \u017ee Trump do Davosu nejde ve sm\u00ed\u0159liv\u00e9 n\u00e1lad\u011b. Naopak, Trump m\u00e1 v \u00famyslu utlumit ambice t\u011bch, kte\u0159\u00ed se tam shrom\u00e1\u017edili a pova\u017euj\u00ed se za obzvl\u00e1\u0161t\u011b d\u016fle\u017eit\u00e9. Mnoz\u00ed v publiku budou zd\u011b\u0161eni, a\u017e si globalist\u00e9, kte\u0159\u00ed tvo\u0159\u00ed v\u011bt\u0161inu na shrom\u00e1\u017ed\u011bn\u00ed WEF, za\u010dnou uv\u011bdomovat, co Trump uv\u00e1d\u00ed do pohybu.<\/span><\/p>\n<p><span dir=\"auto\">Trump v podstat\u011b zav\u00e1d\u00ed zcela novou strukturu pro glob\u00e1ln\u00ed partnerstv\u00ed, kter\u00e1 pravd\u011bpodobn\u011b povede k funk\u010dn\u00edmu zastar\u00e1v\u00e1n\u00ed Organizace spojen\u00fdch n\u00e1rod\u016f. Vyb\u00edr\u00e1 sv\u011btov\u00e9 v\u016fdce t\u00edm, \u017ee je zve do \u201eSv\u011btov\u00e9 m\u00edrov\u00e9 rady\u201c, p\u0159i\u010dem\u017e Gaza je pouze prvn\u00edm m\u00edstem setk\u00e1n\u00ed.<\/span><\/p>\n<p><span dir=\"auto\">Jedn\u00edm z kl\u00ed\u010dov\u00fdch aspekt\u016f, poznamen\u00e1v\u00e1 bystr\u00fd pozorovatel v B\u00edl\u00e9m dom\u011b, je to, \u017ee v tomto nov\u00e9m Sv\u011btov\u00e9m shrom\u00e1\u017ed\u011bn\u00ed ka\u017ed\u00fd zaplat\u00ed sv\u016fj pod\u00edl. \u201e\u00a0<\/span><em><span dir=\"auto\">Tentokr\u00e1t \u017e\u00e1dn\u00ed nabour\u00e1va\u010di. Chcete sed\u011bt u velk\u00e9ho stolu, p\u0159ipojit se k velk\u00e9mu klubu suverenity, setkat se s vz\u00e1jemn\u011b respektuj\u00edc\u00edm ak\u010dn\u00edm t\u00fdmem? Pak zaplat\u00edte vstupn\u00e9, abyste se mohli z\u00fa\u010dastnit<\/span><\/em><span dir=\"auto\">\u00a0.\u201c<\/span><\/p>\n<p><span dir=\"auto\">N\u011bkte\u0159\u00ed, ale ne v\u0161ichni, v Evrop\u011b vyjad\u0159uj\u00ed sv\u016fj hn\u011bv a mluv\u00ed o \u201eodporu\u201c, ale \u201e\u00a0<\/span><em><span dir=\"auto\">pravdou je, \u017ee Evropan\u00e9 se o Gr\u00f3nsko nikdy doopravdy nestarali. Bylo to prvn\u00ed zem\u011b, kter\u00e1 opustila EU \u2013 v roce 1985 \u2013 dlouho p\u0159ed brexitem. Je to ryb\u00e1\u0159sk\u00fd n\u00e1rod; ryby tvo\u0159\u00ed v\u00edce ne\u017e 90 % jeho exportu. A ode\u0161lo, proto\u017ee ryb\u00e1\u0159sk\u00e1 politika EU by ho p\u0159ipravila o pr\u00e1vo spravovat sv\u00e9 vlastn\u00ed populace.\u00a0<\/span><\/em><em><span dir=\"auto\">Gr\u00f3nsko mohlo pat\u0159it EU, kdyby si ho skute\u010dn\u011b cht\u011blo ponechat<\/span><\/em><span dir=\"auto\">\u00a0,\u201c p\u00ed\u0161e Munchau.<\/span><\/p>\n<p><span dir=\"auto\">M\u00e1 Evropa v\u016fli nebo prost\u0159edky k tomu, aby se postavila Trumpovi? Ne, nem\u00e1. Jsou to Spojen\u00e9 st\u00e1ty, nikoli Evropa, kdo vlastn\u00ed \u201eobchodn\u00ed bazuku\u201c: Evropa se v\u011bdom\u011b rozhodla (v r\u00e1mci ukrajinsk\u00e9ho projektu) st\u00e1t se z 60 % energeticky z\u00e1vislou na americk\u00e9m zkapaln\u011bn\u00e9m zemn\u00edm plynu. EU pod z\u00e1\u0161titou NATO z\u016fst\u00e1v\u00e1 pos\u00e1dkov\u00fdm st\u00e1tem Spojen\u00fdch st\u00e1t\u016f s v\u00fdznamn\u00fdmi americk\u00fdmi z\u00e1kladnami v Nizozemsku, N\u011bmecku, \u0160pan\u011blsku, It\u00e1lii, Polsku, Belgii, Portugalsku, \u0158ecku a Norsku. Bez americk\u00e9ho bezpe\u010dnostn\u00edho de\u0161tn\u00edku se jadern\u00fd odstra\u0161uj\u00edc\u00ed potenci\u00e1l EU hrout\u00ed. Bez Spojen\u00fdch st\u00e1t\u016f je s P\u011bti o\u010d\u00ed konec. (Posun Kanady na v\u00fdchod mo\u017en\u00e1 ji\u017e zah\u00e1jil rozpad NATO. Zmizen\u00ed P\u011bti o\u010d\u00ed by se mohlo uk\u00e1zat jako mnohem v\u00e1\u017en\u011bj\u0161\u00ed ne\u017e konec NATO.)<\/span><\/p>\n<p><span dir=\"auto\">Evropsk\u00e9 metropole\u00a0<\/span><a title=\"\" href=\"https:\/\/www.conflictsforum.org\/mailster\/5623\/97189261f027671934716f31a7ad0ae6\/aHR0cHM6Ly93d3cud2FzaGluZ3RvbnBvc3QuY29tL3dvcmxkLzIwMjYvMDEvMjEvdHJ1bXAtZ3JlZW5sYW5kLWV1cm9wZS1hbGxpZXMtbmF0by8\" target=\"_blank\" rel=\"noopener\"><span dir=\"auto\">\u00fadajn\u011b pracuj\u00ed<\/span><\/a><span dir=\"auto\">\u00a0na pl\u00e1nu, jak donutit Trumpa, aby upustil od sv\u00fdch po\u017eadavk\u016f na odebr\u00e1n\u00ed Gr\u00f3nska od D\u00e1nska. Nebo sp\u00ed\u0161e vyv\u00edjej\u00ed n\u011bkolik r\u016fzn\u00fdch pl\u00e1n\u016f a vrhaj\u00ed v\u0161e, co maj\u00ed, na ka\u017ed\u00e9ho, kdo by je mohl poslouchat, co\u017e p\u0159i\u017eivuje siln\u00e1 podez\u0159en\u00ed, \u017ee nemluv\u00ed jednotn\u011b a \u017ee ch\u00e1pou slabinu Evropy.<\/span><\/p>\n<p><span dir=\"auto\">Hlavn\u00edm rizikem, jak p\u0159ipou\u0161t\u011bj\u00ed n\u011bkte\u0159\u00ed evrop\u0161t\u00ed p\u0159edstavitel\u00e9, je, \u017ee tyto p\u0159\u00edm\u00e9 v\u00fdzvy v\u016f\u010di Spojen\u00fdm st\u00e1t\u016fm by mohly rychle eskalovat v \u00fapln\u00fd kolaps transatlantick\u00fdch vztah\u016f, co\u017e by mohlo v\u00e9st a\u017e k z\u00e1niku NATO. Jin\u00ed tvrd\u00ed, \u017ee aliance se pod Trumpem st\u00e1v\u00e1 st\u00e1le\u00a0<\/span><a title=\"\" href=\"https:\/\/www.conflictsforum.org\/mailster\/5623\/97189261f027671934716f31a7ad0ae6\/aHR0cHM6Ly93d3cucG9saXRpY28uY29tL25ld3MvMjAyNS8xMi8wOS90cnVtcC1kYXNoYS1idXJucy1pbnRlcnZpZXctZXVyb3BlLWltbWlncmF0aW9uLXVrcmFpbmUtMDA2ODIwMTY\" target=\"_blank\" rel=\"noopener\"><span dir=\"auto\">toxi\u010dt\u011bj\u0161\u00ed<\/span><\/a><span dir=\"auto\">\u00a0a \u017ee Evropa se mus\u00ed posunout d\u00e1l.<\/span><\/p>\n<p><span dir=\"auto\">Ale v z\u00e1kulis\u00ed, jak tomu v posledn\u00ed dob\u011b b\u00fdv\u00e1 v z\u00e1padn\u00ed Evrop\u011b, se skr\u00fdv\u00e1 \u201eukrajinsk\u00fd projekt\u201c. Evrop\u0161t\u00ed \u010dlenov\u00e9 \u201ekoalice ochotn\u00fdch\u201c jsou i nad\u00e1le odhodl\u00e1ni donutit Trumpa akceptovat, \u017ee americk\u00e9 vojensk\u00e9 s\u00edly podporuj\u00ed evropsk\u00e9 bezpe\u010dnostn\u00ed z\u00e1ruky (v nepravd\u011bpodobn\u00e9m p\u0159\u00edpad\u011b, \u017ee by na Ukrajin\u011b vstoupilo v platnost p\u0159\u00edm\u011b\u0159\u00ed).<\/span><\/p>\n<p><span dir=\"auto\">Jak\u00fd bude v\u00fdsledek gr\u00f3nsk\u00e9 af\u00e9ry? Trump \u201ezabere\u201c Gr\u00f3nsko. Z dlouhodob\u00e9ho hlediska by to mohlo v\u00e9st k rozpadu Evropy a k zaveden\u00ed individu\u00e1ln\u00ed obrann\u00e9 politiky n\u011bkter\u00fdmi evropsk\u00fdmi st\u00e1ty. Evropsk\u00e9 elity se v\u0161ak budou v\u00edce zaj\u00edmat o zachov\u00e1n\u00ed NATO a zd\u00e1n\u00ed \u201espojenc\u016f\u201c Spojen\u00fdch st\u00e1t\u016f ne\u017e o \u201ez\u00e1chranu Gr\u00f3nska\u201c.<\/span><\/p>\n<p><a href=\"https:\/\/strategic-culture.su\/news\/2026\/01\/26\/what-may-be-the-greenland-endgame\/\"><span dir=\"auto\">Alastair Crooke<\/span><\/a><\/p>\n<p>&nbsp;<\/p>\n","protected":false},"excerpt":{"rendered":"<p>Jak\u00fd bude kone\u010dn\u00fd v\u00fdsledek pro Gr\u00f3nsko? Trump Gr\u00f3nsko \u201ezabere\u201c. V pond\u011bl\u00ed, kdy\u017e se prezidenta Trumpa&#8230;<\/p>\n","protected":false},"author":2,"featured_media":98184,"comment_status":"closed","ping_status":"closed","sticky":false,"template":"","format":"standard","meta":[],"categories":[7],"tags":[1042,3484,39,37],"_links":{"self":[{"href":"https:\/\/www.infokuryr.cz\/n\/wp-json\/wp\/v2\/posts\/98183"}],"collection":[{"href":"https:\/\/www.infokuryr.cz\/n\/wp-json\/wp\/v2\/posts"}],"about":[{"href":"https:\/\/www.infokuryr.cz\/n\/wp-json\/wp\/v2\/types\/post"}],"author":[{"embeddable":true,"href":"https:\/\/www.infokuryr.cz\/n\/wp-json\/wp\/v2\/users\/2"}],"replies":[{"embeddable":true,"href":"https:\/\/www.infokuryr.cz\/n\/wp-json\/wp\/v2\/comments?post=98183"}],"version-history":[{"count":0,"href":"https:\/\/www.infokuryr.cz\/n\/wp-json\/wp\/v2\/posts\/98183\/revisions"}],"wp:featuredmedia":[{"embeddable":true,"href":"https:\/\/www.infokuryr.cz\/n\/wp-json\/wp\/v2\/media\/98184"}],"wp:attachment":[{"href":"https:\/\/www.infokuryr.cz\/n\/wp-json\/wp\/v2\/media?parent=98183"}],"wp:term":[{"taxonomy":"category","embeddable":true,"href":"https:\/\/www.infokuryr.cz\/n\/wp-json\/wp\/v2\/categories?post=98183"},{"taxonomy":"post_tag","embeddable":true,"href":"https:\/\/www.infokuryr.cz\/n\/wp-json\/wp\/v2\/tags?post=98183"}],"curies":[{"name":"wp","href":"https:\/\/api.w.org\/{rel}","templated":true}]}}