{"id":98181,"date":"2026-01-30T00:38:54","date_gmt":"2026-01-29T23:38:54","guid":{"rendered":"https:\/\/www.infokuryr.cz\/n\/?p=98181"},"modified":"2026-01-29T19:17:24","modified_gmt":"2026-01-29T18:17:24","slug":"izrael-zrizuje-v-jizni-gaze-koncentracni-tabor-aby-mohl-vyhnat-palestince","status":"publish","type":"post","link":"https:\/\/www.infokuryr.cz\/n\/2026\/01\/30\/izrael-zrizuje-v-jizni-gaze-koncentracni-tabor-aby-mohl-vyhnat-palestince\/","title":{"rendered":"Izrael z\u0159izuje v ji\u017en\u00ed Gaze koncentra\u010dn\u00ed t\u00e1bor, aby mohl vyhnat Palestince"},"content":{"rendered":"<div id=\"fb-root\"><\/div>\n<p><strong><span dir=\"auto\">Tento p\u0159\u00edsn\u011b st\u0159e\u017een\u00fd t\u00e1bor bude ubytov\u00e1vat Palestince, kte\u0159\u00ed si po otev\u0159en\u00ed kontroln\u00edho stanovi\u0161t\u011b Raf\u00e1h \u201ep\u0159\u00e1li opustit\u201c Gazu.<\/span><\/strong><\/p>\n<p><span dir=\"auto\">Izrael vy\u010distil \u00fazem\u00ed v ji\u017en\u00ed Gaze, aby tam mohl vybudovat p\u0159\u00edsn\u011b st\u0159e\u017een\u00fd koncentra\u010dn\u00ed t\u00e1bor pro Palestince s c\u00edlem jejich vyhn\u00e1n\u00ed z p\u00e1sma Gazy,\u00a0<\/span><a title=\"\" href=\"https:\/\/www.reuters.com\/world\/middle-east\/israel-plans-large-camp-palestinians-southern-gaza-retired-general-says-2026-01-27\/\" target=\"_blank\" rel=\"noopener\"><span dir=\"auto\">informovala<\/span><\/a>\u00a0<span dir=\"auto\">28. ledna\u00a0<\/span><em><span dir=\"auto\">agentura Reuters s odvol\u00e1n\u00edm na izraelsk\u00e9ho arm\u00e1dn\u00edho poradce ve v\u00fdslu\u017eb\u011b.<\/span><\/em><\/p>\n<p><span dir=\"auto\">Brig\u00e1dn\u00ed gener\u00e1l ve v\u00fdslu\u017eb\u011b Amir Avivi v rozhovoru pro tiskovou agenturu uvedl, \u017ee t\u00e1bor se stav\u00ed v oblasti Rafahu zni\u010den\u00e9 izraelsk\u00fdm bombardov\u00e1n\u00edm a jej\u00ed\u017e ruiny byly odklizeny buldozery.<\/span><\/p>\n<p><span dir=\"auto\">\u201e\u00a0<\/span><em><span dir=\"auto\">Avivi \u0159\u00edk\u00e1, \u017ee t\u00e1bor bude slou\u017eit k ubytov\u00e1n\u00ed Palestinc\u016f, kte\u0159\u00ed cht\u011bj\u00ed opustit Gazu a odej\u00edt do Egypta, a t\u011bch, kte\u0159\u00ed cht\u011bj\u00ed z\u016fstat<\/span><\/em><span dir=\"auto\">\u00a0,\u201c napsala\u00a0<\/span><em><span dir=\"auto\">agentura Reuters<\/span><\/em><span dir=\"auto\">\u00a0.<\/span><\/p>\n<p><span dir=\"auto\">Avivi nemluv\u00ed jm\u00e9nem izraelsk\u00e9 arm\u00e1dy. Jeho hlas m\u00e1 v\u0161ak v\u00e1hu kv\u016fli jeho vedouc\u00ed roli p\u0159i zalo\u017een\u00ed Izraelsk\u00e9ho f\u00f3ra pro obranu a bezpe\u010dnost, skupiny zastupuj\u00edc\u00ed tis\u00edce izraelsk\u00fdch vojensk\u00fdch z\u00e1lo\u017en\u00edk\u016f.<\/span><\/p>\n<p><span dir=\"auto\">Aviviho koment\u00e1\u0159e p\u0159ich\u00e1zej\u00ed v dob\u011b, kdy se Izrael p\u0159ipravuje na \u201e\u00a0<\/span><em><span dir=\"auto\">omezen\u00e9 znovuotev\u0159en\u00ed<\/span><\/em><span dir=\"auto\">\u00a0\u201c hrani\u010dn\u00edho p\u0159echodu Raf\u00e1h mezi Gazou a Egyptem v r\u00e1mci 20bodov\u00e9ho pl\u00e1nu americk\u00e9ho prezidenta Trumpa pro p\u00e1smo Gazy.<\/span><\/p>\n<p><em><span dir=\"auto\">Agentura Reuters<\/span><\/em>\u00a0<span dir=\"auto\">za\u010d\u00e1tkem tohoto m\u011bs\u00edce\u00a0<\/span><a title=\"\" href=\"https:\/\/www.reuters.com\/world\/middle-east\/israel-aims-ensure-more-palestinians-are-let-out-gaza-than-back-2026-01-23\/\" target=\"_blank\" rel=\"noopener\"><span dir=\"auto\">informovala , \u017ee \u201e\u00a0<\/span><\/a><em><span dir=\"auto\">Izrael chce zajistit, aby po\u010det Palestinc\u016f opou\u0161t\u011bj\u00edc\u00edch Gazu byl vy\u0161\u0161\u00ed ne\u017e po\u010det lid\u00ed, kter\u00fdm je povolen vstup<\/span><\/em><span dir=\"auto\">\u00a0.\u201c<\/span><\/p>\n<p><span dir=\"auto\">Ihned pot\u00e9, co Izrael v \u0159\u00edjnu 2023 zah\u00e1jil bombardov\u00e1n\u00ed a invazi do Gazy, izraelsk\u00e9 ministerstvo zpravodajsk\u00fdch slu\u017eeb\u00a0<\/span><a title=\"\" href=\"https:\/\/thecradle.co\/articles\/leaked-israeli-plan-to-ethnically-cleanse-gaza\" target=\"_blank\" rel=\"noopener\"><span dir=\"auto\">navrhlo<\/span><\/a><span dir=\"auto\">\u00a0pod z\u00e1minkou humanit\u00e1rn\u00edch obav vyhnat 2,3 milionu Palestinc\u016f z Gazy.<\/span><\/p>\n<p><span dir=\"auto\">Od t\u00e9 doby Izrael systematicky ni\u010d\u00ed Gazu, \u010d\u00edm\u017e tento p\u00e1s zem\u011b \u010din\u00ed neobyvateln\u00fdm a Palestinc\u016fm nezb\u00fdv\u00e1 nic jin\u00e9ho ne\u017e opustit sv\u00e9 zni\u010den\u00e9 domovy a odej\u00edt do Egypta a d\u00e1le, pokud jim to bude dovoleno.<\/span><\/p>\n<p><span dir=\"auto\">Izraelsk\u00fd ministr financ\u00ed Becalel Smotrich a ministr n\u00e1rodn\u00ed bezpe\u010dnosti Itamar Ben Gvir prosazuj\u00ed anexi Gazy za \u00fa\u010delem vybudov\u00e1n\u00ed osad pro \u017eidovsk\u00e9 Izraelce na zabaven\u00e9 palestinsk\u00e9 p\u016fd\u011b.<\/span><\/p>\n<p><span dir=\"auto\">Brig\u00e1dn\u00ed gener\u00e1l Avivi uvedl, \u017ee v sou\u010dasn\u00e9 dob\u011b \u201e\u00a0<\/span><em><span dir=\"auto\">v Raf\u00e1hu prakticky ne\u017eij\u00ed \u017e\u00e1dn\u00ed obyvatel\u00e9 Gazy<\/span><\/em><span dir=\"auto\">\u00a0\u201c, kter\u00fd z\u016fstal pod plnou izraelskou kontrolou i po p\u0159\u00edm\u011b\u0159\u00ed, kter\u00e9 vstoupilo v platnost v \u0159\u00edjnu 2025.<\/span><\/p>\n<p><span dir=\"auto\">V\u011bt\u0161ina Palestinc\u016f v Gaze byla nucena uch\u00fdlit se na p\u0159ibli\u017en\u011b 47 % \u00fazem\u00ed Gazy, kter\u00e9 nen\u00ed pod p\u0159\u00edmou izraelskou kontrolou, kde v\u011bt\u0161inou \u017eij\u00ed v provizorn\u00edch stanech, v ot\u0159esn\u00fdch podm\u00ednk\u00e1ch a za chladn\u00fdch zimn\u00edch de\u0161\u0165\u016f.<\/span><\/p>\n<p><span dir=\"auto\">\u201e\u00a0<\/span><em><span dir=\"auto\">Mus\u00edme v Raf\u00e1hu vybudovat infrastrukturu, kter\u00e1 je bude schopna p\u0159ijmout, a pak si budou moci vybrat, zda cht\u011bj\u00ed odej\u00edt, nebo ne<\/span><\/em><span dir=\"auto\">\u00a0,\u201c \u0159ekl Avivi.<\/span><\/p>\n<p><span dir=\"auto\">Dodal, \u017ee tato struktura bude pravd\u011bpodobn\u011b \u201e\u00a0<\/span><em><span dir=\"auto\">velk\u00fdm organizovan\u00fdm t\u00e1borem<\/span><\/em><span dir=\"auto\">\u00a0\u201c, jeho\u017e vjezdy a v\u00fdchody budou monitorov\u00e1ny a kontrolov\u00e1ny na izraelsk\u00fdch kontroln\u00edch stanovi\u0161t\u00edch pomoc\u00ed biometrick\u00e9ho rozpozn\u00e1v\u00e1n\u00ed obli\u010deje.<\/span><\/p>\n<p><span dir=\"auto\">Avivi dodal, \u017ee izraelsk\u00e1 arm\u00e1da se pod z\u00e1minkou odzbrojen\u00ed Ham\u00e1su p\u0159ipravuje na novou vojenskou ofenzivu, v\u010detn\u011b obnoven\u00ed \u00fatok\u016f na m\u011bsto Gaza.<\/span><\/p>\n<p><span dir=\"auto\">Koncentra\u010dn\u00ed t\u00e1bor vybudovan\u00fd v Raf\u00e1hu by mohl b\u00fdt pou\u017eit k ubytov\u00e1n\u00ed Palestinc\u016f prchaj\u00edc\u00edch p\u0159ed novou izraelskou ofenzivou, dodal Avivi.<\/span><\/p>\n<p><span dir=\"auto\">\u201e\u00a0<\/span><em><span dir=\"auto\">Pl\u00e1ny jsou p\u0159ipraven\u00e9. Arm\u00e1da \u010dek\u00e1 na rozkaz vl\u00e1dy a kabinetu k obnoven\u00ed man\u00e9vr\u016f v Gaze<\/span><\/em><span dir=\"auto\">\u00a0,\u201c \u0159ekl Avivi.<\/span><\/p>\n<p><span dir=\"auto\">Izraelsk\u00e9 \u00fatoky od uzav\u0159en\u00ed p\u0159\u00edm\u011b\u0159\u00ed zabily v Gaze v\u00edce ne\u017e 480 Palestinc\u016f, zat\u00edmco od za\u010d\u00e1tku genocidy Izrael zabil nejm\u00e9n\u011b 71 000 lid\u00ed, uv\u00e1d\u011bj\u00ed zdravotnick\u00e9 \u00fa\u0159ady v Gaze.<\/span><\/p>\n<p><span dir=\"auto\">Jin\u00e9 odhady v\u0161ak nazna\u010duj\u00ed, \u017ee byly zabity statis\u00edce Palestinc\u016f.<\/span><\/p>\n<p><a title=\"\" href=\"https:\/\/www.aljazeera.com\/news\/2026\/1\/27\/gazas-unequal-dead-10000-palestinians-under-rubble-one-israeli-captive\" target=\"_blank\" rel=\"noopener\"><span dir=\"auto\">Podle<\/span><\/a><span dir=\"auto\">\u00a0N\u00e1rodn\u00edho v\u00fdboru pro poh\u0159e\u0161ovan\u00e9 osoby \u201e\u00a0<\/span><em><span dir=\"auto\">je pod troskami Gazy st\u00e1le poh\u0159beno v\u00edce ne\u017e 10 000 Palestinc\u016f, kte\u0159\u00ed se v tichosti rozkl\u00e1daj\u00ed, zbaveni poh\u0159bu a identity<\/span><\/em><span dir=\"auto\">\u00a0.\u201c<\/span><\/p>\n<p><span style=\"font-size: 10pt;\"><a href=\"https:\/\/thecradle.co\/articles\/israel-prepares-concentration-camp-in-south-gaza-amid-efforts-to-expel-palestinians\">ZDROJ<\/a><\/span><\/p>\n<p>&nbsp;<\/p>\n","protected":false},"excerpt":{"rendered":"<p>Tento p\u0159\u00edsn\u011b st\u0159e\u017een\u00fd t\u00e1bor bude ubytov\u00e1vat Palestince, kte\u0159\u00ed si po otev\u0159en\u00ed kontroln\u00edho stanovi\u0161t\u011b Raf\u00e1h \u201ep\u0159\u00e1li&#8230;<\/p>\n","protected":false},"author":2,"featured_media":98182,"comment_status":"closed","ping_status":"closed","sticky":false,"template":"","format":"standard","meta":[],"categories":[7],"tags":[107,999,313],"_links":{"self":[{"href":"https:\/\/www.infokuryr.cz\/n\/wp-json\/wp\/v2\/posts\/98181"}],"collection":[{"href":"https:\/\/www.infokuryr.cz\/n\/wp-json\/wp\/v2\/posts"}],"about":[{"href":"https:\/\/www.infokuryr.cz\/n\/wp-json\/wp\/v2\/types\/post"}],"author":[{"embeddable":true,"href":"https:\/\/www.infokuryr.cz\/n\/wp-json\/wp\/v2\/users\/2"}],"replies":[{"embeddable":true,"href":"https:\/\/www.infokuryr.cz\/n\/wp-json\/wp\/v2\/comments?post=98181"}],"version-history":[{"count":0,"href":"https:\/\/www.infokuryr.cz\/n\/wp-json\/wp\/v2\/posts\/98181\/revisions"}],"wp:featuredmedia":[{"embeddable":true,"href":"https:\/\/www.infokuryr.cz\/n\/wp-json\/wp\/v2\/media\/98182"}],"wp:attachment":[{"href":"https:\/\/www.infokuryr.cz\/n\/wp-json\/wp\/v2\/media?parent=98181"}],"wp:term":[{"taxonomy":"category","embeddable":true,"href":"https:\/\/www.infokuryr.cz\/n\/wp-json\/wp\/v2\/categories?post=98181"},{"taxonomy":"post_tag","embeddable":true,"href":"https:\/\/www.infokuryr.cz\/n\/wp-json\/wp\/v2\/tags?post=98181"}],"curies":[{"name":"wp","href":"https:\/\/api.w.org\/{rel}","templated":true}]}}