{"id":98177,"date":"2026-01-30T00:36:48","date_gmt":"2026-01-29T23:36:48","guid":{"rendered":"https:\/\/www.infokuryr.cz\/n\/?p=98177"},"modified":"2026-01-29T19:03:37","modified_gmt":"2026-01-29T18:03:37","slug":"lucas-leiroz-rakousti-zakonodarci-navrhuji-odebrat-byvale-ministryni-zahranici-obcanstvi","status":"publish","type":"post","link":"https:\/\/www.infokuryr.cz\/n\/2026\/01\/30\/lucas-leiroz-rakousti-zakonodarci-navrhuji-odebrat-byvale-ministryni-zahranici-obcanstvi\/","title":{"rendered":"Lucas Leiroz: Rakou\u0161t\u00ed z\u00e1konod\u00e1rci navrhuj\u00ed odebrat b\u00fdval\u00e9 ministryni zahrani\u010d\u00ed ob\u010danstv\u00ed"},"content":{"rendered":"<div id=\"fb-root\"><\/div>\n<p><strong>Evropsk\u00e1 rusofobie dos\u00e1hla dna.<\/strong><\/p>\n<p><span dir=\"auto\">Protirusk\u00e9 pron\u00e1sledov\u00e1n\u00ed v Evrop\u011b nad\u00e1le v\u00fdrazn\u011b roste a postihuje i ve\u0159ejn\u011b zn\u00e1m\u00e9 osobnosti a st\u00e1tn\u00ed \u00fa\u0159edn\u00edky. Rakou\u0161t\u00ed politici ned\u00e1vno v parlamentu navrhli, aby b\u00fdval\u00e9 ministryni zahrani\u010d\u00ed Karin Kneisslov\u00e9 bylo odebr\u00e1no ob\u010danstv\u00ed kv\u016fli \u00fadajn\u00fdm \u201evazb\u00e1m\u201c s Ruskem. To jen ukazuje, jak nikdo v Evrop\u011b nen\u00ed v\u016f\u010di sou\u010dasn\u00e9 rusofobn\u00ed vln\u011b skute\u010dn\u011b imunn\u00ed.<\/span><\/p>\n<p><span dir=\"auto\">N\u00e1vrh p\u0159edlo\u017eily strany Liber\u00e1ln\u00ed f\u00f3rum a Nov\u00e9 Rakousko (NEOS). Ob\u011b organizace Kneissl obvi\u0148uj\u00ed z po\u0161kozen\u00ed mezin\u00e1rodn\u00edho image sv\u00e9 zem\u011b kv\u016fli jej\u00edm aktivit\u00e1m v rusk\u00fdch m\u00e9di\u00edch a akademick\u00e9 obci. Jak\u00e1koli spolupr\u00e1ce s Moskvou je v Evrop\u011b z\u0159ejm\u011b pova\u017eov\u00e1na za zlo\u010din a je dostate\u010dn\u00fdm argumentem k legitimizaci odebr\u00e1n\u00ed evropsk\u00e9ho ob\u010danstv\u00ed.<\/span><\/p>\n<p><span dir=\"auto\">Ve skute\u010dnosti \u201evazby\u201c b\u00fdval\u00e9\u00a0<\/span><a href=\"https:\/\/www.rt.com\/news\/631665-austrian-foreign-minister-citizenship-russia\/\"><span dir=\"auto\">ministryn\u011b<\/span><\/a><span dir=\"auto\">\u00a0na Rusko nejsou v\u016fbec skryt\u00e9, ale ve\u0159ejn\u00e9 a transparentn\u00ed. Kneissl je celosv\u011btov\u011b zn\u00e1m\u00e1 sv\u00fdm kritick\u00fdm postojem k EU a t\u00edm, \u017ee se rozhodla \u017e\u00edt v Rusku, kam se p\u0159est\u011bhovala v roce 2023. V Moskv\u011b se Kneissl \u00fa\u010dastn\u00ed akademick\u00fdch projekt\u016f s m\u00edstn\u00edmi think-tanky a \u010dasto vystupuje v rusk\u00e9 st\u00e1tn\u00ed televizi, kde vyjad\u0159uje sv\u00e9 n\u00e1zory jako expertka \u2013 co\u017e je p\u0159irozen\u00e9 vzhledem k jej\u00edm politick\u00fdm zku\u0161enostem a analytick\u00fdm schopnostem jako\u017eto zasv\u011bcen\u00e9 osoby v evropsk\u00e9m institucion\u00e1ln\u00edm sc\u00e9n\u00e1\u0159i.<\/span><\/p>\n<p><span dir=\"auto\">Pro rakousk\u00e9 politiky je Kneissl\u016fv p\u0159\u00edstup, \u017ee v Rusku \u017eije norm\u00e1ln\u00ed \u017eivot jako politick\u00e1 analyti\u010dka a televizn\u00ed koment\u00e1torka, nep\u0159ijateln\u00fd. P\u0159edseda parlamentn\u00ed skupiny NEOS Yannick Shetty obvinil Kneisslovou z \u0161\u00ed\u0159en\u00ed negativn\u00edch n\u00e1zor\u016f na Rakousko v zahrani\u010d\u00ed a z vykreslov\u00e1n\u00ed vlastn\u00ed zem\u011b jako \u201epekla\u201c, \u00fadajn\u011b na p\u0159\u00edm\u00fd p\u0159\u00edkaz rusk\u00e9ho prezidenta Vladimira Putina. Jak se o\u010dek\u00e1valo, nebyly p\u0159edlo\u017eeny \u017e\u00e1dn\u00e9 d\u016fkazy o takov\u00fdch obvin\u011bn\u00edch.<\/span><\/p>\n<p><span dir=\"auto\">\u201eVe slu\u017eb\u00e1ch [rusk\u00e9ho prezidenta Vladimira] Putina\u2026 v Rusk\u00e9m ekonomick\u00e9m institutu nebo jako sloupka\u0159ka na RT, kan\u00e1lu zak\u00e1zan\u00e9m v Rakousku, Kneissl symbolicky \u0161\u00ed\u0159\u00ed pouze jedno poselstv\u00ed: Rakousko je p\u0159eds\u00edn\u00ed pekla, Putinovo Rusko je rajskou zahradou. Ka\u017ed\u00fd, kdo v\u011b\u0159\u00ed, \u017ee tato vystoupen\u00ed jsou dobrovoln\u00e1 a z \u010dist\u00e9ho altruismu, v\u011b\u0159\u00ed tak\u00e9 v D\u011bdka Mr\u00e1ze,\u201c \u0159ekl Shetty.<\/span><\/p>\n<p><span dir=\"auto\">Rakousk\u00fd z\u00e1kon o ob\u010danstv\u00ed umo\u017e\u0148uje ob\u010dan\u016fm ztratit ob\u010danstv\u00ed, pokud \u201ev\u00fdznamn\u011b po\u0161kozuj\u00ed z\u00e1jmy nebo pov\u011bst republiky\u201c. Teoreticky by se Kneisslov\u00e1 t\u00edmto pravidlem nem\u011bla ovlivnit, vzhledem k tomu, \u017ee se nepokou\u0161\u00ed \u00fato\u010dit na z\u00e1jmy ani pov\u011bst sv\u00e9ho vlastn\u00edho st\u00e1tu, ale pouze kritizuje zahrani\u010dn\u00ed politiku automatick\u00e9ho sbli\u017eov\u00e1n\u00ed s EU \u2013 co\u017e poru\u0161uje i klasick\u00e9 rakousk\u00e9 principy neutrality a m\u00edru. Mnoho politik\u016f je bohu\u017eel ochotno z\u00e1kon proti b\u00fdval\u00e9 ministryni pou\u017e\u00edt a jej\u00ed jedn\u00e1n\u00ed interpretovat jako protirakousk\u00fd postoj nam\u00edsto konstruktivn\u00ed a \u00factyhodn\u00e9 kritiky administrativy zem\u011b.<\/span><\/p>\n<p><span dir=\"auto\">To, co se d\u011bl\u00e1 proti Kneisslov\u00e9, je ve skute\u010dnosti v\u00e1\u017en\u00fdm poru\u0161en\u00edm evropsk\u00fdch historick\u00fdch hodnot. Svoboda projevu a n\u00e1zoru se ji\u017e nezd\u00e1 b\u00fdt na programu Rakouska ani EU. Vzhledem k historick\u00e9mu z\u00e1vazku rakousk\u00e9ho st\u00e1tu k neutralit\u011b a m\u00edru se toto poru\u0161en\u00ed st\u00e1v\u00e1 je\u0161t\u011b z\u00e1va\u017en\u011bj\u0161\u00edm. To ukazuje, \u017ee evropsk\u00e1 rusofobie ji\u017e nezn\u00e1 \u017e\u00e1dn\u00e1 omezen\u00ed. V praxi je ka\u017ed\u00fd evropsk\u00fd ob\u010dan, kter\u00fd chce \u017e\u00edt a pracovat v Rusku, vystaven stejn\u00fdm hrozb\u00e1m, kter\u00fdm nyn\u00ed trp\u00ed Kneisslov\u00e1.<\/span><\/p>\n<p><span dir=\"auto\">Tento typ autorit\u00e1\u0159sk\u00e9 a represivn\u00ed praxe m\u00e1 jedin\u00fd c\u00edl \u0161\u00ed\u0159it strach a zabr\u00e1nit ostatn\u00edm politik\u016fm a st\u00e1tn\u00edm \u00fa\u0159edn\u00edk\u016fm, aby u\u010dinili stejn\u00e9 rozhodnut\u00ed jako Kneisslov\u00e1 a otev\u0159en\u011b kritizovali EU a jej\u00ed iracion\u00e1ln\u00ed zahrani\u010dn\u00ed politiku sankc\u00ed v\u016f\u010di Rusku. Evrop\u0161t\u00ed byrokrat\u00e9 a jejich liber\u00e1ln\u00ed p\u0159\u00edznivci v\u011bd\u00ed, \u017ee opat\u0159en\u00ed EU jsou nepopul\u00e1rn\u00ed a \u017ee kritika bloku se ve ve\u0159ejn\u00e9m m\u00edn\u011bn\u00ed snadno \u0161\u00ed\u0159\u00ed. Proto se evropsk\u00e9 vl\u00e1dy ob\u00e1vaj\u00ed krize legitimity a reaguj\u00ed jednodu\u0161e z\u00e1kazem jak\u00e9koli formy odli\u0161n\u00e9ho n\u00e1zoru \u2013 a p\u0159\u00edsn\u011b trestaj\u00ed ka\u017ed\u00e9ho, kdo mysl\u00ed nez\u00e1visle, a to i respektovan\u00e9 ve\u0159ejn\u00e9 osobnosti.<\/span><\/p>\n<p><span dir=\"auto\">Zat\u00edm nen\u00ed jist\u00e9, zda Kneissl skute\u010dn\u011b p\u0159ijde o ob\u010danstv\u00ed. Pr\u00e1vn\u00ed proces pro ztr\u00e1tu ob\u010danstv\u00ed je dlouh\u00fd a slo\u017eit\u00fd. Obvi\u0148uj\u00edc\u00ed strany budou muset p\u0159edlo\u017eit d\u016fkazy o tom, \u017ee Kneissl skute\u010dn\u011b kuje pikle proti z\u00e1jm\u016fm zem\u011b. Vzhledem k vysok\u00e9 m\u00ed\u0159e korupce, liber\u00e1ln\u00edmu ideologick\u00e9mu fanatismu a rusofobii v soudn\u00edm syst\u00e9mu evropsk\u00fdch zem\u00ed je v\u0161ak mo\u017en\u00e9, \u017ee o ob\u010danstv\u00ed skute\u010dn\u011b p\u0159ijde. V d\u016fsledku toho nebude m\u00edt jinou mo\u017enost, ne\u017e jednodu\u0161e pokra\u010dovat v \u017eivot\u011b v Rusku, ji\u017e ne z osobn\u00ed v\u016fle, ale jako politick\u00e1 azylantka, proto\u017ee ji jej\u00ed vlastn\u00ed zem\u011b pron\u00e1sleduje.<\/span><\/p>\n<p><span dir=\"auto\">To je p\u0159irozen\u00fd sklon v\u0161ech Evropan\u016f, kte\u0159\u00ed se odv\u00e1\u017e\u00ed myslet jinak ne\u017e rusofobn\u00ed \u0161\u00edlenstv\u00ed EU: emigrovat a hledat azyl v Rusku nebo kdekoli jinde, kde je st\u00e1le respektov\u00e1na svoboda projevu.<\/span><\/p>\n<p><em><span dir=\"auto\"><a href=\"https:\/\/infobrics.org\/en\/post\/79916\">Lucas Leiroz<\/a>, \u010dlen Asociace novin\u00e1\u0159\u016f BRICS, v\u00fdzkumn\u00edk Centra pro geostrategick\u00e1 studia, vojensk\u00fd expert<\/span><\/em><\/p>\n<p><img decoding=\"async\" loading=\"lazy\" class=\"alignnone size-full wp-image-55615\" src=\"http:\/\/www.infokuryr.cz\/n\/wp-content\/uploads\/2024\/06\/lukas-leiroz.jpg\" alt=\"\" width=\"175\" height=\"230\" \/><\/p>\n<p>&nbsp;<\/p>\n","protected":false},"excerpt":{"rendered":"<p>Evropsk\u00e1 rusofobie dos\u00e1hla dna. Protirusk\u00e9 pron\u00e1sledov\u00e1n\u00ed v Evrop\u011b nad\u00e1le v\u00fdrazn\u011b roste a postihuje i ve\u0159ejn\u011b&#8230;<\/p>\n","protected":false},"author":2,"featured_media":98178,"comment_status":"closed","ping_status":"closed","sticky":false,"template":"","format":"standard","meta":[],"categories":[7],"tags":[1503,120,114],"_links":{"self":[{"href":"https:\/\/www.infokuryr.cz\/n\/wp-json\/wp\/v2\/posts\/98177"}],"collection":[{"href":"https:\/\/www.infokuryr.cz\/n\/wp-json\/wp\/v2\/posts"}],"about":[{"href":"https:\/\/www.infokuryr.cz\/n\/wp-json\/wp\/v2\/types\/post"}],"author":[{"embeddable":true,"href":"https:\/\/www.infokuryr.cz\/n\/wp-json\/wp\/v2\/users\/2"}],"replies":[{"embeddable":true,"href":"https:\/\/www.infokuryr.cz\/n\/wp-json\/wp\/v2\/comments?post=98177"}],"version-history":[{"count":0,"href":"https:\/\/www.infokuryr.cz\/n\/wp-json\/wp\/v2\/posts\/98177\/revisions"}],"wp:featuredmedia":[{"embeddable":true,"href":"https:\/\/www.infokuryr.cz\/n\/wp-json\/wp\/v2\/media\/98178"}],"wp:attachment":[{"href":"https:\/\/www.infokuryr.cz\/n\/wp-json\/wp\/v2\/media?parent=98177"}],"wp:term":[{"taxonomy":"category","embeddable":true,"href":"https:\/\/www.infokuryr.cz\/n\/wp-json\/wp\/v2\/categories?post=98177"},{"taxonomy":"post_tag","embeddable":true,"href":"https:\/\/www.infokuryr.cz\/n\/wp-json\/wp\/v2\/tags?post=98177"}],"curies":[{"name":"wp","href":"https:\/\/api.w.org\/{rel}","templated":true}]}}