{"id":98176,"date":"2026-01-30T00:33:33","date_gmt":"2026-01-29T23:33:33","guid":{"rendered":"https:\/\/www.infokuryr.cz\/n\/?p=98176"},"modified":"2026-01-29T18:59:44","modified_gmt":"2026-01-29T17:59:44","slug":"ondrej-prokop-zpiva-gottovy-hity-jak-na-to-reaguji-mladi-co-obnasi-trenink-jaky-byl-mistr-miloslav-hartman","status":"publish","type":"post","link":"https:\/\/www.infokuryr.cz\/n\/2026\/01\/30\/ondrej-prokop-zpiva-gottovy-hity-jak-na-to-reaguji-mladi-co-obnasi-trenink-jaky-byl-mistr-miloslav-hartman\/","title":{"rendered":"Ond\u0159ej Prokop: Zp\u00edv\u00e1 Gottovy hity. Jak na to reaguj\u00ed mlad\u00ed? Co obn\u00e1\u0161\u00ed tr\u00e9nink? Jak\u00fd byl Mistr? | Miloslav Hartman"},"content":{"rendered":"<div id=\"fb-root\"><\/div>\n<p>\u201eKarel Gott byl jen jeden, ale jeho p\u00edsn\u011b mus\u00ed \u017e\u00edt d\u00e1l, aby lid\u00e9 nezapomn\u011bli na tu neuv\u011b\u0159itelnou atmosf\u00e9ru.&#8220;<\/p>\n<p>\ud83d\udc49 Pro\u010d M\u00edla za\u010dal ve\u0159ejn\u011b vystupovat s Gottov\u00fdmi hity a\u017e po jeho smrti?<br \/>\n\ud83d\udc49 Jak se li\u0161\u00ed vystupov\u00e1n\u00ed pro n\u011bmeck\u00e9 turisty od koncert\u016f pro \u010desk\u00e9 fanou\u0161ky?<br \/>\n\ud83d\udc49 Co obn\u00e1\u0161\u00ed tr\u00e9nink a jak se p\u0159ipravit na 7 koncert\u016f b\u011bhem jedin\u00e9ho ve\u010dera?<br \/>\n\ud83d\udc49 Jak vypadalo osudov\u00e9 a ne\u010dekan\u011b dramatick\u00e9 setk\u00e1n\u00ed s Karlem Gottem v z\u00e1kulis\u00ed?<br \/>\n\ud83d\udc49 Jak reaguje dne\u0161n\u00ed ml\u00e1de\u017e na diskot\u00e9k\u00e1ch, kdy\u017e sly\u0161\u00ed Lady Carneval nebo Z\u016fstanu sv\u016fj?<\/p>\n<p>O tom i o dal\u0161\u00edch t\u00e9matech jsme se bavili v podcastu \u010cau Praho s hostem \ud83d\udde3\ufe0f, kde v\u00e1m pr\u016fb\u011b\u017en\u011b p\u0159edstavuji zaj\u00edmav\u00e9 osobnosti. Budu moc r\u00e1d, kdy\u017e si dne\u0161n\u00ed d\u00edl pust\u00edte a nap\u00ed\u0161ete n\u00e1m v\u00e1\u0161 n\u00e1zor nebo post\u0159eh do koment\u00e1\u0159\u016f. Pros\u00edm tak\u00e9 o sd\u00edlen\u00ed. P\u0159edem moc d\u011bkuji!<\/p>\n<p><strong>M\u00edla Hartman<\/strong>\u00a0je hudebn\u00edk, trumpetista a zp\u011bv\u00e1k, kter\u00fd se svou kapelou udr\u017euje odkaz Karla Gotta.<\/p>\n<p><iframe loading=\"lazy\" title=\"Zp\u00edv\u00e1 Gottovy hity. Jak na to reaguj\u00ed mlad\u00ed? Co obn\u00e1\u0161\u00ed tr\u00e9nink? Jak\u00fd byl Mistr? | Miloslav Hartman\" width=\"640\" height=\"360\" src=\"https:\/\/www.youtube.com\/embed\/YhIk91HeUU0?feature=oembed\" frameborder=\"0\" allow=\"accelerometer; autoplay; clipboard-write; encrypted-media; gyroscope; picture-in-picture; web-share\" referrerpolicy=\"strict-origin-when-cross-origin\" allowfullscreen><\/iframe><\/p>\n<h4>Ing. Ond\u0159ej Prokop<\/h4>\n<p>&nbsp;<\/p>\n<p>&nbsp;<\/p>\n","protected":false},"excerpt":{"rendered":"<p>\u201eKarel Gott byl jen jeden, ale jeho p\u00edsn\u011b mus\u00ed \u017e\u00edt d\u00e1l, aby lid\u00e9 nezapomn\u011bli na&#8230;<\/p>\n","protected":false},"author":2,"featured_media":47151,"comment_status":"closed","ping_status":"closed","sticky":false,"template":"","format":"standard","meta":[],"categories":[6],"tags":[10491,8926,1052,889],"_links":{"self":[{"href":"https:\/\/www.infokuryr.cz\/n\/wp-json\/wp\/v2\/posts\/98176"}],"collection":[{"href":"https:\/\/www.infokuryr.cz\/n\/wp-json\/wp\/v2\/posts"}],"about":[{"href":"https:\/\/www.infokuryr.cz\/n\/wp-json\/wp\/v2\/types\/post"}],"author":[{"embeddable":true,"href":"https:\/\/www.infokuryr.cz\/n\/wp-json\/wp\/v2\/users\/2"}],"replies":[{"embeddable":true,"href":"https:\/\/www.infokuryr.cz\/n\/wp-json\/wp\/v2\/comments?post=98176"}],"version-history":[{"count":0,"href":"https:\/\/www.infokuryr.cz\/n\/wp-json\/wp\/v2\/posts\/98176\/revisions"}],"wp:featuredmedia":[{"embeddable":true,"href":"https:\/\/www.infokuryr.cz\/n\/wp-json\/wp\/v2\/media\/47151"}],"wp:attachment":[{"href":"https:\/\/www.infokuryr.cz\/n\/wp-json\/wp\/v2\/media?parent=98176"}],"wp:term":[{"taxonomy":"category","embeddable":true,"href":"https:\/\/www.infokuryr.cz\/n\/wp-json\/wp\/v2\/categories?post=98176"},{"taxonomy":"post_tag","embeddable":true,"href":"https:\/\/www.infokuryr.cz\/n\/wp-json\/wp\/v2\/tags?post=98176"}],"curies":[{"name":"wp","href":"https:\/\/api.w.org\/{rel}","templated":true}]}}