{"id":98137,"date":"2026-01-30T00:18:06","date_gmt":"2026-01-29T23:18:06","guid":{"rendered":"https:\/\/www.infokuryr.cz\/n\/?p=98137"},"modified":"2026-01-29T12:07:00","modified_gmt":"2026-01-29T11:07:00","slug":"rubio-rika-ze-musime-zabranit-iranu-v-utoku-na-americke-sily-ktere-jsou-jiz-v-regionu-rozmisteny","status":"publish","type":"post","link":"https:\/\/www.infokuryr.cz\/n\/2026\/01\/30\/rubio-rika-ze-musime-zabranit-iranu-v-utoku-na-americke-sily-ktere-jsou-jiz-v-regionu-rozmisteny\/","title":{"rendered":"Rubio \u0159\u00edk\u00e1, \u017ee mus\u00edme \u201ezabr\u00e1nit\u201c \u00cdr\u00e1nu v \u00fatoku na americk\u00e9 s\u00edly, kter\u00e9 jsou ji\u017e v regionu rozm\u00edst\u011bny"},"content":{"rendered":"<div id=\"fb-root\"><\/div>\n<div class=\"elementor-element elementor-element-1fb4c2c elementor-widget elementor-widget-theme-post-content\" data-id=\"1fb4c2c\" data-element_type=\"widget\" data-widget_type=\"theme-post-content.default\">\n<div class=\"elementor-widget-container\">\n<p><strong><u><span dir=\"auto\">Aktualizace (1629 ET)<\/span><\/u><span dir=\"auto\">\u00a0:<\/span><\/strong><span dir=\"auto\">\u00a0Analytik z Bl\u00edzk\u00e9ho v\u00fdchodu pouk\u00e1zal na v\u00fdznamn\u00fd rozpor v sou\u010dasn\u00e9m postoji a r\u00e9torice B\u00edl\u00e9ho domu v\u016f\u010di \u00cdr\u00e1nu na pozad\u00ed vojensk\u00fdch hrozeb a navy\u0161ov\u00e1n\u00ed vojensk\u00fdch kapacit a nazna\u010duje, \u017ee varov\u00e1n\u00ed p\u0159ed akc\u00ed USA jsou tentokr\u00e1t mnohem<\/span><a href=\"https:\/\/x.com\/johnstanly\/status\/2016577036782096629\" target=\"_blank\" rel=\"noreferrer noopener\"><span dir=\"auto\">\u00a0v\u00e1\u017en\u011bj\u0161\u00ed<\/span><\/a><span dir=\"auto\">\u00a0:<\/span><\/p>\n<p><em><span dir=\"auto\">Pokud si pozorn\u011b p\u0159e\u010dtete Trump\u016fv posledn\u00ed p\u0159\u00edsp\u011bvek o \u00cdr\u00e1nu, pochop\u00edte, co je skute\u010dn\u00fdm probl\u00e9mem Ameriky. A\u017e doposud Trump mluvil o protestuj\u00edc\u00edch. Dnes v\u0161ak prohl\u00e1sil, \u017ee \u010das na uzav\u0159en\u00ed jadern\u00e9 dohody s \u00cdr\u00e1nem se kr\u00e1t\u00ed. \u201e\u017d\u00e1dn\u00e9 jadern\u00e9 zbran\u011b,\u201c napsal. Pokud si dob\u0159e vzpom\u00edn\u00e1te,\u00a0<\/span><strong><span dir=\"auto\">Trump po \u00fatoku na \u00cdr\u00e1n 22. \u010dervna prohl\u00e1sil, \u017ee \u201ezni\u010dil<\/span><\/strong><span dir=\"auto\">\u00a0\u201c \u00edr\u00e1nsk\u00fd jadern\u00fd program. A \u00edr\u00e1nsk\u00fd jadern\u00fd program po \u010dervnov\u00e9m \u00fatoku skute\u010dn\u011b ustoupil do pozad\u00ed, proto\u017ee \u00cdr\u00e1n odm\u00edtl MAAE p\u0159\u00edstup k bombardovan\u00fdm za\u0159\u00edzen\u00edm.\u00a0<\/span><strong><span dir=\"auto\">Pokud Trump zni\u010dil \u00edr\u00e1nsk\u00fd jadern\u00fd program do \u010dervna 2025, pro\u010d chce jadernou dohodu do ledna 2026?<\/span><\/strong><\/em><\/p>\n<p><strong><span dir=\"auto\">\u201eTo je ten hlavn\u00ed probl\u00e9m, ne demokracie a lidsk\u00e1 pr\u00e1va,\u201c<\/span><\/strong><span dir=\"auto\">\u00a0p\u00ed\u0161e analytik Stanley Johny. Je skute\u010dn\u011b velmi nepravd\u011bpodobn\u00e9, \u017ee by z\u00e1padn\u00ed politici u moci skute\u010dn\u011b v\u011b\u0159ili, \u017ee jde jen o \u201epodporu \u00edr\u00e1nsk\u00fdch protestuj\u00edc\u00edch\u201c (kter\u00e1 mimochodem utichla p\u0159ed mnoha dny). Jin\u00fd koment\u00e1tor X pouk\u00e1zal na \u010detn\u00e9 konflikty posledn\u00edch\u00a0<\/span><a href=\"https:\/\/x.com\/cedarsalvo\/status\/2016206096440901837\" target=\"_blank\" rel=\"noreferrer noopener\"><span dir=\"auto\">desetilet\u00ed<\/span><\/a><span dir=\"auto\">\u00a0, kter\u00e9 zahrnovaly zm\u011bnu re\u017eim\u016f:<\/span><\/p>\n<p><strong><em><span dir=\"auto\">\u201eSvobodn\u00fd \u00cdr\u00e1n\u201c znamen\u00e1 p\u0159esn\u011b tot\u00e9\u017e co \u201eSvobodn\u00fd Ir\u00e1k\u201c, \u201eSvobodn\u00e1 Libye\u201c a \u201eSvobodn\u00e1 S\u00fdrie<\/span><\/em><\/strong><em><span dir=\"auto\">\u00a0\u201c. To je materi\u00e1ln\u00ed realita, a\u0165 se na ni d\u00edv\u00e1te jakkoli. Bu\u010f vol\u00e1te po dal\u0161\u00ed destrukci zorganizovan\u00e9 USA, nebo jste tak politicky naivn\u00ed, \u017ee dok\u00e1\u017eete automaticky ignorovat sv\u016fj vlastn\u00ed n\u00e1zor.<\/span><\/em><\/p>\n<p><span dir=\"auto\">Mezit\u00edm nejvy\u0161\u0161\u00ed americk\u00fd diplomat na\u0161el zcela novou kategorii a \u201eospravedln\u011bn\u00ed\u201c pro potenci\u00e1ln\u00ed \u00fatok USA na \u00cdr\u00e1n:\u00a0<\/span><strong><span dir=\"auto\">\u201ezabr\u00e1n\u011bn\u00ed mu\u201c<\/span><\/strong><span dir=\"auto\">\u00a0&#8230; Pod\u00edvejte se na video n\u00ed\u017ee:<\/span><\/p>\n<div class=\"twitter-tweet twitter-tweet-rendered\"><iframe id=\"twitter-widget-0\" class=\"\" title=\"X Post\" src=\"https:\/\/platform.twitter.com\/embed\/Tweet.html?dnt=false&amp;embedId=twitter-widget-0&amp;features=eyJ0ZndfdGltZWxpbmVfbGlzdCI6eyJidWNrZXQiOltdLCJ2ZXJzaW9uIjpudWxsfSwidGZ3X2ZvbGxvd2VyX2NvdW50X3N1bnNldCI6eyJidWNrZXQiOnRydWUsInZlcnNpb24iOm51bGx9LCJ0ZndfdHdlZXRfZWRpdF9iYWNrZW5kIjp7ImJ1Y2tldCI6Im9uIiwidmVyc2lvbiI6bnVsbH0sInRmd19yZWZzcmNfc2Vzc2lvbiI6eyJidWNrZXQiOiJvbiIsInZlcnNpb24iOm51bGx9LCJ0ZndfZm9zbnJfc29mdF9pbnRlcnZlbnRpb25zX2VuYWJsZWQiOnsiYnVja2V0Ijoib24iLCJ2ZXJzaW9uIjpudWxsfSwidGZ3X21peGVkX21lZGlhXzE1ODk3Ijp7ImJ1Y2tldCI6InRyZWF0bWVudCIsInZlcnNpb24iOm51bGx9LCJ0ZndfZXhwZXJpbWVudHNfY29va2llX2V4cGlyYXRpb24iOnsiYnVja2V0IjoxMjA5NjAwLCJ2ZXJzaW9uIjpudWxsfSwidGZ3X3Nob3dfYmlyZHdhdGNoX3Bpdm90c19lbmFibGVkIjp7ImJ1Y2tldCI6Im9uIiwidmVyc2lvbiI6bnVsbH0sInRmd19kdXBsaWNhdGVfc2NyaWJlc190b19zZXR0aW5ncyI6eyJidWNrZXQiOiJvbiIsInZlcnNpb24iOm51bGx9LCJ0ZndfdXNlX3Byb2ZpbGVfaW1hZ2Vfc2hhcGVfZW5hYmxlZCI6eyJidWNrZXQiOiJvbiIsInZlcnNpb24iOm51bGx9LCJ0ZndfdmlkZW9faGxzX2R5bmFtaWNfbWFuaWZlc3RzXzE1MDgyIjp7ImJ1Y2tldCI6InRydWVfYml0cmF0ZSIsInZlcnNpb24iOm51bGx9LCJ0ZndfbGVnYWN5X3RpbWVsaW5lX3N1bnNldCI6eyJidWNrZXQiOnRydWUsInZlcnNpb24iOm51bGx9LCJ0ZndfdHdlZXRfZWRpdF9mcm9udGVuZCI6eyJidWNrZXQiOiJvbiIsInZlcnNpb24iOm51bGx9fQ%3D%3D&amp;frame=false&amp;hideCard=false&amp;hideThread=false&amp;id=2016558982358245878&amp;lang=cs&amp;origin=https%3A%2F%2Funcutnews.ch%2Frubio-sagt-wir-muessen-praeventiv-verhindern-dass-der-iran-die-bereits-in-der-region-stationierten-us-streitkraefte-angreift%2F&amp;sessionId=cea95756032e7daa5d898fc6e0f45455868779c6&amp;theme=light&amp;widgetsVersion=2615f7e52b7e0%3A1702314776716&amp;width=550px\" frameborder=\"0\" scrolling=\"no\" allowfullscreen=\"allowfullscreen\" data-tweet-id=\"2016558982358245878\" data-mce-fragment=\"1\"><\/iframe><\/div>\n<p><em><span dir=\"auto\">P\u0159eklad \u201eX\u201c: Rubio \u0159\u00edk\u00e1, \u017ee americk\u00e9 s\u00edly se v regionu shroma\u017e\u010fuj\u00ed, mo\u017en\u00e1 \u201epreventivn\u011b\u201c, aby zabr\u00e1nily \u00cdr\u00e1nu v \u00fatoku na americk\u00e9 s\u00edly, kter\u00e9 jsou tam ji\u017e rozm\u00edst\u011bny. Pravd\u011bpodobn\u00e1 logika. Zvl\u00e1\u0161t\u011b pot\u00e9, co Trump pr\u00e1v\u011b ozn\u00e1mil, \u017ee vy\u0161le \u201emasivn\u00ed arm\u00e1du\u201c a pohrozil \u201emnohem hor\u0161\u00edm\u201c \u00fatokem ne\u017e loni v \u010dervnu.<\/span><\/em><\/p>\n<p><span dir=\"auto\">Rubio b\u011bhem st\u0159ede\u010dn\u00edho sly\u0161en\u00ed sen\u00e1tn\u00edho v\u00fdboru pro zahrani\u010dn\u00ed vztahy, kter\u00e9 se zam\u011b\u0159ovalo na Venezuelu, prohl\u00e1sil: \u201eProto si mysl\u00edm, \u017ee je rozumn\u00e9 a proz\u00edrav\u00e9 m\u00edt v regionu s\u00edly, kter\u00e9 mohou reagovat a p\u0159\u00edpadn\u011b \u2013 ne nutn\u011b, ale pokud to bude nutn\u00e9 \u2013 preventivn\u011b zabr\u00e1nit \u00fatoku na tis\u00edce americk\u00fdch voj\u00e1k\u016f a dal\u0161\u00ed za\u0159\u00edzen\u00ed v regionu, stejn\u011b jako na na\u0161e spojence.\u201c Ironi\u00ed osudu v\u0161ak bylo, \u017ee k tomu do\u0161lo bezprost\u0159edn\u011b pot\u00e9, co p\u0159iznal, \u017ee USA vyslaly do regionu dal\u0161\u00ed jednotky, kter\u00e9 nyn\u00ed \u00fadajn\u011b ohro\u017euje Teher\u00e1n.<\/span><\/p>\n<p><span dir=\"auto\">\u201eDouf\u00e1m, \u017ee k tomu nedojde, ale mysl\u00edm, \u017ee to, co nyn\u00ed vid\u00edte, je schopnost um\u00edstit v regionu s\u00edly, aby n\u00e1s br\u00e1nily p\u0159ed mo\u017enou \u00edr\u00e1nskou hrozbou pro n\u00e1\u0161 person\u00e1l,\u201c \u0159ekl ministr zahrani\u010d\u00ed.<\/span><\/p>\n<h3><span dir=\"auto\">* * *<\/span><\/h3>\n<p><span dir=\"auto\">Vztahy mezi Teher\u00e1nem a Washingtonem se rychle vyv\u00edjej\u00ed podle\u00a0<\/span><strong><span dir=\"auto\">d\u011bsiv\u011b zn\u00e1m\u00e9ho vzorce, p\u0159ipom\u00ednaj\u00edc\u00edho p\u0159\u00edpravy na dvan\u00e1ctidenn\u00ed \u010dervnovou v\u00e1lku<\/span><\/strong><span dir=\"auto\">\u00a0, kdy kr\u00e1tce p\u0159edt\u00edm, ne\u017e USA schv\u00e1lily p\u0159ekvapiv\u00fd izraelsk\u00fd \u00fatok, do\u0161lo k ur\u010dit\u00fdm neshod\u00e1m ohledn\u011b jedn\u00e1n\u00ed \u2013 a rozhovor\u016f o dob\u0159e m\u00edn\u011bn\u00e9m \u00fasil\u00ed o dialog \u2013 na\u010de\u017e USA na konci konfliktu do takov\u00e9ho dialogu tak\u00e9 vstoupily (na\u010de\u017e americk\u00e9 bombard\u00e9ry za\u00fato\u010dily na jadern\u00e1 za\u0159\u00edzen\u00ed).<\/span><\/p>\n<p><span dir=\"auto\">\u201eNa\u0161e pozice je jasn\u00e1,\u201c \u0159ekl ve st\u0159edu \u00edr\u00e1nsk\u00fd ministr zahrani\u010d\u00ed Abb\u00e1s Arak\u010d\u00ed, kdy\u017e USA vyj\u00e1d\u0159ily p\u0159\u00e1n\u00ed dos\u00e1hnout dohody. \u201e\u00a0<\/span><strong><span dir=\"auto\">Jedn\u00e1n\u00ed nezahrnuj\u00ed hrozby<\/span><\/strong><span dir=\"auto\">\u00a0a rozhovory se mohou uskute\u010dnit pouze tehdy, kdy\u017e u\u017e nebudou \u017e\u00e1dn\u00e9 hrozby a nep\u0159im\u011b\u0159en\u00e9 po\u017eadavky.\u201c<\/span><\/p>\n<ul>\n<li><span dir=\"auto\">\u00cdr\u00e1n prohl\u00e1sil, \u017ee pokud budou USA pod tlakem, zareaguje na n\u011b \u201ejako nikdy p\u0159edt\u00edm\u201c.<\/span><\/li>\n<li><span dir=\"auto\">\u00cdr\u00e1n prohl\u00e1sil, \u017ee je p\u0159ipraven k rozhovor\u016fm s USA na z\u00e1klad\u011b vz\u00e1jemn\u00e9ho respektu.<\/span><\/li>\n<li><strong><span dir=\"auto\">Ropa ztr\u00e1c\u00ed na zisku, \u00cdr\u00e1n prohla\u0161uje, \u017ee je p\u0159ipraven k rozhovor\u016fm s USA<\/span><\/strong><\/li>\n<\/ul>\n<p><span dir=\"auto\">Araqchi potvrdil, \u017ee jeho zem\u011b v posledn\u00ed dob\u011b nebyla v kontaktu se zvl\u00e1\u0161tn\u00edm vyslancem USA Stevem Witkoffem a neusilovala o jedn\u00e1n\u00ed s Washingtonem. Prezident Donald Trump v \u00fater\u00fd prohl\u00e1sil, \u017ee dal\u0161\u00ed americk\u00e1 \u201earm\u00e1da\u201c se \u201e\u00fa\u017easn\u011b\u201c pohybuje sm\u011brem k \u00cdr\u00e1nu, ale douf\u00e1, \u017ee Teher\u00e1n nakonec dos\u00e1hne dohody a vyhne se konfliktu.<\/span><\/p>\n<p><span dir=\"auto\">\u00cdr\u00e1nsk\u00fd ministr zahrani\u010d\u00ed v\u0161ak poznamenal, \u017ee nejmenovan\u00ed zprost\u0159edkovatel\u00e9 \u201eprov\u00e1d\u011bj\u00ed konzultace\u201c a z\u016fst\u00e1vaj\u00ed v kontaktu s \u00edr\u00e1nsk\u00fdmi p\u0159edstaviteli.<\/span><\/p>\n<p><span dir=\"auto\">\u00cdr\u00e1nsk\u00fd prezident Mas\u00fad Peze\u0161kijan v \u00fater\u00fd samostatn\u011b \u0159ekl sa\u00fadsk\u00e9mu korunn\u00edmu princi Muhammadovi bin Salm\u00e1novi, \u017ee Teher\u00e1n podporuje jak\u00fdkoli proces \u201ev r\u00e1mci mezin\u00e1rodn\u00edho pr\u00e1va\u201c, kter\u00fd pom\u00e1h\u00e1 p\u0159edch\u00e1zet v\u00e1lce.\u00a0<\/span><strong><span dir=\"auto\">Sa\u00fadov\u00e9 se p\u0159ipojili k prohl\u00e1\u0161en\u00ed Spojen\u00fdch arabsk\u00fdch emir\u00e1t\u016f, \u017ee USA nesm\u00ed vyu\u017e\u00edvat jejich vzdu\u0161n\u00fd prostor k \u00fatoku na \u00cdr\u00e1n<\/span><\/strong><span dir=\"auto\">\u00a0.<\/span><\/p>\n<p><span dir=\"auto\">To by v\u0161ak nem\u011blo p\u0159edstavovat p\u0159\u00edli\u0161 velkou v\u00fdzvu pro Pentagon, kter\u00fd m\u00e1 rozs\u00e1hl\u00e9 zdroje na sv\u00e9 z\u00e1kladn\u011b v Kataru a skupinu letadlov\u00fdch lod\u00ed operuj\u00edc\u00edch pobl\u00ed\u017e \u00cdr\u00e1nu v region\u00e1ln\u00edch vod\u00e1ch.<\/span><\/p>\n<p><span dir=\"auto\">Wall\u00a0<\/span><em><span dir=\"auto\">Street Journal<\/span><\/em><span dir=\"auto\">\u00a0s t\u00edm v\u0161ak nesouhlas\u00ed a nazna\u010duje, \u017ee by to mohla b\u00fdt v\u00fdznamn\u00e1 p\u0159ek\u00e1\u017eka, pokud B\u00edl\u00fd d\u016fm hodl\u00e1 pokra\u010dovat ve v\u00e1le\u010dn\u00fdch pl\u00e1nech:<\/span><\/p>\n<p><em><span dir=\"auto\">Prohl\u00e1\u0161en\u00ed obou st\u00e1t\u016f Persk\u00e9ho z\u00e1livu\u00a0<\/span><\/em><strong><em><span dir=\"auto\">p\u0159edstavuj\u00ed pro Trumpovu administrativu krok zp\u011bt v zahrani\u010dn\u00ed politice<\/span><\/em><\/strong><em><span dir=\"auto\">\u00a0, kter\u00e1 se sna\u017e\u00ed zv\u00fd\u0161it tlak na Teher\u00e1n, jen\u017e ignoroval po\u017eadavek Washingtonu na zastaven\u00ed obohacov\u00e1n\u00ed uranu a ukon\u010den\u00ed repres\u00ed proti protestuj\u00edc\u00edm.<\/span><\/em><\/p>\n<p><em><span dir=\"auto\">Korunn\u00ed princ Muhammad bin Salm\u00e1n, de facto v\u016fdce kr\u00e1lovstv\u00ed, nast\u00ednil postoj sv\u00e9 zem\u011b v telefonick\u00e9m rozhovoru s \u00edr\u00e1nsk\u00fdm prezidentem Mas\u00fadem Peze\u0161kianem.<\/span><\/em><\/p>\n<p><em><span dir=\"auto\">V sa\u00fadskoarabsk\u00e9m prohl\u00e1\u0161en\u00ed ohledn\u011b \u00fatern\u00edho telefon\u00e1tu bylo uvedeno, \u017ee korunn\u00ed princ zd\u016fraznil, \u017ee kr\u00e1lovstv\u00ed\u00a0<\/span><\/em><strong><em><span dir=\"auto\">\u201enedovol\u00ed, aby jeho vzdu\u0161n\u00fd prostor nebo \u00fazem\u00ed byly pou\u017eity k vojensk\u00fdm akc\u00edm proti \u00cdr\u00e1nu\u201c.<\/span><\/em><\/strong><\/p>\n<p><span dir=\"auto\">Prezident Trump d\u0159\u00edve v pond\u011bl\u00ed \u0159ekl: \u201eCht\u011bj\u00ed uzav\u0159\u00edt dohodu. V\u00edm to. Volali u\u017e n\u011bkolikr\u00e1t. Cht\u011bj\u00ed mluvit.\u201c Zlov\u011bstn\u011b dodal:\u00a0<\/span><strong><span dir=\"auto\">\u201eM\u00e1me u \u00cdr\u00e1nu velkou flotilu. V\u011bt\u0161\u00ed ne\u017e tu u Venezuely.\u201c<\/span><\/strong><\/p>\n<p><span dir=\"auto\">Americk\u00e9 s\u00edly rozm\u00edst\u011bn\u00e9 na Bl\u00edzk\u00e9m v\u00fdchod\u011b se mezit\u00edm\u00a0<\/span><strong><span dir=\"auto\">\u00fa\u010dastn\u00ed rozs\u00e1hl\u00fdch v\u00e1le\u010dn\u00fdch cvi\u010den\u00ed, aby demonstrovaly svou bojovou p\u0159ipravenost<\/span><\/strong><span dir=\"auto\">\u00a0, zat\u00edmco Washington zvy\u0161uje svou vojenskou p\u0159\u00edtomnost a p\u0159edkl\u00e1d\u00e1 Trumpovi \u0159adu \u201emo\u017enost\u00ed\u201c. To v\u0161e je pravd\u011bpodobn\u011b reakc\u00ed na washingtonsk\u00e9 \u201eobavy\u201c z rozs\u00e1hl\u00fdch protest\u016f na za\u010d\u00e1tku tohoto m\u011bs\u00edce, kter\u00e9 si vy\u017e\u00e1daly tis\u00edce mrtv\u00fdch, v\u010detn\u011b policist\u016f a bezpe\u010dnostn\u00edch slo\u017eek.<\/span><\/p>\n<p><span dir=\"auto\">Ve sv\u00e9m prohl\u00e1\u0161en\u00ed z po\u010d\u00e1tku tohoto t\u00fddne americk\u00e9 \u00dast\u0159edn\u00ed velitelstv\u00ed uvedlo: \u201eDev\u00e1t\u00e1 vzdu\u0161n\u00e1 arm\u00e1da provede v\u00edcedenn\u00ed cvi\u010den\u00ed p\u0159ipravenosti, aby demonstrovala schopnost nasadit, rozm\u00edstit a udr\u017eovat vzdu\u0161n\u00e9 s\u00edly v cel\u00e9 oblasti odpov\u011bdnosti \u00dast\u0159edn\u00edho velitelstv\u00ed (CENTCOM).\u201c<\/span><\/p>\n<p><span dir=\"auto\"><em>Prezident Trump ve st\u0159edu r\u00e1no\u00a0<\/em><em>vydal n\u00e1sleduj\u00edc\u00ed zpr\u00e1vu s\u00a0<\/em><\/span><strong><em><span dir=\"auto\">n\u00e1pisem \u201e\u010cas se kr\u00e1t\u00ed\u201c :<\/span><\/em><\/strong><\/p>\n<div class=\"twitter-tweet twitter-tweet-rendered\"><iframe id=\"twitter-widget-1\" class=\"\" title=\"X Post\" src=\"https:\/\/platform.twitter.com\/embed\/Tweet.html?dnt=false&amp;embedId=twitter-widget-1&amp;features=eyJ0ZndfdGltZWxpbmVfbGlzdCI6eyJidWNrZXQiOltdLCJ2ZXJzaW9uIjpudWxsfSwidGZ3X2ZvbGxvd2VyX2NvdW50X3N1bnNldCI6eyJidWNrZXQiOnRydWUsInZlcnNpb24iOm51bGx9LCJ0ZndfdHdlZXRfZWRpdF9iYWNrZW5kIjp7ImJ1Y2tldCI6Im9uIiwidmVyc2lvbiI6bnVsbH0sInRmd19yZWZzcmNfc2Vzc2lvbiI6eyJidWNrZXQiOiJvbiIsInZlcnNpb24iOm51bGx9LCJ0ZndfZm9zbnJfc29mdF9pbnRlcnZlbnRpb25zX2VuYWJsZWQiOnsiYnVja2V0Ijoib24iLCJ2ZXJzaW9uIjpudWxsfSwidGZ3X21peGVkX21lZGlhXzE1ODk3Ijp7ImJ1Y2tldCI6InRyZWF0bWVudCIsInZlcnNpb24iOm51bGx9LCJ0ZndfZXhwZXJpbWVudHNfY29va2llX2V4cGlyYXRpb24iOnsiYnVja2V0IjoxMjA5NjAwLCJ2ZXJzaW9uIjpudWxsfSwidGZ3X3Nob3dfYmlyZHdhdGNoX3Bpdm90c19lbmFibGVkIjp7ImJ1Y2tldCI6Im9uIiwidmVyc2lvbiI6bnVsbH0sInRmd19kdXBsaWNhdGVfc2NyaWJlc190b19zZXR0aW5ncyI6eyJidWNrZXQiOiJvbiIsInZlcnNpb24iOm51bGx9LCJ0ZndfdXNlX3Byb2ZpbGVfaW1hZ2Vfc2hhcGVfZW5hYmxlZCI6eyJidWNrZXQiOiJvbiIsInZlcnNpb24iOm51bGx9LCJ0ZndfdmlkZW9faGxzX2R5bmFtaWNfbWFuaWZlc3RzXzE1MDgyIjp7ImJ1Y2tldCI6InRydWVfYml0cmF0ZSIsInZlcnNpb24iOm51bGx9LCJ0ZndfbGVnYWN5X3RpbWVsaW5lX3N1bnNldCI6eyJidWNrZXQiOnRydWUsInZlcnNpb24iOm51bGx9LCJ0ZndfdHdlZXRfZWRpdF9mcm9udGVuZCI6eyJidWNrZXQiOiJvbiIsInZlcnNpb24iOm51bGx9fQ%3D%3D&amp;frame=false&amp;hideCard=false&amp;hideThread=false&amp;id=2016485531555623108&amp;lang=cs&amp;origin=https%3A%2F%2Funcutnews.ch%2Frubio-sagt-wir-muessen-praeventiv-verhindern-dass-der-iran-die-bereits-in-der-region-stationierten-us-streitkraefte-angreift%2F&amp;sessionId=cea95756032e7daa5d898fc6e0f45455868779c6&amp;theme=light&amp;widgetsVersion=2615f7e52b7e0%3A1702314776716&amp;width=550px\" frameborder=\"0\" scrolling=\"no\" allowfullscreen=\"allowfullscreen\" data-tweet-id=\"2016485531555623108\" data-mce-fragment=\"1\"><\/iframe><\/div>\n<p><em><strong><span dir=\"auto\">P\u0159eklad \u201eX\u201c<\/span><\/strong><span dir=\"auto\">\u00a0: Trump \u0159\u00edk\u00e1 \u00edr\u00e1nsk\u00e9mu re\u017eimu, \u017ee \u201e\u010das se kr\u00e1t\u00ed\u201c a \u017ee pokud nebude dosa\u017eeno dohody, \u201ep\u0159\u00ed\u0161t\u00ed \u00fatok bude mnohem hor\u0161\u00ed\u201c ne\u017e operace P\u016flno\u010dn\u00ed kladivo.<\/span><\/em><\/p>\n<p><span dir=\"auto\">V rozkazu se d\u00e1le uv\u00e1d\u00ed, \u017ee \u201etoto cvi\u010den\u00ed m\u00e1 za c\u00edl zlep\u0161it schopnost distribuovat prost\u0159edky a person\u00e1l, pos\u00edlit region\u00e1ln\u00ed partnerstv\u00ed a p\u0159ipravit se na flexibiln\u00ed reakci v cel\u00e9 oblasti CENTCOM.\u201c<\/span><\/p>\n<p><span dir=\"auto\">Rozs\u00e1hl\u00e9 man\u00e9vry prob\u00edhaj\u00ed na pozad\u00ed prudce eskaluj\u00edc\u00edho nap\u011bt\u00ed s Teher\u00e1nem, p\u0159i\u010dem\u017e se zva\u017euje\u00a0<\/span><strong><span dir=\"auto\">ropn\u00e1 blok\u00e1da<\/span><\/strong><span dir=\"auto\">\u00a0a mo\u017en\u00e9 \u00fatoky na vysoce postaven\u00e9 p\u0159edstavitele Isl\u00e1msk\u00e9 republiky.\u00a0<\/span><strong><span dir=\"auto\">Ob\u011b strany by se v\u0161ak mohly v ot\u00e1zce blok\u00e1d shodnout<\/span><\/strong><span dir=\"auto\">\u00a0, jeliko\u017e Hormuzsk\u00fd pr\u016fliv z\u016fst\u00e1v\u00e1 jednou z nejd\u016fle\u017eit\u011bj\u0161\u00edch vodn\u00edch cest pro glob\u00e1ln\u00ed trh a IRGC pohrozila jeho uzav\u0159en\u00edm pro mezin\u00e1rodn\u00ed tranzit.<\/span><\/p>\n<p><em><span dir=\"auto\">Od Tylera Durdena<\/span><\/em><\/p>\n<\/div>\n<\/div>\n<div class=\"elementor-element elementor-element-8c57238 quelle dc-has-condition dc-condition-empty elementor-widget elementor-widget-heading\" data-id=\"8c57238\" data-element_type=\"widget\" data-widget_type=\"heading.default\">\n<div class=\"elementor-widget-container\">\n<h3 class=\"elementor-heading-title elementor-size-default\"><span style=\"font-size: 10pt;\"><a href=\"https:\/\/www.zerohedge.com\/geopolitical\/war-drums-gulf-us-armada-patrols-saudi-arabia-uae-deny-airspace-access\" target=\"_blank\" rel=\"nofollow noopener\"><span dir=\"auto\">Zdroj<\/span><\/a><\/span><\/h3>\n<p>&nbsp;<\/p>\n<\/div>\n<\/div>\n","protected":false},"excerpt":{"rendered":"<p>Aktualizace (1629 ET)\u00a0:\u00a0Analytik z Bl\u00edzk\u00e9ho v\u00fdchodu pouk\u00e1zal na v\u00fdznamn\u00fd rozpor v sou\u010dasn\u00e9m postoji a r\u00e9torice&#8230;<\/p>\n","protected":false},"author":2,"featured_media":98138,"comment_status":"closed","ping_status":"closed","sticky":false,"template":"","format":"standard","meta":[],"categories":[7],"tags":[38,8473,37],"_links":{"self":[{"href":"https:\/\/www.infokuryr.cz\/n\/wp-json\/wp\/v2\/posts\/98137"}],"collection":[{"href":"https:\/\/www.infokuryr.cz\/n\/wp-json\/wp\/v2\/posts"}],"about":[{"href":"https:\/\/www.infokuryr.cz\/n\/wp-json\/wp\/v2\/types\/post"}],"author":[{"embeddable":true,"href":"https:\/\/www.infokuryr.cz\/n\/wp-json\/wp\/v2\/users\/2"}],"replies":[{"embeddable":true,"href":"https:\/\/www.infokuryr.cz\/n\/wp-json\/wp\/v2\/comments?post=98137"}],"version-history":[{"count":0,"href":"https:\/\/www.infokuryr.cz\/n\/wp-json\/wp\/v2\/posts\/98137\/revisions"}],"wp:featuredmedia":[{"embeddable":true,"href":"https:\/\/www.infokuryr.cz\/n\/wp-json\/wp\/v2\/media\/98138"}],"wp:attachment":[{"href":"https:\/\/www.infokuryr.cz\/n\/wp-json\/wp\/v2\/media?parent=98137"}],"wp:term":[{"taxonomy":"category","embeddable":true,"href":"https:\/\/www.infokuryr.cz\/n\/wp-json\/wp\/v2\/categories?post=98137"},{"taxonomy":"post_tag","embeddable":true,"href":"https:\/\/www.infokuryr.cz\/n\/wp-json\/wp\/v2\/tags?post=98137"}],"curies":[{"name":"wp","href":"https:\/\/api.w.org\/{rel}","templated":true}]}}