{"id":98136,"date":"2026-01-30T00:18:19","date_gmt":"2026-01-29T23:18:19","guid":{"rendered":"https:\/\/www.infokuryr.cz\/n\/?p=98136"},"modified":"2026-01-29T10:55:39","modified_gmt":"2026-01-29T09:55:39","slug":"proc-si-trump-zpusobuje-vlastni-pad","status":"publish","type":"post","link":"https:\/\/www.infokuryr.cz\/n\/2026\/01\/30\/proc-si-trump-zpusobuje-vlastni-pad\/","title":{"rendered":"Pro\u010d si Trump zp\u016fsobuje vlastn\u00ed p\u00e1d?"},"content":{"rendered":"<div id=\"fb-root\"><\/div>\n<div class=\"elementor-element elementor-element-1fb4c2c elementor-widget elementor-widget-theme-post-content\" data-id=\"1fb4c2c\" data-element_type=\"widget\" data-widget_type=\"theme-post-content.default\">\n<div class=\"elementor-widget-container\">\n<p><strong><span dir=\"auto\">Zd\u00e1 se, \u017ee B\u00edl\u00fd d\u016fm d\u011bl\u00e1 v\u0161e, co je v jeho sil\u00e1ch, aby pomohl republik\u00e1n\u016fm ztratit v\u011bt\u0161inu v pololetn\u00edch volb\u00e1ch.<\/span><\/strong><\/p>\n<p><span dir=\"auto\">Trumpova celn\u00ed politika zaru\u010dila, \u017ee ceny americk\u00e9ho dovozu v hodnot\u011b 3 bilion\u016f dolar\u016f vzrostou nejm\u00e9n\u011b o 10 %. Jeho energetick\u00e1 politika zp\u016fsobila n\u00e1r\u016fst cen elekt\u0159iny a plynu o 6 %.<\/span><\/p>\n<p><span dir=\"auto\">Jeho \u010diny proti spojenc\u016fm v jeho snaze o dobyt\u00ed Gr\u00f3nska jsou nepopul\u00e1rn\u00ed. Bombardov\u00e1n\u00ed \u00cdr\u00e1nu a \u00fanos venezuelsk\u00e9ho prezidenta se tak\u00e9 nesetkaly s v\u00edt\u00e1n\u00edm.<\/span><\/p>\n<p><span dir=\"auto\">Praxe vys\u00edl\u00e1n\u00ed t\u011b\u017ece ozbrojen\u00fdch hn\u011bd\u00fdch ko\u0161il do obytn\u00fdch oblast\u00ed USA za \u00fa\u010delem zat\u00fdk\u00e1n\u00ed nebo vra\u017edy n\u00e1hodn\u00fdch lid\u00ed se setk\u00e1v\u00e1 s nesouhlasem.<\/span><\/p>\n<p><span dir=\"auto\">Trumpova popularita kles\u00e1.<\/span><\/p>\n<figure class=\"wp-block-image aligncenter size-large\"><img decoding=\"async\" loading=\"lazy\" class=\"aligncenter\" title=\"Pro\u010d si Trump zp\u016fsobuje vlastn\u00ed p\u00e1d?\" src=\"https:\/\/lrc-cdn.s3.amazonaws.com\/assets\/2026\/01\/Screenshot-2026-01-26-194142.png\" alt=\"Pro\u010d si Trump zp\u016fsobuje vlastn\u00ed p\u00e1d?\" width=\"395\" height=\"346\" \/><\/figure>\n<p><span dir=\"auto\">Dalo by se p\u0159edpokl\u00e1dat, \u017ee si Trump v\u0161imne hroz\u00edc\u00edho volebn\u00edho fiaska a zm\u011bn\u00ed kurz. Ale m\u00edsto aby uklidnil situaci, p\u0159il\u00e9v\u00e1 olej do ohn\u011b.<\/span><\/p>\n<p><em><span dir=\"auto\">Prezident Donald Trump a jeho nejbli\u017e\u0161\u00ed d\u016fv\u011brn\u00edci d\u00e1le zintenziv\u0148uj\u00ed svou nekompromisn\u00ed imigra\u010dn\u00ed politiku a r\u00e9toriku po zast\u0159elen\u00ed americk\u00e9ho ob\u010dana feder\u00e1ln\u00edm \u00fa\u0159edn\u00edkem v Minneapolisu \u2013 a to i p\u0159esto, \u017ee incident odhalil trhliny v prezidentsk\u00e9 koalici.<\/span><\/em><\/p>\n<p><em><span dir=\"auto\">Davy vysoce postaven\u00fdch vl\u00e1dn\u00edch \u00fa\u0159edn\u00edk\u016f z Trumpovy administrativy se v ned\u011bli r\u00e1no hrnuly do zpravodajsk\u00fdch relac\u00ed a na soci\u00e1ln\u00edch s\u00edt\u00edch, aby ve\u0159ejn\u011b obhajovaly \u010diny \u00fa\u0159edn\u00edka a p\u0159\u00edsn\u00e9 vym\u00e1h\u00e1n\u00ed imigra\u010dn\u00edch z\u00e1kon\u016f, p\u0159i\u010dem\u017e vinu svalovaly v\u00fdhradn\u011b na demokratick\u00e9 st\u00e1tn\u00ed a m\u00edstn\u00ed politiky.<\/span><\/em><\/p>\n<p><span dir=\"auto\">Pro\u010d trv\u00e1 na tom, \u017ee jeho hn\u011bd\u00e9 ko\u0161ile z imigra\u010dn\u00ed policie maj\u00ed pravdu, kdy\u017e ka\u017ed\u00fd, kdo vid\u00ed videa jejich jedn\u00e1n\u00ed, vid\u00ed, \u017ee jejich chov\u00e1n\u00ed je prost\u011b opovr\u017een\u00edhodn\u00e9?<\/span><\/p>\n<p><strong><span dir=\"auto\">Jeho strana m\u00e1 obavy:<\/span><\/strong><\/p>\n<p><em><span dir=\"auto\">S bl\u00ed\u017e\u00edc\u00edmi se volbami do poloviny volebn\u00edho obdob\u00ed republik\u00e1n\u0161t\u00ed z\u00e1konod\u00e1rci, kandid\u00e1ti, strat\u00e9gov\u00e9 a p\u0159edstavitel\u00e9 B\u00edl\u00e9ho domu varuj\u00ed, \u017ee politika masov\u00fdch deportac\u00ed \u2013 a ne\u00fanavn\u00e9 informov\u00e1n\u00ed o donucovac\u00edch akc\u00edch, zat\u00fdk\u00e1n\u00ed americk\u00fdch ob\u010dan\u016f a st\u0159etech mezi protestuj\u00edc\u00edmi a feder\u00e1ln\u00edmi agenty \u2013 by je mohla st\u00e1t jejich t\u011bsnou v\u011bt\u0161inu ve Sn\u011bmovn\u011b reprezentant\u016f.<\/span><\/em><br \/>\n<em><span dir=\"auto\">\u2026<\/span><\/em><br \/>\n<em><span dir=\"auto\">Nov\u00fd pr\u016fzkum POLITICO tyto obavy podtrhuje: T\u00e9m\u011b\u0159 polovina v\u0161ech Ameri\u010dan\u016f \u2013 49 procent \u2013 \u200b\u200b\u0159\u00edk\u00e1, \u017ee Trumpova kampa\u0148 za masov\u00e9 deportace je p\u0159\u00edli\u0161 agresivn\u00ed, v\u010detn\u011b ka\u017ed\u00e9ho p\u00e1t\u00e9ho voli\u010de, kter\u00fd prezidenta v roce 2024 podpo\u0159il. V\u00edce ne\u017e t\u0159etina Trumpov\u00fdch voli\u010d\u016f, co\u017e je zn\u00e1mkou rostouc\u00edho neklidu v prezidentov\u011b z\u00e1kladn\u011b, uv\u00e1d\u00ed, \u017ee podporuj\u00ed c\u00edle masov\u00fdch deportac\u00ed, ale nesouhlas\u00ed s t\u00edm, jak je realizuje.<\/span><\/em><br \/>\n<em><span dir=\"auto\">\u2026<\/span><\/em><br \/>\n<em><span dir=\"auto\">\u201eICE by se m\u011bla zam\u011b\u0159it na ty\u00a0<\/span><span dir=\"auto\">zl\u00e9 lidi<\/span><span dir=\"auto\">\u00a0. Na ty\u00a0<\/span><span dir=\"auto\">zl\u00e9 lidi<\/span><span dir=\"auto\">\u00a0, na nic jin\u00e9ho \u2013 ne na ukl\u00edze\u010dky,\u201c \u0159ekla kongresmanka Maria Salazar (republik\u00e1nka za Floridu). \u201eJedna skupina jsou zahradn\u00edci, druh\u00e1 gangste\u0159i. Jedna skupina jsou kucha\u0159i, druh\u00e1 kojoti.\u201c<\/span><\/em><\/p>\n<p><span dir=\"auto\">B\u011bhem sv\u00e9ho prvn\u00edho funk\u010dn\u00edho obdob\u00ed prezident Obama deportoval denn\u011b v\u00edce lid\u00ed ne\u017e Trump. Ud\u011blal to v\u0161ak, ani\u017e by vyvolal masivn\u00ed negativn\u00ed reakci ve\u0159ejnosti.<\/span><\/p>\n<p><span dir=\"auto\">Jsou Trumpova opat\u0159en\u00ed skute\u010dn\u011b kontroverzn\u011bj\u0161\u00ed ne\u017e opat\u0159en\u00ed jin\u00fdch prezident\u016f \u2013 nebo je skute\u010dn\u00fdm d\u016fvodem amat\u00e9rsk\u00fd p\u0159\u00edstup jeho administrativy k prov\u00e1d\u011bn\u00ed t\u011bchto politik?<\/span><\/p>\n<p><span dir=\"auto\">A\u0165 tak \u010di onak, bude muset n\u011bco zm\u011bnit. Jinak do konce leto\u0161n\u00edho roku ztrat\u00ed velkou \u010d\u00e1st sv\u00e9 moci.<\/span><\/p>\n<\/div>\n<\/div>\n<div class=\"elementor-element elementor-element-8c57238 quelle dc-has-condition dc-condition-empty elementor-widget elementor-widget-heading\" data-id=\"8c57238\" data-element_type=\"widget\" data-widget_type=\"heading.default\">\n<div class=\"elementor-widget-container\">\n<h3 class=\"elementor-heading-title elementor-size-default\"><span style=\"font-size: 10pt;\"><a href=\"https:\/\/www.lewrockwell.com\/2026\/01\/no_author\/why-is-trump-causing-his-own-downfall\/\" target=\"_blank\" rel=\"nofollow noopener\"><span dir=\"auto\">Zdroj<\/span><\/a><\/span><\/h3>\n<p>&nbsp;<\/p>\n<\/div>\n<\/div>\n","protected":false},"excerpt":{"rendered":"<p>Zd\u00e1 se, \u017ee B\u00edl\u00fd d\u016fm d\u011bl\u00e1 v\u0161e, co je v jeho sil\u00e1ch, aby pomohl republik\u00e1n\u016fm&#8230;<\/p>\n","protected":false},"author":2,"featured_media":92338,"comment_status":"closed","ping_status":"closed","sticky":false,"template":"","format":"standard","meta":[],"categories":[7],"tags":[1503,122,4368,452],"_links":{"self":[{"href":"https:\/\/www.infokuryr.cz\/n\/wp-json\/wp\/v2\/posts\/98136"}],"collection":[{"href":"https:\/\/www.infokuryr.cz\/n\/wp-json\/wp\/v2\/posts"}],"about":[{"href":"https:\/\/www.infokuryr.cz\/n\/wp-json\/wp\/v2\/types\/post"}],"author":[{"embeddable":true,"href":"https:\/\/www.infokuryr.cz\/n\/wp-json\/wp\/v2\/users\/2"}],"replies":[{"embeddable":true,"href":"https:\/\/www.infokuryr.cz\/n\/wp-json\/wp\/v2\/comments?post=98136"}],"version-history":[{"count":0,"href":"https:\/\/www.infokuryr.cz\/n\/wp-json\/wp\/v2\/posts\/98136\/revisions"}],"wp:featuredmedia":[{"embeddable":true,"href":"https:\/\/www.infokuryr.cz\/n\/wp-json\/wp\/v2\/media\/92338"}],"wp:attachment":[{"href":"https:\/\/www.infokuryr.cz\/n\/wp-json\/wp\/v2\/media?parent=98136"}],"wp:term":[{"taxonomy":"category","embeddable":true,"href":"https:\/\/www.infokuryr.cz\/n\/wp-json\/wp\/v2\/categories?post=98136"},{"taxonomy":"post_tag","embeddable":true,"href":"https:\/\/www.infokuryr.cz\/n\/wp-json\/wp\/v2\/tags?post=98136"}],"curies":[{"name":"wp","href":"https:\/\/api.w.org\/{rel}","templated":true}]}}