{"id":98134,"date":"2026-01-30T00:17:52","date_gmt":"2026-01-29T23:17:52","guid":{"rendered":"https:\/\/www.infokuryr.cz\/n\/?p=98134"},"modified":"2026-01-29T10:52:45","modified_gmt":"2026-01-29T09:52:45","slug":"michael-snyder-v-ulicich-ameriky-vypukla-valka-ktera-skonci-zavedenim-stanneho-prava-ve-velkych-americkych-mestech","status":"publish","type":"post","link":"https:\/\/www.infokuryr.cz\/n\/2026\/01\/30\/michael-snyder-v-ulicich-ameriky-vypukla-valka-ktera-skonci-zavedenim-stanneho-prava-ve-velkych-americkych-mestech\/","title":{"rendered":"Michael Snyder: V ulic\u00edch Ameriky vypukla v\u00e1lka, kter\u00e1 skon\u010d\u00ed zaveden\u00edm stann\u00e9ho pr\u00e1va ve velk\u00fdch americk\u00fdch m\u011bstech"},"content":{"rendered":"<div id=\"fb-root\"><\/div>\n<div class=\"elementor-element elementor-element-1fb4c2c elementor-widget elementor-widget-theme-post-content\" data-id=\"1fb4c2c\" data-element_type=\"widget\" data-widget_type=\"theme-post-content.default\">\n<div class=\"elementor-widget-container\">\n<p><span dir=\"auto\">V ulic\u00edch velk\u00fdch m\u011bst t\u00e9to zem\u011b vypukl chaos a zd\u00e1 se, \u017ee jsme dos\u00e1hli bodu varu, kdy by se ud\u00e1losti mohly zcela vymknout kontrole. V\u011bd\u011bli jsme, \u017ee Trumpova administrativa neustoup\u00ed od vym\u00e1h\u00e1n\u00ed imigra\u010dn\u00edch z\u00e1kon\u016f, a v\u011bd\u011bli jsme, \u017ee levice neustoup\u00ed a nedovol\u00ed ICE prov\u00e1d\u011bt masov\u00e9 deportace bez odporu. Levice m\u00e1 nyn\u00ed ve skute\u010dnosti \u201epracovn\u00ed t\u00fdmy\u201c, kter\u00e9 operuj\u00ed doslova jako vojensk\u00e9 jednotky\u00a0<\/span><a href=\"https:\/\/endoftheamericandream.com\/all-over-america-thousands-of-radicals-are-being-recruited-for-rapid-response-teams-that-are-designed-to-swarm-ice\/\"><span dir=\"auto\">ve m\u011bstech,\u00a0<\/span><\/a><a href=\"https:\/\/endoftheamericandream.com\/all-over-america-thousands-of-radicals-are-being-recruited-for-rapid-response-teams-that-are-designed-to-swarm-ice\/\" target=\"_blank\" rel=\"noreferrer noopener\"><span dir=\"auto\">jako je Chicago, Minneapolis a New York<\/span><\/a><span dir=\"auto\">\u00a0. Bylo tedy nevyhnuteln\u00e9, \u017ee dojde k dal\u0161\u00edm n\u00e1siln\u00fdm st\u0159et\u016fm, a nyn\u00ed byl zabit dal\u0161\u00ed protestuj\u00edc\u00ed. Levice slibuje, \u017ee za\u00fato\u010d\u00ed tvrd\u011bji ne\u017e kdy jindy, a prezident Trump v\u00e1\u017en\u011b zva\u017euje pou\u017eit\u00ed z\u00e1kona o povst\u00e1n\u00ed. Vzhledem k tomu, \u017ee ob\u011b strany nad\u00e1le zvy\u0161uj\u00ed s\u00e1zky, je jen ot\u00e1zkou \u010dasu, ne\u017e tato krize vyvrchol\u00ed vyhl\u00e1\u0161en\u00edm stann\u00e9ho pr\u00e1va ve velk\u00fdch americk\u00fdch m\u011bstech.<\/span><\/p>\n<p><span dir=\"auto\">Poka\u017ed\u00e9, kdy\u017e zem\u0159e protestuj\u00edc\u00ed, se situace jen zhor\u0161\u00ed.<\/span><\/p>\n<p><span dir=\"auto\">Po smrti 37let\u00e9ho Alexe Prettiho okam\u017eit\u011b vypukly\u00a0<\/span><a href=\"https:\/\/www.newsweek.com\/protests-erupt-nationwide-alex-pretti-killing-border-patrol-agent-11413813\" target=\"_blank\" rel=\"noreferrer noopener\"><span dir=\"auto\">v Minneapolisu, New Yorku, Washingtonu a Los Angeles<\/span><\/a><span dir=\"auto\">\u00a0masivn\u00ed protesty \u2026<\/span><\/p>\n<p><em><span dir=\"auto\">V n\u011bkolika americk\u00fdch m\u011bstech vypukly protesty pot\u00e9, co p\u0159\u00edslu\u0161n\u00edk americk\u00e9 celn\u00ed a hrani\u010dn\u00ed ochrany b\u011bhem imigra\u010dn\u00ed razie v Minneapolis zast\u0159elil 37letou zdravotn\u00ed sestru intenzivn\u00ed p\u00e9\u010de Alex Prettiovou. To zhor\u0161ilo nap\u011bt\u00ed kolem imigra\u010dn\u00edho vym\u00e1h\u00e1n\u00ed a p\u0159im\u011blo demokratick\u00e9 z\u00e1konod\u00e1rce k v\u00fdzv\u011b k sta\u017een\u00ed feder\u00e1ln\u00edch agent\u016f z Minnesoty.<\/span><\/em><\/p>\n<p><em><span dir=\"auto\">Demonstrace se konaly v Minneapolisu, New Yorku, Washingtonu a Los Angeles, kde stovky lid\u00ed \u010delily teplot\u00e1m pod bodem mrazu v Minnesot\u011b, aby se postavily feder\u00e1ln\u00edm \u00fa\u0159edn\u00edk\u016fm ve m\u011bst\u011b, kter\u00e9 ji\u017e tento m\u011bs\u00edc ot\u0159\u00e1sla dal\u0161\u00ed smrteln\u00e1 st\u0159elba, do kter\u00e9 byl zapojen policista ICE.<\/span><\/em><\/p>\n<p><span dir=\"auto\">V Minneapolisu se situace obzvl\u00e1\u0161\u0165 vyhrotila.<\/span><\/p>\n<p><span dir=\"auto\">Jamese O&#8217;Keefeho a jeho t\u00fdm obklopily stovky v\u00fdtr\u017en\u00edk\u016f a on tvrd\u00ed, \u017ee\u00a0<\/span><a href=\"https:\/\/x.com\/JamesOKeefeIII\/status\/2015202121163981128\" target=\"_blank\" rel=\"noreferrer noopener\"><span dir=\"auto\">sotva vyv\u00e1zli \u017eiv\u00ed<\/span><\/a><span dir=\"auto\">\u00a0\u2026<\/span><\/p>\n<figure class=\"wp-block-image aligncenter size-large\"><img decoding=\"async\" loading=\"lazy\" class=\"aligncenter\" src=\"https:\/\/theeconomiccollapseblog.com\/wp-content\/uploads\/2026\/01\/Snip20260125_11-560x416.png\" alt=\"\" width=\"495\" height=\"368\" \/><\/figure>\n<p><span dir=\"auto\">Vy\u017eaduje to hodn\u011b odvahy, se v\u016fbec dostat do takov\u00e9 situace, proto\u017ee ulice Minneapolisu jsou v sou\u010dasn\u00e9 dob\u011b v\u00e1le\u010dnou z\u00f3nou.<\/span><\/p>\n<p><span dir=\"auto\">V pozd\u011bj\u0161\u00edm p\u0159\u00edsp\u011bvku O&#8217;Keefe popsal, jak bezpr\u00e1vn\u00ed se\u00a0<\/span><a href=\"https:\/\/www.thegatewaypundit.com\/2026\/01\/okeefe-team-under-attack-minneapolis-mob-surrounds-james\/\" target=\"_blank\" rel=\"noreferrer noopener\"><span dir=\"auto\">centrum m\u011bsta<\/span><\/a><span dir=\"auto\">\u00a0stalo\u2026<\/span><\/p>\n<p><em><span dir=\"auto\">NAL\u00c9HAV\u00c1 AKTUALIZACE: V \u017eivot\u011b jsem nic takov\u00e9ho neza\u017eil. S kartelem jsem se u\u017e setkal a v po\u0159adu &#8222;24&#8220; jsem vid\u011bl v pou\u0161ti spoustu \u0161\u00edlen\u00fdch v\u011bc\u00ed. Ale co na m\u011b ud\u011blalo dojem, je to, jak dob\u0159e jsou tito v\u00fdtr\u017en\u00edci v Minneapolis organizovan\u00ed. Maj\u00ed hl\u00eddky po cel\u00e9m m\u011bst\u011b i na p\u0159edm\u011bst\u00edch, na roz\u00edch ulic, dokonce i 30 minut od centra. Maj\u00ed lidi v hotelech, kte\u0159\u00ed s nimi pracuj\u00ed a d\u00e1vaj\u00ed jim sign\u00e1ly, co\u017e n\u00e1m zt\u011b\u017eovalo set\u0159\u00e1st pron\u00e1sledovatele pot\u00e9, co byl m\u016fj \u010din odhalen. Obvykle set\u0159\u00e1s\u00e1m sv\u00e9 pron\u00e1sledovatele j\u00e1. Tentokr\u00e1t ne. T\u0159ikr\u00e1t jsme zm\u011bnili lokaci. Nahr\u00e1l jsem a zve\u0159ejnil to, kdy\u017e jsme odj\u00ed\u017ed\u011bli z Wayzaty, zat\u00edmco n\u00e1s ST\u00c1LE sledovali. V\u0161ichni jsme se shodli, \u017ee mus\u00edme hrozby co nejd\u0159\u00edve zve\u0159ejnit, i kdy\u017e na m\u00edst\u011b st\u00e1le m\u00e1me lidi se skryt\u00fdmi kamerami.<\/span><\/em><\/p>\n<p><em><span dir=\"auto\">Kolem poledne, kdy\u017e @camhigby zve\u0159ejnil svou zpr\u00e1vu ve vl\u00e1knech Signalu, jsem se nach\u00e1zel v n\u011b\u010dem, co vypadalo jako zcela autonomn\u00ed z\u00f3na. \u017d\u00e1dn\u00e1 policie. Policie byla po\u017e\u00e1d\u00e1na, aby ode\u0161la. P\u0159edstavil jsem se jako novin\u00e1\u0159, na\u010de\u017e mi \u0159ekli, \u017ee novin\u00e1\u0159e zabij\u00ed a nepust\u00ed m\u011b. M\u011bl jsem k\u016f\u017ei \u00fapln\u011b zakrytou, proto\u017ee byla takov\u00e1 zima. Ale proto\u017ee nemohli ov\u011b\u0159it, kdo jsem, za\u010dali po n\u00e1s k\u0159i\u010det a h\u00e1zet lahve s ledem. Jedna z nich zas\u00e1hla @SKRUCHTENMMA, mari\u0148\u00e1ka, kter\u00fd byl se mnou. Prohledali ho, jako by ONI byli \u00fa\u0159ady, a pokusili se mu zabavit v\u0161echny zbran\u011b. Cht\u011bli zni\u010dit na\u0161e vozidlo je\u0161t\u011b p\u0159edt\u00edm, ne\u017e se tam v\u016fbec dostaneme. Brzy zve\u0159ejn\u00edm kompletn\u00ed video report\u00e1\u017e.<\/span><\/em><\/p>\n<p><em><span dir=\"auto\">Ale d\u016fle\u017eit\u011bj\u0161\u00ed je tady \u0161ir\u0161\u00ed kontext. Jsem na\u0161tvan\u00fd. Ale ne na ty, co d\u011blaj\u00ed probl\u00e9my. Jsem na\u0161tvan\u00fd na lidi, kte\u0159\u00ed nech\u00e1pou, s \u010d\u00edm m\u00e1me co do \u010din\u011bn\u00ed, a nic s t\u00edm ned\u011blaj\u00ed. Kdy\u017e jsem dorazil na p\u0159edm\u011bst\u00ed, c\u00edtil jsem se jako v simulaci.<\/span><\/em><\/p>\n<p><em><span dir=\"auto\">V\u011b\u0159\u00edm, \u017ee se americk\u00fd lid mus\u00ed probudit. Tato chv\u00edle je varov\u00e1n\u00edm, kam sm\u011b\u0159ujeme. Strach vede lidi k tomu, aby se starali jen o sv\u00e9 pen\u00edze a rodiny \u2013 to ch\u00e1pu. Ale kdy\u017e se strach obr\u00e1t\u00ed dovnit\u0159, kdy\u017e pud sebez\u00e1chovy a chamtivost nahrad\u00ed mor\u00e1ln\u00ed odvahu, zlo z\u016fst\u00e1v\u00e1 nezpochybniteln\u00e9. A historie ukazuje, \u017ee to, co dnes ignorujeme, ovlivn\u00ed n\u00e1s v\u0161echny z\u00edtra.<\/span><\/em><\/p>\n<p><span dir=\"auto\">V tomto p\u0159\u00edsp\u011bvku O&#8217;Keefe zm\u00ednil zpr\u00e1vu publikovanou Camem Higbym.<\/span><\/p>\n<p><span dir=\"auto\">Higby se z\u0159ejm\u011b\u00a0<\/span><a href=\"https:\/\/www.zerohedge.com\/political\/left-wing-activists-run-quasi-police-operation-signal-target-ice-agents-minneapolis\" target=\"_blank\" rel=\"noreferrer noopener\"><span dir=\"auto\">infiltroval do skupin Signal<\/span><\/a><span dir=\"auto\">\u00a0, kter\u00e9 levice pou\u017e\u00edv\u00e1 k ovl\u00e1d\u00e1n\u00ed aktivit sv\u00fdch \u201eak\u010dn\u00edch t\u00fdm\u016f\u201c&#8230;<\/span><\/p>\n<p><em><span dir=\"auto\">Za\u010dn\u011bme v\u00fdbu\u0161nou zpr\u00e1vou\u00a0<\/span><a href=\"https:\/\/x.com\/camhigby\" target=\"_blank\" rel=\"noreferrer noopener\"><span dir=\"auto\">ob\u010dansk\u00e9ho novin\u00e1\u0159e Cama Higbyho<\/span><\/a><span dir=\"auto\">\u00a0, kter\u00fd tvrd\u00ed\u00a0<\/span><strong><span dir=\"auto\">, \u017ee \u201einfiltroval skupiny Signal po cel\u00e9m Minneapolisu s jedin\u00fdm \u00famyslem sledovat, br\u00e1nit, napadat a blokovat feder\u00e1ln\u00ed \u00fa\u0159edn\u00edky<\/span><\/strong><span dir=\"auto\">\u00a0\u201c.<\/span><\/em><\/p>\n<p><span dir=\"auto\">\u201e\u00a0<\/span><strong><em><span dir=\"auto\">Ka\u017ed\u00fd okres m\u00e1 skupinu Signal, v n\u011bkter\u00fdch p\u0159\u00edpadech dokonce n\u011bkolik skupin. Za\u010dn\u011bme sn\u00edmkem obrazovky v\u0161ech \u010dlen\u016f skupiny z jihu m\u011bsta<\/span><\/em><\/strong><span dir=\"auto\">\u00a0,\u201c \u0159ekl Higby.<\/span><\/p>\n<p><span dir=\"auto\">Pozorovatel\u00e9 na zemi ozna\u010duj\u00ed registra\u010dn\u00ed zna\u010dky, kter\u00e9 jsou pot\u00e9 porovn\u00e1v\u00e1ny s\u00a0<\/span><a href=\"https:\/\/www.zerohedge.com\/political\/left-wing-activists-run-quasi-police-operation-signal-target-ice-agents-minneapolis\" target=\"_blank\" rel=\"noreferrer noopener\"><span dir=\"auto\">datab\u00e1z\u00ed podez\u0159el\u00fdch feder\u00e1ln\u00edch vozidel<\/span><\/a><span dir=\"auto\">\u00a0. Pokud je nalezena shoda, jsou prost\u0159ednictv\u00edm sign\u00e1ln\u00edch skupin zasl\u00e1ny konkr\u00e9tn\u00ed pokyny jednotk\u00e1m, kter\u00e9 maj\u00ed za \u00fakol br\u00e1nit vlaku ICE v provozu\u2026<\/span><\/p>\n<p><em><span dir=\"auto\">Higby popisuje, jak str\u00e1vil n\u011bkolik dn\u00ed v utajen\u00ed\u00a0<\/span><strong><span dir=\"auto\">hluboko v levicov\u00fdch aktivistick\u00fdch sign\u00e1ln\u00edch skupin\u00e1ch,<\/span><\/strong><span dir=\"auto\">\u00a0kde koordinoval n\u00e1tlakov\u00e9 kampan\u011b proti agent\u016fm ICE. Poznamen\u00e1v\u00e1, \u017ee \u010dlenov\u00e9 pou\u017e\u00edvaj\u00ed emoji k ozna\u010den\u00ed sv\u00fdch specifick\u00fdch rol\u00ed a odpov\u011bdnost\u00ed.<\/span><\/em><\/p>\n<p><em><span dir=\"auto\">Podle Higbyho je jedn\u00edm z hlavn\u00edch \u00fakol\u016f skupiny\u00a0<\/span><strong><span dir=\"auto\">organizace mobiln\u00edch hl\u00eddek, kter\u00e9 neust\u00e1le p\u00e1traj\u00ed po podez\u0159el\u00fdch feder\u00e1ln\u00edch vozidlech<\/span><\/strong><span dir=\"auto\">\u00a0. Kdy\u017e je vozidlo nahl\u00e1\u0161eno, jeho data jsou p\u0159ed\u00e1v\u00e1na ur\u010den\u00fdm \u201ekontrolor\u016fm registra\u010dn\u00edch zna\u010dek\u201c, kte\u0159\u00ed porovn\u00e1vaj\u00ed informace s datab\u00e1z\u00ed zn\u00e1m\u00fdch feder\u00e1ln\u00edch vozidel a aktualizuj\u00ed z\u00e1znamy, kdy\u017e je shoda potvrzena.<\/span><\/em><\/p>\n<p><span dir=\"auto\">\u201e\u00a0<\/span><strong><em><span dir=\"auto\">\u0158\u00eddic\u00ed centrum je cel\u00fd den pln\u011b obsazen\u00e9 a informuje demonstranty o tom, kde byly vlaky ICE spat\u0159eny a jak je nejl\u00e9pe zastavit<\/span><\/em><\/strong><span dir=\"auto\">\u00a0,\u201c \u0159ekl.<\/span><\/p>\n<p><span dir=\"auto\">Tito levi\u010d\u00e1ci prov\u00e1d\u011bj\u00ed velmi sofistikovanou operaci a zd\u00e1 se, \u017ee m\u00edstn\u00ed policie\u00a0<\/span><a href=\"https:\/\/x.com\/camhigby\/status\/2015094238116220978\" target=\"_blank\" rel=\"noreferrer noopener\"><span dir=\"auto\">s nimi alespo\u0148 do ur\u010dit\u00e9 m\u00edry spolupracuje<\/span><\/a><span dir=\"auto\">\u00a0\u2026<\/span><\/p>\n<figure class=\"wp-block-image aligncenter size-large\"><img decoding=\"async\" loading=\"lazy\" class=\"aligncenter\" src=\"https:\/\/theeconomiccollapseblog.com\/wp-content\/uploads\/2026\/01\/Snip20260125_10-560x673.png\" alt=\"\" width=\"467\" height=\"561\" \/><\/figure>\n<p><span dir=\"auto\">Nikdy jsem nic takov\u00e9ho nevid\u011bl\/a.<\/span><\/p>\n<p><span dir=\"auto\">Nakonec se n\u011bkte\u0159\u00ed z v\u00fdtr\u017en\u00edk\u016f rozhodli z\u0159\u00eddit\u00a0<\/span><a href=\"https:\/\/dailycaller.com\/2026\/01\/24\/anti-immigration-customs-enforcement-rioters-barricading-blocks-minneapolis-police\/\" target=\"_blank\" rel=\"noreferrer noopener\"><span dir=\"auto\">v \u010d\u00e1sti m\u011bsta, kde byl Alex Pretti zabit,<\/span><\/a><span dir=\"auto\">\u00a0\u201eautonomn\u00ed z\u00f3nu\u201c \u2026<\/span><\/p>\n<p><em><span dir=\"auto\">Levicov\u00ed v\u00fdtr\u017en\u00edci postavili barik\u00e1dy v ulic\u00edch Minneapolisu pot\u00e9, co v sobotu pohrani\u010dn\u00edci zast\u0159elili mu\u017ee s ozbrojen\u00fdm dr\u017een\u00edm.<\/span><\/em><\/p>\n<p><em><span dir=\"auto\">Sedmat\u0159icetilet\u00fd Alex Pretti byl zabit v 9:05 m\u00edstn\u00edho \u010dasu b\u011bhem operace, kterou Ministerstvo vnit\u0159n\u00ed bezpe\u010dnosti (DHS) popsalo jako \u201ec\u00edlenou\u201c operaci vym\u00e1h\u00e1n\u00ed pr\u00e1va, je\u017e vyvolala nepokoje. Jorge Ventura, report\u00e9r nadace Daily Caller News Foundation (DCNF), zve\u0159ejnil v sobotu odpoledne video jedn\u00e9 takov\u00e9 barik\u00e1dy postaven\u00e9 z kontejner\u016f a popelnic.<\/span><\/em><\/p>\n<p><em><span dir=\"auto\">\u201eDemonstranti zablokovali n\u011bkolik ulic pobl\u00ed\u017e m\u00edsta \u010dinu a zabarik\u00e1dovali je. Do Minneapolisu za\u010d\u00edn\u00e1 p\u0159ich\u00e1zet mnoho lid\u00ed zven\u010d\u00ed a navzdory masivn\u00edmu pou\u017eit\u00ed slzn\u00e9ho plynu \u00fa\u0159ady se dav zv\u011bt\u0161uje a zv\u011bt\u0161uje,\u201c \u0159\u00edk\u00e1 Ventura.<\/span><\/em><\/p>\n<p><em><span dir=\"auto\">Ventura sd\u011blil DCNF, \u017ee policejn\u00ed odd\u011blen\u00ed v Minneapolis a st\u00e1tn\u00ed hl\u00eddka v Minnesot\u011b je \u201enech\u00e1vaj\u00ed venku na ulici\u201c a nesna\u017e\u00ed se barik\u00e1dy odstranit. Policejn\u00ed odd\u011blen\u00ed v Minneapolis na \u017e\u00e1dost DCNF o koment\u00e1\u0159 bezprost\u0159edn\u011b nereagovalo.<\/span><\/em><\/p>\n<p><span dir=\"auto\">Je pro m\u011b t\u011b\u017ek\u00e9 slovy vyj\u00e1d\u0159it chaos, kter\u00fd pr\u00e1v\u011b pro\u017e\u00edv\u00e1me.<\/span><\/p>\n<p><span dir=\"auto\">Garrett Tenney z Foxu byl na m\u00edst\u011b \u010dinu, kdy\u017e tito v\u00fdtr\u017en\u00edci z\u0159\u00eddili \u201eautonomn\u00ed z\u00f3nu\u201c, a byl\u00a0<\/span><a href=\"https:\/\/www.thegatewaypundit.com\/2026\/01\/george-floyd-redux-thousands-anti-ice-rioters-set\/\" target=\"_blank\" rel=\"noreferrer noopener\"><span dir=\"auto\">t\u00edm, co vid\u011bl, docela ot\u0159esen<\/span><\/a><span dir=\"auto\">\u00a0\u2026<\/span><\/p>\n<p><em><span dir=\"auto\">M\u00e1me tu n\u011bkolik tis\u00edc protestuj\u00edc\u00edch, kte\u0159\u00ed zcela zaplnili celou oblast. A jedn\u00edm ze slogan\u016f, kter\u00e9 jste v posledn\u00edch minut\u00e1ch sly\u0161eli, je \u201eUdr\u017ete si tento blok\u201c. Postavili barik\u00e1dy, kter\u00e9 celou oblast ohrani\u010duj\u00ed, a ty p\u016fvodn\u011b policie odstranila. Nyn\u00ed p\u0159ivezli popel\u00e1\u0159sk\u00e9 vozy, stoly a \u017eidle a \u0159\u00edkaj\u00ed, \u017ee si cht\u011bj\u00ed tuto oblast udr\u017eet a v podstat\u011b z n\u00ed ud\u011blat autonomn\u00ed z\u00f3nu.<\/span><\/em><\/p>\n<p><em><span dir=\"auto\">D\u0159\u00edve skandovali: \u201e\u010c\u00ed ulice? Na\u0161e ulice.\u201c A to je v\u00fdznamn\u00e9, proto\u017ee, jak jsme ji\u017e \u0159ekli, guvern\u00e9r Tim Walz prohl\u00e1sil, \u017ee m\u00e1me s\u00edly, kter\u00e9 pot\u0159ebujeme k zaji\u0161t\u011bn\u00ed t\u00e9to oblasti; nepot\u0159ebujeme zde feder\u00e1ln\u00ed agenty. Vid\u011bli jsme v\u0161ak, co se stalo, kdy\u017e feder\u00e1ln\u00ed agenti tuto oblast opustili: M\u00edstn\u00ed policie a st\u00e1tn\u00ed policie byly zcela zahlceny samotn\u00fdm po\u010dtem p\u0159\u00edtomn\u00fdch protestuj\u00edc\u00edch a byly z oblasti zcela vyhn\u00e1ny. Je tedy jasn\u00e9, \u017ee v t\u00e9 dob\u011b nem\u011bli pot\u0159ebn\u00e9 s\u00edly k zaji\u0161t\u011bn\u00ed t\u00e9to oblasti. Ot\u00e1zkou nyn\u00ed je, zda dnes ve\u010der, kdy se situace pravd\u011bpodobn\u011b pon\u011bkud vyhrot\u00ed, budou m\u00edt s\u00edly k ovl\u00e1dnut\u00ed a zaji\u0161t\u011bn\u00ed m\u011bsta jako celku, nebo zda se situace bude opakovat.<\/span><\/em><\/p>\n<p><span dir=\"auto\">M\u00edstn\u00ed policie se do zna\u010dn\u00e9 m\u00edry dr\u017e\u00ed zp\u00e1tky a umo\u017e\u0148uje v\u00fdtr\u017en\u00edk\u016fm, aby si prosadili svou.<\/span><\/p>\n<p><span dir=\"auto\">Zd\u00e1 se, \u017ee n\u011bkte\u0159\u00ed z v\u00fdtr\u017en\u00edk\u016f\u00a0<\/span><a href=\"https:\/\/x.com\/ScooterCasterNY\/status\/2015227055806288302\" target=\"_blank\" rel=\"noreferrer noopener\"><span dir=\"auto\">dokonce vyhro\u017eovali zbran\u011bmi<\/span><\/a><span dir=\"auto\">\u00a0\u2026<\/span><\/p>\n<figure class=\"wp-block-image aligncenter size-large\"><img decoding=\"async\" loading=\"lazy\" class=\"aligncenter\" src=\"https:\/\/theeconomiccollapseblog.com\/wp-content\/uploads\/2026\/01\/Snip20260125_8-560x530.png\" alt=\"\" width=\"426\" height=\"403\" \/><\/figure>\n<p><span dir=\"auto\">Neust\u00e1le se n\u00e1m \u0159\u00edk\u00e1, \u017ee demonstranti jsou \u201epokojn\u00ed\u201c, ale od toho zdaleka nejsou.<\/span><\/p>\n<p><span dir=\"auto\">Fyzicky se konfrontuj\u00ed s policisty ICE, a\u0165 u\u017e je najdou, a tyto konfrontace se \u010dasto m\u011bn\u00ed v n\u00e1siln\u00e9.<\/span><\/p>\n<p><span dir=\"auto\">Vlastn\u011b jsme pr\u00e1v\u011b m\u011bli incident, kdy \u00fa\u0159edn\u00edkovi ICE\u00a0<\/span><a href=\"https:\/\/www.thegatewaypundit.com\/2026\/01\/graphic-warning-insane-leftist-bites-finger-ice-agent\/\" target=\"_blank\" rel=\"noreferrer noopener\"><span dir=\"auto\">ukousli prst<\/span><\/a><span dir=\"auto\">\u00a0\u2026<\/span><\/p>\n<p><em><span dir=\"auto\">P\u0159i znepokojiv\u00e9m incidentu b\u011bhem prob\u00edhaj\u00edc\u00edch protest\u016f proti ICE v Minneapolis byl \u00fa\u0159edn\u00edkovi ministerstva vnit\u0159n\u00ed bezpe\u010dnosti (HSI) ukousnut prst v\u00fdtr\u017en\u00edkem, uvedla v p\u0159\u00edsp\u011bvku Tricia McLaughlin, n\u00e1m\u011bstkyn\u011b ministra vnit\u0159n\u00ed bezpe\u010dnosti.<\/span><\/em><\/p>\n<p><em><span dir=\"auto\">McLaughlin zve\u0159ejnil na X grafick\u00e9 fotografie zran\u011bn\u00e9ho policisty ve vozidle s uniformou pokrytou bl\u00e1tem, zat\u00edmco si ruka v rukavici o\u0161et\u0159uje jeho zmrza\u010den\u00fd prst.<\/span><\/em><\/p>\n<p><em><span dir=\"auto\">Jeden sn\u00edmek ukazuje useknut\u00fd kone\u010dek prstu, krvav\u00fd a bolav\u00fd, jin\u00fd ho ukazuje ulo\u017een\u00fd v mal\u00e9 plastov\u00e9 n\u00e1dob\u011b, pravd\u011bpodobn\u011b pro l\u00e9ka\u0159sk\u00e9 vy\u0161et\u0159en\u00ed.<\/span><\/em><\/p>\n<p><em><span dir=\"auto\">McLaughlin potvrdil, \u017ee policista p\u0159ijde o prst.<\/span><\/em><\/p>\n<p><span dir=\"auto\">V\u0161ichni jsme v\u011bd\u011bli, \u017ee bude dal\u0161\u00ed n\u00e1sil\u00ed.<\/span><\/p>\n<p><span dir=\"auto\">Trumpova administrativa samoz\u0159ejm\u011b neustoup\u00ed a nedovol\u00ed levici vyhr\u00e1t.<\/span><\/p>\n<p><span dir=\"auto\">Takhle prezident Trump nefunguje.<\/span><\/p>\n<p><span dir=\"auto\">A po v\u0161em, co se stalo, levice jist\u011b neustoup\u00ed.<\/span><\/p>\n<p><span dir=\"auto\">Tak\u017ee bude mnohem v\u00edce n\u00e1sil\u00ed.<\/span><\/p>\n<p><span dir=\"auto\">Pravd\u011bpodobn\u011b nebude trvat dlouho a prezident Trump pou\u017eije z\u00e1kon o povst\u00e1n\u00ed.<\/span><\/p>\n<p><span dir=\"auto\">Ale to tak\u00e9 rozhodn\u011b nebude konec.<\/span><\/p>\n<p><span dir=\"auto\">Nakonec se domn\u00edv\u00e1m, \u017ee ve velk\u00fdch m\u011bstech USA uvid\u00edme stann\u00e9 pr\u00e1vo, a to by bylo krajn\u011b politov\u00e1n\u00edhodn\u00e9.<\/span><\/p>\n<\/div>\n<\/div>\n<div class=\"elementor-element elementor-element-8c57238 quelle dc-has-condition dc-condition-empty elementor-widget elementor-widget-heading\" data-id=\"8c57238\" data-element_type=\"widget\" data-widget_type=\"heading.default\">\n<div class=\"elementor-widget-container\">\n<h3 class=\"elementor-heading-title elementor-size-default\"><span style=\"font-size: 10pt;\"><a href=\"https:\/\/theeconomiccollapseblog.com\/a-war-has-erupted-on-the-streets-of-america-and-it-is-going-to-end-with-martial-law-in-major-u-s-cities\/#google_vignette\" target=\"_blank\" rel=\"nofollow noopener\"><span dir=\"auto\">Zdroj<\/span><\/a><\/span><\/h3>\n<p>&nbsp;<\/p>\n<\/div>\n<\/div>\n","protected":false},"excerpt":{"rendered":"<p>V ulic\u00edch velk\u00fdch m\u011bst t\u00e9to zem\u011b vypukl chaos a zd\u00e1 se, \u017ee jsme dos\u00e1hli bodu&#8230;<\/p>\n","protected":false},"author":2,"featured_media":98135,"comment_status":"closed","ping_status":"closed","sticky":false,"template":"","format":"standard","meta":[],"categories":[7],"tags":[1503,1401,7708,37],"_links":{"self":[{"href":"https:\/\/www.infokuryr.cz\/n\/wp-json\/wp\/v2\/posts\/98134"}],"collection":[{"href":"https:\/\/www.infokuryr.cz\/n\/wp-json\/wp\/v2\/posts"}],"about":[{"href":"https:\/\/www.infokuryr.cz\/n\/wp-json\/wp\/v2\/types\/post"}],"author":[{"embeddable":true,"href":"https:\/\/www.infokuryr.cz\/n\/wp-json\/wp\/v2\/users\/2"}],"replies":[{"embeddable":true,"href":"https:\/\/www.infokuryr.cz\/n\/wp-json\/wp\/v2\/comments?post=98134"}],"version-history":[{"count":0,"href":"https:\/\/www.infokuryr.cz\/n\/wp-json\/wp\/v2\/posts\/98134\/revisions"}],"wp:featuredmedia":[{"embeddable":true,"href":"https:\/\/www.infokuryr.cz\/n\/wp-json\/wp\/v2\/media\/98135"}],"wp:attachment":[{"href":"https:\/\/www.infokuryr.cz\/n\/wp-json\/wp\/v2\/media?parent=98134"}],"wp:term":[{"taxonomy":"category","embeddable":true,"href":"https:\/\/www.infokuryr.cz\/n\/wp-json\/wp\/v2\/categories?post=98134"},{"taxonomy":"post_tag","embeddable":true,"href":"https:\/\/www.infokuryr.cz\/n\/wp-json\/wp\/v2\/tags?post=98134"}],"curies":[{"name":"wp","href":"https:\/\/api.w.org\/{rel}","templated":true}]}}