{"id":98133,"date":"2026-01-30T00:16:52","date_gmt":"2026-01-29T23:16:52","guid":{"rendered":"https:\/\/www.infokuryr.cz\/n\/?p=98133"},"modified":"2026-01-29T10:49:25","modified_gmt":"2026-01-29T09:49:25","slug":"ron-paul-trumpuv-nejnovejsi-cil-pro-zmenu-rezimu","status":"publish","type":"post","link":"https:\/\/www.infokuryr.cz\/n\/2026\/01\/30\/ron-paul-trumpuv-nejnovejsi-cil-pro-zmenu-rezimu\/","title":{"rendered":"Ron Paul: Trump\u016fv nejnov\u011bj\u0161\u00ed c\u00edl pro zm\u011bnu re\u017eimu"},"content":{"rendered":"<div id=\"fb-root\"><\/div>\n<div class=\"elementor-element elementor-element-1fb4c2c elementor-widget elementor-widget-theme-post-content\" data-id=\"1fb4c2c\" data-element_type=\"widget\" data-widget_type=\"theme-post-content.default\">\n<div class=\"elementor-widget-container\">\n<p><span dir=\"auto\">Co maj\u00ed spole\u010dn\u00e9ho Feder\u00e1ln\u00ed rezervn\u00ed syst\u00e9m, Venezuela a Gr\u00f3nsko? Prezident Trump si je vybral jako potenci\u00e1ln\u00ed c\u00edl zm\u011bny re\u017eimu.<\/span><\/p>\n<p><span dir=\"auto\">Ministerstvo spravedlnosti ned\u00e1vno zah\u00e1jilo trestn\u00ed vy\u0161et\u0159ov\u00e1n\u00ed, aby pro\u0161et\u0159ilo, zda p\u0159edseda Feder\u00e1ln\u00edho rezervn\u00edho syst\u00e9mu Jerome Powell lhal Kongresu o n\u00e1kladech na renovaci kancel\u00e1\u0159\u00ed Feder\u00e1ln\u00edho rezervn\u00edho syst\u00e9mu.<\/span><\/p>\n<p><span dir=\"auto\">Mnoz\u00ed se domn\u00edvaj\u00ed, \u017ee toto vy\u0161et\u0159ov\u00e1n\u00ed bylo zah\u00e1jeno na podporu snahy prezidenta Trumpa nahradit Powella \u2013 kter\u00e9ho s\u00e1m v roce 2017 jmenoval p\u0159edsedou Fedu \u2013 \u0161\u00e9fem Fedu, kter\u00fd by vyhov\u011bl Trumpov\u00fdm po\u017eadavk\u016fm na ni\u017e\u0161\u00ed \u00farokov\u00e9 sazby.<\/span><\/p>\n<p><span dir=\"auto\">T\u00e9m\u011b\u0159 v\u0161ichni pozorovatel\u00e9 se domn\u00edvaj\u00ed, \u017ee vy\u0161et\u0159ov\u00e1n\u00ed \u010dlenky rady Fedu Lisy Cookov\u00e9 motivovala snaha prezidenta Trumpa obsadit Feder\u00e1ln\u00ed rezervn\u00ed syst\u00e9m loajalisty, kte\u0159\u00ed by utv\u00e1\u0159eli m\u011bnovou politiku podle jeho p\u0159\u00e1n\u00ed. Prezident Trump pou\u017e\u00edv\u00e1 obvin\u011bn\u00ed, \u017ee Cookov\u00e1 lhala v \u017e\u00e1dosti o hypot\u00e9ku, jako ospravedln\u011bn\u00ed pro jej\u00ed odvol\u00e1n\u00ed.<\/span><\/p>\n<p><span dir=\"auto\">Na sly\u0161en\u00ed Nejvy\u0161\u0161\u00edho soudu v p\u0159\u00edpadu Lisy Cookov\u00e9 se v\u011bt\u0161ina soudc\u016f \u2013 v\u010detn\u011b n\u011bkter\u00fdch, kte\u0159\u00ed podporovali snahy prezidenta Trumpa o v\u011bt\u0161\u00ed pravomoc nad feder\u00e1ln\u00edmi agenturami \u2013 vyj\u00e1d\u0159ila proti jej\u00edmu odvol\u00e1n\u00ed. Jedn\u00edm z d\u016fvod\u016f by mohlo b\u00fdt to, \u017ee Fed je vn\u00edm\u00e1n odli\u0161n\u011b od feder\u00e1ln\u00edch agentur, jako je Feder\u00e1ln\u00ed obchodn\u00ed komise, proto\u017ee v jeho \u0159\u00edzen\u00ed hraj\u00ed roli soukrom\u00e9 banky. To nazna\u010duje, \u017ee Fed je hybridn\u00ed subjekt ve\u0159ejn\u00e9ho a soukrom\u00e9ho sektoru.<\/span><\/p>\n<p><span dir=\"auto\">Trestn\u00ed vy\u0161et\u0159ov\u00e1n\u00ed p\u0159edsedy Powella a pokus o odvol\u00e1n\u00ed Lisy Cookov\u00e9 vyvolaly mezi investory, obchodn\u00edky a dal\u0161\u00edmi obavy, \u017ee Trump ohro\u017euje ekonomiku podkop\u00e1v\u00e1n\u00edm nez\u00e1vislosti Fedu. Tato vn\u00edman\u00e1 hrozba pro autonomii Fedu dokonce vedla n\u011bkter\u00e9 republik\u00e1ny, kte\u0159\u00ed jsou jinak zast\u00e1nci prezidenta Trumpa, k jeho kritice.<\/span><\/p>\n<p><span dir=\"auto\">Existuje dlouh\u00e1 historie prezidentsk\u00fdch pokus\u016f o ovlivn\u011bn\u00ed m\u011bnov\u00e9 politiky. Prezident Richard Nixon nap\u0159\u00edklad tla\u010dil na p\u0159edsedu Fedu Arthura Burnse, aby sn\u00ed\u017eil \u00farokov\u00e9 sazby. Nixon a Burns byli dokonce nahr\u00e1ni, jak \u017eertuj\u00ed o nez\u00e1vislosti Fedu.<\/span><\/p>\n<p><span dir=\"auto\">P\u0159edseda Fedu William Martin sice Ikea nem\u011bl v oblib\u011b, ale uklonil se po\u017eadavk\u016fm prezidenta Eisenhowera na roz\u0161\u00ed\u0159en\u00ed pen\u011b\u017en\u00ed z\u00e1soby. Prezident Bill Clinton p\u0159esv\u011bd\u010dil p\u0159edsedu Fedu Alana Greenspana, aby podpo\u0159il Clintonovy ekonomick\u00e9 pl\u00e1ny. K nejextr\u00e9mn\u011bj\u0161\u00edmu p\u0159\u00edpadu prezidentsk\u00e9ho tlaku (alespo\u0148 do doby, ne\u017e ministerstvo spravedlnosti zah\u00e1jilo trestn\u00ed vy\u0161et\u0159ov\u00e1n\u00ed Powella) do\u0161lo, kdy\u017e prezident Lyndon Johnson zahnal p\u0159edsedu Fedu do kouta, proto\u017ee Fed zv\u00fd\u0161il \u00farokov\u00e9 sazby, co\u017e br\u00e1nilo Johnsonov\u011b \u201eVelk\u00e9 spole\u010dnosti\u201c doma a v\u00e1lce ve Vietnamu v zahrani\u010d\u00ed. Prezident Trump se proto neli\u0161\u00ed od sv\u00fdch p\u0159edch\u016fdc\u016f; je prost\u011b transparentn\u011bj\u0161\u00ed.<\/span><\/p>\n<p><span dir=\"auto\">Kritici \u201enez\u00e1vislosti\u201c Feder\u00e1ln\u00edho rezervn\u00edho syst\u00e9mu maj\u00ed pravdu. Umo\u017en\u011bn\u00ed tajn\u016fstk\u00e1\u0159sk\u00e9 centr\u00e1ln\u00ed bance kontrolovat \u00farokov\u00e9 sazby a pen\u011b\u017en\u00ed z\u00e1sobu je d\u016fvodem, pro\u010d kupn\u00ed s\u00edla dolaru prudce klesla od roku 1971, kdy prezident Nixon p\u0159eru\u0161il posledn\u00ed spojen\u00ed mezi dolarem a zlatem. Fiat pen\u00edze vytvo\u0159en\u00e9 Fedem jsou nav\u00edc p\u0159\u00ed\u010dinou rostouc\u00ed ekonomick\u00e9 nerovnosti a nestability. Z tohoto syst\u00e9mu profituj\u00ed politici a korpor\u00e1tn\u00ed z\u00e1jmy, kter\u00e9 vzkv\u00e9taj\u00ed d\u00edky soci\u00e1ln\u00edmu st\u00e1tu a arm\u00e1d\u011b. Na druhou stranu maj\u00ed kritici prezidenta Trumpa pravdu, kdy\u017e \u0159\u00edkaj\u00ed, \u017ee d\u00e1t politik\u016fm pravomoc stanovovat \u00farokov\u00e9 sazby je receptem na katastrofu. M\u00edsto dohad\u016f o tom, kdo by m\u011bl kontrolovat pen\u011b\u017en\u00ed z\u00e1sobu a stanovovat \u00farokov\u00e9 sazby, by se prezident Trump a Kongres m\u011bli sna\u017eit o kontrolu a nakonec i zru\u0161en\u00ed Fedu.<\/span><\/p>\n<\/div>\n<\/div>\n<div class=\"elementor-element elementor-element-8c57238 quelle dc-has-condition dc-condition-empty elementor-widget elementor-widget-heading\" data-id=\"8c57238\" data-element_type=\"widget\" data-widget_type=\"heading.default\">\n<div class=\"elementor-widget-container\">\n<h3 class=\"elementor-heading-title elementor-size-default\"><span style=\"font-size: 10pt;\"><a href=\"https:\/\/ronpaulinstitute.org\/trumps-latest-regime-change-target\/\" target=\"_blank\" rel=\"nofollow noopener\"><span dir=\"auto\">Zdroj<\/span><\/a><\/span><\/h3>\n<p>&nbsp;<\/p>\n<\/div>\n<\/div>\n","protected":false},"excerpt":{"rendered":"<p>Co maj\u00ed spole\u010dn\u00e9ho Feder\u00e1ln\u00ed rezervn\u00ed syst\u00e9m, Venezuela a Gr\u00f3nsko? Prezident Trump si je vybral jako&#8230;<\/p>\n","protected":false},"author":2,"featured_media":70562,"comment_status":"closed","ping_status":"closed","sticky":false,"template":"","format":"standard","meta":[],"categories":[7],"tags":[1503,452,9353],"_links":{"self":[{"href":"https:\/\/www.infokuryr.cz\/n\/wp-json\/wp\/v2\/posts\/98133"}],"collection":[{"href":"https:\/\/www.infokuryr.cz\/n\/wp-json\/wp\/v2\/posts"}],"about":[{"href":"https:\/\/www.infokuryr.cz\/n\/wp-json\/wp\/v2\/types\/post"}],"author":[{"embeddable":true,"href":"https:\/\/www.infokuryr.cz\/n\/wp-json\/wp\/v2\/users\/2"}],"replies":[{"embeddable":true,"href":"https:\/\/www.infokuryr.cz\/n\/wp-json\/wp\/v2\/comments?post=98133"}],"version-history":[{"count":0,"href":"https:\/\/www.infokuryr.cz\/n\/wp-json\/wp\/v2\/posts\/98133\/revisions"}],"wp:featuredmedia":[{"embeddable":true,"href":"https:\/\/www.infokuryr.cz\/n\/wp-json\/wp\/v2\/media\/70562"}],"wp:attachment":[{"href":"https:\/\/www.infokuryr.cz\/n\/wp-json\/wp\/v2\/media?parent=98133"}],"wp:term":[{"taxonomy":"category","embeddable":true,"href":"https:\/\/www.infokuryr.cz\/n\/wp-json\/wp\/v2\/categories?post=98133"},{"taxonomy":"post_tag","embeddable":true,"href":"https:\/\/www.infokuryr.cz\/n\/wp-json\/wp\/v2\/tags?post=98133"}],"curies":[{"name":"wp","href":"https:\/\/api.w.org\/{rel}","templated":true}]}}