{"id":98129,"date":"2026-01-30T00:14:54","date_gmt":"2026-01-29T23:14:54","guid":{"rendered":"https:\/\/www.infokuryr.cz\/n\/?p=98129"},"modified":"2026-01-29T10:44:50","modified_gmt":"2026-01-29T09:44:50","slug":"vyvine-se-mirova-rada-donalda-trumpa-v-autoritarsky-novy-svetovy-rad-predpovezeny-iniciativou-velke-transformace","status":"publish","type":"post","link":"https:\/\/www.infokuryr.cz\/n\/2026\/01\/30\/vyvine-se-mirova-rada-donalda-trumpa-v-autoritarsky-novy-svetovy-rad-predpovezeny-iniciativou-velke-transformace\/","title":{"rendered":"Vyvine se m\u00edrov\u00e1 rada Donalda Trumpa v autorit\u00e1\u0159sk\u00fd Nov\u00fd sv\u011btov\u00fd \u0159\u00e1d p\u0159edpov\u011bzen\u00fd iniciativou Velk\u00e9 transformace?"},"content":{"rendered":"<div id=\"fb-root\"><\/div>\n<div class=\"elementor-element elementor-element-1fb4c2c elementor-widget elementor-widget-theme-post-content\" data-id=\"1fb4c2c\" data-element_type=\"widget\" data-widget_type=\"theme-post-content.default\">\n<div class=\"elementor-widget-container\" style=\"text-align: left;\">\n<p><span dir=\"auto\">Realita nyn\u00ed p\u0159edstihla fikci a vyvinula se v n\u011bco p\u0159ipom\u00ednaj\u00edc\u00edho bizarn\u00ed politickou satiru.<\/span><\/p>\n<p><span dir=\"auto\">16. ledna\u00a0<\/span><strong><span dir=\"auto\">Donald Trump<\/span><\/strong><span dir=\"auto\">\u00a0p\u0159edstavil svou \u201e\u00a0<\/span><strong><span dir=\"auto\">Radu m\u00edru<\/span><\/strong><span dir=\"auto\">\u00a0\u201c, jej\u00edm\u017e \u00fa\u010delem bylo strategicky dohl\u00ed\u017eet na komplexn\u00ed pl\u00e1n prezidenta Donalda J. Trumpa na ukon\u010den\u00ed konfliktu v Gaze (s vysl\u00e1n\u00edm mezin\u00e1rodn\u00edch stabiliza\u010dn\u00edch sil). B\u011bhem n\u011bkolika dn\u00ed se v\u0161ak prom\u011bnila v mezin\u00e1rodn\u00ed organizaci, jej\u00edm\u017e h\u0159i\u0161t\u011bm je cel\u00fd sv\u011bt a jej\u00edm\u017e nejvy\u0161\u0161\u00edm v\u016fdcem je Trump.<\/span><\/p>\n<p><span dir=\"auto\">B\u011bhem jejich prvn\u00edho setk\u00e1n\u00ed, kter\u00e9 zahrnovalo slavnostn\u00ed podpis 22. ledna v r\u00e1mci v\u00fdro\u010dn\u00edho zased\u00e1n\u00ed Sv\u011btov\u00e9ho ekonomick\u00e9ho f\u00f3ra v Davosu, Donald Trump prohl\u00e1sil: \u201eTato rada m\u00e1 \u0161anci st\u00e1t se jedn\u00edm z nejd\u016fle\u017eit\u011bj\u0161\u00edch org\u00e1n\u016f, jak\u00e9 kdy byly vytvo\u0159eny, a je pro m\u011b velkou ct\u00ed slou\u017eit jako jej\u00ed p\u0159edseda.\u201c<\/span><\/p>\n<p><span dir=\"auto\">Rada p\u016fvodn\u011b z\u00edskala sv\u016fj mand\u00e1t na z\u00e1klad\u011b\u00a0<\/span><strong><span dir=\"auto\">rezoluce Rady bezpe\u010dnosti OSN<\/span><\/strong><span dir=\"auto\">\u00a0, v n\u00ed\u017e v\u0161echny \u010dlensk\u00e9 st\u00e1ty hlasovaly\u00a0<\/span><em><span dir=\"auto\">pro<\/span><\/em><span dir=\"auto\">\u00a0, v\u010detn\u011b D\u00e1nska (!), Velk\u00e9 Brit\u00e1nie a Francie, nebo se zdr\u017eely hlasov\u00e1n\u00ed (\u010c\u00edna a Rusko).<\/span><\/p>\n<p><span dir=\"auto\">V\u00fdkonn\u00fd v\u00fdbor zahrnuje b\u00fdval\u00e9ho britsk\u00e9ho premi\u00e9ra\u00a0<\/span><strong><span dir=\"auto\">Tonyho Blaira<\/span><\/strong><span dir=\"auto\">\u00a0(kter\u00e9ho Sv\u011btov\u00e1 ekonomick\u00e1 federace v roce 1993 ozna\u010dila za \u201eglob\u00e1ln\u00edho l\u00eddra z\u00edt\u0159ka\u201c\u00a0<\/span><strong><span dir=\"auto\">)<\/span><\/strong><span dir=\"auto\">\u00a0, ministra zahrani\u010d\u00ed USA\u00a0<\/span><strong><span dir=\"auto\">Marca Rubia<\/span><\/strong><span dir=\"auto\">\u00a0, zvl\u00e1\u0161tn\u00edho vyslance USA pro Bl\u00edzk\u00fd v\u00fdchod\u00a0<\/span><strong><span dir=\"auto\">Stevea Witkoffa<\/span><\/strong><span dir=\"auto\">\u00a0, Trumpova ze\u0165\u00a0<\/span><strong><span dir=\"auto\">Jareda Kushnera<\/span><\/strong><span dir=\"auto\">\u00a0, prezidenta Sv\u011btov\u00e9 banky\u00a0<\/span><strong><span dir=\"auto\">Ajaye Bangu<\/span><\/strong><span dir=\"auto\">\u00a0, miliard\u00e1\u0159sk\u00e9ho investora\u00a0<\/span><strong><span dir=\"auto\">Marca Rowana<\/span><\/strong><span dir=\"auto\">\u00a0a poradce USA pro n\u00e1rodn\u00ed bezpe\u010dnost\u00a0<\/span><strong><span dir=\"auto\">Roberta Gabriela<\/span><\/strong><span dir=\"auto\">\u00a0.<\/span><\/p>\n<p><span dir=\"auto\">Jmenov\u00e1n\u00ed Rubia, Kushnera a Witkoffa nen\u00ed vzhledem k jejich roli v politice Bl\u00edzk\u00e9ho v\u00fdchodu velk\u00fdm p\u0159ekvapen\u00edm. Kushner byl kl\u00ed\u010dovou postavou v Abrahamov\u00fdch dohod\u00e1ch a pl\u00e1nu M\u00edr k prosperit\u011b a on a Witkoff jsou hlavn\u00edmi architekty ned\u00e1vn\u00e9ho technokratick\u00e9ho rozvojov\u00e9ho pl\u00e1nu pro p\u00e1smo Gazy (Projekt Sunrise).<\/span><\/p>\n<figure class=\"wp-block-image aligncenter size-large\"><img decoding=\"async\" loading=\"lazy\" class=\"aligncenter\" src=\"https:\/\/substackcdn.com\/image\/fetch\/$s_!M8HI!,w_1456,c_limit,f_webp,q_auto:good,fl_progressive:steep\/https%3A%2F%2Fsubstack-post-media.s3.amazonaws.com%2Fpublic%2Fimages%2F1f1146f9-cd5b-4055-91c6-a3f89895be80_700x400.jpeg\" alt=\"\" width=\"691\" height=\"395\" \/><\/figure>\n<p><span dir=\"auto\">Blair je tak\u00e9 z\u0159ejmou volbou, vzhledem k jeho bl\u00edzk\u00fdm vazb\u00e1m na\u00a0<\/span><strong><span dir=\"auto\">Bl\u00edzk\u00fd v\u00fdchod, kter\u00e9 m\u011bl jako zvl\u00e1\u0161tn\u00ed vyslanec Kvartetu pro Bl\u00edzk\u00fd<\/span><\/strong><span dir=\"auto\">\u00a0v\u00fdchod v letech 2007 a\u017e 2015, a k jeho roli (spolu s Kushnerem) p\u0159i p\u0159edkl\u00e1d\u00e1n\u00ed\u00a0<\/span><em><span dir=\"auto\">m\u00edrov\u00e9ho pl\u00e1nu pro Gazu<\/span><\/em><span dir=\"auto\">\u00a0prezidentu Trumpovi loni v srpnu\u00a0<\/span><strong><span dir=\"auto\">.<\/span><\/strong><\/p>\n<figure class=\"wp-block-image aligncenter size-large\"><img decoding=\"async\" class=\"aligncenter\" src=\"https:\/\/substackcdn.com\/image\/fetch\/$s_!s4nq!,w_1456,c_limit,f_webp,q_auto:good,fl_progressive:steep\/https%3A%2F%2Fsubstack-post-media.s3.amazonaws.com%2Fpublic%2Fimages%2Fae0368c6-c916-4727-aa40-bdaa5d249c02_601x190.png\" alt=\"\" \/><\/figure>\n<p><span dir=\"auto\">Za zm\u00ednku stoj\u00ed, \u017ee kl\u00ed\u010dovou roli sehr\u00e1l\u00a0<\/span><strong><span dir=\"auto\">Jonathan Powell<\/span><\/strong><span dir=\"auto\">\u00a0, poradce Keira Starmera pro n\u00e1rodn\u00ed bezpe\u010dnost a \u0161\u00e9f Blairova person\u00e1lu v letech 1997 a\u017e 2007. Powell p\u0159ipom\u00edn\u00e1 postavu\u00a0<\/span><strong><span dir=\"auto\">Humphreyho Applebyho<\/span><\/strong><span dir=\"auto\">\u00a0z britsk\u00e9ho sitcomu\u00a0<\/span><em><span dir=\"auto\">Ano, pane premi\u00e9re<\/span><\/em><span dir=\"auto\">\u00a0: chytr\u00e9ho jedince, kter\u00fd dovedn\u011b ovl\u00e1d\u00e1 skute\u010dnou moc v z\u00e1kulis\u00ed, bez ohledu na to, kdo je zrovna u \u00fa\u0159adu\u00a0<\/span><strong><em><span dir=\"auto\">.<\/span><\/em><\/strong><\/p>\n<p><iframe id=\"instagram-embed-0\" class=\"instagram-media instagram-media-rendered\" src=\"https:\/\/www.instagram.com\/reel\/DJr8ZDuxprt\/embed\/?cr=1&amp;v=14&amp;wp=540&amp;rd=https%3A%2F%2Funcutnews.ch&amp;rp=%2Fwird-sich-donald-trumps-friedensrat-zu-der-von-der-great-transition-initiative-erwarteten-autoritaeren-neuen-weltordnung-entwickeln%2F#%7B%22ci%22%3A0%2C%22os%22%3A943%2C%22ls%22%3A180.70000004768372%2C%22le%22%3A928.2999999523163%7D\" height=\"746\" frameborder=\"0\" scrolling=\"no\" allowfullscreen=\"allowfullscreen\" data-instgrm-payload-id=\"instagram-media-payload-0\" data-mce-fragment=\"1\"><\/iframe><span dir=\"auto\">Nicm\u00e9n\u011b, navzdory britsk\u00e9mu vlivu na agendu se Keir Starmer odm\u00edtl z\u00fa\u010dastnit. To vypad\u00e1 velmi podobn\u011b jako klasick\u00e1 britsk\u00e1 dvojakost.<\/span><\/p>\n<figure class=\"wp-block-image aligncenter size-large\"><img decoding=\"async\" loading=\"lazy\" class=\"aligncenter\" src=\"https:\/\/substackcdn.com\/image\/fetch\/$s_!OePB!,w_1456,c_limit,f_webp,q_auto:good,fl_progressive:steep\/https%3A%2F%2Fsubstack-post-media.s3.amazonaws.com%2Fpublic%2Fimages%2F8785a18d-e892-4306-90b1-a5a979381548_768x432.jpeg\" alt=\"\" width=\"624\" height=\"351\" \/><figcaption class=\"wp-element-caption\"><em><span dir=\"auto\">(Zleva) Tony Blair a Donald Trump na egyptsk\u00e9m summitu loni v \u0159\u00edjnu, jeho\u017e c\u00edlem bylo ukon\u010dit v\u00e1lku v Gaze. Foto: Reuters<\/span><\/em><\/figcaption><\/figure>\n<p><span dir=\"auto\">Blair vede\u00a0<\/span><strong><span dir=\"auto\">Institut Tonyho Blaira pro glob\u00e1ln\u00ed zm\u011bnu<\/span><\/strong><span dir=\"auto\">\u00a0, kter\u00fd je siln\u011b financov\u00e1n\u00a0<\/span><strong><span dir=\"auto\">gener\u00e1ln\u00edm \u0159editelem spole\u010dnosti Oracle\u00a0<\/span><\/strong><strong><span dir=\"auto\">Larrym Ellisonem<\/span><\/strong><span dir=\"auto\">\u00a0, kl\u00ed\u010dovou postavou megalomansk\u00e9ho projektu Stargate. Shodou okolnost\u00ed je Blair siln\u00fdm zast\u00e1ncem stejn\u00fdch \u0159e\u0161en\u00ed velk\u00fdch technologick\u00fdch firem a pl\u00e1n\u016f rozvoje chytr\u00fdch m\u011bst, kter\u00e9 vy\u017eaduj\u00ed digit\u00e1ln\u00ed identifikaci pro p\u0159\u00edstup k z\u00e1kladn\u00edm slu\u017eb\u00e1m, stejn\u011b jako Ellison. V roce 2020 Blair a b\u00fdval\u00fd \u010dlen spr\u00e1vn\u00ed rady WEF Herman Gref propagovali \u0159e\u0161en\u00ed digit\u00e1ln\u00ed identifikace jako prost\u0159edek boje proti COVID-19 a neleg\u00e1ln\u00ed migraci b\u011bhem rusk\u00e9ho cvi\u010den\u00ed Cyber \u200b\u200bPolygon.<\/span><\/p>\n<figure class=\"wp-block-embed aligncenter is-type-video is-provider-youtube wp-block-embed-youtube wp-embed-aspect-16-9 wp-has-aspect-ratio\">\n<div class=\"wp-block-embed__wrapper\"><iframe loading=\"lazy\" title=\"Kybernetick\u00fd polygon 2020 (sledovat v angli\u010dtin\u011b)\" src=\"https:\/\/www.youtube.com\/embed\/msYb8Pk_unk?feature=oembed\" width=\"800\" height=\"450\" frameborder=\"0\" allowfullscreen=\"allowfullscreen\" data-mce-fragment=\"1\"><\/iframe><\/div>\n<\/figure>\n<p><span dir=\"auto\">Blair je evidentn\u011b oportunista, kter\u00fd ochotn\u011b a bez v\u00e1h\u00e1n\u00ed slou\u017e\u00ed vy\u0161\u0161\u00edm mocensk\u00fdm vrstv\u00e1m. Kr\u00e1tce pot\u00e9, co opustil Downing Street 10, se stal \u010dlenem\u00a0<\/span><strong><span dir=\"auto\">Mezin\u00e1rodn\u00ed rady JPMorgan Chase<\/span><\/strong><span dir=\"auto\">\u00a0(spolu s Henrym Kissingerem), pravd\u011bpodobn\u011b jako projev uzn\u00e1n\u00ed od sv\u00fdch nad\u0159\u00edzen\u00fdch.<\/span><\/p>\n<p><span dir=\"auto\">Blair i Banga maj\u00ed \u00fazk\u00e9 vazby na\u00a0<\/span><strong><span dir=\"auto\">Sv\u011btov\u00e9 ekonomick\u00e9 f\u00f3rum<\/span><\/strong><span dir=\"auto\">\u00a0a glob\u00e1ln\u00ed agendu udr\u017eitelnosti. Blair p\u016fsobil v letech 2007 a\u017e 2010 v jeho spr\u00e1vn\u00ed rad\u011b a\u00a0<\/span><strong><span dir=\"auto\">Ajay Banga<\/span><\/strong><span dir=\"auto\">\u00a0je \u010dlenem v\u00fdkonn\u00e9 rady od roku 2024.<\/span><\/p>\n<p><span dir=\"auto\">Banga je tak\u00e9 b\u00fdval\u00fdm \u010dlenem Trilater\u00e1ln\u00ed\u00a0<\/span><strong><span dir=\"auto\">komise<\/span><\/strong><span dir=\"auto\">\u00a0a v roce 2022 byl \u010dlenem jej\u00ed pracovn\u00ed skupiny pro glob\u00e1ln\u00ed kapitalismus v transformaci.<\/span><\/p>\n<p><span dir=\"auto\">Oba se v\u00fdznamn\u011b pod\u00edleli na prosazov\u00e1n\u00ed debaty o zm\u011bn\u011b klimatu. Blair u\u010dinil ze zm\u011bny klimatu \u00fast\u0159edn\u00ed t\u00e9ma summitu G8 v Gleneagles v roce 2005 a Banga je \u010dlenkou\u00a0<\/span><strong><span dir=\"auto\">B-t\u00fdmu<\/span><\/strong><span dir=\"auto\">\u00a0Richarda Bransona (spolu s l\u00eddry, jako je b\u00fdval\u00e1 p\u0159edsedkyn\u011b R\u00e1mcov\u00e9 \u00famluvy OSN o zm\u011bn\u011b klimatu\u00a0<\/span><strong><span dir=\"auto\">Christiana Figueres<\/span><\/strong><span dir=\"auto\">\u00a0a spolup\u0159edseda Sv\u011btov\u00e9ho ekonomick\u00e9ho f\u00f3ra\u00a0<\/span><strong><span dir=\"auto\">Andr\u00e9 Hoffman<\/span><\/strong><span dir=\"auto\">\u00a0).<\/span><\/p>\n<p><span dir=\"auto\">To zd\u016fraz\u0148uje \u00fazk\u00e9 spojen\u00ed mezi Trumpem a globalistick\u00fdmi elitami, kter\u00e9 se slab\u011b st\u0159et\u00e1v\u00e1 s \u201eantiglobalismem\u201c a \u201eklimatick\u00fdm skepticismem\u201c hnut\u00ed MAGA. Mo\u017en\u00e1 v\u0161ak klimatick\u00e1 agenda p\u0159e\u017eila svou u\u017eite\u010dnost? Technokracie bude nyn\u00ed dosa\u017eeno starom\u00f3dn\u00edm dob\u00fdv\u00e1n\u00edm maskovan\u00fdm jako pravicov\u00e1 r\u00e9torika.<\/span><\/p>\n<p><span dir=\"auto\">Podle stanov M\u00edrov\u00e9\u00a0<\/span><strong><span dir=\"auto\">rady<\/span><\/strong><span dir=\"auto\">\u00a0bude m\u00edt \u0161ir\u0161\u00ed mand\u00e1t ne\u017e jen pr\u00e1ci na m\u00edrov\u00e9m pl\u00e1nu pro Gazu. Stanovy uv\u00e1d\u011bj\u00ed, \u017ee Rada \u201ebude mezin\u00e1rodn\u00ed organizac\u00ed zam\u011b\u0159enou na podporu stability, obnoven\u00ed spolehliv\u00e9 a legitimn\u00ed spr\u00e1vy v\u011bc\u00ed ve\u0159ejn\u00fdch a zaji\u0161t\u011bn\u00ed trval\u00e9ho m\u00edru v oblastech zasa\u017een\u00fdch nebo ohro\u017een\u00fdch konfliktem\u201c.<\/span><\/p>\n<p><span dir=\"auto\">Zd\u00e1 se, \u017ee je pl\u00e1nov\u00e1na jako\u00a0<\/span><em><span dir=\"auto\">dopl\u0148kov\u00e1<\/span><\/em><span dir=\"auto\">\u00a0(nebo mo\u017en\u00e1\u00a0<\/span><em><span dir=\"auto\">konkuren\u010dn\u00ed)<\/span><\/em><span dir=\"auto\">\u00a0organizace k\u00a0<\/span><strong><span dir=\"auto\">Rad\u011b bezpe\u010dnosti OSN<\/span><\/strong><span dir=\"auto\">\u00a0. V jej\u00edm \u010dele bude st\u00e1t Donald Trump (s pr\u00e1vem veta) a ka\u017ed\u00fd \u010dlensk\u00fd st\u00e1t bude muset zaplatit\u00a0<\/span><em><span dir=\"auto\">jednu miliardu\u00a0<\/span><\/em><em><span dir=\"auto\">americk\u00fdch dolar\u016f\u00a0<\/span><\/em><em><span dir=\"auto\">(!)<\/span><\/em><span dir=\"auto\">\u00a0, aby si zajistil st\u00e1l\u00e9 m\u00edsto.<\/span><\/p>\n<figure class=\"wp-block-image aligncenter size-large\"><img decoding=\"async\" loading=\"lazy\" class=\"aligncenter\" src=\"https:\/\/substackcdn.com\/image\/fetch\/$s_!eR0C!,w_1456,c_limit,f_webp,q_auto:good,fl_progressive:steep\/https%3A%2F%2Fsubstack-post-media.s3.amazonaws.com%2Fpublic%2Fimages%2F4fe5025a-4371-4910-9bf1-cfadde319adb_1280x1177.png\" alt=\"\" width=\"483\" height=\"444\" \/><figcaption class=\"wp-element-caption\"><span dir=\"auto\">Pe\u010de\u0165 M\u00edrov\u00e9 rady se Spojen\u00fdmi st\u00e1ty a Severn\u00ed Amerikou uprost\u0159ed.<\/span><\/figcaption><\/figure>\n<p><span dir=\"auto\">Mezi 26 zem\u011bmi, kter\u00e9 p\u0159ijaly pozv\u00e1n\u00ed k \u00fa\u010dasti v panelu, jsou Argentina, B\u011blorusko, Ma\u010farsko, Indon\u00e9sie, Izrael, Kuvajt, Katar, Sa\u00fadsk\u00e1 Ar\u00e1bie, Turecko a Spojen\u00e9 arabsk\u00e9 emir\u00e1ty, zat\u00edmco v\u011bt\u0161ina tradi\u010dn\u00edch spojenc\u016f Spojen\u00fdch st\u00e1t\u016f \u00fa\u010dast odm\u00edtla.<\/span><\/p>\n<p><span dir=\"auto\">Kanadsk\u00fd premi\u00e9r\u00a0<\/span><strong><span dir=\"auto\">Mark Carney<\/span><\/strong><span dir=\"auto\">\u00a0(b\u00fdval\u00fd spr\u00e1vce WEF, bank\u00e9\u0159 a globalista) je jedn\u00edm z m\u00e1la z\u00e1padn\u00edch hlav st\u00e1t\u016f a vl\u00e1d, kte\u0159\u00ed zva\u017eovali p\u0159ijet\u00ed pozv\u00e1n\u00ed. Trump\u016fv t\u00fdm v\u0161ak nab\u00eddku n\u00e1hle st\u00e1hl.<\/span><\/p>\n<figure class=\"wp-block-embed aligncenter is-type-video is-provider-youtube wp-block-embed-youtube wp-embed-aspect-16-9 wp-has-aspect-ratio\">\n<div class=\"wp-block-embed__wrapper\"><iframe loading=\"lazy\" title=\"Zvl\u00e1\u0161tn\u00ed projev Marka Carneyho, premi\u00e9ra Kanady | V\u00fdro\u010dn\u00ed zased\u00e1n\u00ed Sv\u011btov\u00e9ho ekonomick\u00e9ho f\u00f3ra 2026\" src=\"https:\/\/www.youtube.com\/embed\/flsgJe8mN-A?feature=oembed\" width=\"800\" height=\"450\" frameborder=\"0\" allowfullscreen=\"allowfullscreen\" data-mce-fragment=\"1\"><\/iframe><\/div>\n<\/figure>\n<p><span dir=\"auto\">Zb\u00fdv\u00e1 jen zvl\u00e1\u0161tn\u00ed sm\u011bs rozvojov\u00fdch zem\u00ed, autokraci\u00ed a \u0161ejchstv\u00ed, v \u010dele s \u201evelk\u00fdmi zast\u00e1nci demokracie a lidsk\u00fdch pr\u00e1v\u201c, jako je b\u011blorusk\u00fd dikt\u00e1tor\u00a0<\/span><strong><span dir=\"auto\">Alexandr Luka\u0161enko<\/span><\/strong><span dir=\"auto\">\u00a0, sa\u00fadskoarabsk\u00fd korunn\u00ed princ\u00a0<\/span><strong><span dir=\"auto\">Muhammad bin Salm\u00e1n<\/span><\/strong><span dir=\"auto\">\u00a0a gener\u00e1ln\u00ed tajemn\u00edk Komunistick\u00e9 strany Vietnamu\u00a0<\/span><strong><span dir=\"auto\">To Lam<\/span><\/strong><span dir=\"auto\">\u00a0.<\/span><\/p>\n<p><span dir=\"auto\">Carney ve sv\u00e9m projevu v Davosu prohl\u00e1sil, \u017ee star\u00fd, na pravidlech zalo\u017een\u00fd \u0159\u00e1d skon\u010dil a \u017ee se nyn\u00ed nach\u00e1z\u00edme \u201euprost\u0159ed p\u0159est\u00e1vky\u201c. V tom m\u00e1 jist\u011b pravdu, proto\u017ee Trumpmageddon nabral nov\u00fd, ne\u010dekan\u00fd sm\u011br.<\/span><\/p>\n<p><span dir=\"auto\">N\u011bkte\u0159\u00ed v\u0161ak v kolapsu vid\u00ed p\u0159\u00edle\u017eitost. P\u0159edsedkyn\u011b Evropsk\u00e9 komise\u00a0<\/span><strong><span dir=\"auto\">Ursula von der Leyenov\u00e1<\/span><\/strong><span dir=\"auto\">\u00a0(b\u00fdval\u00e1 \u010dlenka spr\u00e1vn\u00ed rady WEF) ve sv\u00e9m projevu v Davosu prohl\u00e1sila: \u201eOt\u0159esy, kter\u00e9 dnes za\u017e\u00edv\u00e1me, jsou p\u0159\u00edle\u017eitost\u00ed, ba dokonce nutnost\u00ed, k vybudov\u00e1n\u00ed nov\u00e9 formy evropsk\u00e9 nez\u00e1vislosti.\u201c<\/span><\/p>\n<p><span dir=\"auto\">Podle stanov m\u00e1 Donald Trump\u00a0<\/span><em><span dir=\"auto\">pr\u00e1vo zvolit si vlastn\u00edho n\u00e1stupce (!),<\/span><\/em><span dir=\"auto\">\u00a0kter\u00fd p\u0159evezme veden\u00ed organizace, pokud Trump dobrovoln\u011b odstoup\u00ed nebo bude muset odstoupit \u201ez d\u016fvodu pracovn\u00ed neschopnosti\u201c.<\/span><\/p>\n<p><span dir=\"auto\">M\u00e1m podez\u0159en\u00ed, \u017ee jeho prvn\u00ed volbou by byl jeho ze\u0165\u00a0<\/span><strong><span dir=\"auto\">Jared Kushner<\/span><\/strong><span dir=\"auto\">\u00a0.<\/span><\/p>\n<p><span dir=\"auto\">Pot\u00e9 by nem\u011blo trvat dlouho, ne\u017e bude p\u0159edstaven pl\u00e1n na rekonstrukci jeruzal\u00e9msk\u00e9ho chr\u00e1mu.<\/span><\/p>\n<figure class=\"wp-block-embed aligncenter is-type-video is-provider-youtube wp-block-embed-youtube wp-embed-aspect-16-9 wp-has-aspect-ratio\">\n<div class=\"wp-block-embed__wrapper\"><iframe loading=\"lazy\" title=\"Jared Kushner nast\u00ednil pl\u00e1ny \u201em\u00edrov\u00e9 rady\u201c na p\u0159estavbu Gazy\" src=\"https:\/\/www.youtube.com\/embed\/SMapfLSD0vA?feature=oembed\" width=\"800\" height=\"450\" frameborder=\"0\" allowfullscreen=\"allowfullscreen\" data-mce-fragment=\"1\"><\/iframe><\/div>\n<\/figure>\n<p><span dir=\"auto\">M\u00edrov\u00e1 rada se shodou okolnost\u00ed pozoruhodn\u011b podob\u00e1 takzvan\u00e9mu \u201eNov\u00e9mu zemsk\u00e9mu \u0159\u00e1du\u201c (nebo \u201eAlianci pro glob\u00e1ln\u00ed sp\u00e1su\u201c), kter\u00fd p\u0159edpov\u011bd\u011bl\u00a0<\/span><strong><span dir=\"auto\">Paul Raskin<\/span><\/strong><span dir=\"auto\">\u00a0z\u00a0<\/span><strong><span dir=\"auto\">Velk\u00e9 transforma\u010dn\u00ed iniciativy<\/span><\/strong><span dir=\"auto\">\u00a0ve sv\u00e9m dystopick\u00e9m sc\u00e9n\u00e1\u0159i \u201ePevnost Sv\u011bt\u201c, o kter\u00e9m jsem psal ve sv\u00e9m novoro\u010dn\u00edm dopise i ve sv\u00e9 knize\u00a0<\/span><em><span dir=\"auto\">Glob\u00e1ln\u00ed p\u0159evrat<\/span><\/em><span dir=\"auto\">\u00a0.<\/span><\/p>\n<figure class=\"wp-block-image aligncenter size-large\"><img decoding=\"async\" loading=\"lazy\" class=\"aligncenter\" src=\"https:\/\/substackcdn.com\/image\/fetch\/$s_!Ljgj!,w_1456,c_limit,f_webp,q_auto:good,fl_progressive:steep\/https%3A%2F%2Fsubstack-post-media.s3.amazonaws.com%2Fpublic%2Fimages%2Fb03ed4ea-62d5-4dd7-a617-1700e87656ff_1003x1500.jpeg\" alt=\"\" width=\"486\" height=\"727\" \/><\/figure>\n<p><span dir=\"auto\">Ne\u010dekal jsem v\u0161ak, \u017ee se to projev\u00ed tak rychle. Proto budu pravd\u011bpodobn\u011b muset svou p\u0159edpov\u011b\u010f upravit.<\/span><\/p>\n<p><span dir=\"auto\">Jak napsal Raskin ve sv\u00e9 eseji\u00a0z roku 2002 \u201e\u00a0<\/span><em><span dir=\"auto\">Velk\u00e1 transformace: Sliby a v\u00e1bni\u010dky nadch\u00e1zej\u00edc\u00ed doby \u201c:<\/span><\/em><\/p>\n<p><em><span dir=\"auto\">Aliance se skl\u00e1dala z r\u016fznorod\u00e9 skupiny glob\u00e1ln\u00edch hr\u00e1\u010d\u016f z korpor\u00e1tn\u00edho sv\u011bta, bezpe\u010dnostn\u00ed komunity a pravicov\u00fdch politick\u00fdch kruh\u016f. V obav\u011b, \u017ee by se krize mohla vymknout kontrole, dosp\u011bli \u2013 mnoz\u00ed neochotn\u011b \u2013 k z\u00e1v\u011bru, \u017ee je t\u0159eba zaplnit vakuum mezin\u00e1rodn\u00ed kontroly a \u017ee jsou pro tento \u00fakol ti prav\u00ed.<\/span><\/em><\/p>\n<p><span dir=\"auto\">Podle sc\u00e9n\u00e1\u0159e \u201ePevnost sv\u011bt\u201c aliance vyhl\u00e1s\u00ed stav nouze, aby z\u0159\u00eddila glob\u00e1ln\u00ed agenturu, kter\u00e1 bude \u201ekontrolovat soci\u00e1ln\u00ed nepokoje a migraci a chr\u00e1nit cenn\u00e9 environment\u00e1ln\u00ed zdroje pomoc\u00ed high-tech dohledu a starom\u00f3dn\u00ed brutality\u201c. To rozhodn\u011b zn\u00ed jako \u0159e\u0161en\u00ed ve stylu Trumpa.<\/span><\/p>\n<p><span dir=\"auto\">V Raskinov\u011b preferovan\u00e9m sc\u00e9n\u00e1\u0159i v\u0161ak proti NEO bojuje Hnut\u00ed glob\u00e1ln\u00edch ob\u010dan\u016f, kter\u00e9 NEO ru\u0161\u00ed a nahrazuje ho \u201eosv\u00edcenou mezin\u00e1rodn\u00ed spr\u00e1vou v\u011bc\u00ed ve\u0159ejn\u00fdch\u201c.<\/span><\/p>\n<p><span dir=\"auto\">Podle m\u00e9ho n\u00e1zoru bude NEO fungovat jako jak\u00fdsi v\u00e1le\u010dn\u00fd kabinet, kter\u00fd bude efektivn\u011b \u0159\u00eddit p\u0159echod ke glob\u00e1ln\u00ed technokracii, ne\u017e se vr\u00e1t\u00ed siln\u011b omezen\u00e1 a kontrolovan\u00e1 forma \u201esvobody\u201c.<\/span><\/p>\n<p><span dir=\"auto\">Akt\u00e9\u0159i tahaj\u00edc\u00ed za nitky za NEO a \u201eosv\u00edcenou mezin\u00e1rodn\u00ed spr\u00e1vou v\u011bc\u00ed ve\u0159ejn\u00fdch\u201c jsou v podstat\u011b stejn\u00ed. Li\u0161\u00ed se pouze metody moci (tvrd\u00e1 versus m\u011bkk\u00e1).<\/span><\/p>\n<p><span dir=\"auto\">V t\u00e9to kritick\u00e9 dob\u011b mus\u00ed jednat rozhodn\u011b a s plnou silou, p\u0159i\u010dem\u017e Donald Trump jako ochotn\u00fd frontman odvede \u0161pinavou pr\u00e1ci.<\/span><\/p>\n<p><span dir=\"auto\">Pokud budou on a jeho poskoci svr\u017eeni (nebo p\u0159estanou b\u00fdt u\u017eite\u010dn\u00ed), skute\u010dn\u00ed mocensk\u00e9 p\u0159edstavitel\u00e9 pl\u00e1nuj\u00ed nastolit sv\u016fj zam\u00fd\u0161len\u00fd technokratick\u00fd re\u017eim s obnoven\u00fdm zam\u011b\u0159en\u00edm na starou agendu udr\u017eitelnosti. Moje prvn\u00ed my\u0161lenka byla: \u201eHodn\u011b \u0161t\u011bst\u00ed s t\u00edm!\u201c Kdybych byl strat\u00e9gem, pokusil bych se p\u0159ij\u00edt s n\u011b\u010d\u00edm nov\u00fdm a atraktivn\u00edm, m\u00edsto abych znovu o\u017eivoval stejnou opot\u0159ebovanou recepturu, kter\u00e1 se uk\u00e1zala jako naprost\u00fd podvod a slou\u017e\u00ed pouze technokratick\u00e9 agend\u011b.<\/span><\/p>\n<h4><span dir=\"auto\">Zdroje:<\/span><\/h4>\n<ul>\n<li><a href=\"https:\/\/drjacobnordangard.substack.com\/p\/will-donald-trumps-board-of-peace?utm_source=post-email-title&amp;publication_id=1015075&amp;post_id=184860936&amp;utm_campaign=email-post-title&amp;isFreemail=true&amp;r=pf6gr&amp;triedRedirect=true&amp;utm_medium=email#footnote-anchor-1-184860936\"><span dir=\"auto\">1<\/span><\/a><span dir=\"auto\">\u00a0B\u00edl\u00fd d\u016fm (2026), Prezident Trump p\u0159i historick\u00e9m ceremoni\u00e1lu ratifikoval Radu m\u00edru, Otev\u00edr\u00e1 cestu k nad\u011bji a d\u016fstojnosti pro obyvatele Gazy,\u00a0<\/span><a href=\"http:\/\/whitehouse.gov\/articles\/2026\/01\/president-trump-ratifies-board-of-peace-in-historic-ceremony-opening-path-to-hope-and-dignity-for-gazans\/\"><span dir=\"auto\">whitehouse.gov\/articles\/2026\/01\/president-trump-ratifies-board-of-peace-in-historic-ceremony-opening-path-to-hope-and-dignity-for-gazans\/<\/span><\/a><\/li>\n<li><a href=\"https:\/\/drjacobnordangard.substack.com\/p\/will-donald-trumps-board-of-peace?utm_source=post-email-title&amp;publication_id=1015075&amp;post_id=184860936&amp;utm_campaign=email-post-title&amp;isFreemail=true&amp;r=pf6gr&amp;triedRedirect=true&amp;utm_medium=email#footnote-anchor-2-184860936\"><span dir=\"auto\">2<\/span><\/a><span dir=\"auto\">\u00a0Rada bezpe\u010dnosti OSN (2025), rezoluce 2803 (2025),\u00a0<\/span><a href=\"http:\/\/docs.un.org\/en\/s\/res\/2803(2025)\"><span dir=\"auto\">docs.un.org\/en\/s\/res\/2803(2025)<\/span><\/a><\/li>\n<li><a href=\"https:\/\/drjacobnordangard.substack.com\/p\/will-donald-trumps-board-of-peace?utm_source=post-email-title&amp;publication_id=1015075&amp;post_id=184860936&amp;utm_campaign=email-post-title&amp;isFreemail=true&amp;r=pf6gr&amp;triedRedirect=true&amp;utm_medium=email#footnote-anchor-3-184860936\"><span dir=\"auto\">3<\/span><\/a><span dir=\"auto\">\u00a0B\u00edl\u00fd d\u016fm (2026), Prohl\u00e1\u0161en\u00ed ke komplexn\u00edmu pl\u00e1nu prezidenta Trumpa k ukon\u010den\u00ed konfliktu v Gaze,\u00a0<\/span><a href=\"https:\/\/www.whitehouse.gov\/briefings-statements\/2026\/01\/statement-on-president-trumps-comprehensive-plan-to-end-the-gaza-conflict\/\"><span dir=\"auto\">whitehouse.gov\/briefings-statements\/2026\/01\/statement-on-president-trumps-comprehensive-plan-to-end-the-gaza-conflict\/<\/span><\/a><\/li>\n<li><a href=\"https:\/\/drjacobnordangard.substack.com\/p\/will-donald-trumps-board-of-peace?utm_source=post-email-title&amp;publication_id=1015075&amp;post_id=184860936&amp;utm_campaign=email-post-title&amp;isFreemail=true&amp;r=pf6gr&amp;triedRedirect=true&amp;utm_medium=email#footnote-anchor-4-184860936\"><span dir=\"auto\">4<\/span><\/a><span dir=\"auto\">\u00a0Alexander Ward, Robbie Gramer a Peter Grant (2025), USA p\u0159edstavuj\u00ed pl\u00e1n \u201eProjekt Sunrise\u201c, jeho\u017e c\u00edlem je prom\u011bnit Gazu v high-tech metropoli,\u00a0<\/span><a href=\"http:\/\/u-s-pitches-project-sunrise-plan-to-turn-gaza-into-high-tech-metropolis-ebbd96ae\/\"><span dir=\"auto\">us-pitches-project-sunrise-plan-to-turn-gaza-into-high-tech-metropolis-ebbd96ae<\/span><\/a><\/li>\n<li><a href=\"https:\/\/drjacobnordangard.substack.com\/p\/will-donald-trumps-board-of-peace?utm_source=post-email-title&amp;publication_id=1015075&amp;post_id=184860936&amp;utm_campaign=email-post-title&amp;isFreemail=true&amp;r=pf6gr&amp;triedRedirect=true&amp;utm_medium=email#footnote-anchor-5-184860936\"><span dir=\"auto\">5<\/span><\/a><span dir=\"auto\">\u00a0Freddie Hayward (2025), Jonathan Powell a Tony Blair u dvora Donalda Trumpa,\u00a0<\/span><a href=\"http:\/\/newstatesman.com\/international-politics\/geopolitics\/2025\/10\/jonathan-powell-and-tony-blair-at-the-court-of-donald-trump\"><span dir=\"auto\">newstatesman.com\/international-politics\/geopolitics\/2025\/10\/jonathan-powell-and-tony-blair-at-the-court-of-donald-trump<\/span><\/a><\/li>\n<li><a href=\"https:\/\/drjacobnordangard.substack.com\/p\/will-donald-trumps-board-of-peace?utm_source=post-email-title&amp;publication_id=1015075&amp;post_id=184860936&amp;utm_campaign=email-post-title&amp;isFreemail=true&amp;r=pf6gr&amp;triedRedirect=true&amp;utm_medium=email#footnote-anchor-6-184860936\"><span dir=\"auto\">6<\/span><\/a><span dir=\"auto\">\u00a0Lighthouse Reports (2025), Blair a miliard\u00e1\u0159,\u00a0<\/span><a href=\"http:\/\/lighthousereports.com\/investigation\/blair-and-the-billionaire\/\"><span dir=\"auto\">lighthousereports.com\/investigation\/blair-and-the-billionaire\/<\/span><\/a><\/li>\n<li><a href=\"https:\/\/drjacobnordangard.substack.com\/p\/will-donald-trumps-board-of-peace?utm_source=post-email-title&amp;publication_id=1015075&amp;post_id=184860936&amp;utm_campaign=email-post-title&amp;isFreemail=true&amp;r=pf6gr&amp;triedRedirect=true&amp;utm_medium=email#footnote-anchor-7-184860936\"><span dir=\"auto\">7<\/span><\/a><span dir=\"auto\">\u00a0Jacob Magid (2026), Cel\u00fd text: Charta Trumpovy m\u00edrov\u00e9 rady,\u00a0<\/span><a href=\"http:\/\/timesofisrael.com\/full-text-charter-of-trumps-board-of-peace\/\"><span dir=\"auto\">timesofisrael.com\/full-text-charter-of-trumps-board-of-peace\/<\/span><\/a><\/li>\n<li><a href=\"https:\/\/drjacobnordangard.substack.com\/p\/will-donald-trumps-board-of-peace?utm_source=post-email-title&amp;publication_id=1015075&amp;post_id=184860936&amp;utm_campaign=email-post-title&amp;isFreemail=true&amp;r=pf6gr&amp;triedRedirect=true&amp;utm_medium=email#footnote-anchor-8-184860936\"><span dir=\"auto\">8<\/span><\/a><span dir=\"auto\">\u00a0Sv\u011btov\u00e9 ekonomick\u00e9 f\u00f3rum (2026), Davos 2026: Zvl\u00e1\u0161tn\u00ed projev Marka Carneyho, premi\u00e9ra Kanady,\u00a0<\/span><a href=\"http:\/\/weforum.org\/stories\/2026\/01\/davos-2026-special-address-by-mark-carney-prime-minister-of-canada\/\"><span dir=\"auto\">weforum.org\/stories\/2026\/01\/davos-2026-special-address-by-mark-carney-prime-minister-of-canada\/<\/span><\/a><\/li>\n<li><a href=\"https:\/\/drjacobnordangard.substack.com\/p\/will-donald-trumps-board-of-peace?utm_source=post-email-title&amp;publication_id=1015075&amp;post_id=184860936&amp;utm_campaign=email-post-title&amp;isFreemail=true&amp;r=pf6gr&amp;triedRedirect=true&amp;utm_medium=email#footnote-anchor-9-184860936\"><span dir=\"auto\">9<\/span><\/a><span dir=\"auto\">\u00a0Sv\u011btov\u00e9 ekonomick\u00e9 f\u00f3rum (2026), Zvl\u00e1\u0161tn\u00ed projev p\u0159edsedkyn\u011b Ursuly von der Leyenov\u00e9 na Sv\u011btov\u00e9m ekonomick\u00e9m f\u00f3ru,\u00a0<\/span><a href=\"http:\/\/ec.europa.eu\/commission\/presscorner\/detail\/en\/speech_26_150\"><span dir=\"auto\">ec.europa.eu\/commission\/presscorner\/detail\/en\/speech_26_150<\/span><\/a><\/li>\n<\/ul>\n<p><strong><em><span dir=\"auto\">Od Jacoba Nordang\u00e5rda<\/span><\/em><\/strong><\/p>\n<\/div>\n<\/div>\n<div class=\"elementor-element elementor-element-8c57238 quelle dc-has-condition dc-condition-empty elementor-widget elementor-widget-heading\" data-id=\"8c57238\" data-element_type=\"widget\" data-widget_type=\"heading.default\">\n<div class=\"elementor-widget-container\">\n<h3 class=\"elementor-heading-title elementor-size-default\"><span style=\"font-size: 10pt;\"><a href=\"https:\/\/drjacobnordangard.substack.com\/p\/will-donald-trumps-board-of-peace?utm_source=post-email-title&amp;publication_id=1015075&amp;post_id=184860936&amp;utm_campaign=email-post-title&amp;isFreemail=true&amp;r=pf6gr&amp;triedRedirect=true&amp;utm_medium=email\" target=\"_blank\" rel=\"nofollow noopener\"><span dir=\"auto\">Zdroj<\/span><\/a><\/span><\/h3>\n<\/div>\n<\/div>\n","protected":false},"excerpt":{"rendered":"<p>Realita nyn\u00ed p\u0159edstihla fikci a vyvinula se v n\u011bco p\u0159ipom\u00ednaj\u00edc\u00edho bizarn\u00ed politickou satiru. 16. ledna\u00a0Donald&#8230;<\/p>\n","protected":false},"author":2,"featured_media":98130,"comment_status":"closed","ping_status":"closed","sticky":false,"template":"","format":"standard","meta":[],"categories":[7],"tags":[1042,10425,452],"_links":{"self":[{"href":"https:\/\/www.infokuryr.cz\/n\/wp-json\/wp\/v2\/posts\/98129"}],"collection":[{"href":"https:\/\/www.infokuryr.cz\/n\/wp-json\/wp\/v2\/posts"}],"about":[{"href":"https:\/\/www.infokuryr.cz\/n\/wp-json\/wp\/v2\/types\/post"}],"author":[{"embeddable":true,"href":"https:\/\/www.infokuryr.cz\/n\/wp-json\/wp\/v2\/users\/2"}],"replies":[{"embeddable":true,"href":"https:\/\/www.infokuryr.cz\/n\/wp-json\/wp\/v2\/comments?post=98129"}],"version-history":[{"count":0,"href":"https:\/\/www.infokuryr.cz\/n\/wp-json\/wp\/v2\/posts\/98129\/revisions"}],"wp:featuredmedia":[{"embeddable":true,"href":"https:\/\/www.infokuryr.cz\/n\/wp-json\/wp\/v2\/media\/98130"}],"wp:attachment":[{"href":"https:\/\/www.infokuryr.cz\/n\/wp-json\/wp\/v2\/media?parent=98129"}],"wp:term":[{"taxonomy":"category","embeddable":true,"href":"https:\/\/www.infokuryr.cz\/n\/wp-json\/wp\/v2\/categories?post=98129"},{"taxonomy":"post_tag","embeddable":true,"href":"https:\/\/www.infokuryr.cz\/n\/wp-json\/wp\/v2\/tags?post=98129"}],"curies":[{"name":"wp","href":"https:\/\/api.w.org\/{rel}","templated":true}]}}