{"id":98122,"date":"2026-01-29T06:27:41","date_gmt":"2026-01-29T05:27:41","guid":{"rendered":"https:\/\/www.infokuryr.cz\/n\/?p=98122"},"modified":"2026-01-29T06:27:41","modified_gmt":"2026-01-29T05:27:41","slug":"michael-svatos-sokujici-odhaleni-kyjev-s-bruselem-chystaji-25-kvetna-2026-za-evropske-miliony","status":"publish","type":"post","link":"https:\/\/www.infokuryr.cz\/n\/2026\/01\/29\/michael-svatos-sokujici-odhaleni-kyjev-s-bruselem-chystaji-25-kvetna-2026-za-evropske-miliony\/","title":{"rendered":"Michael Svato\u0161: \u0160okuj\u00edc\u00ed odhalen\u00ed! Kyjev s Bruselem chystaj\u00ed 25. kv\u011btna 2026 za evropsk\u00e9 miliony&#8230;"},"content":{"rendered":"<div id=\"fb-root\"><\/div>\n<h3>\u0160okuj\u00edc\u00ed odhalen\u00ed! Kyjev s Bruselem chystaj\u00ed 25. kv\u011btna 2026 za evropsk\u00e9 miliony obrovskou nacistickou provokaci! Bude slaven den zakladatele holocaustu! N\u00e1hoda \u2013 Nikoli \u2013 V Brn\u011b bude ten den sn\u011bmovat Sudeton\u011bmeck\u00fd landsman\u0161aft!<\/h3>\n<h4><span style=\"color: #993366;\">(1) Brusel a Kyjev chystaj\u00ed 25. kv\u011btna 2026 uspo\u0159\u00e1dat velkolepou oslavu \u201cv\u00fdro\u010d\u00ed tragick\u00e9 smrti\u201d pachatele, kter\u00fd osobn\u011b na Ukrajin\u011b zorganizoval 1295 pogrom\u016f, a p\u0159i nich nechal vyvra\u017edit nejm\u00e9n\u011b 155 000 \u017did\u016f a dal\u0161\u00edch men\u0161inov\u00fdch etnik. Ve stejn\u00fd den se asi \u010distou n\u00e1hodou bude v Brn\u011b konat i sjezd Sudeton\u011bmeck\u00e9ho landsman\u0161aftu!?\u00a0<\/span><\/h4>\n<p>Evropskou Unii zalo\u017eil zn\u00e1m\u00fd nacistick\u00fd politik Robert Schuman, a ten osobn\u011b s n\u011bkolika sv\u00fdmi spole\u010dn\u00edky p\u0159i no\u010dn\u00ed razii s\u00eddla francouzsk\u00e9ho premi\u00e9ra Daladiera, ho donutil, aby hned r\u00e1no odlet\u011bl do Mnichova, a tam podepsal hanebn\u00fd Mnichovsk\u00fd dikt\u00e1t 1938.\u00a0 A v roce 1940 donutil Francii, aby kapitulovala p\u0159ed N\u011bmeckem, a do jej\u00edho \u010dela dosadil kolaboranta Petaina. A potom se p\u0159esunul na \u00fazem\u00ed T\u0159et\u00ed \u0159\u00ed\u0161e, a tam pod ochranou gestap\u00e1k\u016f osobn\u011b vybran\u00fdch G\u00f6ringem \u017eil v luxusn\u00ed vile a v n\u00ed pro nejvy\u0161\u0161\u00ed n\u011bmeck\u00e9 bank\u00e9\u0159e a pr\u016fmysln\u00edky zpracov\u00e1val d\u016fv\u011brn\u00e9 anal\u00fdzy, jak dopadne Hitlerova v\u00e1lka proti SSSR. A kdy\u017e bylo jasn\u00e9, \u017ee pro nacisty tristn\u011b, Schuman tajemn\u011b a nevysv\u011btliteln\u011b z vily zmizel, a do konce v\u00e1lky se pr\u00fd skr\u00fdval v katolick\u00fdch kl\u00e1\u0161terech. A po jej\u00edm konci se stal diplomatem a zalo\u017eil EU. A Komise EU nakonec p\u0159ed p\u00e1r lety na\u0159\u00eddila v\u0161em zem\u00edm EU, slavit 9. kv\u011bten ka\u017ed\u00e9ho roku, ne jako den konce II. sv\u011btov\u00e9 v\u00e1lky v Evrop\u011b, ale jako den jej\u00edho str\u016fjce nacisty Roberta Schumana! Pape\u017e\u00a0<a href=\"https:\/\/cs.wikipedia.org\/wiki\/Franti%C5%A1ek_(pape%C5%BE)\">Franti\u0161ek<\/a>\u00a0Schumana dokonce 19. \u010dervence 2021 prohl\u00e1sil za svat\u00e9ho! Le\u010d ani tato odporn\u00e1 adorace star\u00e9ho nacisty Schumana je\u0161t\u011b evidentn\u011b\u00a0 Bruselu k uspokojen\u00ed jeho rostouc\u00edch fa\u0161istick\u00fdch choutek nesta\u010d\u00ed, a tak vymyslel novou seanci, a je\u0161t\u011b mnohem ohavn\u011bj\u0161\u00ed \u2013 Den oslav zakladatele holokaustu Symona Petliury konan\u00fd 25. kv\u011btna 2026!!! A vybudov\u00e1n\u00ed jeho mauzolea!\u00a0 (<a href=\"https:\/\/www.michalapetr.com\/map-2293-ministr-ceske-vlady-se-vcera-na-ukrajine-ucastnil-seance-na-oslavu-architekta-mnichovskeho-diktatu-1938-to-nema-v-modernich-ceskych-dejinach-zadne-obdoby\/\">V\u00edce podrobn\u011b o Schumanovi zde v MAP 2293<\/a>.)<\/p>\n<p><a href=\"https:\/\/poltava.to\/project\/10335\/\">26. ledna 2026 se na Ukrajin\u011b se\u0161la tzv. Nejvy\u0161\u0161\u00ed rada Ukrajiny<\/a>, a pod \u0159\u00edzen\u00edm z\u00e1stupkyn\u011b p\u0159edsedy ukrajinsk\u00e9ho parlamentu,\u00a0\u041e\u043b\u0435\u043di \u041a\u043e\u043d\u0434\u0440\u0430\u0442\u044e\u043a, ze strany zn\u00e1m\u00e9 korup\u010dnice Julie Tymo\u0161enkov\u00e9,\u00a0<a href=\"https:\/\/poltava.to\/project\/10335\/\">na\u0159\u00eddila prov\u00e9st u p\u0159\u00edle\u017eitosti kulat\u00e9ho v\u00fdro\u010d\u00ed od<\/a>\u00a0\u201c<em>tragick\u00e9 smrti v\u00fdznamn\u00e9ho ukrajinsk\u00e9ho st\u00e1tn\u00edka a kulturn\u00edho \u010dinitele, bojovn\u00edka za nez\u00e1vislost Ukrajiny ve 20. stolet\u00ed, a \u0161\u00e9fa tzv. Direktoria, a tzv. vrchn\u00edho atamana vojsk Ukrajinsk\u00e9 lidov\u00e9 republiky Symona Petljury<\/em>\u201c, velkolepou n\u00e1rodn\u00ed panychidu.\u00a0<a href=\"https:\/\/poltava.to\/project\/10335\/\">A direktivn\u011b ulo\u017eila tzv. vojensk\u00e9 spr\u00e1v\u011b v\u00fdchodn\u00edho b\u0159ehu Dn\u011bpru<\/a>, aby ihned vy\u010dlenila st\u00e1tn\u00ed rozpo\u010dtov\u00e9 prost\u0159edky Ukrajiny. A z nich ihned zah\u00e1jila budov\u00e1n\u00ed velkolep\u00e9ho pam\u00e1tn\u00edku (<a href=\"https:\/\/www.michalapetr.com\/map-1879-videa-banderovci-opet-dobiji-ruske-ranene-a-jeste-se-tim-verejne-chlubi-%d0%b00409-zelenskeho-zvlastni-jednotka-pro-pachani-valecnych-zlocinu\/\">tohoto obzvl\u00e1\u0161\u0165 odporn\u00e9ho zlo\u010dince, osobn\u011b zorganizoval 1150 pogrom\u016f, a v nich povra\u017edil nejm\u00e9n\u011b 150 000 \u017did\u016f, a p\u0159\u00edslu\u0161n\u00edk\u016f dal\u0161\u00edch men\u0161in \u017eij\u00edc\u00edch na Ukrajin\u011b<\/a>) ve m\u011bst\u011b Poltava, a 25. kv\u011btna 2026 tam konala velkolep\u00e9 slavnosti k jeho uct\u011bn\u00ed.<\/p>\n<div id=\"attachment_23466\" class=\"wp-caption aligncenter\" style=\"width: 822px;\"><img decoding=\"async\" loading=\"lazy\" class=\" wp-image-23466\" src=\"https:\/\/www.michalapetr.com\/wp-content\/uploads\/2026\/01\/slov-neni-treba-pekarova-kondratjuk-1024x685-1.jpg\" sizes=\"(max-width: 1024px) 100vw, 1024px\" srcset=\"https:\/\/www.michalapetr.com\/wp-content\/uploads\/2026\/01\/slov-neni-treba-pekarova-kondratjuk-1024x685-1.jpg 1024w, https:\/\/www.michalapetr.com\/wp-content\/uploads\/2026\/01\/slov-neni-treba-pekarova-kondratjuk-1024x685-1-300x201.jpg 300w, https:\/\/www.michalapetr.com\/wp-content\/uploads\/2026\/01\/slov-neni-treba-pekarova-kondratjuk-1024x685-1-768x514.jpg 768w, https:\/\/www.michalapetr.com\/wp-content\/uploads\/2026\/01\/slov-neni-treba-pekarova-kondratjuk-1024x685-1-705x472.jpg 705w, https:\/\/www.michalapetr.com\/wp-content\/uploads\/2026\/01\/slov-neni-treba-pekarova-kondratjuk-1024x685-1-450x301.jpg 450w\" alt=\"\" width=\"822\" height=\"550\" aria-describedby=\"caption-attachment-23466\" \/><\/p>\n<p id=\"caption-attachment-23466\" class=\"wp-caption-text\" style=\"text-align: justify;\">Olena Kondratiukov\u00e1, kter\u00e1 toto pond\u011bl\u00ed z pozice m\u00edstop\u0159edsedkyn\u011b ukrajinsk\u00e9ho Parlamentu na\u0159\u00eddila za pen\u00edze EU ur\u010den\u00e9 k obran\u011b Ukrajiny konat 26. kv\u011btna 2026 na Ukrajin\u011b celon\u00e1rodn\u00ed slavnosti k uct\u011bn\u00ed pam\u00e1tky str\u016fjce prvn\u00edho holokaustu a Hitlerova vzoru Simona Petliury, a vystav\u011bt mu celon\u00e1rodn\u00ed pam\u00e1tn\u00edk a memori\u00e1l, nen\u00ed v \u010cR nezn\u00e1m\u00e1. Udr\u017eovala toti\u017e v\u0159el\u00e9 vztahy s Pekarovou-Adamou z TOP-09, (na fotce ve spole\u010dn\u00e9m objet\u00ed v Praze), i s dal\u0161\u00edmi \u010desk\u00fdmi politiky, jejich seznam najdete v dne\u0161n\u00ed anal\u00fdze.<\/p>\n<\/div>\n<p>\u010ce\u0161t\u00ed politici, kte\u0159\u00ed se v Praze v posledn\u00edch letech tak r\u00e1di setk\u00e1vali s\u00a0<a href=\"https:\/\/uk.wikipedia.org\/wiki\/%D0%9A%D0%BE%D0%BD%D0%B4%D1%80%D0%B0%D1%82%D1%8E%D0%BA_%D0%9E%D0%BB%D0%B5%D0%BD%D0%B0_%D0%9A%D0%BE%D1%81%D1%82%D1%8F%D0%BD%D1%82%D0%B8%D0%BD%D1%96%D0%B2%D0%BD%D0%B0\">Olenou Kondratiukovou<\/a>, se nemohou nijak vymlouvat, \u017ee se s n\u00ed setk\u00e1vali p\u0159edt\u00edm, ne\u017e na\u0159\u00eddila, za evropsk\u00e9 miliardy poskytovan\u00e9 Ukrajin\u011b k jej\u00ed obran\u011b p\u0159ed Ruskem, uct\u00edvat organiz\u00e1tory vyvra\u017e\u010fov\u00e1n\u00ed \u017did\u016f, Arm\u00e9n\u016f, Rom\u016f, \u0158ek\u016f a dal\u0161\u00edch men\u0161in na Ukrajin\u011b, a stav\u011bt jim velkolep\u00e9 pam\u00e1tn\u00edky. Proto\u017ee rozhodnut\u00ed o vybudov\u00e1n\u00ed pam\u00e1tn\u00edku bylo p\u0159ijato u\u017e v roce 2021, kdy byla uzav\u0159ena architektonick\u00e1 sout\u011b\u017e na tento pam\u00e1tn\u00edk v\u011bnovan\u00fd k uct\u011bn\u00ed sv\u011btozn\u00e1m\u00e9ho pachatele holokaustu a ukrajinsk\u00e9ho n\u00e1rodn\u00edho hrdiny v jedn\u00e9 osob\u011b. A vysoc\u00ed \u010de\u0161t\u00ed politici, zejm\u00e9na ti ze sou\u010dasn\u00e9ho ministerstva zahrani\u010d\u00ed \u010cR se u\u017e vymlouvat nemohou v\u016fbec, proto\u017ee jako profesion\u00e1lov\u00e9 mus\u00ed v\u011bd\u011bt, \u017ee usnesen\u00ed Nejvy\u0161\u0161\u00ed rady Ukrajiny ze dne 18. prosince 2025 \u010d\u00edslo 4748 na\u0159izuje Vojensk\u00e9 spr\u00e1v\u011b m\u011bsta Poltava, aby okam\u017eit\u011b zah\u00e1jila v\u00fdrobu tohoto pam\u00e1tn\u00edku, a proto\u017ee Ukrajina dost\u00e1v\u00e1 1\/2 v\u0161ech sv\u00fdch rozpo\u010dtov\u00fdch pen\u011bz z EU, (t\u0159eba p\u016fj\u010dka 90 miliard EUR), je jasn\u00e9, \u017ee tak velkolep\u00fd pam\u00e1tn\u00edk hromadn\u00e9ho vraha \u017did\u016f, Arm\u00e9n\u016f, \u0158ek\u016f a Rom\u016f a dal\u0161\u00edch etnik, bude financov\u00e1n z evropsk\u00fdch finan\u010dn\u00edch tran\u0161\u00ed Ukrajin\u011b!! A tedy i z pen\u011bz \u010desk\u00fdch a slovensk\u00fdch ob\u010dan\u016f!<\/p>\n<div id=\"attachment_23469\" class=\"wp-caption aligncenter\" style=\"width: 846px;\"><img decoding=\"async\" loading=\"lazy\" class=\" wp-image-23469\" src=\"https:\/\/www.michalapetr.com\/wp-content\/uploads\/2026\/01\/The-European-Commission-has-noted-Ukraines-progress-ml.jpg\" sizes=\"(max-width: 1156px) 100vw, 1156px\" srcset=\"https:\/\/www.michalapetr.com\/wp-content\/uploads\/2026\/01\/The-European-Commission-has-noted-Ukraines-progress-ml.jpg 1156w, https:\/\/www.michalapetr.com\/wp-content\/uploads\/2026\/01\/The-European-Commission-has-noted-Ukraines-progress-ml-300x189.jpg 300w, https:\/\/www.michalapetr.com\/wp-content\/uploads\/2026\/01\/The-European-Commission-has-noted-Ukraines-progress-ml-1030x648.jpg 1030w, https:\/\/www.michalapetr.com\/wp-content\/uploads\/2026\/01\/The-European-Commission-has-noted-Ukraines-progress-ml-768x483.jpg 768w, https:\/\/www.michalapetr.com\/wp-content\/uploads\/2026\/01\/The-European-Commission-has-noted-Ukraines-progress-ml-705x443.jpg 705w, https:\/\/www.michalapetr.com\/wp-content\/uploads\/2026\/01\/The-European-Commission-has-noted-Ukraines-progress-ml-450x283.jpg 450w\" alt=\"\" width=\"846\" height=\"532\" aria-describedby=\"caption-attachment-23469\" \/><\/p>\n<p id=\"caption-attachment-23469\" class=\"wp-caption-text\" style=\"text-align: justify;\">\u017de se \u010de\u0161t\u00ed a sloven\u0161t\u00ed diplomat\u00e9 nemohou vymlouvat, \u017ee by o chystan\u00e9 panychid\u011b ze pachatele holocaustu na Ukrajin\u011b Petljuru nev\u011bd\u011bli je jasn\u00e9 z t\u00e9to fotografie,\u00a0<a href=\"https:\/\/ukraine.europarl.europa.eu\/en\/the-european-commission-has-noted-ukrain\/products-details\/20251106CDT14789\">po\u0159\u00edzen\u00e9 25. listopadu 2025<\/a>. T\u0159et\u00ed z leva je\u00a0<a href=\"https:\/\/slovakia.representation.ec.europa.eu\/news\/novou-velvyslankynou-eu-na-ukrajine-je-katarina-mathernova-2023-04-19_sk\">Katarina Mathernov\u00e1, slovensk\u00e1 diplomatka jmenovan\u00e1 velvyslankyn\u00ed EU na Ukrajin\u011b<\/a>, a prvn\u00ed z leva je samotn\u00e1 Kondratiukov\u00e1! Ot\u00e1zka v\u0161ak je, co Mathernov\u00e1 vlastn\u011b z Kyjeva hl\u00e1s\u00ed, a pro koho asi pracuje, \u017ee?<\/p>\n<\/div>\n<div id=\"attachment_23470\" class=\"wp-caption aligncenter\" style=\"width: 859px;\"><img decoding=\"async\" loading=\"lazy\" class=\" wp-image-23470\" src=\"https:\/\/www.michalapetr.com\/wp-content\/uploads\/2026\/01\/622370380_10163593528153363_3518231435155301867_n.jpg\" sizes=\"(max-width: 1499px) 100vw, 1499px\" srcset=\"https:\/\/www.michalapetr.com\/wp-content\/uploads\/2026\/01\/622370380_10163593528153363_3518231435155301867_n.jpg 1499w, https:\/\/www.michalapetr.com\/wp-content\/uploads\/2026\/01\/622370380_10163593528153363_3518231435155301867_n-300x200.jpg 300w, https:\/\/www.michalapetr.com\/wp-content\/uploads\/2026\/01\/622370380_10163593528153363_3518231435155301867_n-1030x687.jpg 1030w, https:\/\/www.michalapetr.com\/wp-content\/uploads\/2026\/01\/622370380_10163593528153363_3518231435155301867_n-768x512.jpg 768w, https:\/\/www.michalapetr.com\/wp-content\/uploads\/2026\/01\/622370380_10163593528153363_3518231435155301867_n-705x470.jpg 705w, https:\/\/www.michalapetr.com\/wp-content\/uploads\/2026\/01\/622370380_10163593528153363_3518231435155301867_n-450x300.jpg 450w\" alt=\"\" width=\"859\" height=\"573\" aria-describedby=\"caption-attachment-23470\" \/><\/p>\n<p id=\"caption-attachment-23470\" class=\"wp-caption-text\" style=\"text-align: justify;\">Vyslankyn\u011b EU v Kyjev\u011b,\u00a0<a href=\"https:\/\/uk.wikipedia.org\/wiki\/%D0%9A%D0%B0%D1%82%D0%B0%D1%80%D1%96%D0%BD%D0%B0_%D0%9C%D0%B0%D1%82%D0%B5%D1%80%D0%BD%D0%BE%D0%B2%D0%B0\">Slovenka Mathernov\u00e1<\/a>\u00a0je z\u0159ejm\u011b typick\u00e1 \u201cfale\u0161nick\u00e1\u201d diplomatka.\u00a0<a href=\"https:\/\/www.facebook.com\/photo\/?fbid=10163593527533363&amp;set=pcb.10163593527773363&amp;locale=uk_UA\">V\u010dera se chlubila na sv\u00e9m ofici\u00e1ln\u00edm FB<\/a>, \u017ee\u00a0<a href=\"https:\/\/www.facebook.com\/kmathernova\/?locale=uk_UA\">se spole\u010dn\u011b s dal\u0161\u00edmi diplomaty EU a s v\u016fdci kyjevsk\u00e9ho re\u017eimu \u00fa\u010dastnila uct\u011bn\u00ed pam\u00e1tky ob\u011bt\u00ed holocaustu v rokli Babyj Jar<\/a>, a p\u0159itom nech\u00e1v\u00e1 evidentn\u011b bez pov\u0161imnut\u00ed na\u0159\u00edzen\u00ed tamn\u00edho re\u017eimu vybudovat v Poltav\u011b za evropsk\u00e9 miliony pam\u00e1tn\u00edk pachatele holokaustu Simona Petljury, a organizovat 25. kv\u011btna 2026 na jeho pam\u00e1tku velkolep\u00e9 st\u00e1tn\u00ed panychidy, a nacionalistick\u00e9 adorace! Fale\u0161nost cel\u00e9ho Bruselsk\u00e9ho komisari\u00e1tu bije do o\u010d\u00ed! A co na to Babi\u0161, Okamura a Macinka, a Robert Fico? A co Petr Pavel, Turek vad\u00ed, ale Petljura je Cool?! Mathernov\u00e1 asi 4 v prvn\u00ed \u0159ad\u011b zprava.\u00a0<a href=\"https:\/\/www.facebook.com\/photo\/?fbid=10163593527533363&amp;set=pcb.10163593527773363&amp;locale=uk_UA\">Dal\u0161\u00ed fotky zde<\/a>.\u00a0<a href=\"https:\/\/proukrainu.blesk.cz\/cechija-dopomohla-ukrajini-vystojaty-pekarova-adamova-obijmy-kondratjuk\/\">S k\u00fdm se v \u010cR Kondratiukov\u00e1 setk\u00e1vala najdete zde<\/a>.<\/p>\n<\/div>\n<h4><span style=\"color: #993366;\">(2) Kdo je Symon Petljura?\u00a0<\/span><\/h4>\n<div id=\"attachment_23477\" class=\"wp-caption aligncenter\" style=\"width: 822px;\"><img decoding=\"async\" loading=\"lazy\" class=\" wp-image-23477\" src=\"https:\/\/www.michalapetr.com\/wp-content\/uploads\/2026\/01\/515443241_1030319189260855_4281828539550975747_n.jpg\" sizes=\"(max-width: 960px) 100vw, 960px\" srcset=\"https:\/\/www.michalapetr.com\/wp-content\/uploads\/2026\/01\/515443241_1030319189260855_4281828539550975747_n.jpg 960w, https:\/\/www.michalapetr.com\/wp-content\/uploads\/2026\/01\/515443241_1030319189260855_4281828539550975747_n-227x300.jpg 227w, https:\/\/www.michalapetr.com\/wp-content\/uploads\/2026\/01\/515443241_1030319189260855_4281828539550975747_n-779x1030.jpg 779w, https:\/\/www.michalapetr.com\/wp-content\/uploads\/2026\/01\/515443241_1030319189260855_4281828539550975747_n-768x1015.jpg 768w, https:\/\/www.michalapetr.com\/wp-content\/uploads\/2026\/01\/515443241_1030319189260855_4281828539550975747_n-533x705.jpg 533w, https:\/\/www.michalapetr.com\/wp-content\/uploads\/2026\/01\/515443241_1030319189260855_4281828539550975747_n-450x595.jpg 450w\" alt=\"\" width=\"822\" height=\"1087\" aria-describedby=\"caption-attachment-23477\" \/><\/p>\n<p id=\"caption-attachment-23477\" class=\"wp-caption-text\" style=\"text-align: justify;\">Na Ukrajin\u011b m\u00e1 b\u00fdt rozhodnut\u00edm tamn\u00edho parlamentu ze 26.ledna 2026 za evropsk\u00e9 dotace okam\u017eit\u011b vybudov\u00e1n pam\u00e1tn\u00edk organiz\u00e1torovi 1295 masov\u00fdch pogrom\u016f, p\u0159i nich\u017e bylo vybito nejm\u00e9n\u011b 155 000 \u017did\u016f a dal\u0161\u00edch tamn\u00edch men\u0161inov\u00fdch etnik, a 25. kv\u011btna 2026 m\u00e1 b\u00fdt kon\u00e1na,\u00a0<a href=\"https:\/\/www.novinky.cz\/clanek\/zahranicni-evropa-sjezd-sudetonemeckeho-landmansaftu-bude-v-brne-40549685\">v den sjezdu Sudeton\u011bmeck\u00e9ho landsman\u0161aftu v Brn\u011b<\/a>\u00a0(!), na jeho oslavu velkolep\u00e1 panychida a nacionalistick\u00e1 adorace! Mauzoleum pachatele t\u00e9to ohavn\u00e9 genocidy Symona Petljury se m\u00e1 okam\u017eit\u011b podle na\u0159\u00edzen\u00ed vybudovat v Poltav\u011b, kde se oslavy maj\u00ed konat hlavn\u00ed solavy. Pl\u00e1ny pam\u00e1tn\u00edku financovan\u00e9ho EU, proto\u017ee EU financuje v\u0161echny civiln\u00ed v\u00fddaje Ukrajiny, vid\u00edte na t\u00e9to grafice!\u00a0\u00a0(<a href=\"https:\/\/poltava.to\/project\/10335\/\">Ukrajinsk\u00fd nacionalistick\u00fd zdroj, kter\u00fd rozhodnut\u00ed Parlamentu Ukrajiny se v\u0161emi podrobnostmi a pl\u00e1ny najdete zde<\/a>.)<\/p>\n<\/div>\n<p><a href=\"https:\/\/www.google.com\/maps\/place\/Symona+Petliury+St,+Zhytomyr,+Zhytomyrs'ka+oblast,+Ukrajina,+10000\/@50.2502035,28.6356286,16.09z\/data=!4m6!3m5!1s0x472c64f155b2cf05:0x26be3cc04205887c!8m2!3d50.25061!4d28.6368671!16s%2Fg%2F11g0kd2_jb?entry=ttu\">V \u017ditomiru<\/a>,\u00a0stejn\u011b\u00a0<a href=\"https:\/\/www.wikidata.org\/wiki\/Q4473996#\/media\/File:%D0%A3%D0%BB._%D0%A1%D0%B8%D0%BC%D0%BE%D0%BD%D0%B0_%D0%9F%D0%B5%D1%82%D0%BB%D1%8E%D1%80%D1%8B.JPG\">jako i v Kyjev\u011b<\/a>\u00a0a dal\u0161\u00edch m\u011bstech je jedna z hlavn\u00edch ulic pojmenovan\u00e1 po tzv. hrdinovi Ukrajiny Simonu Petljurovi, kter\u00fd byl 1. ministrem obrany samostatn\u00e9 Ukrajiny v letech 1918\/19, a potom prodal Polsku Hali\u010d a Voly\u0148 v\u00fdm\u011bnou za v\u00e1le\u010dnou podporu sv\u00e9ho ta\u017een\u00ed proti Rusk\u00fdm bol\u0161evik\u016fm.\u00a0<a href=\"https:\/\/uk.wikipedia.org\/wiki\/%D0%A0%D0%B5%D0%B9%D0%B4_%D0%BD%D0%B0_%D0%96%D0%B8%D1%82%D0%BE%D0%BC%D0%B8%D1%80\">B\u011bhem tohoto ta\u017een\u00ed Petljurovy bandy a polsk\u00e1 vojska dobyla n\u011bkolik m\u011bst, v\u010detn\u011b \u017ditomiru<\/a>.\u00a0To co n\u00e1sledovalo ot\u0159\u00e1slo v\u0161emi tehdej\u0161\u00edmi intelektu\u00e1ly na Z\u00e1pad\u011b.\u00a0<a href=\"https:\/\/www.amazon.co.uk\/dp\/1509867449?ref_=as_li_ss_tl&amp;language=en_US&amp;linkCode=gg4&amp;linkId=1cd101d42d0427325b7bff66b6e3c4fb&amp;tag=timesofisra0e-20\">Petljurovy bandy rozpoutaly na dobyt\u00e9 z\u00e1padn\u00ed Ukrajin\u011b prvn\u00ed organizovan\u00fd holokaust v d\u011bjin\u00e1ch lidstva<\/a>,\u00a0p\u0159i kter\u00e9m bylo brut\u00e1ln\u011b vyvra\u017ed\u011bno p\u0159i 1100, (1295) zadokumentovan\u00fdch pogromech 100 tis\u00edc (150 tis\u00edc podle jin\u00fdch v\u011bdeck\u00fdch pramen\u016f), ukrajinsk\u00fdch \u017did\u016f, a p\u0159e\u017eiv\u0161\u00ed \u017did\u00e9, jak vzpom\u00ednal\u00a0<a href=\"https:\/\/en.wikipedia.org\/wiki\/Marc_Chagall\">slavn\u00fd sv\u011btov\u00fd mal\u00ed\u0159 Marc Chaggal<\/a>,<em>\u00a0v obrovsk\u00fdch davech prchali do Ruska, a do Moskvy,<\/em>\u00a0(kde Chaggal tehdy u\u010dil jejich d\u011bti kreslit, aby zapomn\u011bly na pro\u017eit\u00e9 hr\u016fzy),\u00a0<em>jen aby si zachr\u00e1nili hol\u00fd \u017eivot p\u0159ed zv\u011brstvy band Ukrajinc\u016f pod velen\u00edm<\/em>\u00a0sou\u010dasn\u00e9ho ukrajinsk\u00e9ho n\u00e1rodn\u00edho hrdiny\u00a0<em>Petljury<\/em>!\u00a0<a href=\"https:\/\/www.timesofisrael.com\/20-years-before-the-holocaust-pogroms-killed-100000-jews-then-were-forgotten\/\">\u0158\u00e1d\u011bn\u00ed ukrajinsk\u00fdch band fanatika Petljury plnilo tehdy p\u0159edn\u00ed str\u00e1nky v\u0161ech sv\u011btov\u00fdch m\u00e9di\u00ed, a slavn\u00fd francouzsk\u00fd intelektu\u00e1l Anatol France na z\u00e1klad\u011b tehdej\u0161\u00edho \u0159\u00e1d\u011bn\u00ed a b\u011bsn\u00e9 nen\u00e1visti Ukrajinc\u016f proti \u017did\u016fm u\u017e tehdy p\u0159edpov\u011bd\u011bl, \u017ee \u017eivoty milion\u016f \u017did\u016f budou v Evrop\u011b v budoucnosti ohro\u017eeny<\/a>\u00a0.<\/p>\n<p>Petljura nejen z\u0159ejm\u011b sv\u00fdm \u0159\u00e1d\u011bn\u00edm inspiroval i samotn\u00e9ho Hitlera a jeho nohsledy, ale i dopomohl bol\u0161evik\u016fm k v\u00edt\u011bzstv\u00ed, proto\u017ee \u017did\u00e9 za\u010dali hromadn\u011b vstupovat do Rud\u00e9 arm\u00e1dy a bol\u0161evick\u00e9 strany. Petlujura skon\u010dil nakonec neslavn\u011b. Nechal sv\u00e9 bojovn\u00edky na pospas por\u00e1\u017ece a nejprve hanebn\u011b prchl pod ochranu Pilsudsk\u00e9ho do Polska, kde rok imitoval tzv. Vl\u00e1du svobodn\u00e9 Ukrajiny v exilu, ne\u017e se Pol\u00e1ci lekli, proto\u017ee Stalin jim vydal ultim\u00e1tum, bu\u010f vydat Petljuru k soudn\u00edmu procesu, nebo riskovat rusk\u00fd hn\u011bv, a Petljuru rychle z Polska vypakovali do Ma\u010farska. Petljura se potom je\u0161t\u011b t\u0159i roky skr\u00fdval po Evrop\u011b, ne\u017e jej v Pa\u0159\u00ed\u017ei na ulici dostihl \u017eidovsk\u00fd anarchista\u00a0<a href=\"https:\/\/en.wikipedia.org\/wiki\/Sholem_Schwarzbard\">Sholem Schwartzbard<\/a>,\u00a0vyk\u0159ikl na n\u011bj\u00a0<em>Bra\u0148 se bandito<\/em>!, a v nastal\u00e9 poty\u010dce jej, vyk\u0159ikuj\u00edc\u00a0<em>To je za pogromy! To je za masakry!<\/em>\u00a0<em>To je za ob\u011bti!<\/em>\u00a0poslal do pekla.<\/p>\n<p>P\u0159ed soudem h\u00e1jil Schwartzbarda, slavn\u00fd advok\u00e1t, pozd\u011bj\u0161\u00ed v\u00fdznamn\u00fd politik pov\u00e1le\u010dn\u00e9 Francie, a p\u0159edn\u00ed v\u00e1le\u010dn\u00fd spojenec de Gaulla,\u00a0<a href=\"https:\/\/en.wikipedia.org\/wiki\/Henri_Torr%C3%A8s\">Henri Torr\u00e9s<\/a>.\u00a0Po 8 dnech soudn\u00edho l\u00ed\u010den\u00ed byl pa\u0159\u00ed\u017esk\u00fdm soudem\u00a0<a href=\"https:\/\/en.wikipedia.org\/wiki\/Schwartzbard_trial\">Schwartzbard zpro\u0161t\u011bn viny za vra\u017edu, nebo\u0165 bylo shled\u00e1no, \u017ee pouze vykonal spravedlivou odplatu nad obzvl\u00e1\u0161t\u011b ohavn\u00fdm zlo\u010dincem<\/a>,\u00a0kter\u00fd mimo jin\u00fdch zlo\u010din\u016f vyvra\u017edil i 15 \u010dlen\u016f jeho rodiny \u2013 dne\u0161n\u00edm n\u00e1rodn\u00edm hrdinou Ukrajiny! Schwartzbard, kter\u00fd za I. sv\u011btov\u00e9 v\u00e1lky bojoval nejprve proti N\u011bmc\u016fm v sestav\u011b cizineck\u00e9 legie, a potom v Rud\u00e9 arm\u00e1d\u011b proti Petljurovi, se po procesu odst\u011bhoval do USA, kde v roce 1938 zem\u0159el. Jeho prach byl nakonec na jeho posledn\u00ed p\u0159\u00e1n\u00ed v roce 1967 rozpr\u00e1\u0161en po Izraeli.<\/p>\n<p>Zat\u00edmco o zlo\u010dinech Petljury a jeho band, a o hrdinovi Schwartzbardovi se dnes nikde nic nep\u0159ipom\u00edn\u00e1, Petljura se dnes stal vyhl\u00e1\u0161en\u00fdm mu\u010dedn\u00edkem Ukrajiny a vzorem pro jej\u00ed nov\u00e9 hrdiny. Ne nadarmo se \u0159\u00edk\u00e1, \u017ee n\u00e1rod, kter\u00fd se nepou\u010d\u00ed ze sv\u00e9 historie, je nucen ji opakovat. Putin nyn\u00ed hl\u00e1s\u00e1, \u017ee denacifikuje Ukrajinu, stejn\u011b jako Stalin hl\u00e1sal, \u017ee prov\u00e1d\u00ed jen jej\u00ed de-petljuralizaci. (<a href=\"https:\/\/www.michalapetr.com\/map-1879-videa-banderovci-opet-dobiji-ruske-ranene-a-jeste-se-tim-verejne-chlubi-%d0%b00409-zelenskeho-zvlastni-jednotka-pro-pachani-valecnych-zlocinu\/\">Dal\u0161\u00ed podrobnosti v\u010detn\u011b mnoha fotografi\u00ed v anal\u00fdze MAP 1879 z 10. ledna 2024<\/a>, jak vid\u00edte nic se nezm\u011bnilo, oslavy pachatel\u016f vyvra\u017e\u010fov\u00e1n\u00ed men\u0161in na Ukrajin\u011b jsou st\u00e1le v pln\u00e9m proudu, a je\u0161t\u011b ke v\u0161emu financov\u00e1ny EU!)<\/p>\n<p>Jsem zv\u011bdav, zda se aspo\u0148 jeden \u010desk\u00fd, a nebo slovensk\u00fd, parlamentn\u00ed \u010di sen\u00e1tn\u00ed \u010di vl\u00e1dn\u00ed, nebo opozi\u010dn\u00ed politik ozve, \u017ee Ukrajina m\u00e1 na v\u00fdb\u011br, jestli Petlujura, tak \u00fapln\u00fd konec ve\u0161ker\u00e9 podpory! A v Bruselu by m\u011bl n\u011bkdo ud\u011blat s tamn\u00edmi \u00fa\u0159aduj\u00edc\u00edmi krypto-fa\u0161isty rychl\u00fd po\u0159\u00e1dek.<\/p>\n<p><a href=\"https:\/\/www.michalapetr.com\/map-2519-sokujici-odhaleni-kyjev-s-bruselem-chystaji-25-kvetna-2026-za-evropske-miliony-obrovskou-nacistickou-provokaci-bude-slaven-den-zakladatele-holocaustu-nahoda-nikoli-v-brne-bude-ten-den\/\">Michael Svato\u0161<\/a><\/p>\n<p><img decoding=\"async\" loading=\"lazy\" class=\"alignnone size-full wp-image-27204\" src=\"http:\/\/www.infokuryr.cz\/n\/wp-content\/uploads\/2023\/05\/Michael_Svatos.png\" alt=\"\" width=\"180\" height=\"180\" srcset=\"https:\/\/www.infokuryr.cz\/n\/wp-content\/uploads\/2023\/05\/Michael_Svatos.png 180w, https:\/\/www.infokuryr.cz\/n\/wp-content\/uploads\/2023\/05\/Michael_Svatos-150x150.png 150w\" sizes=\"(max-width: 180px) 100vw, 180px\" \/><\/p>\n<p>&nbsp;<\/p>\n","protected":false},"excerpt":{"rendered":"<p>\u0160okuj\u00edc\u00ed odhalen\u00ed! Kyjev s Bruselem chystaj\u00ed 25. kv\u011btna 2026 za evropsk\u00e9 miliony obrovskou nacistickou provokaci!&#8230;<\/p>\n","protected":false},"author":2,"featured_media":30481,"comment_status":"closed","ping_status":"closed","sticky":false,"template":"","format":"standard","meta":[],"categories":[6],"tags":[1042,640,221,664,1508,716],"_links":{"self":[{"href":"https:\/\/www.infokuryr.cz\/n\/wp-json\/wp\/v2\/posts\/98122"}],"collection":[{"href":"https:\/\/www.infokuryr.cz\/n\/wp-json\/wp\/v2\/posts"}],"about":[{"href":"https:\/\/www.infokuryr.cz\/n\/wp-json\/wp\/v2\/types\/post"}],"author":[{"embeddable":true,"href":"https:\/\/www.infokuryr.cz\/n\/wp-json\/wp\/v2\/users\/2"}],"replies":[{"embeddable":true,"href":"https:\/\/www.infokuryr.cz\/n\/wp-json\/wp\/v2\/comments?post=98122"}],"version-history":[{"count":0,"href":"https:\/\/www.infokuryr.cz\/n\/wp-json\/wp\/v2\/posts\/98122\/revisions"}],"wp:featuredmedia":[{"embeddable":true,"href":"https:\/\/www.infokuryr.cz\/n\/wp-json\/wp\/v2\/media\/30481"}],"wp:attachment":[{"href":"https:\/\/www.infokuryr.cz\/n\/wp-json\/wp\/v2\/media?parent=98122"}],"wp:term":[{"taxonomy":"category","embeddable":true,"href":"https:\/\/www.infokuryr.cz\/n\/wp-json\/wp\/v2\/categories?post=98122"},{"taxonomy":"post_tag","embeddable":true,"href":"https:\/\/www.infokuryr.cz\/n\/wp-json\/wp\/v2\/tags?post=98122"}],"curies":[{"name":"wp","href":"https:\/\/api.w.org\/{rel}","templated":true}]}}