{"id":98112,"date":"2026-01-29T06:14:57","date_gmt":"2026-01-29T05:14:57","guid":{"rendered":"https:\/\/www.infokuryr.cz\/n\/?p=98112"},"modified":"2026-01-29T06:43:49","modified_gmt":"2026-01-29T05:43:49","slug":"evropska-unie-se-v-obrovskem-manevru-odklani-od-usa-a-zatimco-sefka-evropske-diplomacie-oznamuje","status":"publish","type":"post","link":"https:\/\/www.infokuryr.cz\/n\/2026\/01\/29\/evropska-unie-se-v-obrovskem-manevru-odklani-od-usa-a-zatimco-sefka-evropske-diplomacie-oznamuje\/","title":{"rendered":"Evropsk\u00e1 unie se v obrovsk\u00e9m man\u00e9vru odkl\u00e1n\u00ed od USA a zat\u00edmco \u0161\u00e9fka evropsk\u00e9 diplomacie oznamuje&#8230;"},"content":{"rendered":"<div id=\"fb-root\"><\/div>\n<h4>Evropsk\u00e1 unie se v obrovsk\u00e9m man\u00e9vru odkl\u00e1n\u00ed od USA a zat\u00edmco \u0161\u00e9fka evropsk\u00e9 diplomacie oznamuje, \u017ee EU ji\u017e nen\u00ed pro USA hlavn\u00edm t\u011b\u017ei\u0161t\u011bm, tak mezit\u00edm \u0161\u00e9fka Evropsk\u00e9 komise podepsala s Indi\u00ed mamut\u00ed dohodu o vz\u00e1jemn\u00e9m obchodu a migraci! Obchodn\u00ed a pracovn\u00ed trh EU se otev\u0159e 1,4 miliard\u011b Ind\u016f, kter\u00fdm Brusel z\u0159\u00edd\u00ed migra\u010dn\u00ed kancel\u00e1\u0159 p\u0159\u00edmo v New Delhi!<\/h4>\n<p>Zat\u00edmco v \u010cR jsou m\u00e9dia zaplavena m\u00fddlovou operou o \u00fat\u011bku Petra Pavla p\u0159ed Petrem Macinkou do turistick\u00e9ho resortu v hotelov\u00e9m komplexu Malaga Towers ve \u0161pan\u011blsk\u00e9 Malaze, kde mimochodem pr\u00fd \u010d\u00e1st byt\u016f v komplexu skrze kypersk\u00e9 spole\u010dnosti spoluvlastn\u00ed b\u00fdval\u00fd \u0161\u00e9f Zelensk\u00e9ho prezidentsk\u00e9 kancel\u00e1\u0159e a nyn\u00ed protikorup\u010dn\u00ed ukrajinskou agenturou NABU vy\u0161et\u0159ovan\u00fd Andrij Jermak, tak v Evropsk\u00e9 unii doch\u00e1z\u00ed v t\u011bchto hodin\u00e1ch doslova k zem\u011bt\u0159esen\u00ed.<\/p>\n<p>Pamatujete si, jak jsem p\u0159ed p\u00e1r dny psal, \u017ee kanadsk\u00fd premi\u00e9r Mark Carney zatroubil ke konci star\u00e9ho a ke vstupu do nov\u00e9ho sv\u011btov\u00e9ho \u0159\u00e1du? Je\u0161t\u011b p\u0159ed cestou na f\u00f3rum do Davosu tehdy jel do Pekingu a tam podepsal obrovskou obchodn\u00ed dohodu s \u010c\u00ednou, za kterou Trump pohrozil Kanad\u011b dal\u0161\u00edmi cly. A pr\u00e1v\u011b tam Carney prohl\u00e1sil, \u017ee star\u00fd sv\u011btov\u00fd \u0159\u00e1d skon\u010dil, a \u017ee Kanada se d\u00edky spolupr\u00e1ci s \u010c\u00ednou dob\u0159e p\u0159ipravuje na nov\u00fd sv\u011btov\u00fd \u0159\u00e1d.<\/p>\n<p>&nbsp;<\/p>\n<div id=\"rumble_v72sy48\">\n<div id=\"vid_v72sy48\" class=\"rumble_v72sy48-Rumble-cls\" tabindex=\"-1\"><div class='videoWrapper'>\r\n\t            <iframe src='https:\/\/rumble.com\/embed\/pj.v72sy48\/' frameborder='0' allowfullscreen><\/iframe>\r\n\t        <\/div><\/div>\n<\/div>\n<p>&nbsp;<\/p>\n<p>Tak p\u0159esn\u011b to se nyn\u00ed d\u011bje v Bruselu v t\u011bchto hodin\u00e1ch. A je to naprost\u00e1 konceptu\u00e1ln\u00ed n\u00e1lo\u017e.\u00a0<strong>\u0160\u00e9fka evropsk\u00e9 diplomacie Kaja Kallas toti\u017e ve sv\u00e9m vystoupen\u00ed prohl\u00e1sila, \u017ee Evropa ji\u017e nen\u00ed hlavn\u00edm t\u011b\u017ei\u0161t\u011bm pro USA<\/strong>, a \u017ee se nejedn\u00e1 o do\u010dasn\u00fd, ale o trval\u00fd struktur\u00e1ln\u00ed projev mohutn\u00e9ho tektonick\u00e9ho posunu ve sv\u011btov\u00e9 globalizaci, a \u017ee EU se t\u00e9 situaci mus\u00ed p\u0159izp\u016fsobit.<\/p>\n<p>Nem\u016f\u017ee pr\u00fd svoji obranu sv\u011b\u0159ovat jin\u00e9 mocnosti, mus\u00ed se o vlastn\u00ed obranu postarat sama. Evropa se pr\u00fd mus\u00ed urychlen\u011b zlep\u0161it svou obranu a u\u010dinit NATO \u201e<em>evrop\u0161t\u011bj\u0161\u00edm, aby si udr\u017eelo svou s\u00edlu<\/em>\u201c, proto\u017ee USA ot\u0159\u00e1sly transatlantick\u00fdmi vztahy v sam\u00fdch z\u00e1kladech, varoval \u0161\u00e9f zahrani\u010dn\u00ed politiky EU.<\/p>\n<h3>EU ji\u017e nen\u00ed hlavn\u00edm t\u011b\u017ei\u0161t\u011bm pro USA<\/h3>\n<p>USA budou i nad\u00e1le partnerem a spojencem Evropy, \u0159ekla Kaja Kallas na konferenci o obran\u011b, ale \u017e\u00e1dn\u00e1 velmoc nikdy \u201e<em>nesv\u011b\u0159ila sv\u00e9 p\u0159e\u017eit\u00ed jin\u00fdm a p\u0159e\u017eila<\/em>\u201c. Nap\u011bt\u00ed s USA vzrostlo, kdy\u017e prezident Donald Trump pohrozil, \u017ee p\u0159evezme Gr\u00f3nsko, poloautonomn\u00ed d\u00e1nsk\u00e9 \u00fazem\u00ed. Kallasova vyj\u00e1d\u0159en\u00ed p\u0159i\u0161la pot\u00e9, co v\u016fdce NATO Mark Rutte vyvolal bou\u0159livou reakci, kdy\u017e \u0159ekl, \u017ee evrop\u0161t\u00ed z\u00e1konod\u00e1rci by m\u011bli \u201e<em>pokra\u010dovat ve sn\u011bn\u00ed<\/em>\u201c, pokud si mysl\u00ed, \u017ee Evropa se dok\u00e1\u017ee br\u00e1nit bez pomoci USA.<\/p>\n<p>Francouzsk\u00fd ministr zahrani\u010d\u00ed Jean-No\u00ebl Barrot reagoval na \u00fatern\u00ed vyj\u00e1d\u0159en\u00ed gener\u00e1ln\u00edho tajemn\u00edka slovy:\u00a0<strong>\u201e<em>Ne, drah\u00fd Marku Rutte. Evropan\u00e9 mohou a mus\u00ed p\u0159evz\u00edt kontrolu nad svou bezpe\u010dnost\u00ed. Dokonce i Spojen\u00e9 st\u00e1ty s t\u00edm souhlas\u00ed. Je to evropsk\u00fd pil\u00ed\u0159 NATO<\/em>.\u201c<\/strong>\u00a0A ji\u017e p\u0159ed Davosem tot\u00e9\u017e, jenom jin\u00fdmi slovy prohl\u00e1sil kanadsk\u00fd premi\u00e9r Mark Carney.<\/p>\n<p>&nbsp;<\/p>\n<div id=\"rumble_v728zru\">\n<div id=\"vid_v728zru\" class=\"rumble_v728zru-Rumble-cls\" tabindex=\"-1\">\n<div><div class='videoWrapper'>\r\n\t            <iframe src='https:\/\/rumble.com\/embed\/pj.v728zru\/' frameborder='0' allowfullscreen><\/iframe>\r\n\t        <\/div><\/div>\n<\/div>\n<\/div>\n<p>&nbsp;<\/p>\n<p>Kaja Kallasov\u00e1 uvedla, \u017ee za vl\u00e1dy Donalda Trumpa Evropa ji\u017e nebyla \u201e<em>hlavn\u00edm t\u011b\u017ei\u0161t\u011bm Washingtonu<\/em>\u201c a \u017ee kontinent pot\u0159ebuje zm\u011bnit kulturu, aby se p\u0159estalo uva\u017eovat v r\u00e1mci jednotliv\u00fdch n\u00e1rod\u016f a za\u010dalo se jednat spole\u010dn\u011b jako Evropan\u00e9.<\/p>\n<p>Odklon Washingtonu od Evropy \u201e<em>trv\u00e1 ji\u017e del\u0161\u00ed dobu<\/em>\u201c, uvedla \u0161\u00e9fka zahrani\u010dn\u00ed politiky EU a dodala, \u017ee se jedn\u00e1 o struktur\u00e1ln\u00ed zm\u011bnu, nikoli o do\u010dasn\u00fd jev. 23 zem\u00ed, kter\u00e9 byly \u010dleny jak EU, tak NATO, m\u011bly zvl\u00e1\u0161tn\u00ed odpov\u011bdnost za \u201e<em>synchronizaci na\u0161ich snah spole\u010dn\u011b s NATO<\/em>\u201c. Stejn\u011b jako Barrot zd\u016fraznila, jak d\u016fle\u017eit\u00e9 je uk\u00e1zat, jakou p\u0159idanou hodnotu by p\u0159inesl \u201e<em>samostatn\u00fd evropsk\u00fd pil\u00ed\u0159<\/em>\u201c.<\/p>\n<h3>Leyenov\u00e1 podepsala v New Delhi mamut\u00ed obchodn\u00ed a migra\u010dn\u00ed dohodu<\/h3>\n<p>Ned\u00e1vn\u00fd rozkol mezi USA a Evropou ohledn\u011b Gr\u00f3nska pouk\u00e1zal na \u201e<em>tektonick\u00fd posun<\/em>\u201c ve vztaz\u00edch, o kter\u00e9m Kallasov\u00e1 hovo\u0159ila ve sv\u00e9m projevu, kdy Trump pohrozil uvalen\u00edm cel na n\u011bkter\u00e9 ze sv\u00fdch nejbli\u017e\u0161\u00edch evropsk\u00fdch spojenc\u016f pot\u00e9, co se postavili proti jeho pl\u00e1n\u016fm p\u0159evz\u00edt kontrolu nad arktick\u00fdm ostrovem.\u00a0<strong>A pr\u00e1v\u011b Kallasov\u00e1 v projevu zopakovala v\u00fdroky kanadsk\u00e9ho premi\u00e9ra Carneyho v Davosu, kde citoval pr\u00e1v\u011b V\u00e1clava Havla<\/strong>. Ano, sv\u011bt se m\u011bn\u00ed a Kanada podepsala velkou obchodn\u00ed smlouvu s \u010c\u00ednou. A jak se uk\u00e1zalo, EU nemohla z\u016fstat pozadu.<\/p>\n<p>&nbsp;<\/p>\n<div id=\"rumble_v72sy4q\">\n<div id=\"vid_v72sy4q\" class=\"rumble_v72sy4q-Rumble-cls\" tabindex=\"-1\"><div class='videoWrapper'>\r\n\t            <iframe src='https:\/\/rumble.com\/embed\/pj.v72sy4q\/' frameborder='0' allowfullscreen><\/iframe>\r\n\t        <\/div><\/div>\n<\/div>\n<p>&nbsp;<\/p>\n<p>\u0160\u00e9fka Evropsk\u00e9 komise Ursula von der Leyen toti\u017e v New Delhi podepsala s Indi\u00ed mamut\u00ed obchodn\u00ed a migra\u010dn\u00ed smlouvu, kter\u00e9 obj\u00edm\u00e1 25% sv\u011btov\u00e9ho trhu a hlavn\u011b otev\u00edr\u00e1 obchodn\u00ed a pracovn\u00ed trh EU t\u00e9m\u011b\u0159 1,4 miliard\u011b Ind\u016f, kte\u0159\u00ed budou moci migrovat do EU.\u00a0Evropsk\u00e1 unie a Indie toti\u017e ozn\u00e1mily uzav\u0159en\u00ed historick\u00e9 obchodn\u00ed dohody po t\u00e9m\u011b\u0159 dvou desetilet\u00edch p\u0159eru\u0161ovan\u00fdch jedn\u00e1n\u00ed, p\u0159i\u010dem\u017e ob\u011b strany usiluj\u00ed o prohlouben\u00ed vztah\u016f uprost\u0159ed nap\u011bt\u00ed s USA.<\/p>\n<h3>Podepsali jsme nejv\u011bt\u0161\u00ed dohodu v historii!<\/h3>\n<p>\u201e<em>Dok\u00e1zali jsme to, uzav\u0159eli jsme Matku v\u0161ech dohod<\/em>,\u201c \u0159ekla p\u0159edsedkyn\u011b Evropsk\u00e9 komise Ursula von der Leyenov\u00e1 na tiskov\u00e9 konferenci v Dill\u00ed. Indick\u00fd premi\u00e9r\u00a0<strong>Narendra Modi ozna\u010dil tuto dohodu za \u201e<em>historickou<\/em>\u201c.<\/strong>\u00a0Umo\u017en\u00ed voln\u00fd obchod se zbo\u017e\u00edm mezi blokem 27 evropsk\u00fdch st\u00e1t\u016f a nejlidnat\u011bj\u0161\u00ed zem\u00ed sv\u011bta, kter\u00e9 spole\u010dn\u011b tvo\u0159\u00ed t\u00e9m\u011b\u0159 25 % glob\u00e1ln\u00edho hrub\u00e9ho dom\u00e1c\u00edho produktu a trh s dv\u011bma miliardami lid\u00ed.<\/p>\n<p>Dohoda p\u0159inese \u0159adu v\u00fdznamn\u00fdch sn\u00ed\u017een\u00ed cel na celou \u0159adu zbo\u017e\u00ed a slu\u017eeb a tak\u00e9 spole\u010dn\u00e9 bezpe\u010dnostn\u00ed partnerstv\u00ed. Von der Leyenov\u00e1 a p\u0159edseda Evropsk\u00e9 rady Ant\u00f3nio Costa jsou v Dill\u00ed, kde se setkali s Modim na bilater\u00e1ln\u00edm summitu.<\/p>\n<p>&nbsp;<\/p>\n<div id=\"rumble_v72sy3e\">\n<div id=\"vid_v72sy3e\" class=\"rumble_v72sy3e-Rumble-cls\" tabindex=\"-1\">\n<div><div class='videoWrapper'>\r\n\t            <iframe src='https:\/\/rumble.com\/embed\/pj.v72sy3e\/' frameborder='0' allowfullscreen><\/iframe>\r\n\t        <\/div><\/div>\n<\/div>\n<\/div>\n<p>&nbsp;<\/p>\n<p>Evropsk\u00e1 komise uvedla, \u017ee po postupn\u00e9m sni\u017eov\u00e1n\u00ed celn\u00edch sazeb zru\u0161\u00ed cla na v\u011bt\u0161inu v\u00fdvozu chemik\u00e1li\u00ed, stroj\u016f a elektrick\u00fdch za\u0159\u00edzen\u00ed, jako\u017e i letadel a kosmick\u00fdch lod\u00ed. Je d\u016fle\u017eit\u00e9, \u017ee cla na motorov\u00e1 vozidla, kter\u00e1 v sou\u010dasn\u00e9 dob\u011b dosahuj\u00ed a\u017e 110 %, by byla sn\u00ed\u017eena na 10 % v r\u00e1mci kv\u00f3ty 250 000 vozidel.<\/p>\n<p>To je \u0161estkr\u00e1t v\u00edce ne\u017e kv\u00f3ta 37 000 kus\u016f, kterou Indie ud\u011blila Spojen\u00e9mu kr\u00e1lovstv\u00ed v dohod\u011b podepsan\u00e9 loni v \u010dervenci. Indie rovn\u011b\u017e sn\u00ed\u017e\u00ed cla na v\u00edno, pivo a olivov\u00fd olej z EU. Brusel uvedl, \u017ee dohoda podpo\u0159\u00ed investi\u010dn\u00ed toky, zlep\u0161\u00ed p\u0159\u00edstup na evropsk\u00e9 trhy a prohloub\u00ed integraci dodavatelsk\u00e9ho \u0159et\u011bzce.<\/p>\n<h3>Migrace z Indie za prac\u00ed do EU bude mnohon\u00e1sobn\u011b vy\u0161\u0161\u00ed ne\u017e ve\u0161ker\u00e1 migrace z Afriky a Asie dohromady<\/h3>\n<p>Dill\u00ed uvedlo, \u017ee t\u00e9m\u011b\u0159 ve\u0161ker\u00fd jeho v\u00fdvoz z\u00edsk\u00e1 \u201e<em>preferen\u010dn\u00ed p\u0159\u00edstup<\/em>\u201c do EU, p\u0159i\u010dem\u017e u textilu, k\u016f\u017ee, mo\u0159sk\u00fdch produkt\u016f, \u0159emesln\u00fdch v\u00fdrobk\u016f, drahokam\u016f a \u0161perk\u016f dojde ke sn\u00ed\u017een\u00ed nebo zru\u0161en\u00ed cel. Komodity jako \u010daj, k\u00e1va, ko\u0159en\u00ed a zpracovan\u00e9 potraviny budou z dohody t\u011b\u017eit.<\/p>\n<p>Dill\u00ed \u201e<em>opatrn\u011b chr\u00e1n\u00ed citliv\u00e1 odv\u011btv\u00ed, v\u010detn\u011b ml\u00e9\u010dn\u00fdch v\u00fdrobk\u016f, obilovin, dr\u016fbe\u017ee, s\u00f3jov\u00e9 mou\u010dky, n\u011bkter\u00fdch druh\u016f ovoce a zeleniny, a vyva\u017euje tak r\u016fst v\u00fdvozu s dom\u00e1c\u00edmi prioritami<\/em>\u201c, uvedlo ministerstvo.\u00a0<strong>Dill\u00ed a Brusel se rovn\u011b\u017e dohodly na r\u00e1mci mobility, kter\u00fd\u00a0velmi brzy usnadn\u00ed cestov\u00e1n\u00ed odborn\u00edk\u016f, ale i n\u00e1mezdn\u00edch a sez\u00f3nn\u00edch pracovn\u00edk\u016f mezi Indi\u00ed a EU.<\/strong>\u00a0Tohle je nejv\u011bt\u0161\u00ed bomba a t\u0159askavina cel\u00e9 dohody.<\/p>\n<div class=\"twitter-tweet twitter-tweet-rendered\"><a href=\"https:\/\/x.com\/jurgen_nauditt\/status\/2016113680576848262?ref_src=twsrc%5Etfw%7Ctwcamp%5Etweetembed%7Ctwterm%5E2016113680576848262%7Ctwgr%5Ec307fb27f695f790bb739f442fdab3e688629aca%7Ctwcon%5Es1_&amp;ref_url=https%3A%2F%2Faeronet.news%2Fevropska-unie-se-v-obrovskem-manevru-odklani-od-usa-a-zatimco-sefka-evropske-diplomacie-oznamuje-ze-eu-jiz-neni-pro-usa-hlavnim-tezistem-tak-mezitim-sefka-evropske-komise-podepsala-s-indii-dohodu%2F\"><img decoding=\"async\" loading=\"lazy\" class=\"wp-image-98114 aligncenter\" src=\"http:\/\/www.infokuryr.cz\/n\/wp-content\/uploads\/2026\/01\/x1-18-237x300.jpg\" alt=\"\" width=\"463\" height=\"586\" srcset=\"https:\/\/www.infokuryr.cz\/n\/wp-content\/uploads\/2026\/01\/x1-18-237x300.jpg 237w, https:\/\/www.infokuryr.cz\/n\/wp-content\/uploads\/2026\/01\/x1-18.jpg 678w\" sizes=\"(max-width: 463px) 100vw, 463px\" \/><\/a><\/div>\n<p>\u201e<em>Jedn\u00e1 se o nejv\u011bt\u0161\u00ed dohodu o voln\u00e9m obchodu, kterou Indie kdy uzav\u0159ela<\/em>,\u201c \u0159ekl Modi. \u201e<em>Indick\u00fdm zem\u011bd\u011blc\u016fm a mal\u00fdm podnik\u016fm usnadn\u00ed p\u0159\u00edstup na evropsk\u00e9 trhy. Podpo\u0159\u00ed tak\u00e9 v\u00fdrobn\u00ed a slu\u017eebn\u00ed odv\u011btv\u00ed. Podpo\u0159\u00ed inovativn\u00ed partnerstv\u00ed<\/em>.\u201c Obchodn\u00ed dohoda p\u0159ich\u00e1z\u00ed v dob\u011b, kdy Indie i EU \u010del\u00ed ekonomick\u00e9mu a geopolitick\u00e9mu tlaku ze strany USA, a tento tlak pr\u00fd vlastn\u011b stoj\u00ed za tak rychlou dohodou, kter\u00e1 se des\u00edtky let neh\u00fdbala a byla u ledu.<\/p>\n<p>M\u016f\u017ee za to Trump a jeho celn\u00ed agrese proti Indii a sou\u010dasn\u011b proti EU, shoduj\u00ed se indick\u00e1 m\u00e9dia.\u00a0<strong>Migrace do EU bude obrovsk\u00e1 \u2013 v \u0159\u00e1dech milion\u016f osob do zhruba 10 let.<\/strong>\u00a0Indov\u00e9 obsad\u00ed nejen manu\u00e1ln\u00ed profese na stavb\u00e1ch budov, silnic a v montovn\u00e1ch, ale i oblasti IT, zdravotnictv\u00ed a advokacie, proto\u017ee p\u0159esn\u011b tak tomu je v USA, kde Indov\u00e9 obsazuj\u00ed tyto sektory.<\/p>\n<h3>Evropsk\u00e1 unie ot\u00e1\u010d\u00ed zarezl\u00fdm kormidlem, t\u011b\u017ece a s n\u00e1\u0159kem, o 180 stup\u0148\u016f ze z\u00e1padu na v\u00fdchod<\/h3>\n<p>Dill\u00ed se pot\u00fdk\u00e1 s 50% cly, kter\u00e1 loni uvalil prezident Donald Trump uprost\u0159ed jedn\u00e1n\u00ed o obchodn\u00ed dohod\u011b mezi Indi\u00ed a USA, kter\u00e1 se od t\u00e9 chv\u00edle st\u00e1le vle\u010de. Minul\u00fd t\u00fdden Trump pohrozil eskalac\u00ed obchodn\u00ed v\u00e1lky s evropsk\u00fdmi spojenci za to, \u017ee se postavili proti p\u0159evzet\u00ed Gr\u00f3nska Spojen\u00fdmi st\u00e1ty, ne\u017e ustoupil. Tento \u0161ir\u0161\u00ed geopolitick\u00fd kontext byl patrn\u00fd z prohl\u00e1\u0161en\u00ed vedouc\u00edch p\u0159edstavitel\u016f.<\/p>\n<p>V \u00fater\u00fd von der Leyenov\u00e1 \u0159ekla: \u201eT<em>oto je p\u0159\u00edb\u011bh dvou gigant\u016f \u2013 druh\u00e9 a \u010dtvrt\u00e9 nejv\u011bt\u0161\u00ed ekonomiky sv\u011bta. Dvou gigant\u016f, kte\u0159\u00ed se rozhodli pro partnerstv\u00ed, z n\u011bho\u017e budou m\u00edt prosp\u011bch ob\u011b strany. Siln\u00e9 poselstv\u00ed, \u017ee spolupr\u00e1ce je nejlep\u0161\u00ed odpov\u011bd\u00ed na glob\u00e1ln\u00ed v\u00fdzvy.<\/em>\u201c Den p\u0159edt\u00edm Costa uvedl, ani\u017e by jmenoval USA, \u017ee obchodn\u00ed dohoda vys\u00edl\u00e1 \u201e<em>d\u016fle\u017eit\u00fd politick\u00fd sign\u00e1l sv\u011btu, \u017ee Indie a EU v\u011b\u0159\u00ed v\u00edce v obchodn\u00ed dohody ne\u017e v cla<\/em>\u201c.<\/p>\n<div class=\"twitter-tweet twitter-tweet-rendered\"><a href=\"https:\/\/x.com\/vonderleyen\/status\/2016039782439129113?ref_src=twsrc%5Etfw%7Ctwcamp%5Etweetembed%7Ctwterm%5E2016039782439129113%7Ctwgr%5Ec307fb27f695f790bb739f442fdab3e688629aca%7Ctwcon%5Es1_&amp;ref_url=https%3A%2F%2Faeronet.news%2Fevropska-unie-se-v-obrovskem-manevru-odklani-od-usa-a-zatimco-sefka-evropske-diplomacie-oznamuje-ze-eu-jiz-neni-pro-usa-hlavnim-tezistem-tak-mezitim-sefka-evropske-komise-podepsala-s-indii-dohodu%2F\"><img decoding=\"async\" loading=\"lazy\" class=\"wp-image-98115 aligncenter\" src=\"http:\/\/www.infokuryr.cz\/n\/wp-content\/uploads\/2026\/01\/x2-14-223x300.jpg\" alt=\"\" width=\"457\" height=\"615\" srcset=\"https:\/\/www.infokuryr.cz\/n\/wp-content\/uploads\/2026\/01\/x2-14-223x300.jpg 223w, https:\/\/www.infokuryr.cz\/n\/wp-content\/uploads\/2026\/01\/x2-14.jpg 683w\" sizes=\"(max-width: 457px) 100vw, 457px\" \/><\/a><\/div>\n<p>Zkr\u00e1tka se potvrzuje, \u017ee Evropsk\u00e1 unie se za\u010dala obracet k zem\u00edm BRICS a proces odvracen\u00ed od USA byl zapo\u010dat. Trvalo to dlouho, ale kdo \u010dte Aeronet pravideln\u011b, tak v\u00ed, \u017ee tento proces jsem zde p\u0159edpov\u00eddal a avizoval s dostate\u010dn\u00fdm p\u0159edstihem n\u011bkolika let. Kanada podepsala s \u010c\u00ednou, EU te\u010f podepsala s Indi\u00ed, a to st\u00e1le v dob\u011b, kdy Indie i \u010c\u00edna podporuj\u00ed Rusko ve v\u00e1lce proti Ukrajin\u011b!<\/p>\n<p>Ch\u00e1pete tu neuv\u011b\u0159itelnou absurditu?\u00a0<strong>Nikdy by k tomu nedo\u0161lo, nikdy by Kanada nepodepsala s \u010c\u00ednou, ani EU s Indi\u00ed, pokud by v USA v B\u00edl\u00e9m dom\u011b nebyl u moci k\u00e1dr Chabadu Lubavitch<\/strong>, kter\u00fd brut\u00e1ln\u011b a kladivem rozb\u00edj\u00ed americk\u00fd syst\u00e9m Pax Americana ve sv\u011bt\u011b a t\u00edm likviduje postaven\u00ed USA coby glob\u00e1ln\u00edho l\u00eddra sv\u011btov\u00e9 globalizace.<\/p>\n<h3>Po\u010d\u00e1tek nov\u00e9ho sv\u011btov\u00e9ho \u0159\u00e1du dorazil po Kanad\u011b u\u017e i do EU<\/h3>\n<p>U\u017e nejen Kanada, ale cel\u00e1 EU pochopila, \u017ee nejde o do\u010dasn\u00fd jev, ale o struktur\u00e1ln\u00ed zm\u011bnu role a pozice USA ve sv\u011bt\u011b. U n\u00e1s na Aeronetu jste o tom v\u011bd\u011bli v p\u0159edstihu mnoha let, \u017ee tento proces je v b\u011bhu. A te\u010f na po\u010d\u00e1tku roku 2026 to do\u0161lo kone\u010dn\u011b i veden\u00ed EU v Bruselu. Zamyslete se v t\u00e9 souvislosti nad P\u00e1vkem.<\/p>\n<p>Pro\u010d odjel s man\u017eelkou do Malagy do \u00fatuln\u00e9ho hn\u00edzde\u010dka v Malaga Towers na 18. podla\u017e\u00ed? Proto\u017ee Motorist\u00e9 v \u010cR zt\u011bles\u0148uj\u00ed trumpiza\u010dn\u00ed proces v \u010desk\u00e9 politice,\u00a0<strong>a maj\u00ed dovoleno.<\/strong>\u00a0A jak \u0159ekl kanadsk\u00fd premi\u00e9r v Davosu, sv\u011bt se m\u011bn\u00ed a\u00a0<em>vyz\u00fdv\u00e1m ostatn\u00ed zem\u011b, aby tak\u00e9 sundaly cedule z v\u00fdloh<\/em>. Kanada i EU to ji\u017e ud\u011blaly. V \u010cR s t\u00edm te\u010f za\u010dal Petr Macinka a Motorist\u00e9. Nov\u00fd sv\u011btov\u00fd \u0159\u00e1d tak po Kanad\u011b dorazil i dovnit\u0159 EU.<\/p>\n<p>&nbsp;<\/p>\n<div id=\"rumble_v72hgiu\">\n<div id=\"vid_v72hgiu\" class=\"rumble_v72hgiu-Rumble-cls\" tabindex=\"-1\"><div class='videoWrapper'>\r\n\t            <iframe src='https:\/\/rumble.com\/embed\/pj.v72hgiu\/' frameborder='0' allowfullscreen><\/iframe>\r\n\t        <\/div><\/div>\n<\/div>\n<p>&nbsp;<\/p>\n<p>A kdy\u017e je dovoleno, jde o hubu. Proto byl zvolen \u00fastup a okam\u017eit\u00fd odjezd do resortu ve \u0160pan\u011blsku. Babi\u0161, Macinka a Okamura je vl\u00e1dn\u00ed koalice pod ochranou USA a trumpiza\u010dn\u00edho procesu indukovan\u00e9ho do EU. Trump je velice mstiv\u00fd a kdyby mu n\u011bkdo z Prahy zatelefonoval, \u017ee\u00a0<strong>b\u00fdval\u00fd rozv\u011bd\u010d\u00edk, kter\u00fd schvaloval tzv. okupaci \u010cSSR vojsky Var\u0161avsk\u00e9 smlouvy, \u017ee blokuje jmenov\u00e1n\u00ed trumpovce Filipa Turka<\/strong>, kter\u00fd byl p\u0159itom pozv\u00e1n na Trumpovu inauguraci, tak by si to Trump vysv\u011btlil jako jasn\u00e9 nep\u0159\u00e1telstv\u00ed Pra\u017esk\u00e9ho hradu k USA.<\/p>\n<h3>Zm\u011bny v EU prob\u00edhaj\u00ed najednou tak rychle, \u017ee kari\u00e9rn\u00ed lampas\u00e1ci tu\u0161\u00ed, \u017ee se zase bude n\u011bco m\u011bnit, kab\u00e1ty, hesla, hodnoty a tak podobn\u011b<\/h3>\n<p>Proto m\u011bl P\u00e1vek b\u011bhem toho narychlo svolan\u00e9ho br\u00edfinku v \u00fater\u00fd r\u00e1no tak rozt\u0159esen\u00fd hlas pronesen\u00fd m\u00edsty jakoby s knedl\u00edkem v krku. Ch\u00e1pete, pr\u00e1v\u011b te\u010f se v EU s obrovsk\u00fdm r\u00e1musem a sk\u0159\u00edp\u00e1n\u00edm poot\u00e1\u010d\u00ed kola d\u011bjin sm\u011brem ze z\u00e1padu na v\u00fdchod, prakticky poprv\u00e9 po 80. letech od konce II. sv. v\u00e1lky. A ten proces je p\u0159esto v EU ne\u010dekan\u00fd, pro mnoh\u00e9 d\u011bsiv\u00fd, a mnoho politik\u016f na n\u011bj nen\u00ed p\u0159ipraveno.<\/p>\n<p>Co je dovoleno, a co nen\u00ed dovoleno, to se v t\u00e9to situaci t\u011b\u017eko t\u011bmto lidem odhaduje. Jak \u0159\u00edkali soudruzi, zm\u011bny jsou p\u0159\u00edli\u0161 rychl\u00e9 a nep\u0159ehledn\u00e9, abychom k nim mohli zaujmout jak\u00e9koliv stanovisko, tak\u017ee na nic se n\u00e1s neptejte, v\u016fbec jsme tu nebyli, nevid\u011bli jsme se a pr\u00e1v\u011b odj\u00ed\u017ed\u00edme na slu\u017eebn\u00ed cestu, nebudeme tady. Pr\u00e1ci \u010dest!<\/p>\n<div class=\"twitter-tweet twitter-tweet-rendered\"><iframe id=\"twitter-widget-2\" class=\"\" title=\"X Post\" src=\"https:\/\/platform.twitter.com\/embed\/Tweet.html?dnt=false&amp;embedId=twitter-widget-2&amp;features=eyJ0ZndfdGltZWxpbmVfbGlzdCI6eyJidWNrZXQiOltdLCJ2ZXJzaW9uIjpudWxsfSwidGZ3X2ZvbGxvd2VyX2NvdW50X3N1bnNldCI6eyJidWNrZXQiOnRydWUsInZlcnNpb24iOm51bGx9LCJ0ZndfdHdlZXRfZWRpdF9iYWNrZW5kIjp7ImJ1Y2tldCI6Im9uIiwidmVyc2lvbiI6bnVsbH0sInRmd19yZWZzcmNfc2Vzc2lvbiI6eyJidWNrZXQiOiJvbiIsInZlcnNpb24iOm51bGx9LCJ0ZndfZm9zbnJfc29mdF9pbnRlcnZlbnRpb25zX2VuYWJsZWQiOnsiYnVja2V0Ijoib24iLCJ2ZXJzaW9uIjpudWxsfSwidGZ3X21peGVkX21lZGlhXzE1ODk3Ijp7ImJ1Y2tldCI6InRyZWF0bWVudCIsInZlcnNpb24iOm51bGx9LCJ0ZndfZXhwZXJpbWVudHNfY29va2llX2V4cGlyYXRpb24iOnsiYnVja2V0IjoxMjA5NjAwLCJ2ZXJzaW9uIjpudWxsfSwidGZ3X3Nob3dfYmlyZHdhdGNoX3Bpdm90c19lbmFibGVkIjp7ImJ1Y2tldCI6Im9uIiwidmVyc2lvbiI6bnVsbH0sInRmd19kdXBsaWNhdGVfc2NyaWJlc190b19zZXR0aW5ncyI6eyJidWNrZXQiOiJvbiIsInZlcnNpb24iOm51bGx9LCJ0ZndfdXNlX3Byb2ZpbGVfaW1hZ2Vfc2hhcGVfZW5hYmxlZCI6eyJidWNrZXQiOiJvbiIsInZlcnNpb24iOm51bGx9LCJ0ZndfdmlkZW9faGxzX2R5bmFtaWNfbWFuaWZlc3RzXzE1MDgyIjp7ImJ1Y2tldCI6InRydWVfYml0cmF0ZSIsInZlcnNpb24iOm51bGx9LCJ0ZndfbGVnYWN5X3RpbWVsaW5lX3N1bnNldCI6eyJidWNrZXQiOnRydWUsInZlcnNpb24iOm51bGx9LCJ0ZndfdHdlZXRfZWRpdF9mcm9udGVuZCI6eyJidWNrZXQiOiJvbiIsInZlcnNpb24iOm51bGx9fQ%3D%3D&amp;frame=false&amp;hideCard=false&amp;hideThread=false&amp;id=2016502161782321434&amp;lang=cs&amp;origin=https%3A%2F%2Faeronet.news%2Fevropska-unie-se-v-obrovskem-manevru-odklani-od-usa-a-zatimco-sefka-evropske-diplomacie-oznamuje-ze-eu-jiz-neni-pro-usa-hlavnim-tezistem-tak-mezitim-sefka-evropske-komise-podepsala-s-indii-dohodu%2F&amp;sessionId=c307fb27f695f790bb739f442fdab3e688629aca&amp;theme=light&amp;widgetsVersion=2615f7e52b7e0%3A1702314776716&amp;width=550px\" frameborder=\"0\" scrolling=\"no\" allowfullscreen=\"allowfullscreen\" data-tweet-id=\"2016502161782321434\" data-mce-fragment=\"1\"><\/iframe><\/div>\n<p>Ano, p\u0159esn\u011b tento zmatek a chaos nyn\u00ed va\u0159\u00ed v cel\u00e9 EU. Na v\u00fdchod\u011b BRICS, Rusko, \u010c\u00edna, Indie a doned\u00e1vna pro EU jedno velk\u00fd\u00a0<em>fuj<\/em>, na z\u00e1pad\u011b USA, jejich p\u0159ivlastn\u011bn\u00e1 z\u00e1padn\u00ed hemisf\u00e9ra a magor v B\u00edl\u00e9m dom\u011b, kter\u00fd chce t\u00e1hnout na D\u00e1nsko a Gr\u00f3nsko, uvaluje cla na evropsk\u00e9 zem\u011b, chce po nich, aby platily za obranu, ale doned\u00e1vna USA byly jako velk\u00fd p\u0159\u00edtel. Dnes je to v\u0161echno jinak.<\/p>\n<p>A plat\u00ed, co \u0159ekl Carney.\u00a0<strong>Je t\u0159eba sundat ceduli z v\u00fdlohy, proto\u017ee u\u017e se nejde p\u0159etva\u0159ovat, \u017ee star\u00fd sv\u011btov\u00fd \u0159\u00e1d je\u0161t\u011b po\u0159\u00e1d funguje.<\/strong>\u00a0Ne, ten \u0159\u00e1d se zhroutil. A kdo nesly\u0161\u00ed to t\u0159\u00edsk\u00e1n\u00ed, hlomoz a zvuky kolapsu star\u00e9ho \u0159\u00e1du, kdo je nahluchl\u00fd konceptu\u00e1ln\u00ed tupost\u00ed, ten holt v\u011bci nepob\u00edr\u00e1 a mus\u00ed narychlo ut\u00e9ct n\u011bkam, kde je hezky. Malaga je hezk\u00e1 i v lednu. A t\u00edm je to prost\u011b dan\u00e9.<\/p>\n<p><a href=\"https:\/\/aeronet.news\/evropska-unie-se-v-obrovskem-manevru-odklani-od-usa-a-zatimco-sefka-evropske-diplomacie-oznamuje-ze-eu-jiz-neni-pro-usa-hlavnim-tezistem-tak-mezitim-sefka-evropske-komise-podepsala-s-indii-dohodu\/\">-VK-<\/a><\/p>\n<p>&nbsp;<\/p>\n","protected":false},"excerpt":{"rendered":"<p>Evropsk\u00e1 unie se v obrovsk\u00e9m man\u00e9vru odkl\u00e1n\u00ed od USA a zat\u00edmco \u0161\u00e9fka evropsk\u00e9 diplomacie oznamuje,&#8230;<\/p>\n","protected":false},"author":2,"featured_media":98113,"comment_status":"closed","ping_status":"closed","sticky":false,"template":"","format":"standard","meta":[],"categories":[6],"tags":[1042,41,2181,1173,37],"_links":{"self":[{"href":"https:\/\/www.infokuryr.cz\/n\/wp-json\/wp\/v2\/posts\/98112"}],"collection":[{"href":"https:\/\/www.infokuryr.cz\/n\/wp-json\/wp\/v2\/posts"}],"about":[{"href":"https:\/\/www.infokuryr.cz\/n\/wp-json\/wp\/v2\/types\/post"}],"author":[{"embeddable":true,"href":"https:\/\/www.infokuryr.cz\/n\/wp-json\/wp\/v2\/users\/2"}],"replies":[{"embeddable":true,"href":"https:\/\/www.infokuryr.cz\/n\/wp-json\/wp\/v2\/comments?post=98112"}],"version-history":[{"count":0,"href":"https:\/\/www.infokuryr.cz\/n\/wp-json\/wp\/v2\/posts\/98112\/revisions"}],"wp:featuredmedia":[{"embeddable":true,"href":"https:\/\/www.infokuryr.cz\/n\/wp-json\/wp\/v2\/media\/98113"}],"wp:attachment":[{"href":"https:\/\/www.infokuryr.cz\/n\/wp-json\/wp\/v2\/media?parent=98112"}],"wp:term":[{"taxonomy":"category","embeddable":true,"href":"https:\/\/www.infokuryr.cz\/n\/wp-json\/wp\/v2\/categories?post=98112"},{"taxonomy":"post_tag","embeddable":true,"href":"https:\/\/www.infokuryr.cz\/n\/wp-json\/wp\/v2\/tags?post=98112"}],"curies":[{"name":"wp","href":"https:\/\/api.w.org\/{rel}","templated":true}]}}