{"id":98110,"date":"2026-01-29T06:03:57","date_gmt":"2026-01-29T05:03:57","guid":{"rendered":"https:\/\/www.infokuryr.cz\/n\/?p=98110"},"modified":"2026-01-29T06:03:57","modified_gmt":"2026-01-29T05:03:57","slug":"klicovi-spojenci-odepiraji-trumpove-krasne-armade-vzdusny-prostor","status":"publish","type":"post","link":"https:\/\/www.infokuryr.cz\/n\/2026\/01\/29\/klicovi-spojenci-odepiraji-trumpove-krasne-armade-vzdusny-prostor\/","title":{"rendered":"Kl\u00ed\u010dov\u00ed spojenci odep\u00edraj\u00ed Trumpov\u011b \u201ekr\u00e1sn\u00e9 arm\u00e1d\u011b\u201c vzdu\u0161n\u00fd prostor"},"content":{"rendered":"<div id=\"fb-root\"><\/div>\n<h3>Spojen\u00e9 arabsk\u00e9 emir\u00e1ty a Sa\u00fadsk\u00e1 Ar\u00e1bie se distancovaly od mo\u017en\u00e9 vojensk\u00e9 akce Washingtonu proti \u00cdr\u00e1nu<\/h3>\n<p><span dir=\"auto\">Nejbli\u017e\u0161\u00ed spojenci Washingtonu v Persk\u00e9m z\u00e1livu \u2013 Sa\u00fadsk\u00e1 Ar\u00e1bie a Spojen\u00e9 arabsk\u00e9 emir\u00e1ty \u2013 ve\u0159ejn\u011b prohl\u00e1sili, \u017ee nedovol\u00ed, aby jejich \u00fazem\u00ed ani vzdu\u0161n\u00fd prostor byly pou\u017eity pro jakoukoli vojenskou akci USA proti \u00cdr\u00e1nu.<\/span><\/p>\n<p><span dir=\"auto\">Sa\u00fadsk\u00fd korunn\u00ed princ Muhammad bin Salm\u00e1n v \u00fater\u00fd v telefon\u00e1tu v\u00fdslovn\u011b \u0159ekl \u00edr\u00e1nsk\u00e9mu prezidentovi Mas\u00fadu Peze\u0161kianovi, \u017ee kr\u00e1lovstv\u00ed\u00a0<\/span><em><span dir=\"auto\">\u201enedovol\u00ed, aby jeho vzdu\u0161n\u00fd prostor ani \u00fazem\u00ed byly pou\u017eity k \u017e\u00e1dn\u00fdm vojensk\u00fdm akc\u00edm proti \u00cdr\u00e1nu\u201c.<\/span><\/em><span dir=\"auto\">\u00a0Toto ozn\u00e1men\u00ed n\u00e1sledovalo po podobn\u00e9m pond\u011bln\u00edm ozn\u00e1men\u00ed ze strany Spojen\u00fdch arabsk\u00fdch emir\u00e1t\u016f, kter\u00e9 uvedly, \u017ee nebudou poskytovat logistickou podporu ani slou\u017eit jako z\u00e1kladna pro\u00a0<\/span><em><span dir=\"auto\">\u201enep\u0159\u00e1telsk\u00e9 vojensk\u00e9 akce\u201c<\/span><\/em><span dir=\"auto\">\u00a0proti Teher\u00e1nu.<\/span><\/p>\n<p><span dir=\"auto\">Tato odm\u00edtnut\u00ed komplikuj\u00ed americk\u00e9 vojensk\u00e9 pl\u00e1nov\u00e1n\u00ed, jeliko\u017e ob\u011b zem\u011b host\u00ed zna\u010dn\u00e9 americk\u00e9 vojensk\u00e9 prost\u0159edky. Jen Sa\u00fadsk\u00e1 Ar\u00e1bie rozm\u00edstila v\u00edce ne\u017e 2 300 americk\u00fdch voj\u00e1k\u016f a m\u00e1 s Washingtonem dlouhodob\u00e1 bezpe\u010dnostn\u00ed partnerstv\u00ed. Spojen\u00e9 arabsk\u00e9 emir\u00e1ty host\u00ed na leteck\u00e9 z\u00e1kladn\u011b Al Dhafra nedaleko Ab\u00fa Zab\u00ed p\u0159ibli\u017en\u011b 5 000 americk\u00fdch voj\u00e1k\u016f.<\/span><\/p>\n<p><span dir=\"auto\">Analytici interpretuj\u00ed tyto kroky jako snahu vyhnout se zata\u017een\u00ed do \u0161ir\u0161\u00ed v\u00e1lky a zajistit si ochranu p\u0159ed \u00edr\u00e1nskou odvetou. Vojen\u0161t\u00ed experti citovan\u00ed den\u00edkem WSJ poznamenali, \u017ee a\u010dkoli sa\u00fadskoarabsk\u00e1 a emir\u00e1tsk\u00e1 rozhodnut\u00ed zvy\u0161uj\u00ed opera\u010dn\u00ed slo\u017eitost a n\u00e1klady, nevylu\u010duj\u00ed akci USA.<\/span><\/p>\n<p><span dir=\"auto\">Prezident Donald Trump ned\u00e1vno pos\u00edlil americkou vojenskou p\u0159\u00edtomnost na Bl\u00edzk\u00e9m v\u00fdchod\u011b a do regionu nasadil \u00fadernou skupinu letadlov\u00fdch lod\u00ed USS Abraham Lincoln a dal\u0161\u00ed st\u00edhac\u00ed letky a syst\u00e9my protiraketov\u00e9 obrany. Ve st\u0159edu se k sil\u00e1m \u00fadajn\u011b p\u0159ipojil dal\u0161\u00ed torp\u00e9doborec s \u0159\u00edzen\u00fdmi st\u0159elami t\u0159\u00eddy Arleigh Burke, USS Delbert D. Black, \u010d\u00edm\u017e se po\u010det v\u00e1le\u010dn\u00fdch lod\u00ed v oblasti odpov\u011bdnosti CENTCOM zv\u00fd\u0161il na nejm\u00e9n\u011b deset.<\/span><\/p>\n<p><span dir=\"auto\">Trump prohl\u00e1sil, \u017ee nasazen\u00ed\u00a0<\/span><em><span dir=\"auto\">\u201e\u00a0<\/span><a href=\"https:\/\/www.rt.com\/news\/631591-trumps-armada-irans-doorstep\/\" target=\"_blank\" rel=\"noopener noreferrer\"><span dir=\"auto\">kr\u00e1sn\u00e9 arm\u00e1dy<\/span><\/a><span dir=\"auto\">\u00a0\u201c<\/span><\/em><span dir=\"auto\">\u00a0je demonstrac\u00ed s\u00edly, jej\u00edm\u017e c\u00edlem je vyvinout tlak na \u00cdr\u00e1n kv\u016fli jeho jadern\u00e9mu programu a n\u00e1siln\u00e9mu potla\u010den\u00ed dom\u00e1c\u00edch protest\u016f, a z\u00e1rove\u0148 ponech\u00e1vat otev\u0159en\u00e9 dve\u0159e diplomacii.<\/span><\/p>\n<p><span dir=\"auto\">Za\u010d\u00e1tkem tohoto t\u00fddne zah\u00e1jily USA rozs\u00e1hl\u00e1, v\u00edcedenn\u00ed vojensk\u00e1 cvi\u010den\u00ed na Bl\u00edzk\u00e9m v\u00fdchod\u011b. C\u00edlem operace je \u00fadajn\u011b ov\u011b\u0159it postupy pro rozm\u00edst\u011bn\u00ed person\u00e1lu a letadel na r\u016fzn\u00e1\u00a0<\/span><em><span dir=\"auto\">\u201em\u00edsta pro p\u0159\u00edpad nouze\u201c<\/span><\/em><span dir=\"auto\">\u00a0a integraci velen\u00ed s nejmenovan\u00fdmi\u00a0<\/span><em><span dir=\"auto\">\u201epartnersk\u00fdmi zem\u011bmi\u201c.<\/span><\/em><\/p>\n<p><span dir=\"auto\">\u00cdr\u00e1n d\u0159\u00edve varoval, \u017ee jak\u00e1koli zem\u011b, kter\u00e1 \u00fatok napom\u016f\u017ee, bude pova\u017eov\u00e1na za\u00a0<\/span><em><span dir=\"auto\">\u201enep\u0159\u00e1telskou\u201c.<\/span><\/em><span dir=\"auto\">\u00a0\u00cdr\u00e1nsk\u00fd n\u00e1m\u011bstek ministra zahrani\u010d\u00ed Kazem Gharibabadi ve st\u0159edu zopakoval, \u017ee Teher\u00e1n je\u00a0<\/span><em><span dir=\"auto\">\u201ena 200 procent p\u0159ipraven se br\u00e1nit\u201c<\/span><\/em><span dir=\"auto\">\u00a0a \u017ee zareaguje\u00a0<\/span><em><span dir=\"auto\">\u201ep\u0159im\u011b\u0159en\u011b, nikoli proporcion\u00e1ln\u011b\u201c<\/span><\/em><span dir=\"auto\">\u00a0, pravd\u011bpodobn\u011b nam\u00ed\u0159enou proti americk\u00fdm z\u00e1kladn\u00e1m v regionu.<\/span><\/p>\n<p><img decoding=\"async\" loading=\"lazy\" class=\"alignnone size-full wp-image-1185\" src=\"http:\/\/www.infokuryr.cz\/n\/wp-content\/uploads\/2021\/04\/kuryr-podpis.png\" alt=\"\" width=\"84\" height=\"24\" \/><\/p>\n<p>&nbsp;<\/p>\n","protected":false},"excerpt":{"rendered":"<p>Spojen\u00e9 arabsk\u00e9 emir\u00e1ty a Sa\u00fadsk\u00e1 Ar\u00e1bie se distancovaly od mo\u017en\u00e9 vojensk\u00e9 akce Washingtonu proti \u00cdr\u00e1nu&#8230;<\/p>\n","protected":false},"author":2,"featured_media":98111,"comment_status":"closed","ping_status":"closed","sticky":false,"template":"","format":"standard","meta":[],"categories":[7],"tags":[38,1275,37],"_links":{"self":[{"href":"https:\/\/www.infokuryr.cz\/n\/wp-json\/wp\/v2\/posts\/98110"}],"collection":[{"href":"https:\/\/www.infokuryr.cz\/n\/wp-json\/wp\/v2\/posts"}],"about":[{"href":"https:\/\/www.infokuryr.cz\/n\/wp-json\/wp\/v2\/types\/post"}],"author":[{"embeddable":true,"href":"https:\/\/www.infokuryr.cz\/n\/wp-json\/wp\/v2\/users\/2"}],"replies":[{"embeddable":true,"href":"https:\/\/www.infokuryr.cz\/n\/wp-json\/wp\/v2\/comments?post=98110"}],"version-history":[{"count":0,"href":"https:\/\/www.infokuryr.cz\/n\/wp-json\/wp\/v2\/posts\/98110\/revisions"}],"wp:featuredmedia":[{"embeddable":true,"href":"https:\/\/www.infokuryr.cz\/n\/wp-json\/wp\/v2\/media\/98111"}],"wp:attachment":[{"href":"https:\/\/www.infokuryr.cz\/n\/wp-json\/wp\/v2\/media?parent=98110"}],"wp:term":[{"taxonomy":"category","embeddable":true,"href":"https:\/\/www.infokuryr.cz\/n\/wp-json\/wp\/v2\/categories?post=98110"},{"taxonomy":"post_tag","embeddable":true,"href":"https:\/\/www.infokuryr.cz\/n\/wp-json\/wp\/v2\/tags?post=98110"}],"curies":[{"name":"wp","href":"https:\/\/api.w.org\/{rel}","templated":true}]}}