{"id":9811,"date":"2022-04-20T03:48:30","date_gmt":"2022-04-20T01:48:30","guid":{"rendered":"http:\/\/www.infokuryr.cz\/n\/?p=9811"},"modified":"2022-04-20T03:48:30","modified_gmt":"2022-04-20T01:48:30","slug":"zfetovany-prezident-zelensky-natocil-video-tesne-po-konzumaci-kokainu","status":"publish","type":"post","link":"https:\/\/www.infokuryr.cz\/n\/2022\/04\/20\/zfetovany-prezident-zelensky-natocil-video-tesne-po-konzumaci-kokainu\/","title":{"rendered":"Zfetovan\u00fd prezident Zelensk\u00fd nato\u010dil video t\u011bsn\u011b po konzumaci kokainu&#8230;"},"content":{"rendered":"<div id=\"fb-root\"><\/div>\n<h4>Zfetovan\u00fd prezident Zelensk\u00fd nato\u010dil video t\u011bsn\u011b po konzumaci kokainu a v deluzorn\u00edm stavu Napoleonsk\u00e9ho syndromu prohl\u00e1sil, \u017ee v\u0161echny p\u0159em\u016f\u017ee! Prezidentsk\u00fd \u00fa\u0159ad jeho video okam\u017eit\u011b smazal, ale Ministerstvo obrany ponechalo video na sv\u00e9m Twitteru! Pol\u00e1ci cht\u011bj\u00ed p\u0159ipojit celou Ukrajinu k Polsku a \u010desk\u00e9 den\u00edky za\u010daly velebit a blaho\u0159e\u010dit piloty Luftwaffe, jac\u00ed to byli kabr\u0148\u00e1ci a kolik Rus\u016f sest\u0159elili za II. sv\u011btov\u00e9 v\u00e1lky! Nacifikace \u010cesk\u00e9 republiky jede na pln\u00e9 obr\u00e1tky a proces pov\u00e1le\u010dn\u00e9ho revizionismu v \u010cR za\u010d\u00edn\u00e1 p\u0159episovat a obracet historii!<\/h4>\n<p>Ukrajinsk\u00fd prezident Volodymyr Zelensk\u00fd nato\u010dil v sobotu ve\u010der neuv\u011b\u0159iteln\u00e9 a bizarn\u00ed video o d\u00e9lce n\u011bkolika m\u00e1lo sekund, kdy zjevn\u011b pod vlivem kokainu odvys\u00edlal n\u011bkolik slov k n\u00e1rodu a projev zakon\u010dil napoleonskou v\u00fdhr\u016f\u017ekou, \u017ee v\u0161echny p\u0159em\u016f\u017ee!\u00a0<strong>Video bylo v sobotu ve\u010der jen p\u00e1r minut zav\u011b\u0161eno na ofici\u00e1ln\u00edch webov\u00fdch str\u00e1nk\u00e1ch \u00da\u0159adu prezidenta Ukrajiny [<a href=\"https:\/\/href.li\/?https:\/\/www.president.gov.ua\/en\/videos\/videos-archive\" target=\"_blank\" rel=\"nofollow noopener\">1<\/a>], ale video bylo z\u00e1hy smaz\u00e1no a zmizelo.<\/strong>\u00a0Druh\u00fd den v ned\u011bli r\u00e1no se video ale vyno\u0159ilo znovu, a to na Twitteru ukrajinsk\u00e9ho Ministerstva obrany\u00a0<strong>[<a href=\"https:\/\/href.li\/?https:\/\/twitter.com\/DefenceU\/status\/1515550905676017667\" target=\"_blank\" rel=\"nofollow noopener\">2<\/a>]<\/strong>, kde je st\u00e1le zat\u00edm k dispozici.<\/p>\n<p>Na videu je patrn\u00e9, \u017ee ukrajinsk\u00fd prezident si t\u011bsn\u011b p\u0159ed zah\u00e1jen\u00edm nat\u00e1\u010den\u00ed videa vzal d\u00e1vku kokainu, kterou si vet\u0159el do \u00fast mezi rty a d\u00e1sn\u011b. N\u00e1\u0161 kolega l\u00e9ka\u0159 na videu okam\u017eit\u011b identifikoval drogov\u011b z\u00e1vislou osobu po konzumaci kokainu, kter\u00e1 m\u00e1 typick\u00e9 projevy mimiky, kter\u00e9 spo\u010d\u00edvaj\u00ed v p\u0159etahov\u00e1n\u00ed a ot\u00edr\u00e1n\u00ed na\u0161pulen\u00fdch rt\u016f o zuby a d\u00e1sn\u011b, \u010d\u00edm\u017e se kokainov\u00fd pr\u00e1\u0161ek rozt\u00edr\u00e1 po d\u00e1sn\u00edch a pro\u017eitek je mnohem intenzivn\u011bj\u0161\u00ed. Na videu jsou hned dvakr\u00e1t po sob\u011b zachyceny grimasy Zelensk\u00e9ho, kter\u00e9 prokazuj\u00ed, \u017ee video bylo nat\u00e1\u010deno kr\u00e1tce po konzumaci kokainu.<\/p>\n<p>&nbsp;<\/p>\n<div id=\"rumble_vyze05\">\n<div id=\"vid_vyze05\" class=\"rumble_vyze05-Rumble-cls\">\n<div class=\"bigPlayUI ctp\">\n<div class=\"bigPlayUIInner ctp\"><div class='videoWrapper'>\r\n\t            <iframe src='https:\/\/rumble.com\/embed\/pj.vyze05\/' frameborder='0' allowfullscreen><\/iframe>\r\n\t        <\/div><\/div>\n<\/div>\n<\/div>\n<\/div>\n<p>&nbsp;<\/p>\n<p>Podle na\u0161eho kolegy l\u00e9ka\u0159e se aplikace kokainu mezi rty a d\u00e1sn\u011b prov\u00e1d\u00ed tehdy, pokud po dlouhodob\u00e9 konzumaci kokainu dojde u z\u00e1visl\u00e9 osoby k necitlivosti a zdu\u0159en\u00ed tk\u00e1n\u011b uvnit\u0159 nosu, kterou ji\u017e kokainov\u00fd pr\u00e1\u0161ek nedok\u00e1\u017ee pronikat dif\u00faz\u00ed pod k\u016f\u017ei a do krevn\u00edho \u0159e\u010di\u0161t\u011b.\u00a0<strong>Z\u00e1visl\u00ed lid\u00e9 si tak v pozd\u011bj\u0161\u00ed f\u00e1zi aplikuj\u00ed kokain dovnit\u0159 \u00fast do prohlubn\u011b mezi rty a d\u00e1sn\u011bmi. Pr\u00e1\u0161ek si prstem rozt\u00edraj\u00ed a pom\u00e1haj\u00ed si i rty, jejich p\u0159etahov\u00e1n\u00edm p\u0159es d\u00e1sn\u011b a zuby.<\/strong>\u00a0L\u00e9ka\u0159 n\u00e1s rovn\u011b\u017e upozornil na nep\u0159irozen\u011b roz\u0161\u00ed\u0159en\u00e9 zornice Zelensk\u00e9ho na videu, kter\u00e9 dokazuj\u00ed, \u017ee je pod vlivem drogy.<\/p>\n<p>Je naprosto jasn\u00e9, pro\u010d prezidentsk\u00fd \u00fa\u0159ad video pohotov\u011b st\u00e1hl, proto\u017ee video a\u017e p\u0159\u00edli\u0161 barvit\u011b zachycuje kokainov\u011b z\u00e1vislou osobu kr\u00e1tce po konzumaci. Ukrajinsk\u00e1 arm\u00e1da v\u0161ak zjevn\u011b video uv\u00edtala, proto\u017ee drogov\u011b z\u00e1visl\u00fd prezident oslov\u00ed mnoho ukrajinsk\u00fdch voj\u00e1k\u016f, kte\u0159\u00ed na front\u011b jsou rovn\u011b\u017e vystaveni obchodu s drogami, co\u017e dokazuj\u00ed n\u00e1lezy Rusk\u00e9 arm\u00e1dy, kter\u00e1 na obsazen\u00fdch z\u00e1kladn\u00e1ch objevuje obrovsk\u00e9 z\u00e1soby kokainu, metamfetaminu, syntetick\u00fdch drog a l\u00e1tek, kter\u00e9 maj\u00ed zjevn\u011b povzbuzovat mor\u00e1lku a odvahu ukrajinsk\u00fdch voj\u00e1k\u016f.<\/p>\n<h6><span style=\"font-size: 18pt;\">So\u0161ka kohouta na syp\u00e1n\u00ed lajn kokainu?<\/span><\/h6>\n<p>Zelensk\u00fd ve videu d\u011bkuje z\u00e1b\u011brem na so\u0161ku kohouta, kterou dostal od jedn\u00e9 ukrajinsk\u00e9 \u017eeny p\u0159i n\u00e1v\u0161t\u011bv\u011b Borise Johnsona v Bu\u010di. Z\u0159ejm\u011b se jedn\u00e1 o d\u00f3zu, resp. syp\u00e1tko na kokain. Boris Johnson je tak\u00e9 zn\u00e1m\u00fdm konzumentem chemick\u00fdch l\u00e1tek, co\u017e potvrzuj\u00ed jeho roz\u0161\u00ed\u0159en\u00e9 zorni\u010dky a neust\u00e1le nep\u0159\u00edtomn\u00fd pohled.\u00a0<strong>Johnson se v minulosti p\u0159iznal [<a href=\"https:\/\/href.li\/?https:\/\/www.gq-magazine.co.uk\/article\/boris-johnson-drugs\" target=\"_blank\" rel=\"nofollow noopener\">3<\/a>], \u017ee bral kokain na univerzit\u011b v dob\u011b studi\u00ed, ale \u017ee ho jenom vyzkou\u0161el, \u017ee si na to pamatuje, ale \u017ee nen\u00ed z\u00e1visl\u00fd a drogy nebere.<\/strong><\/p>\n<p>Zelensk\u00e9ho video, kde d\u011bkuje z\u00e1b\u011brem na d\u00f3zu kohouta, je v\u00edce ne\u017e v\u00fdmluvn\u00e9 o tom, kdo asi tak z\u00e1sobuje Zelensk\u00e9ho matro\u0161em. Nen\u00ed proto divu, \u017ee loutkov\u00fd ukrajinsk\u00fd prezident je jako figurka na v\u00edce \u010di m\u00e9n\u011b spolehliv\u00e9 d\u00e1lkov\u00e9 ovl\u00e1d\u00e1n\u00ed, kter\u00e9 nefunguje na baterky, ale na lajny kokainu. Boris p\u0159iveze matro\u0161 a ukrajinsk\u00fd prezident se sjede na B\u00edlou sobotu p\u0159ed Velikonocemi jako prase na s\u00e1\u0148k\u00e1ch, jenom se ale nejede po sn\u011bhu, ale po koksu. Situace na Ukrajin\u011b je toti\u017e pro Kyjev katastrof\u00e1ln\u00ed, proto\u017ee ten z\u0159ejm\u011b p\u0159ijde o dal\u0161\u00ed \u00fazem\u00ed.<\/p>\n<figure id=\"attachment_51359\" class=\"wp-caption aligncenter\" style=\"width: 685px;\"><a href=\"https:\/\/aeronet.news\/wp-content\/uploads\/JohnsonZelenskyCockerel.jpg\"><img decoding=\"async\" loading=\"lazy\" class=\"wp-image-51359 \" src=\"https:\/\/aeronet.news\/wp-content\/uploads\/JohnsonZelenskyCockerel-1024x682.jpg\" sizes=\"(max-width: 700px) 100vw, 700px\" srcset=\"https:\/\/aeronet.news\/wp-content\/uploads\/JohnsonZelenskyCockerel-1024x682.jpg 1024w, https:\/\/aeronet.news\/wp-content\/uploads\/JohnsonZelenskyCockerel-300x200.jpg 300w, https:\/\/aeronet.news\/wp-content\/uploads\/JohnsonZelenskyCockerel-768x512.jpg 768w, https:\/\/aeronet.news\/wp-content\/uploads\/JohnsonZelenskyCockerel-700x466.jpg 700w, https:\/\/aeronet.news\/wp-content\/uploads\/JohnsonZelenskyCockerel-536x357.jpg 536w, https:\/\/aeronet.news\/wp-content\/uploads\/JohnsonZelenskyCockerel-725x483.jpg 725w, https:\/\/aeronet.news\/wp-content\/uploads\/JohnsonZelenskyCockerel.jpg 1280w\" alt=\"\" width=\"685\" height=\"456\" \/><\/a><figcaption class=\"wp-caption-text\">D\u00f3zy v podob\u011b kohouta, dary od jist\u00e9 ukrajinsk\u00e9 \u017eeny pro Borise Johnsona a Volodymyra Zelensk\u00e9ho<\/figcaption><\/figure>\n<p>Jak jsme se dozv\u011bd\u011bli do redakce od na\u0161ich zdroj\u016f z \u0159ad rusk\u00fdch novin\u00e1\u0159\u016f, na jihu Ukrajiny se pl\u00e1nuje odtr\u017een\u00ed Chersonsk\u00e9 oblasti od Ukrajiny, tak\u017ee t\u00edm p\u00e1dem Ukrajina p\u0159ijde natrvalo o p\u0159\u00edstup k Azovsk\u00e9mu mo\u0159i, do\u010dista jej ztrat\u00ed a z Azovsk\u00e9ho mo\u0159e se stane de facto mo\u0159e obklopen\u00e9 Ruskem.\u00a0<strong>Ze strategick\u00e9ho hlediska jde o zaji\u0161t\u011bn\u00ed pozemn\u00edho spojen\u00ed Krymu s DLR a o zaji\u0161t\u011bn\u00ed zdroj\u016f vody pro Krym, kter\u00e9 se nach\u00e1zej\u00ed pr\u00e1v\u011b v Chersonsk\u00e9 oblasti.<\/strong><\/p>\n<p>Rusko se tedy p\u0159esn\u011b podle predikce Aeronetu rozhodlo pro roztrh\u00e1n\u00ed Ukrajiny, co\u017e logicky znamen\u00e1, \u017ee Moskva nepo\u010d\u00edt\u00e1 s denacifikac\u00ed Ukrajiny jako celku, ale z\u0159ejm\u011b se bude jednat jen o oblast na v\u00fdchod od \u0159eky Dn\u011bpr, kter\u00e1 rozd\u011bluje Ukrajinu zhruba na polovinu. Pokud se na\u0161e informace o chystan\u00e9m referendu v Chersonsk\u00e9 oblasti uk\u00e1\u017e\u00ed jako validn\u00ed, potom bude zjevn\u00e9, \u017ee Moskva u\u017e nev\u011b\u0159\u00ed ve federalizaci Ukrajiny a ani v proces denacifikace, p\u0159i\u010dem\u017e federalizace bez denacifikace Ukrajiny prost\u011b nem\u00e1 smysl. To by potom znamenalo, \u017ee Moskva se rozhodla zlomit nad Kyjevem h\u016fl a odtrhnout majoritn\u011b rusko-etnick\u00e9 oblasti Ukrajiny od Kyjeva. A zjevn\u011b u\u017e i Polsko zav\u011bt\u0159ilo.<\/p>\n<h6><span style=\"font-size: 18pt;\">Pol\u00e1ci cht\u011bj\u00ed propa\u0161ovat Ukrajinu do EU a NATO pomoc\u00ed Trojsk\u00e9ho kon\u011b v podob\u011b unie mezi Polskem a Ukrajinou. Rusk\u00e9 etnikum nebude m\u00edt v unii ru\u0161tinu jako \u00fa\u0159edn\u00ed jazyk, ten byl \u0161krtnut<\/span><\/h6>\n<p>Na Evropsk\u00e9m kongresu m\u00edstn\u00edch samospr\u00e1v ve m\u011bst\u011b Mikolajki se pol\u0161t\u00ed politici shodli, \u017ee\u00a0<strong>by Polsko m\u011blo s Ukrajinou vytvo\u0159it voln\u00fd st\u00e1tn\u00ed svazek v podob\u011b Unie [<a href=\"https:\/\/href.li\/?https:\/\/tn.nova.cz\/zpravodajstvi\/clanek\/460347-polaci-chteji-s-ukrajinou-spolecny-stat-pak-by-hned-mohla-do-nato?fbclid=IwAR24rXCb89QS94CpkKifV2SaOnKE3a1YyqJEI9jJ2AIV4FgkJj3PjP8DEqg\" target=\"_blank\" rel=\"nofollow noopener\">4<\/a>], \u010d\u00edm\u017e by se automaticky Ukrajina stala \u010dlenem Evropsk\u00e9 unie a rovn\u011b\u017e NATO.<\/strong>\u00a0Nejednalo by se p\u0159itom v po\u010d\u00e1tku o spojen\u00ed dvou st\u00e1t\u016f do jednoho, tedy o vznik unit\u00e1rn\u00edho st\u00e1tu, ale \u0161lo by de facto formu velice voln\u00e9 federace, resp. konfederace, kdy ob\u011b zem\u011b by si ponechaly svrchovanost, ale zahrani\u010dn\u00ed politiku by organizovaly spole\u010dn\u011b.<\/p>\n<p>T\u00edmto krokem by do\u0161lo k mohutn\u00e9mu roz\u0161\u00ed\u0159en\u00ed americk\u00e9ho projektu Trojmo\u0159\u00ed o Ukrajinu, tak\u017ee by to d\u00e1valo smysl. S t\u00edm souvis\u00ed i snaha USA dod\u00e1vat Ukrajin\u011b zbran\u011b a Rusov\u00e9 u\u017e dop\u0159edu avizuj\u00ed, \u017ee na tyto transporty budou \u00fato\u010dit hned na ukrajinsk\u00fdch hranic\u00edch.\u00a0<strong>Pol\u0161t\u00ed politici na Twitteru dokonce u\u017e uve\u0159ejnili mapu, ale nezapomn\u011bli dole \u0161krtnout ru\u0161tinu jako \u00fa\u0159edn\u00ed jazyk.<\/strong>\u00a0Tak\u017ee, i kdyby tato unie vznikla, Var\u0161ava i Kyjev by obrovsk\u00e9mu rusk\u00e9mu etniku na Ukrajin\u011b up\u0159eli jejich jazyk. Jak p\u0159\u00edzna\u010dn\u00fd projev nacifikace.<\/p>\n<figure id=\"attachment_51363\" class=\"wp-caption aligncenter\" style=\"width: 686px;\"><a href=\"https:\/\/aeronet.news\/wp-content\/uploads\/PolandUkraineUnion.jpg\"><img decoding=\"async\" loading=\"lazy\" class=\"wp-image-51363 \" src=\"https:\/\/aeronet.news\/wp-content\/uploads\/PolandUkraineUnion-1024x576.jpg\" sizes=\"(max-width: 700px) 100vw, 700px\" srcset=\"https:\/\/aeronet.news\/wp-content\/uploads\/PolandUkraineUnion-1024x576.jpg 1024w, https:\/\/aeronet.news\/wp-content\/uploads\/PolandUkraineUnion-300x169.jpg 300w, https:\/\/aeronet.news\/wp-content\/uploads\/PolandUkraineUnion-768x432.jpg 768w, https:\/\/aeronet.news\/wp-content\/uploads\/PolandUkraineUnion-700x394.jpg 700w, https:\/\/aeronet.news\/wp-content\/uploads\/PolandUkraineUnion-635x357.jpg 635w, https:\/\/aeronet.news\/wp-content\/uploads\/PolandUkraineUnion-859x483.jpg 859w, https:\/\/aeronet.news\/wp-content\/uploads\/PolandUkraineUnion.jpg 1366w\" alt=\"\" width=\"686\" height=\"386\" \/><\/a><figcaption class=\"wp-caption-text\">Mapa Polsko-Ukrajinsk\u00e9 unie. V\u0161imn\u011bte si, \u017ee dole v seznamu \u00fa\u0159edn\u00edch jazyk\u016f na tomto uva\u017eovan\u00e9m \u00fazem\u00ed je ru\u0161tina \u0161krtnut\u00e1.<\/figcaption><\/figure>\n<p>Polsko by tak de facto zat\u00e1hlo v\u00e1lku na Ukrajin\u011b rovnou do Evropsk\u00e9 unie a rovnou do NATO. Tento n\u00e1pad by ale narazil na velk\u00e9 pr\u00e1vn\u00ed probl\u00e9my, proto\u017ee ne v\u0161echny st\u00e1ty EU by volnou unii Polska a Ukrajiny uznaly a vstup Ukrajiny do EU by i tak musel proj\u00edt procesem schvalov\u00e1n\u00ed v EU, proto\u017ee voln\u00fd svazek Var\u0161avy a Kyjeva by pro automatick\u00fd vstup Ukrajiny do EU a NATO nesta\u010dil. Ukrajina by se musela rozpustit a musela by se st\u00e1t plnou sou\u010d\u00e1st\u00ed Polska, aby \u0161lo p\u0159esko\u010dit p\u0159\u00edstupov\u00e9 procesy do EU a NATO.<\/p>\n<div class=\"twitter-tweet twitter-tweet-rendered\"><iframe id=\"twitter-widget-0\" class=\"\" title=\"Twitter Tweet\" src=\"https:\/\/platform.twitter.com\/embed\/Tweet.html?dnt=true&amp;embedId=twitter-widget-0&amp;features=eyJ0ZndfZXhwZXJpbWVudHNfY29va2llX2V4cGlyYXRpb24iOnsiYnVja2V0IjoxMjA5NjAwLCJ2ZXJzaW9uIjpudWxsfSwidGZ3X3NwYWNlX2NhcmQiOnsiYnVja2V0Ijoib2ZmIiwidmVyc2lvbiI6bnVsbH19&amp;frame=false&amp;hideCard=false&amp;hideThread=false&amp;id=1515633540129558530&amp;lang=cs&amp;origin=https%3A%2F%2Faeronet.news%2Fvideo-zfetovany-prezident-zelensky-natocil-video-tesne-po-konzumaci-kokainu-a-v-deluzornim-stavu-napoleonskeho-syndromu-prohlasil-ze-vsechny-premuze-prezidentsky-urad-jeho-video-okamzite-smazal%2F&amp;sessionId=818fb794e382ee90718703980771e27dc14040f5&amp;theme=light&amp;widgetsVersion=c8fe9736dd6fb%3A1649830956492&amp;width=550px\" frameborder=\"0\" scrolling=\"no\" allowfullscreen=\"allowfullscreen\" data-tweet-id=\"1515633540129558530\" data-mce-fragment=\"1\"><\/iframe><\/div>\n<p>&nbsp;<\/p>\n<p>Ka\u017edop\u00e1dn\u011b v dne\u0161n\u00ed dob\u011b nen\u00ed nic nemo\u017en\u00e9 a kdy\u017e Moskva se podle v\u0161eho rozhodla vy\u0159e\u0161it probl\u00e9my rusk\u00e9ho etnick\u00e9 obyvatelstva na Ukrajin\u011b v nouzov\u00e9m p\u0159\u00edpad\u011b stejn\u00fdm zp\u016fsobem jako na Krymu nebo v DLR a LLR, potom je na m\u00edst\u011b my\u0161lenka, jestli v\u016fbec n\u011bjak\u00e1 Ukrajina za n\u011bjakou dobu z\u016fstane. Nacifikace z\u00e1padn\u00edho b\u0159ehu Dn\u011bpru je toti\u017e obrovsk\u00e1 a postupn\u011b se p\u0159el\u00e9v\u00e1 do EU a hlavn\u011b do \u010ceska.<\/p>\n<h6><span style=\"font-size: 18pt;\">\u010cesk\u00e9 noviny za\u010daly propagandisticky oslavovat n\u011bmeck\u00e9 eso Luftwaffe, kolik Rus\u016f pilot sest\u0159elil na Ukrajin\u011b<\/span><\/h6>\n<p>Pamatujete, co jsem \u0159\u00edkal p\u0159ed dv\u011bma t\u00fddny na SVCS o procesech revan\u0161ismu a revizionismu po II. sv. v\u00e1lce? Tak si p\u0159edstavte, \u017ee ten proces revizionismu v \u010cR b\u011b\u017e\u00ed naplno a p\u011bkn\u011b zostra. Dnes jsme byli do redakce upozorn\u011bni \u017ee \u010desk\u00fd Den\u00edk uve\u0159ejnil neuv\u011b\u0159iteln\u00fd propagandistick\u00fd \u010dl\u00e1nek\u00a0<strong>[<a href=\"https:\/\/href.li\/?https:\/\/www.denik.cz\/ze_sveta\/cerny-dabel-ukrajiny.html\" target=\"_blank\" rel=\"nofollow noopener\">5<\/a>]<\/strong>\u00a0s n\u00e1zvem \u201c<em><strong>\u010cern\u00fd \u010f\u00e1bel Hartmann. Rud\u00e9 arm\u00e1d\u011b sest\u0159elil 345 letadel, p\u0159e\u017eil i peklo v gulagu<\/strong><\/em>\u201d a v n\u011bm se dozv\u00edte, \u017ee n\u011bmeck\u00fd pilot Luftwaffe byl vychov\u00e1n v Hitlerjugend a po t\u0159\u00edst\u00e9m sest\u0159elu Hartmannovi osobn\u011b ve Vl\u010d\u00edm doup\u011bti p\u0159edal Adolf Hitler vyznamen\u00e1n\u00ed \u2013 brilianty.<\/p>\n<figure id=\"attachment_51364\" class=\"wp-caption aligncenter\" style=\"width: 789px;\"><a href=\"https:\/\/aeronet.news\/wp-content\/uploads\/Erich-Hartmann.jpg\"><img decoding=\"async\" loading=\"lazy\" class=\"wp-image-51364 \" src=\"https:\/\/aeronet.news\/wp-content\/uploads\/Erich-Hartmann.jpg\" sizes=\"(max-width: 797px) 100vw, 797px\" srcset=\"https:\/\/aeronet.news\/wp-content\/uploads\/Erich-Hartmann.jpg 797w, https:\/\/aeronet.news\/wp-content\/uploads\/Erich-Hartmann-300x226.jpg 300w, https:\/\/aeronet.news\/wp-content\/uploads\/Erich-Hartmann-768x578.jpg 768w, https:\/\/aeronet.news\/wp-content\/uploads\/Erich-Hartmann-700x527.jpg 700w, https:\/\/aeronet.news\/wp-content\/uploads\/Erich-Hartmann-474x357.jpg 474w, https:\/\/aeronet.news\/wp-content\/uploads\/Erich-Hartmann-642x483.jpg 642w\" alt=\"\" width=\"789\" height=\"594\" \/><\/a><figcaption class=\"wp-caption-text\">Erich Hartmann je oslavov\u00e1n v \u010desk\u00fdch novin\u00e1ch za jeho loajalitu k \u0158\u00ed\u0161i a v\u00e1le\u010dn\u00e9 \u00fasil\u00ed Luftwaffe na Ukrajin\u011b za II. sv. v\u00e1lky proti Rud\u00e9 arm\u00e1d\u011b<\/figcaption><\/figure>\n<p>Po v\u00e1lce skon\u010dil na 10 let v gulagu v SSSR a do vlasti se vr\u00e1til v\u00a0posledn\u00edm transportu n\u011bmeck\u00fdch zajatc\u016f v roce 1955. Nic z\u00a0toho by se pr\u00fd nestalo, neb\u00fdt jeho loajality k \u0158\u00ed\u0161i. Tak tohle se v roce 2022 do\u010dtete v Den\u00edku. V\u011bt\u0161\u00ed oslava n\u011bmeck\u00fdch voj\u00e1k\u016f z dob II. sv. v\u00e1lky u\u017e ani snad b\u00fdt nem\u016f\u017ee. P\u0159esn\u011b toto je proces revizionismu, tedy p\u0159episov\u00e1n\u00ed historie, p\u0159episov\u00e1n\u00ed toho, kdo byl \u00fato\u010dn\u00edk a obr\u00e1nce, p\u0159episov\u00e1n\u00ed toho, kdo byl okupant a osvoboditel.<\/p>\n<p>Proces revizionismu tak b\u011b\u017e\u00ed v \u010cR na pln\u00e9 obr\u00e1tky a kdo chv\u00edli st\u00e1l, stoj\u00ed opod\u00e1l a jen \u010dum\u00ed s tup\u00fdm a nech\u00e1pav\u00fdm v\u00fdrazem, co se to vlastn\u011b okolo n\u011bho d\u011bje.\u00a0<strong>Nacifikace \u010cR podlo\u017een\u00e1 masivn\u00ed a hysterickou rusofobi\u00ed a anti-rusismem tak p\u0159in\u00e1\u0161\u00ed do \u010desk\u00e9ho tisku znovu propagandistick\u00e9 oslavn\u00e9 \u010dl\u00e1nky o udatn\u00fdch pilotech Luftwaffe v boji proti Rusovi.<\/strong>\u00a0Zase je to zp\u00e1tky. Ub\u011bhlo 77 let od konce II. sv\u011btov\u00e9 v\u00e1lky a \u010desk\u00e9 noviny u\u017e op\u011bt p\u011bj\u00ed \u00f3dy na n\u011bmeck\u00e9 voj\u00e1ky.<\/p>\n<p>-VK- \u0160\u00e9fredaktor AE News<\/p>\n<p><a href=\"https:\/\/aeronet.news\/video-zfetovany-prezident-zelensky-natocil-video-tesne-po-konzumaci-kokainu-a-v-deluzornim-stavu-napoleonskeho-syndromu-prohlasil-ze-vsechny-premuze-prezidentsky-urad-jeho-video-okamzite-smazal\/\">ZDROJ<\/a><\/p>\n<p>&nbsp;<\/p>\n","protected":false},"excerpt":{"rendered":"<p>Zfetovan\u00fd prezident Zelensk\u00fd nato\u010dil video t\u011bsn\u011b po konzumaci kokainu a v deluzorn\u00edm stavu Napoleonsk\u00e9ho syndromu&#8230;<\/p>\n","protected":false},"author":2,"featured_media":9812,"comment_status":"closed","ping_status":"closed","sticky":false,"template":"","format":"standard","meta":[],"categories":[7],"tags":[289,26,1000],"_links":{"self":[{"href":"https:\/\/www.infokuryr.cz\/n\/wp-json\/wp\/v2\/posts\/9811"}],"collection":[{"href":"https:\/\/www.infokuryr.cz\/n\/wp-json\/wp\/v2\/posts"}],"about":[{"href":"https:\/\/www.infokuryr.cz\/n\/wp-json\/wp\/v2\/types\/post"}],"author":[{"embeddable":true,"href":"https:\/\/www.infokuryr.cz\/n\/wp-json\/wp\/v2\/users\/2"}],"replies":[{"embeddable":true,"href":"https:\/\/www.infokuryr.cz\/n\/wp-json\/wp\/v2\/comments?post=9811"}],"version-history":[{"count":0,"href":"https:\/\/www.infokuryr.cz\/n\/wp-json\/wp\/v2\/posts\/9811\/revisions"}],"wp:featuredmedia":[{"embeddable":true,"href":"https:\/\/www.infokuryr.cz\/n\/wp-json\/wp\/v2\/media\/9812"}],"wp:attachment":[{"href":"https:\/\/www.infokuryr.cz\/n\/wp-json\/wp\/v2\/media?parent=9811"}],"wp:term":[{"taxonomy":"category","embeddable":true,"href":"https:\/\/www.infokuryr.cz\/n\/wp-json\/wp\/v2\/categories?post=9811"},{"taxonomy":"post_tag","embeddable":true,"href":"https:\/\/www.infokuryr.cz\/n\/wp-json\/wp\/v2\/tags?post=9811"}],"curies":[{"name":"wp","href":"https:\/\/api.w.org\/{rel}","templated":true}]}}