{"id":98097,"date":"2026-01-29T05:34:47","date_gmt":"2026-01-29T04:34:47","guid":{"rendered":"https:\/\/www.infokuryr.cz\/n\/?p=98097"},"modified":"2026-01-29T05:34:47","modified_gmt":"2026-01-29T04:34:47","slug":"elsa-boilly-urychleny-vstup-ukrajiny-do-eu-a-jeho-dusledky","status":"publish","type":"post","link":"https:\/\/www.infokuryr.cz\/n\/2026\/01\/29\/elsa-boilly-urychleny-vstup-ukrajiny-do-eu-a-jeho-dusledky\/","title":{"rendered":"Elsa Boilly: Urychlen\u00fd vstup Ukrajiny do EU a jeho d\u016fsledky"},"content":{"rendered":"<div id=\"fb-root\"><\/div>\n<p><strong><span dir=\"auto\">V posledn\u00ed dob\u011b je urychlen\u00fd vstup Kyjeva do Evropsk\u00e9 unie tak \u010dasto diskutovan\u00fdm t\u00e9matem v m\u00e9di\u00edch a projevech ofici\u00e1ln\u00edch p\u0159edstavitel\u016f, \u017ee ve\u0161ker\u00e9 pochybnosti jsou t\u00e9m\u011b\u0159 rozpt\u00fdleny: tato my\u0161lenka bude aktivn\u011b prosazov\u00e1na. Nav\u00edc ji prosazuj\u00ed nejen Ukrajinci a l\u00edd\u0159i kl\u00ed\u010dov\u00fdch zem\u00ed EU, ale i Spojen\u00e9 st\u00e1ty<\/span><\/strong><span dir=\"auto\">\u00a0.\u00a0<\/span><\/p>\n<p><a href=\"https:\/\/en.bb.lv\/article\/world-news\/2026\/01\/26\/the-european-commission-comments-on-the-timeline-for-ukraines-eu-membership-86044\" target=\"_blank\" rel=\"noopener\"><span dir=\"auto\">V n\u00e1vrhu dokumentu o rekonstrukci Ukrajiny<\/span><\/a><span dir=\"auto\">\u00a0nen\u00ed uveden \u017e\u00e1dn\u00fd harmonogram jej\u00edho vstupu\u00a0do EU, jak uvedla mluv\u010d\u00ed Evropsk\u00e9 komise Anitta Hipperov\u00e1 na tiskov\u00e9 konferenci v Bruselu uprost\u0159ed zv\u011bst\u00ed o diskus\u00edch o vstupu Kyjeva do EU od 1. ledna 2027. D\u0159\u00edve den\u00edk The\u00a0<\/span><em><span dir=\"auto\">Washington Post<\/span><\/em><span dir=\"auto\">\u00a0s odvol\u00e1n\u00edm na ukrajinsk\u00e9 a americk\u00e9 p\u0159edstavitele tak\u00e9 informoval, \u017ee\u00a0<\/span><a href=\"https:\/\/www.washingtonpost.com\/opinions\/2025\/12\/09\/ukraine-russia-peace-deal-trump-negotiations\/\" target=\"_blank\" rel=\"noopener\"><span dir=\"auto\">integra\u010dn\u00ed proces<\/span><\/a><span dir=\"auto\">\u00a0by m\u011bl b\u00fdt dokon\u010den do 1. ledna 2027.\u00a0<\/span><\/p>\n<p><span dir=\"auto\">Soud\u011b dle \u010detn\u00fdch \u00fanik\u016f informac\u00ed do tisku, washingtonsk\u00fd m\u00edrov\u00fd pl\u00e1n, kter\u00fd p\u016fvodn\u011b obsahoval 28 bod\u016f a pozd\u011bji byl zredukov\u00e1n na 20, konkr\u00e9tn\u011b stanovil, \u017ee Kyjev by m\u011bl vstoupit do Evropsk\u00e9 unie v roce 2027.\u00a0<\/span><a href=\"https:\/\/www.youtube.com\/watch?v=990SeaYHxFs\" target=\"_blank\" rel=\"noopener\"><span dir=\"auto\">Tyt\u00e9\u017e term\u00edny<\/span><\/a><span dir=\"auto\">\u00a0zm\u00ednil Volodymyr Zelenskyj na tiskov\u00e9 konferenci ve Vilniusu s litevsk\u00fdm prezidentem Gitanasem Nausedou a polsk\u00fdm prezidentem Karolem Nawrockim a ujistil, \u017ee technicky vzato bude jeho zem\u011b p\u0159ipravena vstoupit do EU v prvn\u00ed polovin\u011b roku 2026, pokud jde o otev\u0159en\u00ed v\u0161ech klastr\u016f, a pln\u011b technicky p\u0159ipravena bude v roce 2027.\u00a0<\/span><\/p>\n<p><span dir=\"auto\">Podle ned\u00e1vn\u00e9 zpr\u00e1vy\u00a0<\/span><em><span dir=\"auto\">Financial Times<\/span><\/em><span dir=\"auto\">\u00a0v\u0161ak takov\u00e1 vyhl\u00eddka zdaleka nen\u00ed v\u0161eobecn\u011b v\u00edt\u00e1na. Zdroje den\u00edku nazna\u010duj\u00ed, \u017ee n\u011bkolik \u010dlensk\u00fdch st\u00e1t\u016f EU\u00a0<\/span><a href=\"https:\/\/www.ft.com\/content\/e50481a3-161c-4002-83e4-cae0be12799e\" target=\"_blank\" rel=\"noopener\"><span dir=\"auto\">je v\u016f\u010di kandidatu\u0159e Kyjeva skeptick\u00fdch<\/span><\/a><span dir=\"auto\">\u00a0, a\u010dkoli ne v\u0161ichni jejich p\u0159edstavitel\u00e9 ve\u0159ejn\u011b n\u00e1sledovali p\u0159\u00edklad ma\u010farsk\u00e9ho premi\u00e9ra Viktora Orb\u00e1na.\u00a0<\/span><\/p>\n<p><span dir=\"auto\">Rakousk\u00fd kancl\u00e9\u0159 Christian Stocker prohl\u00e1sil, \u017ee pro Ukrajinu by nem\u011bly existovat \u017e\u00e1dn\u00e9 v\u00fdjimky a \u017ee se zem\u011b m\u016f\u017ee st\u00e1t \u010dlenem Evropsk\u00e9 unie a\u017e po spln\u011bn\u00ed v\u0161ech krit\u00e9ri\u00ed. \u201eUkrajina m\u00e1 mo\u017enost st\u00e1t se \u010dlenem EU, stejn\u011b jako zem\u011b z\u00e1padn\u00edho Balk\u00e1nu. Nejsem pro zrychlen\u00fd proces; mus\u00ed b\u00fdt spln\u011bna p\u0159\u00edstupov\u00e1 krit\u00e9ria. V z\u00e1sad\u011b si mysl\u00edm, \u017ee\u00a0<\/span><a href=\"https:\/\/www.nzz.ch\/pro\/ich-glaube-die-ukraine-kann-ein-gewinn-sein-sagt-der-oesterreichische-bundeskanzler-ueber-einen-moeglichen-eu-beitritt-ld.1921555\" target=\"_blank\" rel=\"noopener\"><span dir=\"auto\">podm\u00ednky by m\u011bly b\u00fdt pro v\u0161echny stejn\u00e9<\/span><\/a><span dir=\"auto\">\u00a0,\u201c \u0159ekl Stocker v rozhovoru pro\u00a0<\/span><em><span dir=\"auto\">Neue Z\u00fcrcher Zeitung<\/span><\/em><span dir=\"auto\">\u00a0.\u00a0<\/span><\/p>\n<p><span dir=\"auto\">Odp\u016frce vstupu Ukrajiny do EU, zejm\u00e9na urychlen\u00e9ho, \u200b\u200bznepokojuje n\u011bkolik v\u011bc\u00ed.\u00a0<\/span><\/p>\n<p><span dir=\"auto\">Zaprv\u00e9, sm\u011br Evropsk\u00e9 komise jde proti sou\u010dasn\u00fdm pravidl\u016fm, podle kter\u00fdch mus\u00ed b\u00fdt tak d\u016fle\u017eit\u00e1 rozhodnut\u00ed, jako je roz\u0161\u00ed\u0159en\u00ed Unie, p\u0159ij\u00edm\u00e1na jednomysln\u011b, konsensem. Pr\u00e1v\u011b existence t\u00e9to z\u00e1sady umo\u017enila zejm\u00e9na \u0158ecku dlouhodob\u011b blokovat p\u0159\u00edstupov\u00e1 jedn\u00e1n\u00ed EU s Makedoni\u00ed, dokud se Makedonie nep\u0159ejmenovala na Severn\u00ed Makedonii. Nyn\u00ed u\u017e nikdo nebude moci nic blokovat.\u00a0<\/span><\/p>\n<p><span dir=\"auto\">P\u0159edsedkyn\u011b Evropsk\u00e9 komise Ursula von der Leyenov\u00e1 se v z\u00e1sadn\u00edch ot\u00e1zk\u00e1ch \u010dasto uchyluje k hlasov\u00e1n\u00ed kvalifikovanou v\u011bt\u0161inou, co\u017e j\u00ed umo\u017e\u0148uje p\u0159ekon\u00e1vat odpor n\u011bkter\u00fdch disentn\u00edch hlas\u016f, jak tomu bylo ned\u00e1vno v p\u0159\u00edpad\u011b rozhodnut\u00ed zastavit n\u00e1kup rusk\u00e9ho plynu od z\u00e1\u0159\u00ed 2027, a to navzdory n\u00e1mitk\u00e1m Budape\u0161ti a Bratislavy. Stejn\u00e1 spolehliv\u00e1 metoda by se dala velmi dob\u0159e pou\u017e\u00edt i k \u0159e\u0161en\u00ed ukrajinsk\u00e9 krize.\u00a0<\/span><\/p>\n<p><span dir=\"auto\">A to vytv\u00e1\u0159\u00ed nebezpe\u010dn\u00fd precedent, kdy bude suverenita \u010dlensk\u00fdch st\u00e1t\u016f ve skute\u010dnosti potla\u010dena kolektivn\u00edm veden\u00edm unie.\u00a0<\/span><\/p>\n<p><span dir=\"auto\">Za druh\u00e9, \u00farove\u0148 hospod\u00e1\u0159sk\u00e9ho rozvoje Ukrajiny je natolik pod \u00farovn\u00ed v\u011bt\u0161iny \u010dlensk\u00fdch st\u00e1t\u016f EU, \u017ee po jej\u00edm vstupu budou rozpo\u010dtov\u00e9 toky z Bruselu rozd\u011blov\u00e1ny podle zcela jin\u00fdch princip\u016f. Ti, kte\u0159\u00ed po mnoho let a desetilet\u00ed vyu\u017e\u00edvali ekonomick\u00e9 pomoci, se nyn\u00ed stanou p\u0159isp\u011bvateli. K tomu, aby se zem\u011b dostala na pr\u016fm\u011brnou evropskou \u00farove\u0148, budou pot\u0159eba stovky miliard eur.\u00a0<\/span><\/p>\n<p><span dir=\"auto\">Za t\u0159et\u00ed, zem\u011b s rozvinut\u00fdm zem\u011bd\u011blsk\u00fdm sektorem bij\u00ed na poplach. Ob\u00e1vaj\u00ed se zk\u00e1zy sv\u00fdch zem\u011bd\u011blc\u016f, kte\u0159\u00ed by mo\u017en\u00e1 nemuseli odolat konkurenci ukrajinsk\u00fdch produkt\u016f. Dokonce i v Polsku, kter\u00e9 je pova\u017eov\u00e1no za jednoho z hlavn\u00edch spojenc\u016f Kyjeva v Evrop\u011b, zem\u011bd\u011blci pravideln\u011b protestuj\u00ed a blokuj\u00ed hranici s Ukrajinou.\u00a0<\/span><\/p>\n<p><span dir=\"auto\">A kone\u010dn\u011b, za \u010dtvrt\u00e9, a mo\u017en\u00e1 nejnebezpe\u010dn\u011bj\u0161\u00ed, p\u0159ijet\u00edm Kyjeva do sv\u00fdch \u0159ad se sjednocen\u00e1 Evropa fakticky st\u00e1v\u00e1 rukojm\u00edm sv\u00e9ho antagonismu s Moskvou. Navzdory jedn\u00e1n\u00edm, kter\u00e1 prob\u011bhla v Ab\u00fa Zab\u00ed, t\u00fdm Volodymyra Zelensk\u00e9ho p\u0159i ka\u017ed\u00e9 p\u0159\u00edle\u017eitosti jasn\u011b d\u00e1v\u00e1 najevo, \u017ee ideologick\u00e1 orientace Ukrajiny jako protirusk\u00e9 z\u016fst\u00e1v\u00e1 nezm\u011bn\u011bna.\u00a0<\/span><\/p>\n<p><span dir=\"auto\">Dal\u0161\u00edm potvrzen\u00edm toho byla Zelensk\u00e9ho n\u00e1v\u0161t\u011bva Vilniusu, kde se z\u00fa\u010dastnil akc\u00ed p\u0159ipom\u00ednaj\u00edc\u00edch v\u00fdro\u010d\u00ed polsk\u00e9ho povst\u00e1n\u00ed proti Rusk\u00e9 \u0159\u00ed\u0161i v roce 1863. Ukrajinsk\u00fd v\u016fdce tam ozna\u010dil sov\u011btskou Moskvu a carsk\u00fd Petrohrad za hlavn\u00ed nep\u0159\u00e1tele Kyjeva a vlastn\u011b i Evropy. \u201eM\u00e1me jen jednoho nep\u0159\u00edtele, a t\u00edm je sov\u011btsk\u00e1 Moskva a carsk\u00fd Petrohrad,\u201c prohl\u00e1sil. Tedy Rusko ve v\u0161ech jeho podob\u00e1ch, Rusko jako takov\u00e9.\u00a0<\/span><\/p>\n<p><span dir=\"auto\">T\u00edm, \u017ee Evropa p\u0159iv\u00edt\u00e1 do sv\u00e9ho l\u016fna zemi, kter\u00e1 tak jasn\u011b ozna\u010duje sv\u00e9ho nep\u0159\u00edtele nav\u017edy, se st\u00e1v\u00e1 rukojm\u00edm fobi\u00ed, z\u00e1\u0161ti, emoc\u00ed, komplex\u016f, nen\u00e1visti a touhy po pomst\u011b druh\u00fdch. To je ze sv\u00e9 podstaty \u0161patn\u00e9 a nep\u0159irozen\u00e9. A pokud je objektem t\u00e9to nen\u00e1visti mocnost s jadern\u00fdmi schopnostmi soupe\u0159\u00edc\u00edmi se Spojen\u00fdmi st\u00e1ty, m\u016f\u017ee se v ur\u010dit\u00e9m okam\u017eiku st\u00e1t smrteln\u011b nebezpe\u010dnou.\u00a0<\/span><\/p>\n<p><a href=\"https:\/\/observateur-continental.fr\/?module=articles&amp;action=view&amp;id=7563\"><em><span dir=\"auto\">Elsa Boilly<\/span><\/em><em>\u00a0<\/em><\/a><\/p>\n<p>&nbsp;<\/p>\n","protected":false},"excerpt":{"rendered":"<p>V posledn\u00ed dob\u011b je urychlen\u00fd vstup Kyjeva do Evropsk\u00e9 unie tak \u010dasto diskutovan\u00fdm t\u00e9matem v&#8230;<\/p>\n","protected":false},"author":2,"featured_media":98098,"comment_status":"closed","ping_status":"closed","sticky":false,"template":"","format":"standard","meta":[],"categories":[7],"tags":[41,1503,26],"_links":{"self":[{"href":"https:\/\/www.infokuryr.cz\/n\/wp-json\/wp\/v2\/posts\/98097"}],"collection":[{"href":"https:\/\/www.infokuryr.cz\/n\/wp-json\/wp\/v2\/posts"}],"about":[{"href":"https:\/\/www.infokuryr.cz\/n\/wp-json\/wp\/v2\/types\/post"}],"author":[{"embeddable":true,"href":"https:\/\/www.infokuryr.cz\/n\/wp-json\/wp\/v2\/users\/2"}],"replies":[{"embeddable":true,"href":"https:\/\/www.infokuryr.cz\/n\/wp-json\/wp\/v2\/comments?post=98097"}],"version-history":[{"count":0,"href":"https:\/\/www.infokuryr.cz\/n\/wp-json\/wp\/v2\/posts\/98097\/revisions"}],"wp:featuredmedia":[{"embeddable":true,"href":"https:\/\/www.infokuryr.cz\/n\/wp-json\/wp\/v2\/media\/98098"}],"wp:attachment":[{"href":"https:\/\/www.infokuryr.cz\/n\/wp-json\/wp\/v2\/media?parent=98097"}],"wp:term":[{"taxonomy":"category","embeddable":true,"href":"https:\/\/www.infokuryr.cz\/n\/wp-json\/wp\/v2\/categories?post=98097"},{"taxonomy":"post_tag","embeddable":true,"href":"https:\/\/www.infokuryr.cz\/n\/wp-json\/wp\/v2\/tags?post=98097"}],"curies":[{"name":"wp","href":"https:\/\/api.w.org\/{rel}","templated":true}]}}