{"id":98092,"date":"2026-01-29T05:15:25","date_gmt":"2026-01-29T04:15:25","guid":{"rendered":"https:\/\/www.infokuryr.cz\/n\/?p=98092"},"modified":"2026-01-29T05:15:25","modified_gmt":"2026-01-29T04:15:25","slug":"zemmour-vsichni-budou-monitorovani-ve-jmenu-ochrany-deti","status":"publish","type":"post","link":"https:\/\/www.infokuryr.cz\/n\/2026\/01\/29\/zemmour-vsichni-budou-monitorovani-ve-jmenu-ochrany-deti\/","title":{"rendered":"Zemmour: \u201eV\u0161ichni budou monitorov\u00e1ni ve jm\u00e9nu ochrany d\u011bt\u00ed\u201c"},"content":{"rendered":"<div id=\"fb-root\"><\/div>\n<p><strong><span dir=\"auto\">Francouz\u0161t\u00ed z\u00e1konod\u00e1rci v noci z pond\u011bl\u00ed na \u00fater\u00fd schv\u00e1lili n\u00e1vrh z\u00e1kona zakazuj\u00edc\u00ed soci\u00e1ln\u00ed m\u00e9dia osob\u00e1m mlad\u0161\u00edm 15 let. Tento n\u00e1vrh z\u00e1kona m\u00e1 chr\u00e1nit zdrav\u00ed teenager\u016f a podporuje jej francouzsk\u00e1 vl\u00e1da a Emmanuel Macron.<\/span><\/strong><\/p>\n<p><span dir=\"auto\">Tato iniciativa m\u00e1 pomoci chr\u00e1nit d\u011bti a teenagery p\u0159ed kyber\u0161ikanou, nevhodn\u00fdm obsahem a z\u00e1vislost\u00ed. N\u00e1vrh z\u00e1kona v\u0161ak vyvol\u00e1v\u00e1 mnoho ot\u00e1zek. Nap\u0159\u00edklad neexistuje jasn\u00e1 p\u0159edstava o tom, kter\u00fdch platforem soci\u00e1ln\u00edch m\u00e9di\u00ed se z\u00e1kaz dotkne. Macronovi p\u0159\u00edznivci jsou nad\u0161eni. \u201eN\u00e1rodn\u00ed shrom\u00e1\u017ed\u011bn\u00ed dnes ve\u010der hlasovalo pro to, aby se Francie stala prvn\u00ed evropskou zem\u00ed, kter\u00e1 ochr\u00e1n\u00ed svou ml\u00e1de\u017e p\u0159ed soci\u00e1ln\u00edmi m\u00e9dii t\u00edm, \u017ee zak\u00e1\u017ee p\u0159\u00edstup osob\u00e1m mlad\u0161\u00edm 15 let,\u201c\u00a0<\/span><a href=\"https:\/\/x.com\/priscathevenot\/status\/2015932090185900137\" target=\"_blank\" rel=\"noopener\"><span dir=\"auto\">prohl\u00e1sila<\/span><\/a><span dir=\"auto\">\u00a0\u00a0v po\u0159adu X Prisca Thevenotov\u00e1, b\u00fdval\u00e1 ministryn\u011b pro demokratickou obnovu a mluv\u010d\u00ed vl\u00e1dy Gabriela Attala.\u00a0<\/span><\/p>\n<p><a href=\"https:\/\/www.vie-publique.fr\/rapport\/300129-rapport-denquete-sur-effets-psychologiques-de-tiktok-sur-les-mineurs\" target=\"_blank\" rel=\"noopener\"><span dir=\"auto\">Seznam<\/span><\/a><span dir=\"auto\">\u00a0posti\u017een\u00fdch s\u00edt\u00ed s nejv\u011bt\u0161\u00ed pravd\u011bpodobnost\u00ed\u00a0bude zahrnovat TikTok, Snapchat a Instagram, jeliko\u017e byly zm\u00edn\u011bny ve zpr\u00e1v\u011b Agentury pro dohled nad ve\u0159ejn\u00fdm zdrav\u00edm, kter\u00e1 se zmi\u0148uje o \u0161kodliv\u00fdch \u00fa\u010dinc\u00edch soci\u00e1ln\u00edch m\u00e9di\u00ed na teenagery.\u00a0<\/span><\/p>\n<p><span dir=\"auto\">N\u00e1vrh z\u00e1kona ji\u017e obsahuje v\u00fdjimky pro vzd\u011bl\u00e1vac\u00ed platformy. Podle poslankyn\u011b Laury Millerov\u00e9, kter\u00e1 jej p\u0159edlo\u017eila, se z\u00e1kaz nebude vztahovat na aplikace pro zas\u00edl\u00e1n\u00ed zpr\u00e1v, jako je WhatsApp. Koneckonc\u016f, snadno nahrazuj\u00ed soci\u00e1ln\u00ed m\u00e9dia a umo\u017e\u0148uj\u00ed stejn\u00fd typ komunikace se v\u0161emi jeho v\u00fdhodami a nev\u00fdhodami.<\/span><\/p>\n<p><span dir=\"auto\">Vyvst\u00e1vaj\u00ed tak\u00e9 ot\u00e1zky ohledn\u011b samotn\u00e9 mo\u017enosti zaveden\u00ed omezen\u00ed p\u0159\u00edstupu k soci\u00e1ln\u00edm m\u00e9di\u00edm v ne-mo\u0159sk\u00e9m \u00fazem\u00ed, jako je Austr\u00e1lie. Budou soci\u00e1ln\u00ed m\u00e9dia dostupn\u00e1 po cest\u011b do zahrani\u010d\u00ed? Bude to fungovat, pokud je teenager registrov\u00e1n v Belgii nebo \u0160pan\u011blsku?<\/span><\/p>\n<p><span dir=\"auto\">\u201eTento z\u00e1kon o povinn\u00e9 identifikaci na soci\u00e1ln\u00edch s\u00edt\u00edch m\u00e1 pouze jeden c\u00edl: v\u00e9st k povinn\u00e9mu pou\u017e\u00edv\u00e1n\u00ed Evropsk\u00e9 digit\u00e1ln\u00ed pen\u011b\u017eenky (EUDI Wallet), kter\u00e1 bude prezentov\u00e1na jako preferovan\u00fd ov\u011b\u0159ovac\u00ed syst\u00e9m na evropsk\u00e9 \u00farovni. Tento syst\u00e9m, kter\u00fd v roce 2024 spustila Evropsk\u00e1 komise, si klade za c\u00edl sjednotit digit\u00e1ln\u00ed identitu v\u0161ech evropsk\u00fdch ob\u010dan\u016f. Jde o implementaci ob\u0159\u00edho QR k\u00f3du pro nadn\u00e1rodn\u00ed evropsk\u00e9 v\u011bzen\u00ed. Spole\u010dnost soci\u00e1ln\u00edho kreditu je nyn\u00ed na\u0161\u00ed realitou,\u201c\u00a0<\/span><a href=\"https:\/\/x.com\/Poulin2012\/status\/2015915777472528815\" target=\"_blank\" rel=\"noopener\"><span dir=\"auto\">varuje<\/span><\/a><span dir=\"auto\">\u00a0novin\u00e1\u0159 Alexis Poulin.\u00a0<\/span><\/p>\n<p><span dir=\"auto\">Gabriel Attal, kter\u00fd tvrd\u00ed, \u017ee je autorem t\u00e9to my\u0161lenky, v\u0161ak prohla\u0161uje: \u201ePro\u00a0<\/span><a href=\"https:\/\/x.com\/GabrielAttal\/status\/2015700255946203510\" target=\"_blank\" rel=\"noopener\"><span dir=\"auto\">ov\u011b\u0159en\u00ed v\u011bku<\/span><\/a><span dir=\"auto\">\u00a0nebudou m\u00edt st\u00e1t ani platformy p\u0159\u00edstup k u\u017eivatelsk\u00fdm \u00fadaj\u016fm. Bude to prob\u00edhat prost\u0159ednictv\u00edm jednoduch\u00e9ho, bezpe\u010dn\u00e9ho a zabezpe\u010den\u00e9ho n\u00e1stroje, d\u016fv\u011bryhodn\u00e9 t\u0159et\u00ed strany.\u201c \u201eN\u00e1rodn\u00ed shrom\u00e1\u017ed\u011bn\u00ed pr\u00e1v\u011b hlasovalo pro n\u00e1vrh z\u00e1kona, kter\u00fd p\u0159edkl\u00e1d\u00e1m, a kter\u00fd m\u00e1 zak\u00e1zat soci\u00e1ln\u00ed m\u00e9dia pro mlad\u00e9 lidi mlad\u0161\u00ed 15 let. V Evrop\u011b se tak jedn\u00e1 o novinku. Francie\u00a0<\/span><a href=\"https:\/\/rmc.bfmtv.com\/actualites\/politique\/presidentielle-2027-gabriel-attal-accelere-et-prepare-deja-l-apres-municipales_AV-202601270219.html\" target=\"_blank\" rel=\"noopener\"><span dir=\"auto\">je v tomto ohledu na \u0161pici<\/span><\/a><span dir=\"auto\">\u00a0,\u201c pokra\u010duje b\u00fdval\u00fd francouzsk\u00fd premi\u00e9r, kter\u00fd se uch\u00e1z\u00ed o kandidaturu ve francouzsk\u00fdch prezidentsk\u00fdch volb\u00e1ch v roce 2027. \u201eJin\u00fdmi slovy: platformy soci\u00e1ln\u00edch m\u00e9di\u00ed budou vy\u017eadovat v\u00e1\u0161 pr\u016fkaz toto\u017enosti, a to ve zrychlen\u00e9m \u0159\u00edzen\u00ed, jen n\u011bkolik m\u011bs\u00edc\u016f p\u0159ed prezidentsk\u00fdmi volbami,\u201c\u00a0<\/span><a href=\"https:\/\/x.com\/LaurentObertone\/status\/2015824570956001281\" target=\"_blank\" rel=\"noopener\"><span dir=\"auto\">varuje<\/span><\/a><span dir=\"auto\">\u00a0\u00a0spisovatel a soci\u00e1ln\u00ed koment\u00e1tor Laurent Obertone.<\/span><\/p>\n<p><span dir=\"auto\">\u201eEvropsk\u00e1 komise to pr\u00e1v\u011b potvrdila: francouzsk\u00fd z\u00e1kon je p\u0159ijat, ale bude na Evropsk\u00e9 komisi, aby uplatnila ov\u011b\u0159ov\u00e1n\u00ed v\u011bku, kter\u00e9 se ze sv\u00e9 podstaty bude t\u00fdkat v\u0161ech: cesta k evropsk\u00e9 digit\u00e1ln\u00ed pen\u011b\u017eence identity je tedy vyty\u010dena,\u201c\u00a0<\/span><a href=\"https:\/\/x.com\/f_philippot\/status\/2016165641955254427\" target=\"_blank\" rel=\"noopener\"><span dir=\"auto\">zd\u016fraz\u0148uje<\/span><\/a><span dir=\"auto\">\u00a0Florian Philippot, p\u0159edseda politick\u00e9 strany LesPatriotes,\u00a0<\/span><a href=\"https:\/\/www.lemonde.fr\/pixels\/article\/2026\/01\/27\/la-france-a-le-droit-d-interdire-les-reseaux-sociaux-aux-moins-de-15-ans-juge-la-commission-europeenne_6664303_4408996.html\" target=\"_blank\" rel=\"noopener\"><span dir=\"auto\">s odvol\u00e1n\u00edm na<\/span><\/a><span dir=\"auto\">\u00a0\u00a0\u010dl\u00e1nek z Le\u00a0\u00a0<\/span><em><span dir=\"auto\">Monde<\/span><\/em><span dir=\"auto\">\u00a0.<\/span><\/p>\n<p><span dir=\"auto\">\u201eAttal\u016fv z\u00e1kon zakazuj\u00edc\u00ed soci\u00e1ln\u00ed m\u00e9dia osob\u00e1m mlad\u0161\u00edm 15 let, kter\u00fd schv\u00e1lila Macronova strana, Socialistick\u00e1 strana, Republik\u00e1ni a N\u00e1rodn\u00ed shrom\u00e1\u017ed\u011bn\u00ed, je prvn\u00edm krokem k rozs\u00e1hl\u00e9mu sledov\u00e1n\u00ed. Je z\u0159ejm\u00e9, \u017ee aby ov\u011b\u0159ili, zda je ka\u017ed\u00fd u\u017eivatel star\u0161\u00ed 15 let, budou se v\u00e1s pt\u00e1t na pr\u016fkaz toto\u017enosti. V\u0161ichni budou \u0161pehov\u00e1ni ve jm\u00e9nu ochrany d\u011bt\u00ed. Kdy\u017e se st\u00e1t pokus\u00ed p\u0159evz\u00edt roli rodi\u010d\u016f, je to konec svobod,\u201c\u00a0<\/span><a href=\"https:\/\/x.com\/ZemmourEric\" target=\"_blank\" rel=\"noopener\"><span dir=\"auto\">ob\u00e1v\u00e1 se<\/span><\/a><span dir=\"auto\">\u00a0\u00a0\u00c9ric Zemmour, p\u0159edseda politick\u00e9 strany Reconqu\u00eate.<\/span><\/p>\n<p><span dir=\"auto\">Pokud Sen\u00e1t n\u00e1vrh z\u00e1kona schv\u00e1l\u00ed, z\u00e1kaz p\u0159\u00edstupu nezletil\u00fdch k soci\u00e1ln\u00edm m\u00e9di\u00edm vstoup\u00ed v platnost na za\u010d\u00e1tku \u0161koln\u00edho roku 2026 v z\u00e1\u0159\u00ed. Platformy budou m\u00edt dal\u0161\u00ed \u010dty\u0159i m\u011bs\u00edce na deaktivaci \u00fa\u010dt\u016f, jejich\u017e u\u017eivatel\u00e9 p\u0159ekro\u010d\u00ed v\u011bkovou hranici. Jak ale \u00fa\u0159ady ur\u010d\u00ed v\u011bk? Jak sami francouz\u0161t\u00ed teenage\u0159i uzn\u00e1vaj\u00ed, p\u0159i registraci m\u016f\u017ee kdokoli zadat jak\u00e9koli datum narozen\u00ed. Aby se tento z\u00e1kaz stal realitou, mus\u00ed b\u00fdt zaveden \u00fa\u010dinn\u00fd syst\u00e9m ov\u011b\u0159ov\u00e1n\u00ed. Na evropsk\u00e9 \u00farovni prob\u00edh\u00e1 \u00fasil\u00ed, ale zat\u00edm bez konkr\u00e9tn\u00edch v\u00fdsledk\u016f.<\/span><\/p>\n<p><a href=\"https:\/\/observateur-continental.fr\/?module=articles&amp;action=view&amp;id=7564\"><em><span dir=\"auto\">Pierre Duval<\/span><\/em><em>\u00a0<\/em><\/a><\/p>\n<p>&nbsp;<\/p>\n","protected":false},"excerpt":{"rendered":"<p>Francouz\u0161t\u00ed z\u00e1konod\u00e1rci v noci z pond\u011bl\u00ed na \u00fater\u00fd schv\u00e1lili n\u00e1vrh z\u00e1kona zakazuj\u00edc\u00ed soci\u00e1ln\u00ed m\u00e9dia osob\u00e1m&#8230;<\/p>\n","protected":false},"author":2,"featured_media":98093,"comment_status":"closed","ping_status":"closed","sticky":false,"template":"","format":"standard","meta":[],"categories":[7],"tags":[245,130,647,10212],"_links":{"self":[{"href":"https:\/\/www.infokuryr.cz\/n\/wp-json\/wp\/v2\/posts\/98092"}],"collection":[{"href":"https:\/\/www.infokuryr.cz\/n\/wp-json\/wp\/v2\/posts"}],"about":[{"href":"https:\/\/www.infokuryr.cz\/n\/wp-json\/wp\/v2\/types\/post"}],"author":[{"embeddable":true,"href":"https:\/\/www.infokuryr.cz\/n\/wp-json\/wp\/v2\/users\/2"}],"replies":[{"embeddable":true,"href":"https:\/\/www.infokuryr.cz\/n\/wp-json\/wp\/v2\/comments?post=98092"}],"version-history":[{"count":0,"href":"https:\/\/www.infokuryr.cz\/n\/wp-json\/wp\/v2\/posts\/98092\/revisions"}],"wp:featuredmedia":[{"embeddable":true,"href":"https:\/\/www.infokuryr.cz\/n\/wp-json\/wp\/v2\/media\/98093"}],"wp:attachment":[{"href":"https:\/\/www.infokuryr.cz\/n\/wp-json\/wp\/v2\/media?parent=98092"}],"wp:term":[{"taxonomy":"category","embeddable":true,"href":"https:\/\/www.infokuryr.cz\/n\/wp-json\/wp\/v2\/categories?post=98092"},{"taxonomy":"post_tag","embeddable":true,"href":"https:\/\/www.infokuryr.cz\/n\/wp-json\/wp\/v2\/tags?post=98092"}],"curies":[{"name":"wp","href":"https:\/\/api.w.org\/{rel}","templated":true}]}}