{"id":98074,"date":"2026-01-29T00:29:17","date_gmt":"2026-01-28T23:29:17","guid":{"rendered":"https:\/\/www.infokuryr.cz\/n\/?p=98074"},"modified":"2026-01-28T16:56:59","modified_gmt":"2026-01-28T15:56:59","slug":"lukas-lhotan-cesi-se-maji-povinne-ucit-ukrajinsky-aby-byli-ukrajinci-spokojeni","status":"publish","type":"post","link":"https:\/\/www.infokuryr.cz\/n\/2026\/01\/29\/lukas-lhotan-cesi-se-maji-povinne-ucit-ukrajinsky-aby-byli-ukrajinci-spokojeni\/","title":{"rendered":"Luk\u00e1\u0161 Lho\u0165an: \u010ce\u0161i se maj\u00ed povinn\u011b u\u010dit ukrajinsky, aby byli Ukrajinci spokojeni"},"content":{"rendered":"<div id=\"fb-root\"><\/div>\n<p><strong>\u010ce\u0161i se maj\u00ed povinn\u011b u\u010dit ukrajinsky, kdy p\u0159ijdou povinn\u00e9 oslavy ukrajinsk\u00fdch pronacistick\u00fdch masov\u00fdch vrah\u016f a dnes hrdin\u016f Ukrajiny?\u00a0Ekonomick\u00fd den\u00edk zve\u0159ejnil p\u0159edstavy ekonoma Capitalinked Radima Dohnala: \u201eV\u0161em by prosp\u011blo, kdyby na\u0161i lid\u00e9 um\u011bli l\u00e9pe ukrajinsky.\u201c Pr\u00fd kdyby \u010ce\u0161i um\u011bli ukrajinsky, zlep\u0161ilo by to ka\u017edodenn\u00ed fungov\u00e1n\u00ed na pracovi\u0161ti. A tento ekonom chce tak\u00e9, aby se zavedla ukrajin\u0161tina jako povinn\u00fd jazyk na u\u010dili\u0161t\u00edch a n\u011bkter\u00fdch st\u0159edn\u00edch \u0161kol\u00e1ch.<\/strong><\/p>\n<p>Lid\u00e9 jako tento ekonom d\u011blaj\u00ed v\u0161e proto, aby \u0161tvali \u010cechy proti Ukrajinc\u016fm, proto\u017ee takov\u00e9to n\u00e1pady mohou opravdu napadnout jen tot\u00e1ln\u00ed blbce. Co p\u0159ijde pak? Budou se povinn\u011b \u010ce\u0161i u\u010dit arabsky nebo dr\u017eet p\u016fst v ramad\u00e1nu, aby u n\u00e1s byli spokojen\u00ed arab\u0161t\u00ed a muslim\u0161t\u00ed migranti?<\/p>\n<p>Pokud se n\u011bkdo p\u0159ist\u011bhuje do \u010cesk\u00e9 republiky, tak a\u0165 se nau\u010d\u00ed \u010desky, pokud zde chce \u017e\u00edt a pracovat.<\/p>\n<p>Ale n\u00e1zory ekonoma Dohnala mne v\u016fbec nep\u0159ekvapuj\u00ed, proto\u017ee p\u0159esn\u011b zapadaj\u00ed do ideologie neomarxismu a ekonomicko-spole\u010densk\u00e9 politiky veden\u00ed EU, kter\u00e1 se sna\u017e\u00ed zni\u010dit n\u00e1rodn\u00ed identitu evropsk\u00fdch n\u00e1rod\u016f skrze masovou migraci a vnucov\u00e1n\u00ed ciz\u00edch kultur dom\u00e1c\u00edmu obyvatelstvu. N\u011bco podobn\u00e9ho jako d\u011blalo veden\u00ed SSSR s n\u00e1rody uvnit\u0159 SSSR s c\u00edlem zni\u010dit je a stvo\u0159it &#8222;\u010dlov\u011bka&#8220;. EU se tak sna\u017e\u00ed ni\u010den\u00edm evropsk\u00fdch n\u00e1rod\u016f stvo\u0159it nov\u00e9ho &#8222;Evropana&#8220;.<\/p>\n<p><a href=\"https:\/\/www.islamizace.cz\/Articles\/15405-cesi-se-maji-povinne-ucit-ukrajinsky-aby-byli-ukrajinci-spokojeni.aspx\"><em>Luk\u00e1\u0161 Lho\u0165an<\/em><\/a><\/p>\n<p>&nbsp;<\/p>\n","protected":false},"excerpt":{"rendered":"<p>\u010ce\u0161i se maj\u00ed povinn\u011b u\u010dit ukrajinsky, kdy p\u0159ijdou povinn\u00e9 oslavy ukrajinsk\u00fdch pronacistick\u00fdch masov\u00fdch vrah\u016f a&#8230;<\/p>\n","protected":false},"author":2,"featured_media":60568,"comment_status":"closed","ping_status":"closed","sticky":false,"template":"","format":"standard","meta":[],"categories":[6],"tags":[670,2207,1503,4727,1940],"_links":{"self":[{"href":"https:\/\/www.infokuryr.cz\/n\/wp-json\/wp\/v2\/posts\/98074"}],"collection":[{"href":"https:\/\/www.infokuryr.cz\/n\/wp-json\/wp\/v2\/posts"}],"about":[{"href":"https:\/\/www.infokuryr.cz\/n\/wp-json\/wp\/v2\/types\/post"}],"author":[{"embeddable":true,"href":"https:\/\/www.infokuryr.cz\/n\/wp-json\/wp\/v2\/users\/2"}],"replies":[{"embeddable":true,"href":"https:\/\/www.infokuryr.cz\/n\/wp-json\/wp\/v2\/comments?post=98074"}],"version-history":[{"count":0,"href":"https:\/\/www.infokuryr.cz\/n\/wp-json\/wp\/v2\/posts\/98074\/revisions"}],"wp:featuredmedia":[{"embeddable":true,"href":"https:\/\/www.infokuryr.cz\/n\/wp-json\/wp\/v2\/media\/60568"}],"wp:attachment":[{"href":"https:\/\/www.infokuryr.cz\/n\/wp-json\/wp\/v2\/media?parent=98074"}],"wp:term":[{"taxonomy":"category","embeddable":true,"href":"https:\/\/www.infokuryr.cz\/n\/wp-json\/wp\/v2\/categories?post=98074"},{"taxonomy":"post_tag","embeddable":true,"href":"https:\/\/www.infokuryr.cz\/n\/wp-json\/wp\/v2\/tags?post=98074"}],"curies":[{"name":"wp","href":"https:\/\/api.w.org\/{rel}","templated":true}]}}