{"id":98022,"date":"2026-01-28T05:49:17","date_gmt":"2026-01-28T04:49:17","guid":{"rendered":"https:\/\/www.infokuryr.cz\/n\/?p=98022"},"modified":"2026-01-28T05:49:17","modified_gmt":"2026-01-28T04:49:17","slug":"je-arm-gen-ing-rehka-hybridni-hrozbou","status":"publish","type":"post","link":"https:\/\/www.infokuryr.cz\/n\/2026\/01\/28\/je-arm-gen-ing-rehka-hybridni-hrozbou\/","title":{"rendered":"Je arm. gen. Ing. \u0158ehka hybridn\u00ed hrozbou?"},"content":{"rendered":"<div id=\"fb-root\"><\/div>\n<p><strong>Hlavn\u00ed politruk \u0158ehka se n\u00e1m dopustit excesu, kter\u00fd m\u011b p\u0159im\u011bl zamyslet se nad t\u00edm, co je vlastn\u011b ta hybridn\u00ed hrozba.<\/strong><\/p>\n<p>N\u00e1\u010deln\u00edk gener\u00e1ln\u00edho \u0161t\u00e1bu Arm\u00e1dy \u010cR \u0158ehka projevil rezistenci proti politick\u00e9mu rozhodnut\u00ed o transferu vojensk\u00e9 techniky, konkr\u00e9tn\u011b lehk\u00fdch bojov\u00fdch letadel L-159 ALCA. U\u010dinil tak na z\u00e1klad\u011b vlastn\u00ed interpretace bojeschopnosti arm\u00e1dy, kdy na z\u00e1klad\u011b bl\u00ed\u017ee neur\u010den\u00fdch poznatk\u016f naznal, \u017ee st\u00e1t pro zaji\u0161t\u011bn\u00ed sv\u00e9 obranyschopnosti m\u016f\u017ee postr\u00e1dat \u201ea\u017e \u010dty\u0159i letadla\u201c L-159 ALCA a darovat je \u010di prodat na Ukrajinu.<\/p>\n<p>Je to docela komick\u00e1 situace. Jedn\u00e1 se asi o prvn\u00ed zaznamenan\u00fd pokus v d\u011bjin\u00e1ch, kdy se vysok\u00fd arm\u00e1dn\u00ed \u010dinitel n\u011bjak\u00e9 zem\u011b pokou\u0161\u00ed rozdat jin\u00fdm zem\u00edm zbran\u011b arm\u00e1dy, kter\u00e9 s\u00e1m vel\u00ed. Jen tak pro dopln\u011bn\u00ed, L-159 ALCA je druh\u00fd nej\u00fa\u010dinn\u011bj\u0161\u00ed bojov\u00fd letoun, kter\u00fd m\u00e1 Arm\u00e1da \u010cR ve v\u00fdzbroji, co\u017e nen\u00ed d\u00e1no ani tak t\u00edm, jak je \u00fa\u010dinn\u00fd, ale t\u00edm, \u017ee m\u00e1me jen Gripeny a Alcy.<\/p>\n<p>S je\u0161t\u011b komi\u010dt\u011bj\u0161\u00edm narativem p\u0159i\u0161el ukrajinsk\u00fd velvyslanec Zvary\u010d, kdy\u017e\u00a0<a href=\"https:\/\/www.seznamzpravy.cz\/clanek\/zahranicni-ukrajinsky-velvyslanec-poskytnuti-l-159-kyjevu-by-obranu-ceska-posililo-296918\">n\u00e1s prost\u0159ednictv\u00edm Luka\u010dovi\u010dova propagandistick\u00e9ho kan\u00e1lu informoval<\/a>\u00a0o inovativn\u00edm strategick\u00e9m postupu, toti\u017e zv\u00fd\u0161en\u00ed obranyschopnosti sn\u00ed\u017een\u00edm obrann\u00fdch kapacit. P\u0159ed\u00e1n\u00ed bojov\u00fdch letadel Ukrajin\u011b by pr\u00fd na\u0161i obranyschopnost zv\u00fd\u0161ilo. To je game changer. Dosud jsem si myslel, \u017ee ke zv\u00fd\u0161en\u00ed obranyschopnosti jak\u00e9koli zem\u011b je t\u0159eba bojov\u00e1 letadla m\u00edt, nikoli odevzdat. \u0160koda, \u017ee pan Zvary\u010d nemohl poradit t\u0159eba Churchillovi, ur\u010dit\u011b by mu ned\u011blalo probl\u00e9m mu vysv\u011btlit, \u017ee spitfiry nem\u00e1 pou\u017e\u00edvat k obran\u011b Brit\u00e1nie, ale odevzdat je Luftwaffe, proto\u017ee jej\u00ed piloti je vyzkou\u0161ej\u00ed na v\u00fdchodn\u00ed front\u011b a daj\u00ed v\u011bd\u011bt, jak si tam vedou. Byla by to tak\u00e9\u00a0<a href=\"https:\/\/www.seznamzpravy.cz\/clanek\/domaci-politika-prodej-letounu-ukrajine-skvela-reklama-pro-cesky-obranny-prumysl-rika-expert-296723\">skv\u011bl\u00e1 reklama pro jejich v\u00fdrobce<\/a>. Je absurdn\u00ed, \u010d\u00edm n\u00e1s pan Luka\u010dovi\u010d krm\u00ed skrze jeho medi\u00e1ln\u00ed kan\u00e1l.<\/p>\n<p>V\u00fdhoda v hybridn\u00ed v\u00e1lce s obyvatelstvem \u010cesk\u00e9 republiky bezesporu je, \u017ee v\u011bt\u0161ina ob\u010dan\u016f p\u0159i ob\u010dansk\u00e9 v\u00fdchov\u011b chr\u00e1pala a tak nezn\u00e1 z\u00e1kladn\u00ed principy, na kter\u00fdch stoj\u00ed \u00fastavn\u00ed po\u0159\u00e1dek na\u0161\u00ed zem\u011b.\u00a0<strong>V \u010cesk\u00e9 republice je to toti\u017e tak, \u017ee obrann\u00e1 politika st\u00e1tu podl\u00e9h\u00e1 civiln\u00ed vl\u00e1d\u011b zastoupen\u00e9 vl\u00e1dou a ministrem obrany. Z toho plyne, \u017ee rozhodov\u00e1n\u00ed o obrann\u00e9m materi\u00e1lu, nap\u0159\u00edklad o letadlech, p\u0159in\u00e1le\u017e\u00ed v\u00fdhradn\u011b civiln\u00edm org\u00e1n\u016fm.<\/strong>\u00a0Arm\u00e1da a jej\u00ed velen\u00ed jsou tak v pozici experta, kter\u00e9ho si naj\u00edm\u00e1 demokratick\u00e1 vl\u00e1da na v\u00e1l\u010den\u00ed, a vl\u00e1dou sv\u011b\u0159en\u00fd vojensk\u00fd materi\u00e1l arm\u00e1da pouze pou\u017e\u00edv\u00e1 k pln\u011bn\u00ed sv\u00fdch \u00fakol\u016f.<\/p>\n<p>Takov\u00e1 nebo obdobn\u00e1 pravidla najdeme ve v\u0161ech zem\u00edch, kter\u00fdm \u0159\u00edk\u00e1me demokratick\u00e9. K tomu opa\u010dnou je situace, kdy arm\u00e1da vytv\u00e1\u0159\u00ed vlastn\u00ed mocensk\u00e9 centrum, kter\u00e9 si p\u0159ivlast\u0148uje pr\u00e1vo rozhodovat o obrann\u00e9 politice st\u00e1tu nebo dispozici se sv\u011b\u0159en\u00fdm st\u00e1tn\u00edm majetkem. Kone\u010dn\u00fdm st\u00e1diem t\u00e9to eroze \u00fastavn\u00edho \u0159\u00e1du je tzv. vojensk\u00e1 junta, kdy arm\u00e1da realizuje st\u00e1tn\u00ed politiku.<\/p>\n<p>N\u011bkte\u0159\u00ed lid\u00e9 maj\u00ed r\u00e1di paragrafy, tak tady n\u011bjak\u00e9 jsou. P\u0159edn\u011b stoj\u00ed za zm\u00ednku \u010dl\u00e1nek 63 odst. 1 p\u00eds. c) \u00dastavy, kter\u00fd stanov\u00ed, \u017ee prezident je vrchn\u00edm velitelem ozbrojen\u00fdch sil. Prezident je civiln\u00ed autorita, by\u0165 moment\u00e1ln\u011b tuto pozici okupuje komunistick\u00e1 guma. Pak jsou tady navazuj\u00edc\u00ed ustanoven\u00ed z\u00e1kona \u010d. 219\/1999 Sb., zejm\u00e9na \u00a7 5 a\u017e \u00a7 7, d\u00e1le \u00a7 31 odst. 1 speci\u00e1ln\u011b pro gener\u00e1la \u0158ehku.<\/p>\n<p>Za takov\u00fdch okolnost\u00ed je zcela jednozna\u010dn\u011b exces z demokracie, kdy\u017e (arm\u00e1dn\u00ed) gener\u00e1l v m\u00e9di\u00edch zpochyb\u0148uje rozhodnut\u00ed ministra obrany, p\u0159ekra\u010duje \u00fastavn\u00ed mantinely a provozuje cosi jako vlastn\u00ed mocenskopolitick\u00fd projekt \u010d\u00e1ste\u010dn\u011b na arm\u00e1dn\u00ed b\u00e1zi a \u010d\u00e1ste\u010dn\u011b\u00a0<a href=\"https:\/\/cs.wikipedia.org\/wiki\/Skupina_D\">na b\u00e1zi neziskovky<\/a>,\u00a0 nav\u00edc za podpory prezidenta republiky.<\/p>\n<p>Je pozoruhodn\u00e9, \u017ee m\u00e9dia nemaj\u00ed pot\u0159ebu toto zcela zjevn\u00e9 naru\u0161en\u00ed \u00fastavn\u00edho po\u0159\u00e1dku a vznikaj\u00edc\u00ed mocensk\u00e9 centrum n\u011bjak komentovat. Jedin\u00fd, kdo na\u0161el odvahu se v\u016f\u010di tomu n\u011bjak vymezit, byl o v\u00edkendu premi\u00e9r Babi\u0161, kter\u00fd tak u\u010dinil velmi neur\u010dit\u00fdmi slovy, kdy konstatoval, \u017ee by \u0158ehka m\u011bl rad\u011bji ml\u010det a za\u0159adit se tam, kam pat\u0159\u00ed. Ot\u00e1zka je, zda si Babi\u0161 v\u016fbec uv\u011bdomuje riziko, kter\u00e9 zde pomalu ale jist\u011b vznik\u00e1 a jak nebezpe\u010dn\u00e1 pro n\u011bj mocensko-medi\u00e1ln\u00ed klika Pavel-\u0158ehka-Luka\u010dovi\u010d m\u016f\u017ee b\u00fdt.<\/p>\n<p>Na z\u00e1v\u011br mal\u00e1 \u00favaha o tom, co je to vlastn\u011b ta hybridn\u00ed v\u00e1lka. Sv\u00e9ho \u010dasu to skv\u011ble shrnul Jurij Bezmenov, uprchl\u00fd sov\u011btsk\u00fd agent P\u00e1vek. M\u00e1 to n\u00e1sleduj\u00edc\u00ed f\u00e1ze: Demoralizace, destabilizace, vyvol\u00e1n\u00ed krize a p\u0159evzet\u00ed kontroly nad spole\u010dnost\u00ed. Nyn\u00ed sledujeme live f\u00e1zi destabilizace, kdy doch\u00e1z\u00ed k opakovan\u00e9mu pop\u00edr\u00e1n\u00ed, oh\u00fdb\u00e1n\u00ed a bagatelizaci \u00fastavn\u00edch princip\u016f (Pavl\u016fv ingres do slo\u017een\u00ed vl\u00e1dy,\u00a0<a href=\"https:\/\/www.idnes.cz\/zpravy\/domaci\/jednani-ustavnich-cinitetu-hrad-pavel-okamura-babis-vystrcil.A260126_060929_domaci_kop?zdroj=cxrecs#cxrecs_s\">do zahrani\u010dn\u00ed politiky<\/a>, popsan\u00fd \u0158ehk\u016fv exces) s t\u00edm, \u017ee je to tak spr\u00e1vn\u00e9, nezbytn\u00e9, mor\u00e1ln\u00ed nebo alespo\u0148 \u017ee \u00fa\u010del sv\u011bt\u00ed prost\u0159edky, proto\u017ee \u201ese t\u00edm pom\u016f\u017ee Ukrajin\u011b, kter\u00e1 se br\u00e1n\u00ed rusk\u00e9 agresi\u201c.<\/p>\n<p>Jen m\u00edrn\u011b odli\u0161n\u00fd pohled na stejnou problematiku m\u011bl mistr Sun-\u00b4c, podle kter\u00e9ho je v\u00e1lka nejm\u00e9n\u011b efektivn\u00edm a nejv\u00edce barbarsk\u00fdm zp\u016fsobem, jak ovl\u00e1dnout zdroje nep\u0159\u00edtele. Lep\u0161\u00ed je jej p\u0159im\u011bt, aby sv\u00e9 zdroje s\u00e1m a bez jedin\u00e9ho v\u00fdst\u0159elu dobrovoln\u011b znehodnotil nebo dokonce odevzdal protistran\u011b. Nebo aby s\u00e1m sn\u00ed\u017eil svoji vlastn\u00ed obranyschopnost um\u011ble vyvolan\u00fdmi spory mezi civiln\u00edm a arm\u00e1dn\u00edm veden\u00edm, p\u0159\u00edpadn\u011b provedl sebedestrukci \u00fastavn\u00edch princip\u016f, na kter\u00fdch stav\u00ed cel\u00e1 spole\u010dnost.<\/p>\n<p><a href=\"https:\/\/dfens-cz.com\/je-arm-gen-ing-rehka-hybridni-hrozbou\/\">D-FENS<\/a><\/p>\n<p>&nbsp;<\/p>\n","protected":false},"excerpt":{"rendered":"<p>Hlavn\u00ed politruk \u0158ehka se n\u00e1m dopustit excesu, kter\u00fd m\u011b p\u0159im\u011bl zamyslet se nad t\u00edm, co&#8230;<\/p>\n","protected":false},"author":2,"featured_media":29069,"comment_status":"closed","ping_status":"closed","sticky":false,"template":"","format":"standard","meta":[],"categories":[6],"tags":[1909,1503,4471],"_links":{"self":[{"href":"https:\/\/www.infokuryr.cz\/n\/wp-json\/wp\/v2\/posts\/98022"}],"collection":[{"href":"https:\/\/www.infokuryr.cz\/n\/wp-json\/wp\/v2\/posts"}],"about":[{"href":"https:\/\/www.infokuryr.cz\/n\/wp-json\/wp\/v2\/types\/post"}],"author":[{"embeddable":true,"href":"https:\/\/www.infokuryr.cz\/n\/wp-json\/wp\/v2\/users\/2"}],"replies":[{"embeddable":true,"href":"https:\/\/www.infokuryr.cz\/n\/wp-json\/wp\/v2\/comments?post=98022"}],"version-history":[{"count":0,"href":"https:\/\/www.infokuryr.cz\/n\/wp-json\/wp\/v2\/posts\/98022\/revisions"}],"wp:featuredmedia":[{"embeddable":true,"href":"https:\/\/www.infokuryr.cz\/n\/wp-json\/wp\/v2\/media\/29069"}],"wp:attachment":[{"href":"https:\/\/www.infokuryr.cz\/n\/wp-json\/wp\/v2\/media?parent=98022"}],"wp:term":[{"taxonomy":"category","embeddable":true,"href":"https:\/\/www.infokuryr.cz\/n\/wp-json\/wp\/v2\/categories?post=98022"},{"taxonomy":"post_tag","embeddable":true,"href":"https:\/\/www.infokuryr.cz\/n\/wp-json\/wp\/v2\/tags?post=98022"}],"curies":[{"name":"wp","href":"https:\/\/api.w.org\/{rel}","templated":true}]}}