{"id":98018,"date":"2026-01-28T05:37:22","date_gmt":"2026-01-28T04:37:22","guid":{"rendered":"https:\/\/www.infokuryr.cz\/n\/?p=98018"},"modified":"2026-01-28T05:37:22","modified_gmt":"2026-01-28T04:37:22","slug":"jindrich-kulhavy-dalo-se-to-cekat","status":"publish","type":"post","link":"https:\/\/www.infokuryr.cz\/n\/2026\/01\/28\/jindrich-kulhavy-dalo-se-to-cekat\/","title":{"rendered":"Jind\u0159ich Kulhav\u00fd: Dalo se to \u010dekat?"},"content":{"rendered":"<div id=\"fb-root\"><\/div>\n<p><span class=\"anotation\">Spor mezi Motoristy a hradn\u00edm duem graduje. Je t\u0159eba si p\u0159iznat, \u017ee p\u0159esto\u017ee si mysl\u00edme, \u017ee Petr Pavel nen\u00ed \u00fapln\u011b sv\u00fdm p\u0159\u00edstupem v\u00a0souladu s\u00a0\u00dastavou \u010cR, tentokr\u00e1t ministr zahrani\u010d\u00ed Macinka byl prvn\u00ed, kdo nezvolil zrovna spr\u00e1vnou variantu v\u00a0dal\u0161\u00edm postupu veden\u00ed vz\u00e1jemn\u00e9ho boje.<\/span><\/p>\n<div id=\"pagetext\">\n<p>Prezident Pavel se s podporou Petra Kol\u00e1\u0159e sna\u017e\u00ed zav\u00e9st prezidentsk\u00fd syst\u00e9m. Respektive aspo\u0148 pos\u00edlit sv\u016fj vliv, k \u010demu\u017e mu m\u00e1 dopomoci jak k\u0148ouraj\u00edc\u00ed opozice, tak i mainstreamov\u00e1 m\u00e9dia. P\u0159itom absolutn\u00ed v\u011bt\u0161ina dostate\u010dn\u011b v\u0161\u00edmav\u00fdch lid\u00ed u\u017e n\u011bjakou dobu v\u00ed, \u017ee hlavn\u00ed silou na Pra\u017esk\u00e9m hradu je p\u0159edev\u0161\u00edm poradce prezidenta a zku\u0161en\u00fd loutkovodi\u010d Petr Kol\u00e1\u0159. A pr\u00e1v\u011b na n\u011bj se p\u0159es sms zpr\u00e1vy obr\u00e1til Macinka a trochu kontroverzn\u00edm t\u00f3nem jej vyzval k pokroku v ot\u00e1zce jmenov\u00e1n\u00ed Filipa Turka ministrem \u017eivotn\u00edho prost\u0159ed\u00ed. Jak \u0159ekl v rozhovoru s Petrem H\u00e1jkem pan b\u00fdval\u00fd prezident Klaus, p\u0159es sms (a no\u010dn\u00ed emaily) se politika ned\u011bl\u00e1. Nav\u00edc cokoliv poslat Kol\u00e1\u0159ovi a myslet si, \u017ee tento ost\u0159\u00edlen\u00fd manipul\u00e1tor nevyu\u017eije p\u0159\u00edle\u017eitosti a pro m\u00e9dia i opozici v\u00fdbu\u0161n\u00e9 texty nezve\u0159ejn\u00ed, je velmi naivn\u00ed. Andrej Babi\u0161 z toho rozhodn\u011b nem\u00e1 radost a dal\u0161\u00ed hrocen\u00ed situace mu jist\u011b bude d\u00e1vat d\u016fvod k zamy\u0161len\u00ed.<\/p>\n<p>Gener\u00e1l Pavel se sv\u00fdm dvojn\u00edkem v\u0161ak mohli tak\u00e9 zachovat chladnou hlavu. Okam\u017eit\u00e1 tiskov\u00e1 konference prezidenta ukazuje na jeho obavy. D\u011bl\u00e1 jednu chybu za druhou a v podstat\u011b d\u00e1v\u00e1 soupe\u0159\u016fm munici. H\u00e1dky kolem jmenov\u00e1n\u00ed Turka jsou zbyte\u010dn\u00e9 a je evidentn\u00ed, jak moc m\u00e1 Hrad ze schopnost\u00ed t\u00e9to komety strach. Turek je toti\u017e schopen skute\u010dn\u011b \u00fa\u010dinn\u011b bojovat proti Green Dealu, z n\u011bho\u017e plno jednotlivc\u016f, firem a neziskovek zna\u010dn\u011b profituje. A proto\u017ee Kol\u00e1\u0159 s Pavlem slou\u017e\u00ed \u201evy\u0161\u0161\u00edm z\u00e1jm\u016fm\u201c, do jejich\u017e okruhu pozornosti zapad\u00e1 i ji\u017e zmi\u0148ovan\u00fd Green Deal a mnoho pen\u011bz kolem n\u011bj, je pro Pavla slo\u017eit\u00e9 vysv\u011btlovat, \u017ee by se Turek stal tzv. \u017e\u00e1bou na prameni. Kdyby b\u00fdval jmenoval Turka ministrem zahrani\u010d\u00ed, mo\u017en\u00e1 mohly b\u00fdt tyto obavy p\u0159ed\u010dasn\u011b odstran\u011bny. P\u0159ed\u00e1n\u00edm text\u016f sms bezpe\u010dnostn\u00edm slo\u017ek\u00e1m st\u00e1tu pak Pavel pouk\u00e1zal na sv\u00e9 napojen\u00ed na n\u011b. Nyn\u00ed bude tla\u010dit na p\u0159ezkum a pokus\u00ed se v\u0161e dostat do trestn\u011bpr\u00e1vn\u00ed \u00farovn\u011b. \u0160koda, \u017ee se o n\u011bco podobn\u00e9ho nepokusil u Kampeli\u010dky, Dozimetru, bitcoin\u016f a dal\u0161\u00edch kauz star\u00e9 vl\u00e1dy.<\/p>\n<p>Macinka zaexceloval zru\u0161en\u00edm rotace a v\u00fdm\u011bny diplomat\u016f p\u0159ipraven\u00e9 je\u0161t\u011b p\u0159edch\u016fdcem a diplomatick\u00fdm el\u00e9vem Lipavsk\u00fdm. U\u017e to zvednulo opozici z poslaneck\u00fdch k\u0159esel a p\u0159ipravilo liber\u00e1ln\u00edm m\u00e9di\u00edm a opozici z\u00e1kusek vhodn\u00fd ke spu\u0161t\u011bn\u00ed hysterick\u00e9ho v\u0159\u00edskotu. P\u0159itom \u0161lo o logick\u00fd krok pot\u0159ebn\u00fd ke zm\u011bn\u011b chov\u00e1n\u00ed z\u00e1stupc\u016f \u010cesk\u00e9 republiky v zahrani\u010d\u00ed. Ti p\u016fvodn\u011b zam\u00fd\u0161len\u00ed jist\u011b vyhovovali kursu nastaven\u00e9m b\u00fdvalou vl\u00e1dou, nov\u00ed budou zase loaj\u00e1ln\u00ed se sou\u010dasnou vl\u00e1dn\u00ed garniturou. Bylo vyu\u017eito leg\u00e1ln\u00ed pravomoci Ministerstva zahrani\u010d\u00ed, kter\u00e9 se t\u00edm zbavilo n\u011bkter\u00fdch kolaborant\u016f z \u010desk\u00e9 diplomacie spojovan\u00fdch s Fialou.<\/p>\n<p>Sn\u011bmovna, respektive v\u011bt\u0161ina v n\u00ed, m\u00e1 plno dal\u0161\u00edch p\u00e1k, jak postavit prezidenta \u010d\u00e1ste\u010dn\u011b na druhou kolej. Andrej Babi\u0161 pravd\u011bpodobn\u011b nech\u00e1v\u00e1 Motoristy d\u011blat \u201e\u0161pinavou pr\u00e1ci\u201c. Prohr\u00e1l s Pavlem boj o Hrad t\u011bsn\u011b a proto, \u017ee bojoval s dev\u00edtihlavou san\u00ed v podob\u011b liber\u00e1l\u016f, m\u00e9di\u00ed a mo\u017en\u00e1 i hlasovac\u00edch za\u0159\u00edzen\u00ed. Jmenov\u00e1n\u00ed premi\u00e9rem mu Pavel oddaloval, choval se k n\u011bmu jako k mal\u00e9mu klukovi. Te\u010f m\u016f\u017ee dostat Pavla do rohu. I s Kol\u00e1\u0159em. Sn\u00ed\u017eit apan\u00e1\u017e, zru\u0161it nesmysln\u00fd plat hradn\u00ed manek\u00fdnky, omezit pracovn\u00ed v\u00fdjezdy. Prvn\u00ed z nich mu chce nyn\u00ed Macinka odebrat a na summit hlavn\u00edch p\u0159edstavitel\u016f st\u00e1t\u016f NATO vyslat m\u00edsto n\u011bj premi\u00e9ra Babi\u0161e. A to jsme se dozv\u011bd\u011bli, \u017ee prezidentsk\u00e1 kancel\u00e1\u0159 o 200 milion\u016f korun p\u0159ekro\u010dila vlastn\u00ed u\u017e tak vysok\u00fd rozpo\u010det, co\u017e se asi bude tak\u00e9 je\u0161t\u011b \u0159e\u0161it. To si nikdo ze st\u00e1vaj\u00edc\u00ed vl\u00e1dy nem\u016f\u017ee nechat uj\u00edt.<\/p>\n<p>Leto\u0161n\u00ed rok tak za\u010dal dost divoce. Babi\u0161 bude nakonec pro Fialovce nejm\u00e9n\u011b kontroverzn\u00ed postavou. ANO u\u017e m\u00e1 vl\u00e1dn\u00ed zku\u0161enosti, jeho p\u0159edseda politicky dosp\u011bl a veden\u00ed hnut\u00ed velmi pragmaticky pootv\u00edr\u00e1 schr\u00e1nku s informacemi o hospoda\u0159en\u00ed b\u00fdval\u00e9 vl\u00e1dy. To je dobr\u00fd zp\u016fsob, jak lidem otv\u00edrat o\u010di. Okamura, Macinka, Rajchl, Filip, Gregor a p\u00e1r dal\u0161\u00edch jsou rebelov\u00e9 a jdou do souboje o moc agresivn\u011b. Maj\u00ed to jednodu\u0161\u0161\u00ed v tom, \u017ee maj\u00ed na sv\u00e9 stran\u011b logiku a realitu ji\u017e prob\u011bhl\u00e9 sebedestrukce Fialy, Raku\u0161ana \u010di Pir\u00e1t\u016f. Naopak si mus\u00ed uv\u011bdomovat rizika st\u0159etu s prolhanou a velmi snadno pravdu oh\u00fdbaj\u00edc\u00ed medi\u00e1ln\u00ed a kulturn\u00ed sc\u00e9nou. Nicm\u00e9n\u011b dlouho budovan\u00fd bo\u017esk\u00fd obraz Petra Pavla se poda\u0159ilo naru\u0161it a s n\u00edm i velkou \u010d\u00e1st toho, co p\u0159edstavovala a prosazovala P\u011btikoalice. A p\u0159id\u00e1me-li vl\u00e1dn\u00ed bojkot politick\u00e9ho neziskov\u00e9ho sektoru, \u010dek\u00e1 n\u00e1s letos mnoho zaj\u00edmav\u00e9ho.<\/p>\n<p><a href=\"https:\/\/www.inadhled.live\/zajimavosti\/dalo-se-to-cekat-\/\">Jind\u0159ich Kulhav\u00fd<\/a><\/p>\n<p><img decoding=\"async\" loading=\"lazy\" class=\"alignnone size-full wp-image-48136\" src=\"http:\/\/www.infokuryr.cz\/n\/wp-content\/uploads\/2024\/02\/kulhavy-jindrich.jpg\" alt=\"\" width=\"219\" height=\"221\" srcset=\"https:\/\/www.infokuryr.cz\/n\/wp-content\/uploads\/2024\/02\/kulhavy-jindrich.jpg 219w, https:\/\/www.infokuryr.cz\/n\/wp-content\/uploads\/2024\/02\/kulhavy-jindrich-150x150.jpg 150w\" sizes=\"(max-width: 219px) 100vw, 219px\" \/><\/p>\n<p>&nbsp;<\/p>\n<\/div>\n","protected":false},"excerpt":{"rendered":"<p>Spor mezi Motoristy a hradn\u00edm duem graduje. Je t\u0159eba si p\u0159iznat, \u017ee p\u0159esto\u017ee si mysl\u00edme,&#8230;<\/p>\n","protected":false},"author":2,"featured_media":98019,"comment_status":"closed","ping_status":"closed","sticky":false,"template":"","format":"standard","meta":[],"categories":[6],"tags":[126,1503,10377,1173],"_links":{"self":[{"href":"https:\/\/www.infokuryr.cz\/n\/wp-json\/wp\/v2\/posts\/98018"}],"collection":[{"href":"https:\/\/www.infokuryr.cz\/n\/wp-json\/wp\/v2\/posts"}],"about":[{"href":"https:\/\/www.infokuryr.cz\/n\/wp-json\/wp\/v2\/types\/post"}],"author":[{"embeddable":true,"href":"https:\/\/www.infokuryr.cz\/n\/wp-json\/wp\/v2\/users\/2"}],"replies":[{"embeddable":true,"href":"https:\/\/www.infokuryr.cz\/n\/wp-json\/wp\/v2\/comments?post=98018"}],"version-history":[{"count":0,"href":"https:\/\/www.infokuryr.cz\/n\/wp-json\/wp\/v2\/posts\/98018\/revisions"}],"wp:featuredmedia":[{"embeddable":true,"href":"https:\/\/www.infokuryr.cz\/n\/wp-json\/wp\/v2\/media\/98019"}],"wp:attachment":[{"href":"https:\/\/www.infokuryr.cz\/n\/wp-json\/wp\/v2\/media?parent=98018"}],"wp:term":[{"taxonomy":"category","embeddable":true,"href":"https:\/\/www.infokuryr.cz\/n\/wp-json\/wp\/v2\/categories?post=98018"},{"taxonomy":"post_tag","embeddable":true,"href":"https:\/\/www.infokuryr.cz\/n\/wp-json\/wp\/v2\/tags?post=98018"}],"curies":[{"name":"wp","href":"https:\/\/api.w.org\/{rel}","templated":true}]}}