{"id":98001,"date":"2026-01-28T04:52:14","date_gmt":"2026-01-28T03:52:14","guid":{"rendered":"https:\/\/www.infokuryr.cz\/n\/?p=98001"},"modified":"2026-01-28T04:52:14","modified_gmt":"2026-01-28T03:52:14","slug":"jiri-paroubek-knuceni-prezidenta-pavla-a-co-je-za-tim","status":"publish","type":"post","link":"https:\/\/www.infokuryr.cz\/n\/2026\/01\/28\/jiri-paroubek-knuceni-prezidenta-pavla-a-co-je-za-tim\/","title":{"rendered":"Ji\u0159\u00ed Paroubek: K\u0148u\u010den\u00ed prezidenta Pavla a co je za t\u00edm?"},"content":{"rendered":"<div id=\"fb-root\"><\/div>\n<p><strong>Ministr zahrani\u010d\u00ed Macinka, pokud dob\u0159e rozum\u00edm \u0161um\u016fm, kter\u00e9 p\u0159ich\u00e1zej\u00ed z medi\u00e1ln\u00edho prost\u0159ed\u00ed, se m\u011bl v n\u011bjak\u00e9 sv\u00e9 zpr\u00e1v\u011b vyj\u00e1d\u0159it v tom sm\u011bru, \u017ee dokud nebude jmenov\u00e1n ministrem pan Filip Turek, prezident nebude m\u00edt klid.<\/strong><\/p>\n<p style=\"font-weight: 400;\">No,\u00a0pan prezident z toho ud\u011blal zastra\u0161ov\u00e1n\u00ed sv\u00e9 osoby ministrem Macinkou. A proto\u017ee byl ve sv\u00e9m ml\u00e1d\u00ed \u0161kolen, aby okam\u017eit\u011b, kdy\u017e se dozv\u00ed n\u011bjakou informaci, tuto informaci napr\u00e1skal sv\u00fdm \u0159\u00edd\u00edc\u00edm d\u016fstojn\u00edk\u016fm. Byl \u0161kolen na to, aby byl v pr\u016fb\u011bhu sv\u00e9ho vysazen\u00ed v imperialistick\u00e9 cizin\u011b vlastn\u011b zdrojem informac\u00ed pro komunistickou rozv\u011bdku. Sametov\u00e1 revoluce u\u010dinila p\u0159\u00edtr\u017e tomuto kon\u00e1n\u00ed&#8230; Nyn\u00ed na z\u00e1klad\u011b jednoho vyj\u00e1d\u0159en\u00ed ministra zahrani\u010d\u00ed podal podn\u011bt \u010desk\u00e9 policii a tento jeho \u017ealobn\u00ed\u010dkovsk\u00fd petit bude velmi pravd\u011bpodobn\u011b polici\u00ed odlo\u017een ad acta. Dnes cel\u00e1 v\u011bc ve sn\u011bmovn\u011b zasmrd\u00ed&#8230; P\u0159es noc se vyv\u011btraj\u00ed v poslaneck\u00e9 sn\u011bmovn\u011b m\u00edstnosti.<\/p>\n<p style=\"font-weight: 400;\">Za p\u00e1r dn\u00ed u\u017e o t\u00e9to bou\u0159i ve sklenici vody nebude nikdo v\u011bd\u011bt.<\/p>\n<p style=\"font-weight: 400;\">\u00a0O co ale jde ve skute\u010dnosti? V prvn\u00ed \u0159ad\u011b jde o jmenov\u00e1n\u00ed \u010di nejmenov\u00e1n\u00ed 60 velvyslanc\u016f, kter\u00e9 si dovolila drze p\u0159ipravit p\u0159edchoz\u00ed politick\u00e1 reprezentace pod veden\u00edm nik\u00fdm nevolen\u00fdch poradc\u016f prezidenta p\u00e1n\u016f Kol\u00e1\u0159e a \u017dantovsk\u00e9ho tak, jak to bylo d\u011bl\u00e1no i v minulosti.\u00a0S t\u00edm, \u017ee tito lid\u00e9 by byli vysazeni na velvyslanectv\u00ed. A prakticky by to znamenalo, \u017ee diplomatick\u00e1 slu\u017eba st\u00e1tu bude slou\u017eit nikoliv t\u00e9to, Babi\u0161ov\u011b vl\u00e1d\u011b, ale t\u011bm, kte\u0159\u00ed se zaslou\u017eili o jejich jmenov\u00e1n\u00ed. Tedy p\u00e1n\u016fm Kol\u00e1\u0159ovi a \u017dantovsk\u00e9mu, takto zahrani\u010dn\u011b politick\u00fdm poradc\u016fm prezidenta republiky. To je nekorektn\u00ed, proto\u017ee mand\u00e1t velvyslance v\u011bt\u0161inou trv\u00e1 t\u0159i a\u017e \u010dty\u0159i roky. To znamen\u00e1, \u017ee by se prakticky p\u0159ekr\u00fdval s funk\u010dn\u00edm obdob\u00edm vl\u00e1dy Andreje Babi\u0161e.<\/p>\n<p style=\"font-weight: 400;\">Sn\u011bmovn\u00ed opozice te\u010f \u017evan\u00ed o politick\u00e9 kultu\u0159e, ale toto je n\u011bco, co je zcela pod \u00farovn\u00ed politick\u00e9 kultury, je\u017e u n\u00e1s nen\u00ed nikterak vysok\u00e1, ale p\u0159ece jen bych o\u010dek\u00e1val, \u017ee jak prezident republiky, tak p\u0159edchoz\u00ed vl\u00e1da se budou chovat korektn\u011b, ale toho z\u0159ejm\u011b nejsou schopni.<\/p>\n<p><a href=\"https:\/\/vasevec.info\/domaci-politika\/knuceni-prezidenta-pavla-co-je-za-tim\">Ji\u0159\u00ed Paroubek<\/a><\/p>\n<p><img decoding=\"async\" loading=\"lazy\" class=\"alignnone size-medium wp-image-2342\" src=\"http:\/\/www.infokuryr.cz\/n\/wp-content\/uploads\/2021\/06\/paroubek-300x208.jpg\" alt=\"\" width=\"300\" height=\"208\" srcset=\"https:\/\/www.infokuryr.cz\/n\/wp-content\/uploads\/2021\/06\/paroubek-300x208.jpg 300w, https:\/\/www.infokuryr.cz\/n\/wp-content\/uploads\/2021\/06\/paroubek.jpg 318w\" sizes=\"(max-width: 300px) 100vw, 300px\" \/><\/p>\n<p>&nbsp;<\/p>\n","protected":false},"excerpt":{"rendered":"<p>Ministr zahrani\u010d\u00ed Macinka, pokud dob\u0159e rozum\u00edm \u0161um\u016fm, kter\u00e9 p\u0159ich\u00e1zej\u00ed z medi\u00e1ln\u00edho prost\u0159ed\u00ed, se m\u011bl v&#8230;<\/p>\n","protected":false},"author":2,"featured_media":93451,"comment_status":"closed","ping_status":"closed","sticky":false,"template":"","format":"standard","meta":[],"categories":[6],"tags":[126,1503,10377,1173,4657],"_links":{"self":[{"href":"https:\/\/www.infokuryr.cz\/n\/wp-json\/wp\/v2\/posts\/98001"}],"collection":[{"href":"https:\/\/www.infokuryr.cz\/n\/wp-json\/wp\/v2\/posts"}],"about":[{"href":"https:\/\/www.infokuryr.cz\/n\/wp-json\/wp\/v2\/types\/post"}],"author":[{"embeddable":true,"href":"https:\/\/www.infokuryr.cz\/n\/wp-json\/wp\/v2\/users\/2"}],"replies":[{"embeddable":true,"href":"https:\/\/www.infokuryr.cz\/n\/wp-json\/wp\/v2\/comments?post=98001"}],"version-history":[{"count":0,"href":"https:\/\/www.infokuryr.cz\/n\/wp-json\/wp\/v2\/posts\/98001\/revisions"}],"wp:featuredmedia":[{"embeddable":true,"href":"https:\/\/www.infokuryr.cz\/n\/wp-json\/wp\/v2\/media\/93451"}],"wp:attachment":[{"href":"https:\/\/www.infokuryr.cz\/n\/wp-json\/wp\/v2\/media?parent=98001"}],"wp:term":[{"taxonomy":"category","embeddable":true,"href":"https:\/\/www.infokuryr.cz\/n\/wp-json\/wp\/v2\/categories?post=98001"},{"taxonomy":"post_tag","embeddable":true,"href":"https:\/\/www.infokuryr.cz\/n\/wp-json\/wp\/v2\/tags?post=98001"}],"curies":[{"name":"wp","href":"https:\/\/api.w.org\/{rel}","templated":true}]}}