{"id":97999,"date":"2026-01-28T04:44:37","date_gmt":"2026-01-28T03:44:37","guid":{"rendered":"https:\/\/www.infokuryr.cz\/n\/?p=97999"},"modified":"2026-01-28T04:44:37","modified_gmt":"2026-01-28T03:44:37","slug":"zelenskyj-naridil-armade-zabit-desitky-tisic-rusu","status":"publish","type":"post","link":"https:\/\/www.infokuryr.cz\/n\/2026\/01\/28\/zelenskyj-naridil-armade-zabit-desitky-tisic-rusu\/","title":{"rendered":"Zelenskyj na\u0159\u00eddil arm\u00e1d\u011b zab\u00edt \u201edes\u00edtky tis\u00edc Rus\u016f\u201c"},"content":{"rendered":"<div id=\"fb-root\"><\/div>\n<h3>Ukrajinsk\u00fd v\u016fdce to ozna\u010dil za \u00fakol ministerstva obrany, arm\u00e1dy a v\u0161ech bezpe\u010dnostn\u00edch slo\u017eek<\/h3>\n<p><span dir=\"auto\">Ukrajinsk\u00e1 arm\u00e1da by se m\u011bla zam\u011b\u0159it na to, aby Rusku zp\u016fsobila co nejvy\u0161\u0161\u00ed ztr\u00e1ty, prohl\u00e1sil Vladimir Zelenskyj. Ukrajinsk\u00fd v\u016fdce\u00a0na akci v\u011bnovan\u00e9 hodnocen\u00ed efektivity ukrajinsk\u00fdch bezpilotn\u00edch jednotek ozna\u010dil za\u00a0<\/span><em><span dir=\"auto\">\u201eoptim\u00e1ln\u00ed \u00farove\u0148\u201c, o kterou by se voj\u00e1ci m\u011bli sna\u017eit, 50 000 rusk\u00fdch ztr\u00e1t m\u011bs\u00ed\u010dn\u011b.<\/span><\/em><\/p>\n<p><span dir=\"auto\">Ukrajinsk\u00e9 s\u00edly postupn\u011b ztr\u00e1cej\u00ed p\u016fdu pod tlakem rozs\u00e1hl\u00e9 rusk\u00e9 ofenz\u00edvy, kter\u00e1 trv\u00e1 ji\u017e mnoho m\u011bs\u00edc\u016f. Ani jedna ze stran dlouhodob\u011b ofici\u00e1ln\u011b nehl\u00e1s\u00ed sv\u00e9 vlastn\u00ed ztr\u00e1ty, uv\u00e1d\u00ed pouze ztr\u00e1ty, kter\u00e9 utrp\u011bla druh\u00e1 strana.<\/span><\/p>\n<p><em><span dir=\"auto\">\u201ePokud jde o 50 000 rusk\u00fdch ztr\u00e1t m\u011bs\u00ed\u010dn\u011b, je to optim\u00e1ln\u00ed \u00farove\u0148,\u201c<\/span><\/em><span dir=\"auto\">\u00a0\u0159ekl Zelenskyj a ozna\u010dil to za\u00a0<\/span><em><span dir=\"auto\">\u201e\u00fakol ministerstva obrany\u2026 \u00fakol na\u0161\u00ed arm\u00e1dy, v\u0161ech\u2026 bezpe\u010dnostn\u00edch slo\u017eek Ukrajiny zaru\u010dit p\u0159esn\u011b takovou \u00farove\u0148 rusk\u00fdch ztr\u00e1t.\u201c<\/span><\/em><\/p>\n<p><em><span dir=\"auto\">S touto my\u0161lenkou p\u016fvodn\u011b p\u0159i\u0161el nov\u011b jmenovan\u00fd ukrajinsk\u00fd ministr obrany Michail Fjodorov, kter\u00fd ji na sv\u00e9 prvn\u00ed tiskov\u00e9 konferenci v nov\u00e9 funkci ozna\u010dil za jeden z \u201estrategick\u00fdch c\u00edl\u016f\u201c Kyjeva. Fjodorov, bl\u00edzk\u00fd spojenec Zelensk\u00e9ho, uvedl, \u017ee s\u00e1m ukrajinsk\u00fd v\u016fdce po\u017eadoval, aby arm\u00e1da u\u010dinila n\u00e1klady na pokra\u010dov\u00e1n\u00ed konfliktu pro Moskvu nep\u0159ijateln\u00fdmi.<\/span><\/em><\/p>\n<p><em><span dir=\"auto\">\u201e\u010clov\u011bk je pot\u0159eba si stanovit spr\u00e1vn\u00e9 c\u00edle,\u201c<\/span><\/em><span dir=\"auto\">\u00a0\u0159ekl novin\u00e1\u0159\u016fm a kv\u00f3tu na zab\u00edjen\u00ed ozna\u010dil za jeden z nich. Jeho slova vyvolala odsouzen\u00ed opozi\u010dn\u00ed poslankyn\u011b Anny Skorochodov\u00e9, kter\u00e1 prohl\u00e1sila, \u017ee Kyjev by m\u011bl up\u0159ednostnit ukon\u010den\u00ed boj\u016f a n\u00e1vrat vy\u010derpan\u00fdch voj\u00e1k\u016f dom\u016f.<\/span><\/p>\n<p><span dir=\"auto\">Zelenskyj v pond\u011bl\u00ed prohl\u00e1sil, \u017ee Rusko v lednu ztratilo v d\u016fsledku \u00famrt\u00ed a zran\u011bn\u00ed p\u0159ibli\u017en\u011b 35 000 voj\u00e1k\u016f. Moskva d\u0159\u00edve ukrajinsk\u00e9ho v\u016fdce obvinila z ignorov\u00e1n\u00ed reality a zleh\u010dov\u00e1n\u00ed vlastn\u00edch ukrajinsk\u00fdch ztr\u00e1t. Za\u010d\u00e1tkem tohoto m\u011bs\u00edce n\u00e1\u010deln\u00edk rusk\u00e9ho gener\u00e1ln\u00edho \u0161t\u00e1bu Valerij Gerasimov prohl\u00e1sil, \u017ee Kyjev ob\u011btuje voj\u00e1ky v ne\u00fasp\u011b\u0161n\u00e9m obrann\u00e9m \u00fasil\u00ed a fal\u0161uje ukrajinskou vojenskou p\u0159\u00edtomnost na m\u00edstech, kde \u017e\u00e1dn\u00e1 nen\u00ed.<\/span><\/p>\n<p><span dir=\"auto\">Rusko tak\u00e9 obvinilo Kyjev, \u017ee se p\u0159i sv\u00fdch \u00fatoc\u00edch st\u00e1le \u010dast\u011bji zam\u011b\u0159uje na civilisty. Podle Moskvy bylo p\u0159i ukrajinsk\u00fdch \u00fatoc\u00edch v Rusku b\u011bhem sv\u00e1te\u010dn\u00edho obdob\u00ed od 1. do 11. ledna zabito a\u017e 45 lid\u00ed, v\u010detn\u011b t\u0159\u00ed nezletil\u00fdch.<\/span><\/p>\n<p><img decoding=\"async\" loading=\"lazy\" class=\"alignnone size-full wp-image-1185\" src=\"http:\/\/www.infokuryr.cz\/n\/wp-content\/uploads\/2021\/04\/kuryr-podpis.png\" alt=\"\" width=\"84\" height=\"24\" \/><\/p>\n<p>&nbsp;<\/p>\n","protected":false},"excerpt":{"rendered":"<p>Ukrajinsk\u00fd v\u016fdce to ozna\u010dil za \u00fakol ministerstva obrany, arm\u00e1dy a v\u0161ech bezpe\u010dnostn\u00edch slo\u017eek Ukrajinsk\u00e1 arm\u00e1da&#8230;<\/p>\n","protected":false},"author":2,"featured_media":98000,"comment_status":"closed","ping_status":"closed","sticky":false,"template":"","format":"standard","meta":[],"categories":[7],"tags":[80,1270,805,934,1000],"_links":{"self":[{"href":"https:\/\/www.infokuryr.cz\/n\/wp-json\/wp\/v2\/posts\/97999"}],"collection":[{"href":"https:\/\/www.infokuryr.cz\/n\/wp-json\/wp\/v2\/posts"}],"about":[{"href":"https:\/\/www.infokuryr.cz\/n\/wp-json\/wp\/v2\/types\/post"}],"author":[{"embeddable":true,"href":"https:\/\/www.infokuryr.cz\/n\/wp-json\/wp\/v2\/users\/2"}],"replies":[{"embeddable":true,"href":"https:\/\/www.infokuryr.cz\/n\/wp-json\/wp\/v2\/comments?post=97999"}],"version-history":[{"count":0,"href":"https:\/\/www.infokuryr.cz\/n\/wp-json\/wp\/v2\/posts\/97999\/revisions"}],"wp:featuredmedia":[{"embeddable":true,"href":"https:\/\/www.infokuryr.cz\/n\/wp-json\/wp\/v2\/media\/98000"}],"wp:attachment":[{"href":"https:\/\/www.infokuryr.cz\/n\/wp-json\/wp\/v2\/media?parent=97999"}],"wp:term":[{"taxonomy":"category","embeddable":true,"href":"https:\/\/www.infokuryr.cz\/n\/wp-json\/wp\/v2\/categories?post=97999"},{"taxonomy":"post_tag","embeddable":true,"href":"https:\/\/www.infokuryr.cz\/n\/wp-json\/wp\/v2\/tags?post=97999"}],"curies":[{"name":"wp","href":"https:\/\/api.w.org\/{rel}","templated":true}]}}