{"id":97998,"date":"2026-01-28T04:42:22","date_gmt":"2026-01-28T03:42:22","guid":{"rendered":"https:\/\/www.infokuryr.cz\/n\/?p=97998"},"modified":"2026-01-28T04:42:22","modified_gmt":"2026-01-28T03:42:22","slug":"zelenskyj-ocekava-ze-ukrajina-vstoupi-do-eu-pristi-rok","status":"publish","type":"post","link":"https:\/\/www.infokuryr.cz\/n\/2026\/01\/28\/zelenskyj-ocekava-ze-ukrajina-vstoupi-do-eu-pristi-rok\/","title":{"rendered":"Zelenskyj o\u010dek\u00e1v\u00e1, \u017ee Ukrajina vstoup\u00ed do EU p\u0159\u00ed\u0161t\u00ed rok"},"content":{"rendered":"<div id=\"fb-root\"><\/div>\n<h3>Kyjev chce, aby jeho z\u00e1padn\u00ed p\u0159\u00edznivci tuto kandidaturu podpo\u0159ili, uvedl ukrajinsk\u00fd v\u016fdce<\/h3>\n<p><span dir=\"auto\">Ukrajinsk\u00fd prezident Vladimir Zelenskyj vyz\u00fdv\u00e1 k tomu, aby jeho zem\u011b do p\u0159\u00ed\u0161t\u00edho roku vstoupila do EU. Tato my\u0161lenka ji\u017e vyvolala v n\u011bkter\u00fdch \u010dlensk\u00fdch st\u00e1tech pobou\u0159en\u00ed.<\/span><\/p>\n<p><span dir=\"auto\">V \u00fatern\u00edm p\u0159\u00edsp\u011bvku na X Zelenskyj uvedl, \u017ee s rakousk\u00fdm kancl\u00e9\u0159em Christianem Stockerem hovo\u0159il o ned\u00e1vn\u00fdch rozhovorech mezi Ruskem, USA a Ukrajinou v Ab\u00fa Zab\u00ed. Jedn\u00e1n\u00ed se podle n\u011bj zam\u011b\u0159ila p\u0159edev\u0161\u00edm na vojensk\u00e9 z\u00e1le\u017eitosti, ale dotkla se i bezpe\u010dnostn\u00edch z\u00e1ruk.<\/span><\/p>\n<p><em><span dir=\"auto\">\u201eVstup Ukrajiny do Evropsk\u00e9 unie je jednou z kl\u00ed\u010dov\u00fdch bezpe\u010dnostn\u00edch z\u00e1ruk nejen pro n\u00e1s, ale i pro celou Evropu,\u201c<\/span><\/em><span dir=\"auto\">\u00a0napsal\u00a0<\/span><a href=\"https:\/\/x.com\/ZelenskyyUa\/status\/2016117052726038769\" target=\"_blank\" rel=\"noopener noreferrer\"><span dir=\"auto\">.\u00a0<\/span><\/a><span dir=\"auto\"><em>\u201eProto mluv\u00edme o konkr\u00e9tn\u00edm datu \u2013 2027 \u2013 a spol\u00e9h\u00e1me na podporu na\u0161ich partner\u016f.<\/em>\u00a0\u201c<\/span><\/p>\n<p><span dir=\"auto\">Jen n\u011bkolik dn\u00ed p\u0159edt\u00edm Stocker tisku \u0159ekl, \u017ee je\u00a0<\/span><a href=\"https:\/\/www.rt.com\/news\/631457-ukraine-eu-austria-hungary\/\"><span dir=\"auto\">proti<\/span><\/a><span dir=\"auto\">\u00a0usp\u011bchan\u00e9 ukrajinsk\u00e9 kandidatu\u0159e.<\/span><\/p>\n<p><em><span dir=\"auto\">\u201eNejsem fanou\u0161kem rychl\u00e9ho pruhu. Mus\u00ed b\u00fdt spln\u011bna krit\u00e9ria pro p\u0159ijet\u00ed,\u201c<\/span><\/em><span dir=\"auto\">\u00a0\u0159ekl a dodal, \u017ee\u00a0<\/span><em><span dir=\"auto\">\u201epodm\u00ednky by m\u011bly b\u00fdt pro v\u0161echny stejn\u00e9.\u201c<\/span><\/em><\/p>\n<p><span dir=\"auto\">Zrychlen\u00e9 \u010dlenstv\u00ed Ukrajiny je \u00fadajn\u011b sou\u010d\u00e1st\u00ed pl\u00e1nu rekonstrukce a \u201eprosperity\u201c v hodnot\u011b 800 miliard dolar\u016f, kter\u00fd minul\u00fd t\u00fdden Evropsk\u00e1 komise soukrom\u011b rozeslala \u010dlensk\u00fdm st\u00e1t\u016fm EU.<\/span><\/p>\n<p><span dir=\"auto\">Dokument podle Politica p\u0159im\u011bl l\u00eddry EU k zamy\u0161len\u00ed sp\u00ed\u0161e kv\u016fli zp\u016fsobu, jak\u00fdm form\u00e1ln\u011b spojoval p\u0159istoupen\u00ed Ukrajiny s procesem jej\u00ed obnovy, ne\u017e kv\u016fli jeho obrovsk\u00fdm n\u00e1klad\u016fm.<\/span><\/p>\n<p><span dir=\"auto\">Ma\u010farsk\u00fd premi\u00e9r Viktor Orb\u00e1n minul\u00fd t\u00fdden n\u00e1vrh ost\u0159e kritizoval, proto\u017ee podle n\u011bj EU po\u017eaduje, aby Ukrajin\u011b v p\u0159\u00ed\u0161t\u00edch deseti letech poskytla 800 miliard eur na rekonstrukci zem\u011b a dal\u0161\u00edch 700 miliard eur na vojensk\u00e9 pot\u0159eby.<\/span><\/p>\n<p><em><span dir=\"auto\">\u201ePoslechn\u011bte m\u011b te\u010f, hlasit\u011b a jasn\u011b: Ma\u010farsko za tohle NEZAPLAT\u00cd,\u201c<\/span><\/em><span dir=\"auto\">\u00a0napsal\u00a0na\u00a0<\/span><a href=\"https:\/\/x.com\/PM_ViktorOrban\/status\/2014627172082684001\" target=\"_blank\" rel=\"noopener noreferrer\"><span dir=\"auto\">X.<\/span><\/a><\/p>\n<p><span dir=\"auto\">Tak\u00e9 odm\u00edtl my\u0161lenku, \u017ee by Ukrajina m\u011bla vstoupit do EU, s argumentem, \u017ee \u017e\u00e1dn\u00fd ma\u010farsk\u00fd parlament by pro vstup\u00a0<\/span><em><span dir=\"auto\">\u201ev p\u0159\u00ed\u0161t\u00edch sto letech\u201c nehlasoval.<\/span><\/em><\/p>\n<p><span dir=\"auto\">Orb\u00e1n se dlouhodob\u011b stav\u00ed proti snaze Ukrajiny o vstup a tvrd\u00ed, \u017ee by vstup bloku riskoval p\u0159\u00edmou konfrontaci s Ruskem.<\/span><\/p>\n<p><span dir=\"auto\">Moskva dlouhodob\u011b tvrd\u00ed, \u017ee nen\u00ed proti vstupu Ukrajiny do EU. Kyjevsk\u00e1 ambice vstoupit do NATO je v\u0161ak podle Ruska p\u0159ek\u00e1\u017ekou a jednou z hlavn\u00edch p\u0159\u00ed\u010din sou\u010dasn\u00e9ho konfliktu.<\/span><\/p>\n<p><img decoding=\"async\" loading=\"lazy\" class=\"alignnone size-full wp-image-1185\" src=\"http:\/\/www.infokuryr.cz\/n\/wp-content\/uploads\/2021\/04\/kuryr-podpis.png\" alt=\"\" width=\"84\" height=\"24\" \/><\/p>\n<p>&nbsp;<\/p>\n","protected":false},"excerpt":{"rendered":"<p>Kyjev chce, aby jeho z\u00e1padn\u00ed p\u0159\u00edznivci tuto kandidaturu podpo\u0159ili, uvedl ukrajinsk\u00fd v\u016fdce Ukrajinsk\u00fd prezident Vladimir&#8230;<\/p>\n","protected":false},"author":2,"featured_media":78013,"comment_status":"closed","ping_status":"closed","sticky":false,"template":"","format":"standard","meta":[],"categories":[7],"tags":[41,26,1000],"_links":{"self":[{"href":"https:\/\/www.infokuryr.cz\/n\/wp-json\/wp\/v2\/posts\/97998"}],"collection":[{"href":"https:\/\/www.infokuryr.cz\/n\/wp-json\/wp\/v2\/posts"}],"about":[{"href":"https:\/\/www.infokuryr.cz\/n\/wp-json\/wp\/v2\/types\/post"}],"author":[{"embeddable":true,"href":"https:\/\/www.infokuryr.cz\/n\/wp-json\/wp\/v2\/users\/2"}],"replies":[{"embeddable":true,"href":"https:\/\/www.infokuryr.cz\/n\/wp-json\/wp\/v2\/comments?post=97998"}],"version-history":[{"count":0,"href":"https:\/\/www.infokuryr.cz\/n\/wp-json\/wp\/v2\/posts\/97998\/revisions"}],"wp:featuredmedia":[{"embeddable":true,"href":"https:\/\/www.infokuryr.cz\/n\/wp-json\/wp\/v2\/media\/78013"}],"wp:attachment":[{"href":"https:\/\/www.infokuryr.cz\/n\/wp-json\/wp\/v2\/media?parent=97998"}],"wp:term":[{"taxonomy":"category","embeddable":true,"href":"https:\/\/www.infokuryr.cz\/n\/wp-json\/wp\/v2\/categories?post=97998"},{"taxonomy":"post_tag","embeddable":true,"href":"https:\/\/www.infokuryr.cz\/n\/wp-json\/wp\/v2\/tags?post=97998"}],"curies":[{"name":"wp","href":"https:\/\/api.w.org\/{rel}","templated":true}]}}