{"id":97987,"date":"2026-01-28T00:33:23","date_gmt":"2026-01-27T23:33:23","guid":{"rendered":"https:\/\/www.infokuryr.cz\/n\/?p=97987"},"modified":"2026-01-27T17:33:28","modified_gmt":"2026-01-27T16:33:28","slug":"kauza-cinskeho-spiona-aneb-jak-se-z-novinare-stane-agent","status":"publish","type":"post","link":"https:\/\/www.infokuryr.cz\/n\/2026\/01\/28\/kauza-cinskeho-spiona-aneb-jak-se-z-novinare-stane-agent\/","title":{"rendered":"Kauza \u010d\u00ednsk\u00e9ho \u201e\u0161piona\u201c aneb Jak se z novin\u00e1\u0159e stane agent"},"content":{"rendered":"<div id=\"fb-root\"><\/div>\n<p><strong>Kauza \u00fadajn\u00e9ho \u010d\u00ednsk\u00e9ho \u201eagenta\u201c, kter\u00fd m\u011bl v \u010cesk\u00e9 republice sb\u00edrat informace o tuzemsk\u00fdch politic\u00edch a jejich vztaz\u00edch k Tchaj-wanu, vyvol\u00e1v\u00e1 \u0159adu pochybnost\u00ed i podez\u0159en\u00ed z \u00fa\u010delov\u00e9ho vykonstruov\u00e1n\u00ed cel\u00e9ho p\u0159\u00edpadu.<\/strong><\/p>\n<p>Ve\u0159ejnost nezn\u00e1 konkr\u00e9tn\u00ed d\u016fkazy, kter\u00e9 sv\u011bd\u010d\u00ed o\u00a0tom, \u017ee \u010d\u00ednsk\u00fd ob\u010dan Jang I-min pracuj\u00edc\u00ed v\u00a0\u010cR pro velk\u00e9 \u010d\u00ednsk\u00e9 noviny prov\u00e1d\u011bl na na\u0161em \u00fazem\u00ed neopr\u00e1vn\u011bnou \u010dinnost pro ciz\u00ed moc. Popisovan\u00e9 jedn\u00e1n\u00ed dan\u00e9 osoby se ale n\u00e1padn\u011b podob\u00e1 b\u011b\u017en\u00e9 pr\u00e1ci zahrani\u010dn\u00edho novin\u00e1\u0159e. Z\u00a0dostupn\u00fdch informac\u00ed vypl\u00fdv\u00e1, \u017ee sledoval ve\u0159ejn\u00e9 aktivity \u010desk\u00fdch politik\u016f, zaj\u00edmal se o\u00a0jejich postoje k\u00a0Tchaj-wanu, sb\u00edral informace z\u00a0otev\u0159en\u00fdch zdroj\u016f a\u00a0navazoval kontakty v\u00a0politick\u00e9m prost\u0159ed\u00ed.<\/p>\n<p>To jsou \u010dinnosti, kter\u00e9 jsou pro zahrani\u010dn\u00ed novin\u00e1\u0159e naprosto norm\u00e1ln\u00ed. Zahrani\u010dn\u00ed korespondenti po cel\u00e9m sv\u011bt\u011b d\u011blaj\u00ed tot\u00e9\u017e: mapuj\u00ed politick\u00e9 prost\u0159ed\u00ed, sleduj\u00ed zahrani\u010dn\u00ed politiku hostitelsk\u00e9 zem\u011b a\u00a0analyzuj\u00ed postoje jednotliv\u00fdch akt\u00e9r\u016f. Takov\u00e1 \u010dinnost je nejen leg\u00e1ln\u00ed, ale je podstatou novin\u00e1\u0159sk\u00e9 profese.<\/p>\n<p>Pokud by tedy m\u011bla b\u00fdt trestn\u00e1, muselo by j\u00edt o\u00a0n\u011bco v\u00edc ne\u017e jen o\u00a0sb\u011br informac\u00ed z\u00a0otev\u0159en\u00fdch zdroj\u016f. A\u00a0pr\u00e1v\u011b zde vstupuje do hry nov\u00fd, \u0161iroce formulovan\u00fd paragraf o\u00a0\u201eneopr\u00e1vn\u011bn\u00e9 \u010dinnosti pro ciz\u00ed moc\u201c, kter\u00fd umo\u017e\u0148uje kriminalizovat i\u00a0jedn\u00e1n\u00ed, je\u017e by d\u0159\u00edve nebylo posti\u017eiteln\u00e9.<\/p>\n<h2 class=\"wp-block-heading\">Gumov\u00fd paragraf jako kl\u00ed\u010dov\u00fd n\u00e1stroj kauzy<\/h2>\n<p>Neopr\u00e1vn\u011bn\u00e1 \u010dinnost pro ciz\u00ed moc podle \u00a7 318a odst. 1 p\u00edsm. a) tr. z\u00e1kon\u00edku (p\u0159ezd\u00edvan\u00fd gumov\u00fd paragraf) je p\u0159edm\u011btem ostr\u00e9 politick\u00e9 debaty. Kritici jej ozna\u010duj\u00ed za v\u00e1gn\u00ed, nejasn\u00fd a\u00a0potenci\u00e1ln\u011b zneu\u017eiteln\u00fd. Sou\u010dasn\u00e1 vl\u00e1da ANO deklarovala, \u017ee jej chce zru\u0161it. Naopak opozice a\u00a0prezident Petr Pavel jej pova\u017euj\u00ed za nezbytn\u00fd n\u00e1stroj v\u00a0boji proti nep\u0159\u00e1telsk\u00fdm vlivov\u00fdm operac\u00edm.<\/p>\n<p>Kauza \u010d\u00ednsk\u00e9ho novin\u00e1\u0159e p\u0159ich\u00e1z\u00ed pr\u00e1v\u011b v\u00a0dob\u011b, kdy se vede spor o\u00a0osud tohoto paragrafu. Pokud je p\u0159\u00edpad prezentov\u00e1n jako \u00fasp\u011bch BIS, m\u016f\u017ee to pos\u00edlit argumenty t\u011bch, kte\u0159\u00ed tvrd\u00ed, \u017ee paragraf je pot\u0159ebn\u00fd. Z\u00e1rove\u0148 to oslabuje pozici vl\u00e1dy, kter\u00e1 jeho zru\u0161en\u00ed prosazuje. Bez tohoto paragrafu by toti\u017e popsan\u00e9 jedn\u00e1n\u00ed nebylo mo\u017en\u00e9 kriminalizovat \u2013 a\u00a0kauza by se omezila maxim\u00e1ln\u011b na tich\u00e9 vyho\u0161t\u011bn\u00ed.<\/p>\n<figure class=\"wp-block-image size-large wp-lightbox-container\" data-wp-context=\"{&quot;imageId&quot;:&quot;6978df37cce0a&quot;}\" data-wp-interactive=\"core\/image\"><img decoding=\"async\" loading=\"lazy\" class=\"wp-image-56379 aligncenter\" src=\"https:\/\/denik.to\/wp-content\/uploads\/2025\/06\/profimedia-08597123571-1024x538.jpg\" sizes=\"(max-width: 1024px) 100vw, 1024px\" srcset=\"https:\/\/denik.to\/wp-content\/uploads\/2025\/06\/profimedia-08597123571-1024x538.jpg 1024w, https:\/\/denik.to\/wp-content\/uploads\/2025\/06\/profimedia-08597123571-300x158.jpg 300w, https:\/\/denik.to\/wp-content\/uploads\/2025\/06\/profimedia-08597123571-768x403.jpg 768w, https:\/\/denik.to\/wp-content\/uploads\/2025\/06\/profimedia-08597123571-1536x806.jpg 1536w, https:\/\/denik.to\/wp-content\/uploads\/2025\/06\/profimedia-08597123571-770x404.jpg 770w, https:\/\/denik.to\/wp-content\/uploads\/2025\/06\/profimedia-08597123571-293x154.jpg 293w, https:\/\/denik.to\/wp-content\/uploads\/2025\/06\/profimedia-08597123571-1400x735.jpg 1400w, https:\/\/denik.to\/wp-content\/uploads\/2025\/06\/profimedia-08597123571-390x205.jpg 390w, https:\/\/denik.to\/wp-content\/uploads\/2025\/06\/profimedia-08597123571-800x420.jpg 800w, https:\/\/denik.to\/wp-content\/uploads\/2025\/06\/profimedia-08597123571-600x315.jpg 600w, https:\/\/denik.to\/wp-content\/uploads\/2025\/06\/profimedia-08597123571-1200x630.jpg 1200w, https:\/\/denik.to\/wp-content\/uploads\/2025\/06\/profimedia-08597123571-370x194.jpg 370w, https:\/\/denik.to\/wp-content\/uploads\/2025\/06\/profimedia-08597123571-740x388.jpg 740w, https:\/\/denik.to\/wp-content\/uploads\/2025\/06\/profimedia-08597123571-250x131.jpg 250w, https:\/\/denik.to\/wp-content\/uploads\/2025\/06\/profimedia-08597123571-500x262.jpg 500w, https:\/\/denik.to\/wp-content\/uploads\/2025\/06\/profimedia-08597123571.jpg 1600w\" alt=\"\" width=\"653\" height=\"343\" data-wp-class--hide=\"state.isContentHidden\" data-wp-class--show=\"state.isContentVisible\" data-wp-init=\"callbacks.setButtonStyles\" data-wp-on-async--click=\"actions.showLightbox\" data-wp-on-async--load=\"callbacks.setButtonStyles\" data-wp-on-async-window--resize=\"callbacks.setButtonStyles\" \/><button class=\"lightbox-trigger\" type=\"button\" aria-haspopup=\"dialog\" aria-label=\"Zv\u011bt\u0161it\" data-wp-init=\"callbacks.initTriggerButton\" data-wp-on-async--click=\"actions.showLightbox\" data-wp-style--right=\"state.imageButtonRight\" data-wp-style--top=\"state.imageButtonTop\"><\/button><em>\u0160\u00e9f BIS Michal Koudelka. Zdroj: Profimedia<\/em><\/figure>\n<h2 class=\"wp-block-heading\">Politick\u00e9 kryt\u00ed BIS a\u00a0role Koudelky<\/h2>\n<p>Bezpe\u010dnostn\u00ed informa\u010dn\u00ed slu\u017eba (BIS) nem\u016f\u017ee v\u00a0praxi fungovat bez politick\u00e9ho kryt\u00ed. A\u010dkoliv je form\u00e1ln\u011b nez\u00e1visl\u00e1, jej\u00ed ve\u0159ejn\u00e9 kroky \u2013 zejm\u00e9na ty, kter\u00e9 maj\u00ed dopad na zahrani\u010dn\u00ed politiku \u2013 vy\u017eaduj\u00ed podporu alespo\u0148 \u010d\u00e1sti politick\u00e9 reprezentace. V\u00a0sou\u010dasn\u00e9 situaci tuto podporu BIS poskytuje p\u0159edev\u0161\u00edm prezident a\u00a0opozi\u010dn\u00ed blok kolem b\u00fdval\u00e9 Fialovy vl\u00e1dy.<\/p>\n<p>Oba tyto subjekty dlouhodob\u011b sd\u00edlej\u00ed bezpe\u010dnostn\u00ed pohled BIS, podporuj\u00ed jej\u00ed d\u016fraz na hrozby spojen\u00e9 s\u00a0Ruskem a\u00a0\u010c\u00ednou a\u00a0stav\u00ed se za jej\u00edho \u0159editele Michala Koudelku. V\u00a0tomto sv\u011btle m\u016f\u017ee b\u00fdt ve\u0159ejn\u00e1 prezentace kauzy vn\u00edm\u00e1na jako krok, kter\u00fd posiluje obraz BIS jako aktivn\u00ed instituce a\u00a0z\u00e1rove\u0148 nep\u0159\u00edmo podporuje Koudelku jako schopn\u00e9ho a\u00a0nepostradateln\u00e9ho bezpe\u010dnostn\u00edho profesion\u00e1la.<\/p>\n<h2 class=\"wp-block-heading\">Dopad na vztahy s\u00a0\u010c\u00ednou a\u00a0pozice nov\u00e9 vl\u00e1dy<\/h2>\n<p>Sou\u010dasn\u00e1 vl\u00e1da ANO d\u00e1v\u00e1 najevo z\u00e1jem na pragmatick\u00e9m p\u0159\u00edstupu k \u010c\u00edn\u011b a na normalizaci vztah\u016f s touto velmoc\u00ed, kter\u00e9 byly v minul\u00fdch letech napjat\u00e9. V tomto kontextu je ve\u0159ejn\u00e1 \u0161pion\u00e1\u017en\u00ed kauza s \u010d\u00ednsk\u00fdm ob\u010danem politicky citliv\u00e1. Zhor\u0161uje atmosf\u00e9ru, komplikuje diplomatick\u00e9 kontakty a vytv\u00e1\u0159\u00ed obraz \u010c\u00edny jako aktivn\u00edho akt\u00e9ra vlivov\u00fdch operac\u00ed v \u010cesku.<\/p>\n<p>Zve\u0159ejn\u011bn\u00ed kauzy tak m\u016f\u017ee b\u00fdt vn\u00edm\u00e1no jako krok, kter\u00fd objektivn\u011b oslabuje snahu vl\u00e1dy o\u00a0zlep\u0161en\u00ed vztah\u016f s\u00a0Pekingem a\u017e do t\u00e9 m\u00edry, \u017ee by mohlo doj\u00edt k\u00a0odd\u00e1len\u00ed pl\u00e1nov\u00e9 cesty premi\u00e9ra Andreje Babi\u0161e do \u010c\u00edny.<\/p>\n<h2 class=\"wp-block-heading\">Medi\u00e1ln\u00ed r\u00e1mov\u00e1n\u00ed a\u00a0role Den\u00edku N<\/h2>\n<p>Den\u00edk N pat\u0159\u00ed dlouhodob\u011b mezi m\u00e9dia, kter\u00e1 maj\u00ed dobr\u00e9 kontakty v bezpe\u010dnostn\u00edch instituc\u00edch, a \u010dasto p\u0159eb\u00edraj\u00ed jejich pohled na sv\u011bt. Zp\u016fsob, jak\u00fdm byla kauza prezentov\u00e1na v tomto m\u00e9diu \u2013 v\u010detn\u011b zm\u00ednek o Babi\u0161ov\u011b cest\u011b do \u010c\u00edny a o snaze vl\u00e1dy narovnat vztahy s Pekingem \u2013 p\u016fsob\u00ed jako r\u00e1mov\u00e1n\u00ed, kter\u00e9 posiluje narativ BIS a oslabuje pozici Babi\u0161ovy vl\u00e1dy.<\/p>\n<figure class=\"wp-block-image size-large wp-lightbox-container\" data-wp-context=\"{&quot;imageId&quot;:&quot;6978df37cd159&quot;}\" data-wp-interactive=\"core\/image\"><img decoding=\"async\" loading=\"lazy\" class=\"wp-image-78624 aligncenter\" src=\"https:\/\/denik.to\/wp-content\/uploads\/2026\/01\/babis-v-cine-1024x578.jpg\" sizes=\"(max-width: 1024px) 100vw, 1024px\" srcset=\"https:\/\/denik.to\/wp-content\/uploads\/2026\/01\/babis-v-cine-1024x578.jpg 1024w, https:\/\/denik.to\/wp-content\/uploads\/2026\/01\/babis-v-cine-300x169.jpg 300w, https:\/\/denik.to\/wp-content\/uploads\/2026\/01\/babis-v-cine-768x434.jpg 768w, https:\/\/denik.to\/wp-content\/uploads\/2026\/01\/babis-v-cine-500x282.jpg 500w, https:\/\/denik.to\/wp-content\/uploads\/2026\/01\/babis-v-cine-293x165.jpg 293w, https:\/\/denik.to\/wp-content\/uploads\/2026\/01\/babis-v-cine-770x435.jpg 770w, https:\/\/denik.to\/wp-content\/uploads\/2026\/01\/babis-v-cine-390x220.jpg 390w, https:\/\/denik.to\/wp-content\/uploads\/2026\/01\/babis-v-cine.jpg 1116w\" alt=\"\" width=\"735\" height=\"415\" data-wp-class--hide=\"state.isContentHidden\" data-wp-class--show=\"state.isContentVisible\" data-wp-init=\"callbacks.setButtonStyles\" data-wp-on-async--click=\"actions.showLightbox\" data-wp-on-async--load=\"callbacks.setButtonStyles\" data-wp-on-async-window--resize=\"callbacks.setButtonStyles\" \/><button class=\"lightbox-trigger\" type=\"button\" aria-haspopup=\"dialog\" aria-label=\"Zv\u011bt\u0161it\" data-wp-init=\"callbacks.initTriggerButton\" data-wp-on-async--click=\"actions.showLightbox\" data-wp-style--right=\"state.imageButtonRight\" data-wp-style--top=\"state.imageButtonTop\"><\/button><em>\u010cesk\u00fd premi\u00e9r Andrej Babi\u0161 (ANO) se v roce 2019 setkal se sv\u00fdm \u010d\u00ednsk\u00fdm prot\u011bj\u0161kem Li Kche-\u010dchiangem. Zdroj: Vl\u00e1da \u010cR<\/em><\/figure>\n<p>Takov\u00e9 r\u00e1mov\u00e1n\u00ed nen\u00ed neobvykl\u00e9. M\u00e9dia \u010dasto interpretuj\u00ed ud\u00e1losti v\u00a0souladu se sv\u00fdm hodnotov\u00fdm ukotven\u00edm. V\u00a0tomto p\u0159\u00edpad\u011b v\u0161ak na\u010dasov\u00e1n\u00ed i\u00a0obsah \u010dl\u00e1nk\u016f mohou vyvol\u00e1vat dojem, \u017ee zve\u0159ejn\u011bn\u00ed kauzy slou\u017e\u00ed nejen k\u00a0informov\u00e1n\u00ed ve\u0159ejnosti, ale i\u00a0politick\u00e9mu \u00fa\u010delu.<\/p>\n<h2 class=\"wp-block-heading\">Pravd\u011bpodobn\u00fd konec kauzy: vyho\u0161t\u011bn\u00ed bez d\u016fkaz\u016f<\/h2>\n<p>Je tak\u00e9 d\u016fle\u017eit\u00e9 zd\u016fraznit, \u017ee kauza s\u00a0nejv\u011bt\u0161\u00ed pravd\u011bpodobnost\u00ed skon\u010d\u00ed prost\u00fdm vyho\u0161t\u011bn\u00edm doty\u010dn\u00e9 osoby. K\u00a0tomu nen\u00ed pot\u0159eba prokazovat trestn\u00ed vinu, p\u0159edkl\u00e1dat d\u016fkazy ve\u0159ejnosti ani v\u00e9st zdlouhav\u00e9 soudn\u00ed \u0159\u00edzen\u00ed. Vyho\u0161t\u011bn\u00ed je administrativn\u00ed akt, kter\u00fd m\u016f\u017ee st\u00e1t prov\u00e9st kdykoliv, pokud usoud\u00ed, \u017ee p\u0159\u00edtomnost cizince nen\u00ed v\u00a0jeho z\u00e1jmu.<\/p>\n<p>To znamen\u00e1, \u017ee i\u00a0kdyby trestn\u00ed rovina p\u0159\u00edpadu postupn\u011b vy\u0161um\u011bla, politick\u00fd efekt kauzy u\u017e byl dosa\u017een: vznikl medi\u00e1ln\u00ed obraz \u201e\u010d\u00ednsk\u00e9ho agenta\u201c, kter\u00fd posiluje narativ BIS a\u00a0oslabuje pozici vl\u00e1dy v\u00a0debat\u011b o\u00a0vztaz\u00edch s\u00a0\u010c\u00ednou i\u00a0o\u00a0budoucnosti gumov\u00e9ho paragrafu.<\/p>\n<h2 class=\"wp-block-heading\">Dob\u0159e \u010diteln\u00fd z\u00e1m\u011br<\/h2>\n<p>Kdy\u017e se v\u0161echny prvky p\u0159\u00edpadu spoj\u00ed \u2013 povaha popsan\u00e9 \u010dinnosti, kter\u00e1 odpov\u00edd\u00e1 b\u011b\u017en\u00e9 novin\u00e1\u0159sk\u00e9 pr\u00e1ci, pou\u017eit\u00ed gumov\u00e9ho paragrafu, politick\u00e9 kryt\u00ed BIS ze strany opozice a\u00a0Hradu, spor o\u00a0paragraf, snaha vl\u00e1dy o\u00a0normalizaci vztah\u016f s\u00a0\u010c\u00ednou, medi\u00e1ln\u00ed r\u00e1mov\u00e1n\u00ed kauzy, jej\u00ed na\u010dasov\u00e1n\u00ed a\u00a0pravd\u011bpodobn\u00fd konec v\u00a0podob\u011b vyho\u0161t\u011bn\u00ed \u2013 vznik\u00e1 obraz, kter\u00fd bud\u00ed podez\u0159en\u00ed, \u017ee kauza nen\u00ed jen bezpe\u010dnostn\u00ed, ale m\u00e1 zejm\u00e9na politick\u00fd \u00fa\u010del.<\/p>\n<p>Zve\u0159ejn\u011bn\u00ed kauzy a\u00a0zp\u016fsob prezentace mohou b\u00fdt vyu\u017eity k\u00a0pos\u00edlen\u00ed ur\u010dit\u00e9ho politick\u00e9ho narativu, \u017ee \u010c\u00edna p\u0159edstavuje aktivn\u00ed hrozbu, \u017ee nov\u00fd paragraf je nezbytn\u00fd a\u00a0\u017ee BIS pod veden\u00edm Koudelky je efektivn\u00ed a\u00a0pot\u0159ebn\u00e1 instituce.<\/p>\n<p><span style=\"font-size: 10pt;\"><em><strong>\u00davodn\u00ed fotografie:<\/strong> Jang I-min (vlevo) s poradcem slovensk\u00e9ho premi\u00e9ra Fica Arturem Bekmatovem. Zdroj: FB Artura Bekmatova<\/em><\/span><\/p>\n<p><a href=\"https:\/\/denik.to\/kauza-cinskeho-spiona-aneb-jak-se-z-novinare-stane-agent\/\">Max \u0160pa\u010dek<\/a><\/p>\n<p>&nbsp;<\/p>\n","protected":false},"excerpt":{"rendered":"<p>Kauza \u00fadajn\u00e9ho \u010d\u00ednsk\u00e9ho \u201eagenta\u201c, kter\u00fd m\u011bl v \u010cesk\u00e9 republice sb\u00edrat informace o tuzemsk\u00fdch politic\u00edch a&#8230;<\/p>\n","protected":false},"author":2,"featured_media":97988,"comment_status":"closed","ping_status":"closed","sticky":false,"template":"","format":"standard","meta":[],"categories":[6],"tags":[562,1042,30,1304],"_links":{"self":[{"href":"https:\/\/www.infokuryr.cz\/n\/wp-json\/wp\/v2\/posts\/97987"}],"collection":[{"href":"https:\/\/www.infokuryr.cz\/n\/wp-json\/wp\/v2\/posts"}],"about":[{"href":"https:\/\/www.infokuryr.cz\/n\/wp-json\/wp\/v2\/types\/post"}],"author":[{"embeddable":true,"href":"https:\/\/www.infokuryr.cz\/n\/wp-json\/wp\/v2\/users\/2"}],"replies":[{"embeddable":true,"href":"https:\/\/www.infokuryr.cz\/n\/wp-json\/wp\/v2\/comments?post=97987"}],"version-history":[{"count":1,"href":"https:\/\/www.infokuryr.cz\/n\/wp-json\/wp\/v2\/posts\/97987\/revisions"}],"predecessor-version":[{"id":97989,"href":"https:\/\/www.infokuryr.cz\/n\/wp-json\/wp\/v2\/posts\/97987\/revisions\/97989"}],"wp:featuredmedia":[{"embeddable":true,"href":"https:\/\/www.infokuryr.cz\/n\/wp-json\/wp\/v2\/media\/97988"}],"wp:attachment":[{"href":"https:\/\/www.infokuryr.cz\/n\/wp-json\/wp\/v2\/media?parent=97987"}],"wp:term":[{"taxonomy":"category","embeddable":true,"href":"https:\/\/www.infokuryr.cz\/n\/wp-json\/wp\/v2\/categories?post=97987"},{"taxonomy":"post_tag","embeddable":true,"href":"https:\/\/www.infokuryr.cz\/n\/wp-json\/wp\/v2\/tags?post=97987"}],"curies":[{"name":"wp","href":"https:\/\/api.w.org\/{rel}","templated":true}]}}