{"id":97963,"date":"2026-01-28T00:24:06","date_gmt":"2026-01-27T23:24:06","guid":{"rendered":"https:\/\/www.infokuryr.cz\/n\/?p=97963"},"modified":"2026-01-27T13:50:48","modified_gmt":"2026-01-27T12:50:48","slug":"egon-w-kreutzer-evropa-uz-neni-relevantni","status":"publish","type":"post","link":"https:\/\/www.infokuryr.cz\/n\/2026\/01\/28\/egon-w-kreutzer-evropa-uz-neni-relevantni\/","title":{"rendered":"Egon W. Kreutzer: Evropa u\u017e nen\u00ed relevantn\u00ed"},"content":{"rendered":"<div id=\"fb-root\"><\/div>\n<p><span dir=\"auto\">Nov\u00fd rok za\u010dal geopolitick\u00fdm zem\u011bt\u0159esen\u00edm, kter\u00e9 bylo jasn\u011b p\u0159edznamen\u00e1no nejm\u00e9n\u011b rok. To, na co J. D. Vance nazna\u010dil b\u011bhem mnichovsk\u00e9 bezpe\u010dnostn\u00ed konference v roce 2025 a co by se mo\u017en\u00e1 m\u011blo interpretovat jako posledn\u00ed v\u00fdzva k rozumu, se nyn\u00ed stalo skute\u010dnost\u00ed.<\/span><\/p>\n<p><span dir=\"auto\">USA si stanovily nov\u00e9 priority.<\/span><\/p>\n<p><span dir=\"auto\">Nen\u00ed to jen kv\u016fli zp\u016fsobu, jak\u00fdm je v EU nakl\u00e1d\u00e1no se svobodou projevu, co\u017e je pro Ameri\u010dany nepochopiteln\u00e9: USA nikdy nem\u011bly probl\u00e9m se spojenectv\u00edm s dikt\u00e1tory. Franklin D. Roosevelt to v souvislosti s nikaragujsk\u00fdm dikt\u00e1torem Somozou dokonale shrnul:\u00a0<\/span><\/p>\n<h3><strong><span dir=\"auto\">\u201eMo\u017en\u00e1 je to hajzl, ale je to n\u00e1\u0161 hajzl.\u201c\u00a0<\/span><\/strong><\/h3>\n<p><span dir=\"auto\">Dovol\u00edm si interpretovat tuto v\u011btu tak, \u017ee Somoza p\u0159edstavoval \u201emoc\u201c, kterou mohly USA vyu\u017e\u00edt a kontrolovat, ani\u017e by jim to vynalo\u017eilo zna\u010dn\u00e9 n\u00e1klady. Stejn\u011b jako mnoho dal\u0161\u00edch \u201ezkurvysyn\u016f\u201c, kte\u0159\u00ed byli v\u017edy po ur\u010ditou dobu podporov\u00e1ni a chr\u00e1n\u011bni, dokud se to v americk\u00e9m z\u00e1jmu u\u017e nezd\u00e1lo \u00fa\u010deln\u00e9. Pak byli opu\u0161t\u011bni.<\/span><\/p>\n<p><span dir=\"auto\">Rozd\u00edl je v tom, \u017ee Evropan\u00e9 ztratili sv\u00e9 m\u00edsto pod de\u0161tn\u00edkem USA, ani\u017e by se chovali jako klasi\u010dt\u00ed dikt\u00e1to\u0159i. Nebyli to \u017e\u00e1dn\u00ed zkurvysyni ani dcery d\u011bvek; byli to \u010dlenov\u00e9 \u010destn\u00e9 elity. Jak\u00fd byl tedy d\u016fvod?<\/span><\/p>\n<p><span dir=\"auto\">Tato ot\u00e1zka vrac\u00ed pozornost zp\u011bt k pojmu \u201emoci\u201c. Dokud USA v Evrop\u011b st\u00e1le vid\u011bly n\u011bco, co by se podobalo mocnosti, kterou by bylo mo\u017en\u00e9 vyu\u017e\u00edt a ovl\u00e1dat bez vynalo\u017een\u00ed zna\u010dn\u00fdch n\u00e1klad\u016f, byly odhodl\u00e1ny tento status quo udr\u017eovat. Studen\u00e1 v\u00e1lka toto chov\u00e1n\u00ed prakticky vynutila. Pot\u00e9 neexistoval \u017e\u00e1dn\u00fd vn\u00edman\u00fd d\u016fvod ke zm\u011bn\u011b vztahu s Evropany. Bylo dobr\u00e9 je m\u00edt, i kdy\u017e u\u017e nebyli skute\u010dn\u011b pot\u0159eba, a bylo dobr\u00e9 je kontrolovat, proto\u017ee st\u00e1le p\u0159edstavovali mocnost. Koneckonc\u016f mocnost, jej\u00ed\u017e dva st\u00e1ty disponovaly vlastn\u00edmi jadern\u00fdmi zbran\u011bmi. Zd\u00e1lo se spr\u00e1vn\u00e9 s nimi zach\u00e1zet laskav\u011b. Nem\u011bli by si ani p\u0159edstavovat, \u017ee by se v krizi mohli postavit USA. M\u011bli by se c\u00edtit bezpe\u010dn\u011b a spol\u00e9hat na ochranu sv\u00e9ho velk\u00e9ho bratra. Podle t\u00e9to teorie to fungovalo dob\u0159e. Evropan\u00e9 zavedli term\u00edn \u201em\u00edrov\u00e1 dividenda\u201c a kousek po kousku se odzbrojovali. To nep\u0159estalo ani s odchodem Brit\u016f z EU.<\/span><\/p>\n<p><span dir=\"auto\">Star\u00e1 sociologick\u00e1 z\u00e1sada \u0159\u00edk\u00e1:<\/span><\/p>\n<h3><strong><span dir=\"auto\">Kdy\u017e se osel p\u0159\u00edli\u0161 usad\u00ed, jde na led.<\/span><\/strong><\/h3>\n<p><span dir=\"auto\">Pokud by existovalo mno\u017en\u00e9 \u010d\u00edslo slova led, dalo by se \u0159\u00edci, \u017ee Evropan\u00e9 se odv\u00e1\u017eili na n\u011bkolik ledov\u00fdch k\u0159ovin. Tyto ledov\u00e9 kry se dr\u017eely dlouho. Nyn\u00ed se nach\u00e1z\u00edme na taj\u00edc\u00ed k\u0159e v p\u0159ev\u00e1\u017en\u011b ledov\u00fdch vod\u00e1ch. Masov\u00e1 migrace roztavila syst\u00e9my soci\u00e1ln\u00edho zabezpe\u010den\u00ed, p\u0159i\u017eivila inflaci a oslabila soci\u00e1ln\u00ed soudr\u017enost. Klimatick\u00e1 hysterie zni\u010dila bezpe\u010dn\u00e9 dod\u00e1vky energie, p\u0159i\u017eivila inflaci a oslabila soci\u00e1ln\u00ed soudr\u017enost. Pokus o integraci Ukrajiny a n\u00e1sledn\u00fd pokus zabr\u00e1nit ne\u00fasp\u011bchu tohoto pokusu nesmysln\u011b vleklou z\u00e1stupnou v\u00e1lkou proti Rusku vy\u010derpal posledn\u00ed rezervy, zv\u00fd\u0161il dluh a oslabil soci\u00e1ln\u00ed soudr\u017enost.\u00a0<\/span><\/p>\n<p><span dir=\"auto\">Kdy\u017e se uk\u00e1zalo, \u017ee star\u00e1 soci\u00e1ln\u00ed soudr\u017enost se rozpad\u00e1, ale z\u00e1rove\u0148 se objevuje nov\u00e1 soci\u00e1ln\u00ed soudr\u017enost, kter\u00e1 se stav\u011bla proti pokra\u010dov\u00e1n\u00ed \u0161ar\u00e1dy, byla znovu pou\u017eita \u201em\u00edrov\u00e1 dividenda\u201c, nyn\u00ed nahrazena heslem \u201ena\u0161e demokracie\u201c. Pokud starou soudr\u017enost ji\u017e nebylo mo\u017en\u00e9 zachr\u00e1nit, bylo nutn\u00e9 alespo\u0148 zabr\u00e1nit vzniku nov\u00e9.<\/span><\/p>\n<p><span dir=\"auto\">Je to projev p\u0159ev\u00e1\u017en\u011b nekrvav\u00e9 ob\u010dansk\u00e9 v\u00e1lky postoj\u016f a n\u00e1zor\u016f. Stejn\u011b jako ve vyb\u00edjen\u00e9 existuje mezi t\u00fdmy d\u011blic\u00ed linie s bojov\u00fdm n\u00e1zvem \u201efirewall\u201c a pravidla stanov\u00ed, \u017ee ti p\u0159ed firewallem mohou d\u011blat cokoli a i ten nejz\u0159eteln\u011bj\u0161\u00ed faul z\u016fst\u00e1v\u00e1 nepotrest\u00e1n, zat\u00edmco ti za firewallem, jednodu\u0161e proto, \u017ee pat\u0159\u00ed k soupe\u0159ovu t\u00fdmu, \u010del\u00ed vylou\u010den\u00ed, jakmile s\u00e1hnou po m\u00ed\u010di, nebo se mu dokonce sna\u017e\u00ed vyhnout, aby nebyli zasa\u017eeni.<\/span><\/p>\n<p><span dir=\"auto\">Navzdory t\u011bmto zvl\u00e1\u0161tn\u00edm pravidl\u016fm, podle nich\u017e nemohl b\u00fdt \u017e\u00e1dn\u00fd gladi\u00e1tor p\u0159esunut do ar\u00e9ny v \u0158\u00edm\u011b, se t\u00fdm p\u0159ed ohnivou zd\u00ed zmen\u0161uje, proto\u017ee st\u00e1le v\u00edce lid\u00ed dobrovoln\u011b p\u0159ech\u00e1z\u00ed na druhou stranu.<\/span><\/p>\n<p><span dir=\"auto\">Mimochodem, tato hra se nehraje jen v N\u011bmecku. S drobn\u00fdmi obm\u011bnami pravidel se odehr\u00e1v\u00e1 ve v\u0161ech \u010dlensk\u00fdch st\u00e1tech EU a v neposledn\u00ed \u0159ad\u011b i ve Velk\u00e9 Brit\u00e1nii. Pokud si st\u00e1t st\u00e1le chce zachovat svou jednotu, je uvnit\u0159 spole\u010denstv\u00ed st\u00e1t\u016f postavena dal\u0161\u00ed ze\u010f, kter\u00e1 m\u00e1 izolovat zhoubn\u00e9ho ducha n\u00e1rodn\u00ed jednoty od zbytku EU.<\/span><\/p>\n<p><span dir=\"auto\">Z pohledu vn\u011bj\u0161\u00edho pozorovatele to ale vypad\u00e1 naprosto \u0161\u00edlen\u011b. Zdravotni\u010dt\u00ed profesion\u00e1lov\u00e9 by pou\u017eili analogii s autoimunitn\u00edm onemocn\u011bn\u00edm. V\u00e1le\u010dn\u00ed zpravodajov\u00e9 by si p\u0159edstavovali zran\u011bn\u00e9ho voj\u00e1ka ve stavu pokro\u010dil\u00e9 du\u0161evn\u00ed poruchy, jak st\u0159\u00edl\u00ed na zdravotn\u00edky, kte\u0159\u00ed mu sp\u011bchaj\u00ed na pomoc. Hasi\u010di by se pravd\u011bpodobn\u011b zam\u011b\u0159ili pouze na kontrolovan\u00e9 p\u00e1len\u00ed, aby zajistili, \u017ee v\u0161echny zb\u00fdvaj\u00edc\u00ed uhl\u00edky budou nalezeny a uha\u0161eny.<\/span><\/p>\n<p><span dir=\"auto\">USA u\u017e vid\u011bly dost.<\/span><\/p>\n<p><span dir=\"auto\">Nevzdali se Evropy. To by byla dezinterpretace jejich \u010din\u016f.<\/span><\/p>\n<p><span dir=\"auto\">P\u0159ipomn\u011bli si dal\u0161\u00ed starou sociologickou z\u00e1sadu, kter\u00e1 zn\u00ed takto:<\/span><\/p>\n<h3><strong><span dir=\"auto\">Dej \u010dlov\u011bku rybu a nasyt\u00ed\u0161 ho na jeden den. <\/span><span dir=\"auto\">Nau\u010d \u010dlov\u011bka ryba\u0159it a nasyt\u00ed\u0161 ho na cel\u00fd \u017eivot.<\/span><\/strong><\/h3>\n<p><span dir=\"auto\">Po cel\u00e1 desetilet\u00ed prod\u00e1vali ryby, aby udr\u017eeli Evropu na\u017eivu a z\u00e1vislou na lidech. Evropan\u00e9 v\u0161ak p\u0159i tom zapomn\u011bli, jak se u\u017eivit, \u00famysln\u011b se oslabovali a nakonec si ubli\u017eovali.<\/span><\/p>\n<p><span dir=\"auto\">Osel to m\u00e1 na sob\u011b u\u017e p\u0159\u00edli\u0161 dlouho. Mus\u00ed sl\u00e9zt z ledu. Douf\u00e1, \u017ee jeho pud sebez\u00e1chovy bude sta\u010dit k tomu, aby sko\u010dil z taj\u00edc\u00ed ledov\u00e9 kry na bezpe\u010dn\u00fd b\u0159eh, jinak ho \u010dek\u00e1 naprost\u00e1 zk\u00e1za.<\/span><\/p>\n<p><span dir=\"auto\">T\u00edmto brut\u00e1ln\u00edm zp\u016fsobem se maj\u00ed Evropan\u00e9 \u2013 pot\u00e9, co v\u0161echny ostatn\u00ed prost\u0159edky selhaly \u2013 znovu nau\u010dit ryba\u0159it a u\u017eivit se.<\/span><\/p>\n<p><span dir=\"auto\">Mimochodem, MAGA je charakteristick\u00fdm znakem stejn\u00e9ho procesu.<\/span><\/p>\n<p><a href=\"https:\/\/egon-w-kreutzer.de\/europa-ist-nicht-mehr-relevant\">Egon W. Kreutzer<\/a><\/p>\n<p>&nbsp;<\/p>\n","protected":false},"excerpt":{"rendered":"<p>Nov\u00fd rok za\u010dal geopolitick\u00fdm zem\u011bt\u0159esen\u00edm, kter\u00e9 bylo jasn\u011b p\u0159edznamen\u00e1no nejm\u00e9n\u011b rok. To, na co J&#8230;.<\/p>\n","protected":false},"author":2,"featured_media":97964,"comment_status":"closed","ping_status":"closed","sticky":false,"template":"","format":"standard","meta":[],"categories":[7],"tags":[41,1503,122,37],"_links":{"self":[{"href":"https:\/\/www.infokuryr.cz\/n\/wp-json\/wp\/v2\/posts\/97963"}],"collection":[{"href":"https:\/\/www.infokuryr.cz\/n\/wp-json\/wp\/v2\/posts"}],"about":[{"href":"https:\/\/www.infokuryr.cz\/n\/wp-json\/wp\/v2\/types\/post"}],"author":[{"embeddable":true,"href":"https:\/\/www.infokuryr.cz\/n\/wp-json\/wp\/v2\/users\/2"}],"replies":[{"embeddable":true,"href":"https:\/\/www.infokuryr.cz\/n\/wp-json\/wp\/v2\/comments?post=97963"}],"version-history":[{"count":0,"href":"https:\/\/www.infokuryr.cz\/n\/wp-json\/wp\/v2\/posts\/97963\/revisions"}],"wp:featuredmedia":[{"embeddable":true,"href":"https:\/\/www.infokuryr.cz\/n\/wp-json\/wp\/v2\/media\/97964"}],"wp:attachment":[{"href":"https:\/\/www.infokuryr.cz\/n\/wp-json\/wp\/v2\/media?parent=97963"}],"wp:term":[{"taxonomy":"category","embeddable":true,"href":"https:\/\/www.infokuryr.cz\/n\/wp-json\/wp\/v2\/categories?post=97963"},{"taxonomy":"post_tag","embeddable":true,"href":"https:\/\/www.infokuryr.cz\/n\/wp-json\/wp\/v2\/tags?post=97963"}],"curies":[{"name":"wp","href":"https:\/\/api.w.org\/{rel}","templated":true}]}}