{"id":97956,"date":"2026-01-28T00:21:34","date_gmt":"2026-01-27T23:21:34","guid":{"rendered":"https:\/\/www.infokuryr.cz\/n\/?p=97956"},"modified":"2026-01-27T13:37:30","modified_gmt":"2026-01-27T12:37:30","slug":"andrew-korybko-lavrov-odhalil-plan-evropanu-na-zmareni-trumpova-miroveho-planu-pro-ukrajinu","status":"publish","type":"post","link":"https:\/\/www.infokuryr.cz\/n\/2026\/01\/28\/andrew-korybko-lavrov-odhalil-plan-evropanu-na-zmareni-trumpova-miroveho-planu-pro-ukrajinu\/","title":{"rendered":"Andrew Korybko: Lavrov odhalil pl\u00e1n Evropan\u016f na zma\u0159en\u00ed Trumpova m\u00edrov\u00e9ho pl\u00e1nu pro Ukrajinu"},"content":{"rendered":"<div id=\"fb-root\"><\/div>\n<p><strong><span dir=\"auto\">Bystr\u00fd pozorovatel\u00e9 dok\u00e1\u017eou \u010d\u00edst mezi \u0159\u00e1dky a rozpoznat i ruskou nespokojenost s n\u00edm.<\/span><\/strong><\/p>\n<p><span dir=\"auto\">Rusk\u00fd ministr zahrani\u010d\u00ed Sergej Lavrov na sv\u00e9 prvn\u00ed tiskov\u00e9 konferenci v tomto roce koncem ledna probral \u0159adu t\u00e9mat,\u00a0<\/span><a href=\"https:\/\/mid.ru\/en\/foreign_policy\/news\/2073858\/#sel=282:1:Too,282:34:jyj\" rel=\"\"><span dir=\"auto\">mezi nimi\u017e bylo d\u016fle\u017eit\u00e9 i\u00a0<\/span><\/a><span dir=\"auto\">pl\u00e1nov\u00e1n\u00ed Evropan\u016f na zma\u0159en\u00ed Trumpova m\u00edrov\u00e9ho pl\u00e1nu pro Ukrajinu. Podle n\u011bj Spojen\u00e9 kr\u00e1lovstv\u00ed \u201est\u00e1le \u010dast\u011bji hovo\u0159\u00ed jm\u00e9nem EU\u201c, a proto hraje v tomto \u00fasil\u00ed vedouc\u00ed roli, \u201ekter\u00e9 se redukuje na jedno \u2013 okam\u017eit\u00e9\u00a0<\/span><a href=\"https:\/\/thealtworld.com\/andrew_korybko\/will-putin-agree-to-a-ceasefire\" rel=\"\"><span dir=\"auto\">p\u0159\u00edm\u011b\u0159\u00ed\u00a0<\/span><\/a><span dir=\"auto\">dopln\u011bn\u00e9 pr\u00e1vn\u00edmi bezpe\u010dnostn\u00edmi z\u00e1rukami pro Ukrajinu. Ot\u00e1zkou je, \u010deho se tyto bezpe\u010dnostn\u00ed z\u00e1ruky t\u00fdkaj\u00ed.\u201c<\/span><\/p>\n<p><span dir=\"auto\">Jak to Lavrov vid\u00ed, \u00fa\u010delem je \u201ezachov\u00e1n\u00ed sou\u010dasn\u00e9ho\u00a0<\/span><a href=\"https:\/\/thealtworld.com\/andrew_korybko\/lavrov-elaborated-on-russias-envisaged-denazification-of-ukraine\" rel=\"\"><span dir=\"auto\">nacistick\u00e9ho re\u017eimu\u00a0<\/span><\/a><span dir=\"auto\">\u201c, kter\u00fd \u201enikdy leg\u00e1ln\u011b neuzn\u00e1 Krym, Novorusko a Donbas jako Rusko\u2026 A p\u0159\u00edm\u011b\u0159\u00ed pod\u00e9l sou\u010dasn\u00e9 linie kontaktu, po kter\u00e9m \u201aZ\u00e1pad pom\u016f\u017ee\u2018, je pro n\u00e1s nep\u0159ijateln\u00e9, proto\u017ee tam postav\u00ed z\u00e1kladny.\u201c V tomto sc\u00e9n\u00e1\u0159i \u201e[Francie a Spojen\u00e9 kr\u00e1lovstv\u00ed] nasad\u00ed na Ukrajin\u011b\u00a0<\/span><a href=\"https:\/\/korybko.substack.com\/p\/what-are-the-us-calculations-for\" rel=\"\"><span dir=\"auto\">mnohon\u00e1rodn\u00ed s\u00edly\u00a0<\/span><\/a><span dir=\"auto\">, vybuduj\u00ed tam s\u00ed\u0165 vojensk\u00fdch uzl\u016f (z\u00e1kladen)\u2026 a na Ukrajinu napumpuj\u00ed dal\u0161\u00ed zbran\u011b, aby vytvo\u0159ily hrozby pro Ruskou federaci.\u201c<\/span><\/p>\n<p><span dir=\"auto\">Ve snaze o dosa\u017een\u00ed t\u011bchto c\u00edl\u016f se sna\u017e\u00ed \u201ep\u0159esv\u011bd\u010dit Trumpa (o sv\u00fdch z\u00e1sluh\u00e1ch) a (pak) ho nechat donutit Putina, aby to p\u0159ijal, a \u017ee do toho v\u0161ichni p\u016fjdou\u201c, jakmile se tak stane. \u201eTrumpova my\u0161lenka, kterou jsme v Anchorage prodiskutovali a podpo\u0159ili, byla touto elitn\u00ed evropskou skupinou kategoricky odm\u00edtnuta.\u201c Lavrov se o tom nezm\u00ednil, ale Trump se nebr\u00e1nil tomu, aby Evropan\u00e9 podvraceli jeho ukrajinsk\u00fd m\u00edrov\u00fd pl\u00e1n, kter\u00fd se Rusku mnohem v\u00edce l\u00edbil a alespo\u0148 pravd\u011bpodobn\u011b deklaroval z\u00e1m\u011br vy\u0159e\u0161it z\u00e1kladn\u00ed probl\u00e9my.<\/span><\/p>\n<p><span dir=\"auto\">Toto pozorov\u00e1n\u00ed siln\u011b nazna\u010duje, \u017ee se op\u011bt dost\u00e1v\u00e1 pod vliv jin\u00fdch, v tomto p\u0159\u00edpad\u011b v\u00e1le\u010dn\u00fdch \u0161prt\u016f Evropan\u016f a jejich\u00a0<\/span><a href=\"https:\/\/korybko.substack.com\/p\/heres-how-lindsey-graham-manipulated\" rel=\"\"><span dir=\"auto\">neokonzervativn\u00edch spojenc\u016f\u00a0<\/span><\/a><span dir=\"auto\">v USA, mo\u017en\u00e1 pot\u00e9, co byl uveden v omyl a\u00a0<\/span><a href=\"https:\/\/voiceofeast.net\/2022\/04\/08\/vladimir-putin-monster-madman-or-mastermind\/\" rel=\"\"><span dir=\"auto\">vn\u00edmal ruskou zdr\u017eenlivost\u00a0<\/span><\/a><span dir=\"auto\">jako slabost, kterou m\u016f\u017ee vyu\u017e\u00edt k prosazov\u00e1n\u00ed nulov\u00fdch sou\u010dtov\u00fdch z\u00e1jm\u016f sv\u00e9 zem\u011b. T\u011bmito z\u00e1jmy je vynutit si od Ruska maxim\u00e1ln\u00ed po\u010det \u00fastupk\u016f, ide\u00e1ln\u011b takov\u00fdch, kter\u00e9 oslabuj\u00ed jeho celkovou strategickou pozici, co\u017e Putin st\u00e1le odm\u00edt\u00e1, proto\u017ee nevid\u00ed d\u016fvod k jejich pod\u0159\u00edzen\u00ed.<\/span><\/p>\n<p><span dir=\"auto\">Pr\u00e1v\u011b v souvislosti s t\u00edmto c\u00edlem je relevantn\u00ed Lavrovovo varov\u00e1n\u00ed p\u0159ed snahou USA o dosa\u017een\u00ed strategick\u00e9 p\u0159evahy nad Ruskem. O tom hovo\u0159il i na t\u00e9\u017ee tiskov\u00e9 konferenci. D\u016fle\u017eit\u00e9 je, \u017ee neutralizace rusk\u00fdch jadern\u00fdch schopnost\u00ed druh\u00e9ho \u00faderu prost\u0159ednictv\u00edm \u010dty\u0159 vz\u00e1jemn\u011b propojen\u00fdch prost\u0159edk\u016f, o kter\u00fdch se zm\u00ednil a kter\u00e9\u00a0<\/span><a href=\"https:\/\/korybko.substack.com\/p\/lavrov-warned-about-the-us-attempt\" rel=\"\"><span dir=\"auto\">zde byly analyzov\u00e1ny\u00a0<\/span><\/a><span dir=\"auto\">, by mohla takov\u00e9 \u00fastupky u\u010dinit pravd\u011bpodobn\u011bj\u0161\u00edmi. Rusko je v\u0161ak schopno si tyto schopnosti udr\u017eet, tak\u017ee tohoto c\u00edle t\u00edmto zp\u016fsobem nebude dosa\u017eeno.<\/span><\/p>\n<p><span dir=\"auto\">Jedinou mo\u017enost\u00ed USA k prosazov\u00e1n\u00ed t\u011bchto nulov\u00fdch z\u00e1jm\u016f (pokud Trump z\u016fstane pod vlivem v\u00e1le\u010dn\u00fdch \u0161tv\u00e1\u010d\u016f Evropan\u016f a jejich neokonzervativn\u00edch spojenc\u016f v USA) je tedy prohlubov\u00e1n\u00ed konfliktu soub\u011b\u017en\u011b se stup\u0148uj\u00edc\u00edm se sekund\u00e1rn\u00edm sank\u010dn\u00edm tlakem, k \u010demu\u017e v sou\u010dasnosti doch\u00e1z\u00ed. Trump mohl Evropany potrestat za ma\u0159en\u00ed jeho ukrajinsk\u00e9ho m\u00edrov\u00e9ho pl\u00e1nu dohodnut\u00e9ho v Anchorage, nebo jim alespo\u0148 \u0159\u00edct, aby s jeho ma\u0159en\u00edm p\u0159estali, ale zat\u00edm k rusk\u00e9 zlosti neud\u011blal ani jedno.<\/span><\/p>\n<p><span dir=\"auto\">Nelze vylou\u010dit, \u017ee by tak jednoho dne mohl u\u010dinit, ale Rusko je prozat\u00edm k jeho z\u00e1m\u011br\u016fm opr\u00e1vn\u011bn\u011b skeptick\u00e9, ale z\u00e1rove\u0148 nechce riskovat, \u017ee ho uraz\u00ed a v d\u016fsledku toho se z nejhor\u0161\u00edho sc\u00e9n\u00e1\u0159e, kdy by konflikt zdvojn\u00e1sobil, stane sebenapl\u0148uj\u00edc\u00ed se proroctv\u00ed t\u00edm, \u017ee takov\u00fd n\u00e1zor otev\u0159en\u011b vyj\u00e1d\u0159\u00ed. To vysv\u011btluje, pro\u010d Lavrov na sv\u00e9 tiskov\u00e9 konferenci kritizoval pouze Evropany, a nikoli Trumpa. Bystr\u00ed pozorovatel\u00e9 v\u0161ak dok\u00e1\u017eou \u010d\u00edst mezi \u0159\u00e1dky a rozpoznat i ruskou nespokojenost s n\u00edm.<\/span><\/p>\n<p><a href=\"https:\/\/korybko.substack.com\/p\/lavrov-exposed-the-europeans-plot?utm_source=post-email-title&amp;publication_id=835783&amp;post_id=185695884&amp;utm_campaign=email-post-title&amp;isFreemail=true&amp;r=pf6gr&amp;triedRedirect=true&amp;utm_medium=email\">Andrew Korybko, PhD<\/a><\/p>\n<p><img decoding=\"async\" loading=\"lazy\" class=\"alignnone  wp-image-22017\" src=\"http:\/\/www.infokuryr.cz\/n\/wp-content\/uploads\/2023\/01\/andrew-korybko-300x300.jpg\" alt=\"\" width=\"172\" height=\"172\" srcset=\"https:\/\/www.infokuryr.cz\/n\/wp-content\/uploads\/2023\/01\/andrew-korybko-300x300.jpg 300w, https:\/\/www.infokuryr.cz\/n\/wp-content\/uploads\/2023\/01\/andrew-korybko-150x150.jpg 150w, https:\/\/www.infokuryr.cz\/n\/wp-content\/uploads\/2023\/01\/andrew-korybko.jpg 400w\" sizes=\"(max-width: 172px) 100vw, 172px\" \/><\/p>\n<p>&nbsp;<\/p>\n","protected":false},"excerpt":{"rendered":"<p>Bystr\u00fd pozorovatel\u00e9 dok\u00e1\u017eou \u010d\u00edst mezi \u0159\u00e1dky a rozpoznat i ruskou nespokojenost s n\u00edm. Rusk\u00fd ministr&#8230;<\/p>\n","protected":false},"author":2,"featured_media":97957,"comment_status":"closed","ping_status":"closed","sticky":false,"template":"","format":"standard","meta":[],"categories":[7],"tags":[1042,41,4030,452,26],"_links":{"self":[{"href":"https:\/\/www.infokuryr.cz\/n\/wp-json\/wp\/v2\/posts\/97956"}],"collection":[{"href":"https:\/\/www.infokuryr.cz\/n\/wp-json\/wp\/v2\/posts"}],"about":[{"href":"https:\/\/www.infokuryr.cz\/n\/wp-json\/wp\/v2\/types\/post"}],"author":[{"embeddable":true,"href":"https:\/\/www.infokuryr.cz\/n\/wp-json\/wp\/v2\/users\/2"}],"replies":[{"embeddable":true,"href":"https:\/\/www.infokuryr.cz\/n\/wp-json\/wp\/v2\/comments?post=97956"}],"version-history":[{"count":0,"href":"https:\/\/www.infokuryr.cz\/n\/wp-json\/wp\/v2\/posts\/97956\/revisions"}],"wp:featuredmedia":[{"embeddable":true,"href":"https:\/\/www.infokuryr.cz\/n\/wp-json\/wp\/v2\/media\/97957"}],"wp:attachment":[{"href":"https:\/\/www.infokuryr.cz\/n\/wp-json\/wp\/v2\/media?parent=97956"}],"wp:term":[{"taxonomy":"category","embeddable":true,"href":"https:\/\/www.infokuryr.cz\/n\/wp-json\/wp\/v2\/categories?post=97956"},{"taxonomy":"post_tag","embeddable":true,"href":"https:\/\/www.infokuryr.cz\/n\/wp-json\/wp\/v2\/tags?post=97956"}],"curies":[{"name":"wp","href":"https:\/\/api.w.org\/{rel}","templated":true}]}}