{"id":97929,"date":"2026-01-27T06:09:13","date_gmt":"2026-01-27T05:09:13","guid":{"rendered":"https:\/\/www.infokuryr.cz\/n\/?p=97929"},"modified":"2026-01-27T06:09:13","modified_gmt":"2026-01-27T05:09:13","slug":"kurdske-drony-uprostred-krehkeho-primeri-znicily-konvoj-syrske-armady","status":"publish","type":"post","link":"https:\/\/www.infokuryr.cz\/n\/2026\/01\/27\/kurdske-drony-uprostred-krehkeho-primeri-znicily-konvoj-syrske-armady\/","title":{"rendered":"Kurdsk\u00e9 drony, uprost\u0159ed k\u0159ehk\u00e9ho p\u0159\u00edm\u011b\u0159\u00ed, zni\u010dily konvoj syrsk\u00e9 arm\u00e1dy"},"content":{"rendered":"<div id=\"fb-root\"><\/div>\n<p><strong><span dir=\"auto\">Syrsk\u00e9 demokratick\u00e9 s\u00edly (SDF) 26. ledna odrazily n\u011bkolik \u00fatok\u016f sil syrsk\u00e9 p\u0159echodn\u00e9 vl\u00e1dy (STG) veden\u00e9 islamisty, kter\u00e9 byly zam\u011b\u0159eny na kurdsk\u00e9 oblasti v Aleppu a al-Hasace.<\/span><\/strong><\/p>\n<p><span dir=\"auto\">\u00datoky, kter\u00e9 za\u010daly brzy r\u00e1no a pokra\u010dovaly a\u017e do odpoledne, se odehr\u00e1ly uprost\u0159ed 15denn\u00ed dohody o p\u0159\u00edm\u011b\u0159\u00ed, kterou STG ozn\u00e1mila dva dny p\u0159edt\u00edm.<\/span><\/p>\n<p><span dir=\"auto\">Dohoda prodlou\u017eila \u010dty\u0159denn\u00ed p\u0159\u00edm\u011b\u0159\u00ed ozn\u00e1men\u00e9 20. ledna jako sou\u010d\u00e1st dohody o proveden\u00ed dohody o slou\u010den\u00ed, kter\u00e1 byla uzav\u0159ena o dva dny d\u0159\u00edve po rozs\u00e1hl\u00e9 ofenz\u00edv\u011b vl\u00e1dn\u00edch sil, v n\u00ed\u017e SDF ztratily oblasti s arabskou v\u011bt\u0161inou od Aleppa po Rakku, Deir Ezzor a dokonce i al-Hasaku.<\/span><\/p>\n<p><span dir=\"auto\">V\u011bt\u0161ina \u00fatok\u016f se zam\u011b\u0159ila na m\u011bsta Kharab al-Ashiq a al-Jalabiyah, kter\u00e1 se nach\u00e1zej\u00ed jihov\u00fdchodn\u011b od m\u011bsta Kobani ve v\u00fdchodn\u00edm Aleppu.<\/span><\/p>\n<p><span dir=\"auto\">Ve sv\u00e9m prohl\u00e1\u0161en\u00ed SDF uvedly, \u017ee v obou m\u011bstech, zejm\u00e9na v al-D\u017eal\u00e1b\u00edji, v sou\u010dasn\u00e9 dob\u011b prob\u00edhaj\u00ed nel\u00edtostn\u00e9 boje, p\u0159i\u010dem\u017e jednotky STG nasadily hlavn\u00ed bojov\u00e9 tanky a obrn\u011bn\u00e1 vozidla.<\/span><\/p>\n<p><span dir=\"auto\">Vl\u00e1dn\u00ed s\u00edly p\u0159i jednom \u00fatoku pobl\u00ed\u017e al-D\u017eal\u00e1b\u00edje ztratily cel\u00fd obrn\u011bn\u00fd konvoj. Dev\u011bt vozidel, v\u010detn\u011b nejm\u00e9n\u011b jednoho tanku, bylo \u00fadajn\u011b zni\u010deno nebo po\u0161kozeno drony SDF. Jednotky lidov\u00e9 ochrany, z\u00e1kladn\u00ed s\u00edla SDF, zve\u0159ejnily z\u00e1b\u011bry zachycuj\u00edc\u00ed n\u00e1sledky ne\u00fasp\u011b\u0161n\u00e9ho \u00fatoku.<\/span><\/p>\n<p><iframe loading=\"lazy\" src=\"https:\/\/s1.cdnstatic.space\/wp-content\/uploads\/2026\/01\/kobani-1.mp4\" width=\"600\" height=\"338\" data-mce-fragment=\"1\"><\/iframe><\/p>\n<p><iframe loading=\"lazy\" src=\"https:\/\/s1.cdnstatic.space\/wp-content\/uploads\/2026\/01\/kobani2-1.mp4\" width=\"600\" height=\"338\" data-mce-fragment=\"1\"><\/iframe><\/p>\n<p><span dir=\"auto\">Proto\u017ee se jednotky STG nemohly posunout vp\u0159ed, zintenz\u00edvnily d\u011blost\u0159eleck\u00e9 \u00fadery na ob\u011b m\u011bsta, p\u0159i\u010dem\u017e v Kharab al-Ashiq zabily p\u011bt civilist\u016f a p\u011bt dal\u0161\u00edch zranily, uvedly SDF, kter\u00e9 ve sv\u00e9m prohl\u00e1\u0161en\u00ed uvedly, \u017ee v\u0161ech deset ob\u011bt\u00ed byli \u010dlenov\u00e9 stejn\u00e9 rodiny.<\/span><\/p>\n<p><iframe loading=\"lazy\" src=\"https:\/\/s1.cdnstatic.space\/wp-content\/uploads\/2026\/01\/kh1.mp4\" width=\"600\" height=\"338\" data-mce-fragment=\"1\"><\/iframe><\/p>\n<p><iframe loading=\"lazy\" src=\"https:\/\/s1.cdnstatic.space\/wp-content\/uploads\/2026\/01\/kh2.mp4\" width=\"600\" height=\"338\" data-mce-fragment=\"1\"><\/iframe><\/p>\n<p><iframe loading=\"lazy\" src=\"https:\/\/s1.cdnstatic.space\/wp-content\/uploads\/2026\/01\/kh3.mp4\" width=\"600\" height=\"338\" data-mce-fragment=\"1\"><\/iframe><\/p>\n<p><span dir=\"auto\">STG tak\u00e9 zah\u00e1jila pom\u011brn\u011b rozs\u00e1hl\u00fd \u00fatok na m\u011bsto as-Safa ve v\u00fdchodn\u00ed \u010d\u00e1sti al-Hasaky, p\u0159i\u010dem\u017e SDF ve sv\u00e9m prohl\u00e1\u0161en\u00ed uznaly, \u017ee tam vl\u00e1dn\u00ed s\u00edly postupovaly, a z\u00e1rove\u0148 hl\u00e1sily civiln\u00ed ob\u011bti. Ve m\u011bst\u011b v sou\u010dasn\u00e9 dob\u011b prob\u00edhaj\u00ed intenzivn\u00ed boje.<\/span><\/p>\n<p><iframe loading=\"lazy\" src=\"https:\/\/s1.cdnstatic.space\/wp-content\/uploads\/2026\/01\/safa.mp4\" width=\"600\" height=\"338\" data-mce-fragment=\"1\"><\/iframe><\/p>\n<p><span dir=\"auto\">Nejnov\u011bj\u0161\u00ed \u00fatoky STG nebyly p\u0159ekvapiv\u00e9. P\u0159esto\u017ee ob\u011b strany od 20. ledna u\u010dinily mnoho pozitivn\u00edch prohl\u00e1\u0161en\u00ed a opakovan\u011b vyj\u00e1d\u0159ily sv\u016fj z\u00e1vazek k dohod\u011b o f\u00fazi, dosud nedo\u0161lo k \u017e\u00e1dn\u00e9mu skute\u010dn\u00e9mu pokroku.<\/span><\/p>\n<p><span dir=\"auto\">Vl\u00e1da byla pravd\u011bpodobn\u011b nucena ozn\u00e1mit 15denn\u00ed dohodu o p\u0159\u00edm\u011b\u0159\u00ed, aby usnadnila vojenskou operaci Spojen\u00fdch st\u00e1t\u016f s c\u00edlem evakuovat asi 7 000 zadr\u017eovan\u00fdch \u010dlen\u016f ISIS ze za\u0159\u00edzen\u00ed provozovan\u00fdch SDF do Ir\u00e1ku.<\/span><\/p>\n<p><span dir=\"auto\">Od za\u010d\u00e1tku p\u0159\u00edm\u011b\u0159\u00ed bylo jasn\u00e9, \u017ee STG, a to i p\u0159es z\u00e1vazek ne\u00fato\u010dit na kurdsk\u00e9 oblasti, pl\u00e1nuje obnovit ofenz\u00edvu proti SDF. Vl\u00e1dn\u00ed s\u00edly dosadily masivn\u00ed posily a hned po za\u010d\u00e1tku p\u0159\u00edm\u011b\u0159\u00ed dokonce otev\u0159ely dva evakua\u010dn\u00ed koridory pobl\u00ed\u017e Kobani a v al-Hasace.<\/span><\/p>\n<p><img decoding=\"async\" loading=\"lazy\" class=\"alignnone size-full wp-image-1185\" src=\"http:\/\/www.infokuryr.cz\/n\/wp-content\/uploads\/2021\/04\/kuryr-podpis.png\" alt=\"\" width=\"84\" height=\"24\" \/><\/p>\n<p>&nbsp;<\/p>\n","protected":false},"excerpt":{"rendered":"<p>Syrsk\u00e9 demokratick\u00e9 s\u00edly (SDF) 26. ledna odrazily n\u011bkolik \u00fatok\u016f sil syrsk\u00e9 p\u0159echodn\u00e9 vl\u00e1dy (STG) veden\u00e9&#8230;<\/p>\n","protected":false},"author":2,"featured_media":97930,"comment_status":"closed","ping_status":"closed","sticky":false,"template":"","format":"standard","meta":[],"categories":[7],"tags":[2856,290,147,5135],"_links":{"self":[{"href":"https:\/\/www.infokuryr.cz\/n\/wp-json\/wp\/v2\/posts\/97929"}],"collection":[{"href":"https:\/\/www.infokuryr.cz\/n\/wp-json\/wp\/v2\/posts"}],"about":[{"href":"https:\/\/www.infokuryr.cz\/n\/wp-json\/wp\/v2\/types\/post"}],"author":[{"embeddable":true,"href":"https:\/\/www.infokuryr.cz\/n\/wp-json\/wp\/v2\/users\/2"}],"replies":[{"embeddable":true,"href":"https:\/\/www.infokuryr.cz\/n\/wp-json\/wp\/v2\/comments?post=97929"}],"version-history":[{"count":0,"href":"https:\/\/www.infokuryr.cz\/n\/wp-json\/wp\/v2\/posts\/97929\/revisions"}],"wp:featuredmedia":[{"embeddable":true,"href":"https:\/\/www.infokuryr.cz\/n\/wp-json\/wp\/v2\/media\/97930"}],"wp:attachment":[{"href":"https:\/\/www.infokuryr.cz\/n\/wp-json\/wp\/v2\/media?parent=97929"}],"wp:term":[{"taxonomy":"category","embeddable":true,"href":"https:\/\/www.infokuryr.cz\/n\/wp-json\/wp\/v2\/categories?post=97929"},{"taxonomy":"post_tag","embeddable":true,"href":"https:\/\/www.infokuryr.cz\/n\/wp-json\/wp\/v2\/tags?post=97929"}],"curies":[{"name":"wp","href":"https:\/\/api.w.org\/{rel}","templated":true}]}}