{"id":97925,"date":"2026-01-27T05:56:30","date_gmt":"2026-01-27T04:56:30","guid":{"rendered":"https:\/\/www.infokuryr.cz\/n\/?p=97925"},"modified":"2026-01-27T05:56:30","modified_gmt":"2026-01-27T04:56:30","slug":"miroslav-kelnar-prohnilost-od-vrchu-az-dolu","status":"publish","type":"post","link":"https:\/\/www.infokuryr.cz\/n\/2026\/01\/27\/miroslav-kelnar-prohnilost-od-vrchu-az-dolu\/","title":{"rendered":"Miroslav Kelnar: Prohnilost od vrchu a\u017e dol\u016f"},"content":{"rendered":"<div id=\"fb-root\"><\/div>\n<p align=\"justify\"><strong>\u0158ada lid\u00ed zde v\u00a0tomto st\u00e1t\u011b m\u00e1 \u0161patn\u00e9 zku\u0161enosti s\u00a0vy\u0161et\u0159ov\u00e1n\u00edm polici\u00ed, s rozhodov\u00e1n\u00edm soud\u016f a dokonce i s\u00a0\u010dinnost\u00ed advok\u00e1t\u016f, kte\u0159\u00ed by m\u011bli h\u00e1jit pr\u00e1va ob\u010dan\u016f proti trestn\u011bpr\u00e1vn\u00edm org\u00e1n\u016fm v\u00a0t\u00e9to zemi. Poslechn\u011bte si n\u011bkdy pana Prouska a pan\u00ed Vit\u00e1skovou na Svobodn\u00e9m vys\u00edla\u010di, ti o tom mluv\u00ed.<\/strong><\/p>\n<p align=\"justify\">Nen\u00ed ale mnoho t\u011bch, kte\u0159\u00ed o t\u011bch sv\u00fdch \u0161patn\u00fdch zku\u0161enostech mluv\u00ed na ve\u0159ejnosti. J\u00e1 ty svoje nep\u011bkn\u00e9 z\u00e1\u017eitky s\u00a0polici\u00ed, st\u00e1tn\u00edmi z\u00e1stupci a soudci zde vystavuji na odiv ve sv\u00fdch \u010dl\u00e1nc\u00edch,<strong>\u00a0kdy mi jde o to, aby lid\u00e9 netrp\u011bli n\u011bjak\u00fdmi iluzemi, jak to zde v\u0161echno u policie, st\u00e1tn\u00edho zastupitelstv\u00ed a v\u00a0soudnictv\u00ed dob\u0159e funguje<\/strong>.<\/p>\n<p align=\"justify\">Ta b\u00edda, kter\u00e1 prov\u00e1z\u00ed fungov\u00e1n\u00ed trestn\u011bpr\u00e1vn\u00edho syst\u00e9mu u n\u00e1s, tak ta se nevyh\u00fdb\u00e1 ani advokacii a hned se budu sna\u017eit zde prok\u00e1zat, co jsem tu nyn\u00ed prohl\u00e1sil.<\/p>\n<p align=\"justify\">P\u0159edstavil jsem zde na tomto port\u00e1le dva sv\u00e9 soudn\u00ed p\u0159\u00edpady, kde jsem byl v\u00a0obou p\u0159\u00edpadech uzn\u00e1n vinn\u00fdm, a mus\u00edm dodat, \u017ee v\u00a0obou p\u0159\u00edpadech byly proti mn\u011b vedeny \u00fa\u010delov\u00e9 soudn\u00ed procesy bez d\u016fkaz\u016f respektive s\u00a0vyu\u017eit\u00edm vykonstruovan\u00fdch d\u016fkaz\u016f:<\/p>\n<p align=\"justify\"><span style=\"color: #ff0000;\"><a style=\"color: #ff0000;\" href=\"https:\/\/www.infokuryr.cz\/n\/2026\/01\/21\/miroslav-kelnar-jak-se-soudi-po-cesku\/\">JAK SE SOUD\u00cd PO \u010cESKU<\/a><\/span><\/p>\n<p align=\"justify\"><span style=\"color: #ff0000;\"><a style=\"color: #ff0000;\" href=\"https:\/\/www.infokuryr.cz\/n\/2026\/01\/25\/miroslav-kelnar-jak-snadne-je-korupcit-kdyz-mate-pod-palcem-justici\/\">JAK SNADN\u00c9 JE KORUP\u010cIT, KDY\u017d M\u00c1TE POD PALCEM JUSTICI<\/a><\/span><\/p>\n<p align=\"justify\">Z\u0159ejm\u011b ka\u017ed\u00e9ho napadne:\u00a0<em>\u201eDob\u0159e, projel jsi oba soudy, tak to jsi musel m\u00edt ur\u010dit\u011b \u0161patn\u00e9 advok\u00e1ty\u201c<\/em>. Takov\u00e9 panuje obecn\u00e9 pov\u011bdom\u00ed \u017eiven\u00e9 z\u00e1padn\u00edmi filmy, kdy trest u soudu z\u00e1vis\u00ed na obratnosti a ostr\u00e9m jazyku advok\u00e1ta. \u0158ekl bych, \u017ee je dobr\u00e9 se oprostit od t\u011bchto americk\u00fdch soudn\u00edch bajek. J\u00e1 jsem se s ni\u010d\u00edm takov\u00fdm u t\u011bch sv\u00fdch dvou soudn\u00edch proces\u016f nesetkal, \u017ee by n\u011bjak moc z\u00e1le\u017eelo na tom, co tam moji advok\u00e1ti p\u0159edv\u00e1d\u00ed, proto\u017ee\u00a0<strong>u m\u011b byly v\u00fdsledky soudn\u00edch proces\u016f dop\u0159edu dohodnuty mezi polici\u00ed, st\u00e1tn\u00edm zastupitelstv\u00edm a soudem<\/strong>. Tak\u017ee, i kdybych m\u011bl za advok\u00e1ta Jana Zlato\u00fast\u00e9ho, tak by byl z\u0159ejm\u011b v\u00fdsledek pro m\u011b stejn\u011b nep\u0159\u00edzniv\u00fd.<\/p>\n<p align=\"justify\">P\u0159esto\u017ee zde tvrd\u00edm, \u017ee mn\u011b ud\u011blen\u00e9 tresty v obou m\u00fdch soudn\u00edch p\u0159\u00edpadech z\u00e1visely v z\u00e1sad\u011b na \u201evy\u0161\u0161\u00edch vlivech\u201c, ne\u017e na tom, jak bude m\u016fj advok\u00e1t slovn\u011b \u017eonglovat u procesu, tak p\u0159esto se c\u00edt\u00edm povol\u00e1n tu prohl\u00e1sit, \u017ee i tak byl v\u00fdkon obou m\u00fdch advok\u00e1t\u016f vylo\u017een\u011b \u0161patn\u00fd. Skoro bych \u0159ekl, \u017ee to, co p\u0159edvedli moji advok\u00e1ti v dob\u011b vy\u0161et\u0159ov\u00e1n\u00ed p\u0159\u00edpad\u016f a u soudu, \u017ee by se dalo pova\u017eovat za podraz v\u016f\u010di mn\u011b.<\/p>\n<p align=\"justify\">Nejd\u0159\u00edve vezmu moji \u0161patnou zku\u0161enost s\u00a0advok\u00e1tem u m\u00e9ho napaden\u00ed v\u00a0Kauflandu s vykopnutou rukou z\u00a0kloubu a zlomenou kost\u00ed v\u00a0rameni.<\/p>\n<p align=\"justify\">Ten incident mezi mnou a \u00fato\u010dn\u00edkem v\u00a0obchod\u011b Kaufland v\u00a0Praze Michli se odehr\u00e1l v\u00a0konci \u0159\u00edjna 2023 a po cca dvou m\u011bs\u00edc\u00edch, co se p\u0159\u00edpad na policii na Praze 4 za\u010dal vy\u0161et\u0159ovat, tak mi m\u016fj ortoped uk\u00e1zal, \u017ee dostal od vy\u0161et\u0159ovatele dopis, kde byl u\u010din\u011bn dotaz, zdali jsem si mohl vykloubit tu pravou ruku a zlomit kost v\u00a0ramen\u011b t\u00edm, \u017ee jsem upadl jen tak s\u00e1m od sebe na zem.<\/p>\n<p align=\"justify\">Tato hloup\u00e1 ot\u00e1zka se mnou ot\u0159\u00e1sla, tak my tam do sebe s\u00a0\u00fato\u010dn\u00edkem p\u0159ed kamerou tlu\u010deme p\u011bstmi hlava nehlava, a ten \u00fato\u010dn\u00edk do m\u011b kope, kdy\u017e se mu poda\u0159ilo m\u011b srazit k\u00a0zemi a vy\u0161et\u0159ovatel chce \u0159\u00edci, \u017ee jsem si tu kost v\u00a0ramen\u011b zlomil jen tak, \u017ee jsem s\u00e1m od sebe upadnul v\u00a0dob\u011b rva\u010dky na rovn\u00e9 zemi v\u00a0obchod\u011b? Ten doktor odpov\u011bd\u011bl vy\u0161et\u0159ovateli z\u0159ejm\u011b, \u017ee mohl, jen\u017ee ten doktor nem\u011bl \u017e\u00e1dn\u00fd popis incidentu a ani video, kter\u00e9 by ukazovalo, jak ta rva\u010dka prob\u00edhala, nem\u011bl ani rentgenov\u00e9 sn\u00edmky, jak ta moje zlomenina p\u016fvodn\u011b vypadala, tak\u017ee ten ortoped nemohl posoudit, jak to moje zran\u011bn\u00ed vzniklo. Na toto posouzen\u00ed p\u0159\u00ed\u010din vzniku zran\u011bn\u00ed je speci\u00e1ln\u00ed l\u00e9ka\u0159sk\u00e1 profese, a to ortoped \u2013 traumatolog.<\/p>\n<p align=\"justify\">Odborn\u00edk z tohoto oboru s kvalifikac\u00ed soudn\u00edho znalce mi pak dodate\u010dn\u011b za m\u00e9 pen\u00edze zpracoval posudek na p\u0159\u00ed\u010dinu vzniku m\u00e9ho zran\u011bn\u00ed, a ten posudek potvrdil to, co jsem ji\u017e d\u0159\u00edve napsal vy\u0161et\u0159ovateli, \u017ee k m\u00e9mu zran\u011bn\u00ed do\u0161lo kopem \u00fato\u010dn\u00edka do m\u00e9ho ramene. Ale samoz\u0159ejm\u011b, i ten ortoped \u2013 traumatolog pot\u0159eboval vid\u011bt ten z\u00e1znam z kamery z Kauflandu, bez toho by mi \u017e\u00e1dn\u00fd posudek nevystavil.<\/p>\n<p align=\"justify\">Tak\u017ee vy\u0161et\u0159ovatel, kter\u00fd byl povinen d\u00e1t v\u011bc posoudit k\u00a0tomuto soudn\u00edmu znalci ortopedovi \u2013 traumatologovi ke\u00a0zji\u0161t\u011bn\u00ed p\u0159\u00ed\u010diny m\u00e9ho zran\u011bn\u00ed, tak tento odborn\u00fd posudek rafinovan\u011b nahradil n\u00e1zorem oby\u010dejn\u00e9ho ortopeda, jestli jsem si mohl vykloubit pa\u017ei, kdy\u017e jsem spadl na zem, ani\u017e by tomu ortopedovi poskytl pot\u0159ebn\u00e9 informace.<\/p>\n<p align=\"justify\">Kdy\u017e jsem vid\u011bl ten dotaz vy\u0161et\u0159ovatele na m\u00e9ho ortopeda, tak jsem za\u010dal m\u00edt neblah\u00e9 tu\u0161en\u00ed, \u017ee se tu d\u011bj\u00ed n\u011bjak\u00e9 nepravosti. A napsal jsem jednak hned vy\u0161et\u0159ovateli dopis, \u017ee nesouhlas\u00edm v \u017e\u00e1dn\u00e9m p\u0159\u00edpad\u011b s jakoukoliv verz\u00ed, \u017ee jsem se mohl zranit sv\u00fdm vlastn\u00edm p\u00e1dem na zem, \u017ee jsem cyklista a motork\u00e1\u0159 a tak jsem spadl za sv\u016fj \u017eivot nes\u010detn\u011bkr\u00e1t a nikdy jsem si nic nezlomil. Nav\u00edc jsem si v ten moment uv\u011bdomil, \u017ee ten proces bude o n\u011b\u010dem jin\u00e9m ne\u017e o n\u011bjak\u00e9 spravedlnosti, a na\u0161el jsem si n\u00e1vazn\u011b jednoho advok\u00e1ta, kter\u00fd byl zam\u011b\u0159en na vym\u00e1h\u00e1n\u00ed n\u00e1hrad za zran\u011bn\u00ed, a tak jsem si myslel, \u017ee ten by snad m\u011bl v\u011bd\u011bt, jak shrom\u00e1\u017edit d\u016fkazy v m\u016fj prosp\u011bch z n\u00e1siln\u00e9ho \u00fatoku na moji osobu.<\/p>\n<p align=\"justify\">Sd\u011blil jsem tomuto sv\u00e9mu advok\u00e1tovi p\u00edsemn\u011b hned na za\u010d\u00e1tek, \u017ee od n\u011bho pot\u0159ebuji pohl\u00eddat, aby od policie neode\u0161la na Obvodn\u00ed st\u00e1tn\u00ed zastupitelstv\u00ed na Praze 4 \u017e\u00e1dn\u00e1 takov\u00e1 pt\u00e1kovina, \u017ee jsem spadl samovoln\u011b p\u0159i rva\u010dce na zem a p\u0159itom \u017ee jsem si zlomil kost a vykloubil prav\u00e9 rameno.<\/p>\n<p align=\"justify\">Mus\u00edm \u0159\u00edci pro dokreslen\u00ed podivn\u00e9ho p\u0159\u00edstupu policie, \u017ee vy\u0161et\u0159ovatel m\u011bl po dobu 6 m\u011bs\u00edc\u016f z\u00e1znam z\u00a0kamery z Kauflandu, kde bylo p\u0159esn\u011b uk\u00e1z\u00e1no, jak k\u00a0tomu m\u00e9mu zran\u011bn\u00ed do\u0161lo, a\u00a0<strong>bylo z\u00a0tohoto z\u00e1znamu jasn\u011b vid\u011bt, \u017ee mi bylo rameno vykopnuto naprosto zbyte\u010dn\u00fdm kopem nohou \u00fato\u010dn\u00edka do m\u00e9ho ramene<\/strong>, a \u017ee kost tzv. velk\u00fd hrbol mi byla odlomena pr\u00e1v\u011b horizont\u00e1ln\u00edm \u0161vihem nohou. Ten velk\u00fd hrbol je ten nejvy\u0161\u0161\u00ed v\u00fdstupek na ramen\u011b. Snad bych je\u0161t\u011b dok\u00e1zal p\u0159ipustit, \u017ee bych si mohl vykloubit pa\u017ei p\u00e1dem na zem, ale\u00a0<strong>\u017ee bych si p\u00e1dem na zem dok\u00e1zal odlomit ten nejvy\u0161\u0161\u00ed v\u00fdstupek na rameni, to u\u017e je snad ze sf\u00e9ry sci-fi<\/strong>.<\/p>\n<p align=\"justify\">Tak tento z\u00e1znam mi dal k\u00a0disposici vy\u0161et\u0159ovatel a\u017e po 6 m\u011bs\u00edc\u00edch, a to v\u00a0z\u00e1sad\u011b v\u00a0dob\u011b, kdy ji\u017e bylo vy\u0161et\u0159ov\u00e1n\u00ed skon\u010deno.<\/p>\n<p align=\"justify\">Vy\u0161et\u0159ovatel m\u011b zavolal na druh\u00fd z\u00e1v\u011bre\u010dn\u00fd v\u00fdslech, u kter\u00e9ho jsem m\u011bl u\u017e sv\u00e9ho advok\u00e1ta, a a\u017e po skon\u010den\u00ed tohoto m\u00e9ho v\u00fdslechu dal vy\u0161et\u0159ovatel k disposici tento z\u00e1znam z kamery m\u00e9mu advok\u00e1tovi. Tak jsem kone\u010dn\u011b po 6 m\u011bs\u00edc\u00edch dostal p\u0159\u00edle\u017eitost zhl\u00e9dnout, jak se to v\u0161e v Kauflandu ud\u00e1lo a co je zaznamen\u00e1no na videu.<\/p>\n<p align=\"justify\">Okam\u017eit\u011b po zhl\u00e9dnut\u00ed tohoto videa jsem poslal na vy\u0161et\u0159ovatele dopis, \u017ee ne, \u017e\u00e1dn\u00fd m\u016fj p\u00e1d na zem, ale \u017ee to video ukazuje jasn\u011b, \u017ee kopnut\u00ed \u00fato\u010dn\u00edka do m\u00e9ho ramene bylo p\u0159\u00ed\u010dinou m\u00e9ho zran\u011bn\u00ed.<\/p>\n<p align=\"justify\">Po m\u00e9m odchodu od policie m\u016fj advok\u00e1t na policii z\u016fstal a m\u011bl rozhovor s\u00a0vy\u0161et\u0159ovatelem mezi 4 o\u010dima. Nev\u00edm, na \u010dem se m\u016fj advok\u00e1t s\u00a0vy\u0161et\u0159ovatelem dohodli, ale na z\u00e1klad\u011b tohoto hovoru m\u011b hned dal\u0161\u00ed den za\u010dal m\u016fj advok\u00e1t p\u0159emlouvat k\u00a0tomu, abych st\u00e1hnul sv\u016fj protest proti tomu, \u017ee m\u011b vy\u0161et\u0159ovatel ob\u017ealoval z\u00a0trestn\u00e9ho \u010dinu v\u00fdtr\u017enictv\u00ed, a \u017ee abych se tzv. doznal k\u00a0trestn\u00e9mu \u010dinu a projevil nad n\u00edm l\u00edtost. To m\u00e9 \u201ev\u00fdtr\u017enictv\u00ed\u201c bylo zalo\u017eeno na tom, \u017ee kdy\u017e m\u011b napadl \u00fato\u010dn\u00edk p\u011bst\u00ed, \u017ee jsem mu ty r\u00e1ny p\u011bst\u00ed vracel, a za to jsem m\u011bl projevit l\u00edtost nad sv\u00fdm \u010dinem.<\/p>\n<p align=\"justify\"><strong>M\u00edsto toho, aby se m\u016fj advok\u00e1t sna\u017eil u vy\u0161et\u0159ovatele dos\u00e1hnout toho, aby se prok\u00e1zalo, jak se stal m\u016fj \u00faraz, tak m\u011b p\u0159emlouval, abych si nev\u0161\u00edmal sv\u00e9ho zran\u011bn\u00ed, ale podle n\u011bjak\u00e9ho paragrafu 307 podal svoj\u00ed pon\u00ed\u017eenou \u017e\u00e1dost ke\u00a0st\u00e1tn\u00edmu z\u00e1stupci za odpu\u0161t\u011bn\u00ed mi tohoto m\u00e9ho zvrhl\u00e9ho \u010dinu.<\/strong>\u00a0K\u00a0tomu mi m\u016fj advok\u00e1t uvedl, \u017ee \u00fato\u010dn\u00edk u\u017e o to odpu\u0161t\u011bn\u00ed \u010dinu st\u00e1tn\u00edho z\u00e1stupce po\u017e\u00e1dal, tak\u017ee se mi m\u016f\u017ee st\u00e1t, \u017ee tomu \u00fato\u010dn\u00edkovi tento akt v\u00fdtr\u017enosti st\u00e1tn\u00ed z\u00e1stupce promine a mn\u011b, proto\u017ee jsem o odpu\u0161t\u011bn\u00ed nepo\u017e\u00e1dal, tak\u017ee pak budu k\u00a0soudu chodit ji\u017e jen j\u00e1 s\u00e1m. To mi p\u0159i\u0161lo \u00fapln\u011b absurdn\u00ed.<\/p>\n<p align=\"justify\">Tento n\u00e1vrh od m\u00e9ho advok\u00e1ta m\u011b hodn\u011b podr\u00e1\u017edil, ale nakonec jsem n\u00e1vrh advok\u00e1ta akceptoval a st\u00e1hnul jsem tedy sv\u016fj protest proti m\u00e9mu obvin\u011bn\u00ed ze sp\u00e1ch\u00e1n\u00ed trestn\u00e9ho \u010dinu v\u00fdtr\u017enictv\u00ed, a ten jsem nahradil svoj\u00ed pokornou omluvou. Tak jsem si pro sebe \u0159\u00edkal, tak alespo\u0148 tento podivn\u00fd proces skon\u010d\u00ed mezi mnou a \u00fato\u010dn\u00edkem n\u011bjakou tou rem\u00edzou.<\/p>\n<p align=\"justify\">Jen dod\u00e1m, \u017ee ten st\u00e1tn\u00ed z\u00e1stupce tuto moji pon\u00ed\u017eenou omluvu v\u016fbec nezval v\u00a0\u00favahu, ta omluva to bylo jen bohapust\u00e9 pl\u00e1cnut\u00ed do vody. Kdo proboha tyto hloup\u00e9 z\u00e1kony jako je tento z\u00e1kon 307 vym\u00fd\u0161l\u00ed?<\/p>\n<p align=\"justify\">Kdy\u017e jsem tedy vy\u0161el vst\u0159\u00edc tomu m\u00e9mu advok\u00e1tovi a st\u00e1hnul jsem protest proti m\u00e9mu obvin\u011bn\u00ed, tak mi, v\u00e1\u017een\u00ed,<strong>\u00a0advok\u00e1t hned za t\u0159i dny na to poslal k podpisu dohodu, \u017ee u\u017e m\u011b d\u00e1le zastupovat nebude, a k tomu mi p\u0159ilo\u017eil fakturu ve v\u00fd\u0161i 27 tis\u00edc K\u010d za proveden\u00e9 pr\u00e1ce<\/strong>. A v\u016fbec mi nezd\u016fvodnil, pro\u010d u\u017e m\u011b zastupovat nechce, nem\u011bli jsme spolu nejmen\u0161\u00ed neshodu, \u017e\u00e1dn\u00fd probl\u00e9m mezi n\u00e1mi nevzniknul, jen jsem byl proti tomu pod\u00e1n\u00ed m\u00e9 pon\u00ed\u017een\u00e9 supliky na st\u00e1tn\u00edho z\u00e1stupce, proto\u017ee ten o n\u00ed rozhoduje, ale nakonec jsem i zde uhnul.\u00a0<strong>Ten advok\u00e1t m\u011b t\u00edmto aktem odstoupen\u00ed od m\u00e9ho zastupov\u00e1n\u00ed podrazil v nejd\u016fle\u017eit\u011bj\u0161\u00ed f\u00e1zi p\u0159\u00edpadu<\/strong>, kdy mi m\u011bl pohl\u00eddat, \u017ee neodejde od vy\u0161et\u0159ovatele nic, co by nazna\u010dovalo, \u017ee se mi ta pa\u017ee dostala ven z kloubu m\u00fdm samovoln\u00fdm p\u00e1dem na zem. A v tomto obdob\u00ed mi advok\u00e1t \u0159ekne, \u017ee u\u017e m\u011b d\u00e1le nechce zastupovat. Neuv\u011b\u0159iteln\u00e9. Pro\u010d ne\u017e\u00e1dal vy\u0161et\u0159ovatele, aby dal vznik m\u00e9ho zran\u011bn\u00ed posoudit odborn\u00edkovi? Pro\u010d mi nedoporu\u010dil, abych si ten posudek od ortopeda \u2013 traumatologa nechal vypracovat j\u00e1 s\u00e1m?<\/p>\n<p align=\"justify\">J\u00e1 jsem mu ten protokol na ukon\u010den\u00ed zatupov\u00e1n\u00ed podepsal, p\u0159ece nebudu dr\u017eet n\u00e1sil\u00edm advok\u00e1ta u m\u00e9ho p\u0159\u00edpadu, kdy\u017e on o m\u00e9 zastupov\u00e1n\u00ed najednou ztratil z\u00e1jem. M\u00e1m samoz\u0159ejm\u011b podez\u0159en\u00ed, \u017ee se ten m\u016fj advok\u00e1t na \u201en\u011b\u010dem\u201c domluvil s\u00a0t\u00edm vy\u0161et\u0159ovatelem, kdy\u017e mluvili mezi 4 o\u010dima, ale nechci spekulovat.<\/p>\n<p align=\"justify\">Od toho vy\u0161et\u0159ovatele nakonec na Obvodn\u00ed st\u00e1tn\u00ed zastupitelstv\u00ed Praha 4 ode\u0161el z\u0159ejm\u011b pap\u00edr, \u017ee jsem si tu pa\u017ei vykloubil s\u00e1m, kdy\u017e jsem b\u011bhem na\u0161\u00ed rva\u010dky s\u00e1m od sebe jen tak bez ciz\u00edho zavin\u011bn\u00ed upadl na zem a tento z\u00e1v\u011br byl podlo\u017een obecn\u00fdm dobrozd\u00e1n\u00edm doktora, \u017ee si \u010dlov\u011bk p\u0159ece m\u016f\u017ee vykloubit pa\u017ei a ulomit velk\u00fd hrbol, kdy\u017e upadne na zem.<\/p>\n<p align=\"justify\">Tak jsem pak \u010dekal, kdy m\u011b zavolaj\u00ed k\u00a0soudu, kde se ta v\u011bc bude \u0159e\u0161it a tam \u017ee jim dok\u00e1\u017ei p\u0159i p\u0159ehr\u00e1v\u00e1n\u00ed toho z\u00e1znamu z\u00a0Kauflandu, jak k\u00a0tomu m\u00e9mu zran\u011bn\u00ed do\u0161lo. Mn\u011b u\u017e ale nikdo nikdy ani od policie a ani od st\u00e1tn\u00edho zastupitelstv\u00ed a ani od soudu nekontaktoval, ale za cca 3 t\u00fddny jsem dostal do datov\u00e9 schr\u00e1nky dopis, kde byl n\u00e1vrh na m\u00e9 odsouzen\u00ed od Mgr. Sani z\u00a0Obvodn\u00edho st\u00e1tn\u00edho zastupitelstv\u00ed pro Prahu 4 a tzv. Trestn\u00ed p\u0159\u00edkaz od Mgr. Tup\u00e9,\u00a0<strong>kde bylo na p\u016fl str\u00e1nce \u0159e\u010deno, \u017ee jsem odsouzen k pokut\u011b 30 tis\u00edc K\u010d, a ten \u00fato\u010dn\u00edk k\u00a0pokut\u011b 18 tis\u00edc K\u010d, oba za zp\u016fsoben\u00ed v\u00fdtr\u017enost v\u00a0Kauflandu.<\/strong><\/p>\n<p align=\"justify\">Vid\u011bl jsem poprv\u00e9 v\u00a0\u017eivot\u011b soudn\u00ed p\u0159\u00edkaz a nikdy m\u011b nenapadlo, \u017ee se d\u00e1 tato moje zdravotn\u00ed \u00fajma vy\u0159\u00eddit jedn\u00edm p\u016flstr\u00e1nkov\u00fdm dopisem podlo\u017en\u00fdm dobrozd\u00e1n\u00edm ortopeda, \u017ee si \u010dlov\u011bk m\u016f\u017ee vykloubit ruku a ulomit velk\u00fd hrbol, kdy\u017e jen tak s\u00e1m do sebe upadne na rovn\u00e9 zemi. J\u00e1 jsem se proti tomuto rozsudku bohu\u017eel chybou na m\u00e9 stran\u011b odvolal a\u017e po term\u00ednu a to ji\u017e soudkyn\u011b neakceptovala. Samoz\u0159ejm\u011b, kdybych m\u011bl norm\u00e1ln\u00edho advok\u00e1ta, ten by mi ty term\u00edny pohl\u00eddal.<\/p>\n<p align=\"justify\">Jak jsem uvedl ve sv\u00e9m \u010dl\u00e1nku\u00a0<a href=\"https:\/\/narodnidemokracie.cz\/ing-miroslav-kelnar-jak-se-soudi-po-cesku\/\">\u201eJak se soud\u00ed po \u010desku\u201c<\/a>, tak jsem pak n\u00e1hodou zjistil, \u017ee\u00a0<strong>ani st\u00e1tn\u00ed z\u00e1stupce a ani soudkyn\u011b si s vysokou pravd\u011bpodobnost\u00ed neotev\u0159eli disketu se z\u00e1znamem z na\u0161\u00ed rva\u010dky v Kauflandu a bez t\u00e9to \u201edrobnosti\u201c mi stanovili trest<\/strong>. Zkontroloval jsem si dodate\u010dn\u011b ve spise tohoto p\u0159\u00edpadu, \u017ee tam byl skute\u010dn\u011b zalo\u017een ten m\u016fj dopis na vy\u0161et\u0159ovatele, kde p\u00ed\u0161i, \u017ee ten z\u00e1znam z kamer z Kauflandu prokazuje, \u017ee mi zran\u011bn\u00ed vzniklo kopem nohou \u00fato\u010dn\u00edka. Tak\u017ee jsem p\u0159esv\u011bd\u010den, \u017ee\u00a0<strong>ani st\u00e1tn\u00ed z\u00e1stupce a ani soudkyn\u011b si ten spis nep\u0159e\u010detli<\/strong>, proto\u017ee kdyby si ho p\u0159e\u010detli, tak museli narazit na ten m\u016fj dopis, kter\u00fd \u0159\u00edkal, \u017ee po zhl\u00e9dnut\u00ed z\u00e1znamu z Kauflandu, \u017ee jsem p\u0159esv\u011bd\u010den, \u017ee k m\u00e9mu zran\u011bn\u00ed do\u0161lo kopem nohou \u00fato\u010dn\u00edka do m\u00e9ho ramene.<\/p>\n<p align=\"justify\">Tento evidentn\u00ed rozpor mezi z\u00e1v\u011brem policie a m\u00fdm tvrzen\u00edm by musel jak st\u00e1tn\u00edho z\u00e1stupce, tak i soudkyni v\u00e9st p\u0159ece ke snaze zhl\u00e9dnout, jak do\u0161lo k tomu m\u00e9mu zran\u011bn\u00ed. Nepokusil se ten z\u00e1znam vysoce pravd\u011bpodobn\u011b zhl\u00e9dnout ani jeden z nich, proto\u017ee kdyby se b\u00fdvali pokusili ten z\u00e1znam zhl\u00e9dnout, tak by p\u0159i\u0161li na to, \u017ee ten z\u00e1znam je \u0161patn\u011b nahr\u00e1n od policie a nejde ho p\u0159ehr\u00e1t. Na to p\u0159i\u0161el a\u017e pak dal\u0161\u00ed soudce z Obvodn\u00edho soudu na Praze 4, kdy\u017e jsem \u017e\u00e1dal o obnovu procesu.<\/p>\n<p align=\"justify\"><strong>Tak proti tomuto podivn\u00e9mu jedn\u00e1n\u00ed vy\u0161et\u0159ovatele, st\u00e1tn\u00edho z\u00e1stupce a soudkyn\u011b m\u011b m\u011bl ochr\u00e1nit advok\u00e1t, kter\u00fd zmizel z\u00a0t\u00e9to zak\u00e1zky pro m\u011b z nezn\u00e1m\u00e9ho d\u016fvodu v\u00a0nejkriti\u010dt\u011bj\u0161\u00ed moment p\u0159\u00edpadu a nechal si zaplatit za to, \u017ee m\u011b p\u0159emluvil k\u00a0tomuto poni\u017euj\u00edc\u00edmu omlouv\u00e1n\u00ed se za to, \u017ee kdy\u017e mi dal \u00fato\u010dn\u00edk r\u00e1nu do zub\u016f, \u017ee jsem mu ji vr\u00e1til.<\/strong><\/p>\n<p align=\"justify\">A pak je tu ten m\u016fj druh\u00fd soudn\u00ed proces, ale nechci tu dopodrobna rozeb\u00edrat \u00fa\u010dinkov\u00e1n\u00ed tohoto m\u00e9ho druh\u00e9ho advok\u00e1ta v on\u00e9 kauze ohledn\u011b korupce na projektu elektr\u00e1rny Adularya, tam jen zm\u00edn\u00edm jeden podstatn\u00fd fakt. Byl jsem odsouzen na Obvodn\u00edm soudu pro Prahu 4 a odvolal jsem se k M\u011bstsk\u00e9mu soudu Praha, kde se tedy uskute\u010dnilo kone\u010dn\u00e9 kl\u00e1n\u00ed v kv\u011btnu 2025 a kde mi byl u\u017e definitivn\u011b stanoven pravomocn\u00fd rozsudek. Ten m\u016fj advok\u00e1t se k tomuto m\u00e9mu procesu na tom M\u011bstsk\u00e9m soudu Praha v\u016fbec nedostavil. Prost\u011b nep\u0159i\u0161el k m\u00e9mu soudn\u00edmu jedn\u00e1n\u00ed, i kdy\u017e o n\u011bm v\u011bd\u011bl, a ani mi nezavolal v pr\u016fb\u011bhu procesu, mohl zavolat soudkyni a omluvit se za n\u011bjakou zdravotn\u00ed indisposici apod., ale neu\u010dinil tak. Nem\u011bl d\u016fvod nep\u0159ij\u00edt, m\u011bl ode mne slu\u0161nou z\u00e1lohu na honor\u00e1\u0159 zaplacenu dop\u0159edu.<\/p>\n<p align=\"justify\">Soudkyn\u011b z M\u011bstsk\u00e9ho soudu Praha se m\u011b po zah\u00e1n\u00ed soudu zeptala:\u00a0<em>\u201eA kde m\u00e1te advok\u00e1ta?\u201c<\/em>\u00a0A j\u00e1 jsem jen pokr\u010dil rameny. Soudkyn\u011b mi \u0159\u00edk\u00e1:\u00a0<em>\u201eOn tu nakonec ani b\u00fdt nemus\u00ed\u201c<\/em>\u00a0a soud jel bez n\u011bho.<\/p>\n<p align=\"justify\">Te\u010f jedno srovn\u00e1n\u00ed. Kdy\u017e jsem po\u017e\u00e1dal Obvodn\u00ed soud na Praze 4 o obnoven\u00ed procesu ohledn\u011b m\u00e9ho zran\u011bn\u00ed ramene v Kauflandu, tak mi soudce nadiktoval povinn\u011b ex offo advok\u00e1ta. Za dva m\u011bs\u00edce na to mi soudce sd\u011blil, \u017ee mou \u017e\u00e1dost o obnoven\u00ed procesu zam\u00edt\u00e1, a soud mi ulo\u017eil zaplatit na soud cca 12.000 K\u010d za toho ex offo advok\u00e1ta. Tak tam ten zbyte\u010dn\u00fd ex offo advok\u00e1t podle z\u00e1kona b\u00fdt musel, a to o nic ne\u0161lo. Kdy\u017e jsem pak byl u odvolac\u00edho st\u00e1n\u00ed na M\u011bstsk\u00e9m soudu Praha, a \u0161lo o m\u00e9 podm\u00edne\u010dn\u00e9 odsouzen\u00ed ulo\u017een\u00e9 mi rozsudkem Obvodn\u00edho soudu na Praze 4, tak tam ten m\u016fj advok\u00e1t p\u0159\u00edtomen u soudu u\u017e v\u016fbec b\u00fdt podle z\u00e1kona nemusel.<\/p>\n<p align=\"justify\"><strong>Kdo tyto hloup\u00e9 z\u00e1kony tvo\u0159\u00ed? No p\u0159ece dob\u0159e placen\u00ed poslanci Parlamentu tvo\u0159\u00ed tyto hloup\u00e9 z\u00e1kony.<\/strong><\/p>\n<p align=\"justify\">Toho m\u00e9ho protivn\u00edka u p\u0159\u00edpadu m\u00e9ho napaden\u00ed v\u00a0Kauflandu charakterizuje odpov\u011b\u010f na ot\u00e1zku vy\u0161et\u0159ovatele: \u201eKolik m\u011b\u0159\u00edte?\u201c Odpov\u011b\u010f, \u201eJ\u00e1 nev\u00edm, j\u00e1 se nem\u011b\u0159\u00edm\u201c. A tento \u010dlov\u011bk nem\u011bl \u017e\u00e1dn\u00e9ho advok\u00e1ta, nem\u011bl \u017e\u00e1dn\u00e9ho r\u00e1dce, jen m\u011bl svoji vlastn\u00ed inteligenci. J\u00e1 jsem m\u011bl proti n\u011bmu advok\u00e1ta, a ten soud jsem projel jak sedl\u00e1ci u Chlumce. On dostal pokutu 18.000 K\u010d a nav\u00edc ho cel\u00fd ten soudn\u00ed syst\u00e9m zbavil jak\u00e9hokoliv postihu za brut\u00e1ln\u00ed vykopnut\u00ed mi ramene z\u00a0kloubu, kdy\u017e jsem byl na zemi.<\/p>\n<p align=\"justify\">Ve sv\u00fdch dvou \u010dl\u00e1nc\u00edch jsem vysv\u011btlil, pro\u010d byl z\u00e1jem u trestn\u011bpr\u00e1vn\u00edch org\u00e1n\u016f t\u00e9to zem\u011b m\u011b u obou m\u00fdch kauz u\u010dinit vinn\u00fdm a potrestat m\u011b, a te\u010f zb\u00fdv\u00e1 nastolit jen posledn\u00ed ot\u00e1zku:\u00a0<strong>To se sakra um\u00ed ty trestn\u011bpr\u00e1vn\u00ed org\u00e1ny \u201edohodnout\u201c nejen samy se sebou na va\u0161em odsouzen\u00ed, ale dok\u00e1\u017e\u00ed se domluvit i s va\u0161imi pr\u00e1vn\u00edky, kter\u00e9 si plat\u00edte?<\/strong><\/p>\n<p align=\"justify\">Zakon\u010d\u00edm t\u00edm havlovsk\u00fdm, a\u0165 \u017eije svoboda, demokracie a lidsk\u00e1 kr\u00e1va.<\/p>\n<p align=\"justify\"><em><a href=\"https:\/\/narodnidemokracie.cz\/ing-miroslav-kelnar-prohnilost-od-vrchu-az-dolu\/\">Ing. Miroslav Kelnar<\/a>, \u010dlen N\u00e1rodn\u00ed demokracie<\/em><\/p>\n<p align=\"justify\"><img decoding=\"async\" loading=\"lazy\" class=\"alignnone size-full wp-image-87632\" src=\"http:\/\/www.infokuryr.cz\/n\/wp-content\/uploads\/2025\/09\/kelnar.jpg\" alt=\"\" width=\"200\" height=\"259\" \/><\/p>\n<p align=\"justify\">\n","protected":false},"excerpt":{"rendered":"<p>\u0158ada lid\u00ed zde v\u00a0tomto st\u00e1t\u011b m\u00e1 \u0161patn\u00e9 zku\u0161enosti s\u00a0vy\u0161et\u0159ov\u00e1n\u00edm polici\u00ed, s rozhodov\u00e1n\u00edm soud\u016f a dokonce&#8230;<\/p>\n","protected":false},"author":2,"featured_media":97926,"comment_status":"closed","ping_status":"closed","sticky":false,"template":"","format":"standard","meta":[],"categories":[6],"tags":[76,1503,2861,1307],"_links":{"self":[{"href":"https:\/\/www.infokuryr.cz\/n\/wp-json\/wp\/v2\/posts\/97925"}],"collection":[{"href":"https:\/\/www.infokuryr.cz\/n\/wp-json\/wp\/v2\/posts"}],"about":[{"href":"https:\/\/www.infokuryr.cz\/n\/wp-json\/wp\/v2\/types\/post"}],"author":[{"embeddable":true,"href":"https:\/\/www.infokuryr.cz\/n\/wp-json\/wp\/v2\/users\/2"}],"replies":[{"embeddable":true,"href":"https:\/\/www.infokuryr.cz\/n\/wp-json\/wp\/v2\/comments?post=97925"}],"version-history":[{"count":0,"href":"https:\/\/www.infokuryr.cz\/n\/wp-json\/wp\/v2\/posts\/97925\/revisions"}],"wp:featuredmedia":[{"embeddable":true,"href":"https:\/\/www.infokuryr.cz\/n\/wp-json\/wp\/v2\/media\/97926"}],"wp:attachment":[{"href":"https:\/\/www.infokuryr.cz\/n\/wp-json\/wp\/v2\/media?parent=97925"}],"wp:term":[{"taxonomy":"category","embeddable":true,"href":"https:\/\/www.infokuryr.cz\/n\/wp-json\/wp\/v2\/categories?post=97925"},{"taxonomy":"post_tag","embeddable":true,"href":"https:\/\/www.infokuryr.cz\/n\/wp-json\/wp\/v2\/tags?post=97925"}],"curies":[{"name":"wp","href":"https:\/\/api.w.org\/{rel}","templated":true}]}}