{"id":97909,"date":"2026-01-27T05:13:27","date_gmt":"2026-01-27T04:13:27","guid":{"rendered":"https:\/\/www.infokuryr.cz\/n\/?p=97909"},"modified":"2026-01-27T05:13:27","modified_gmt":"2026-01-27T04:13:27","slug":"proc-jsou-stredoveke-morove-epidemie-tak-dulezite-pro-soucasny-pandemicky-prumysl","status":"publish","type":"post","link":"https:\/\/www.infokuryr.cz\/n\/2026\/01\/27\/proc-jsou-stredoveke-morove-epidemie-tak-dulezite-pro-soucasny-pandemicky-prumysl\/","title":{"rendered":"Pro\u010d jsou st\u0159edov\u011bk\u00e9 morov\u00e9 epidemie tak d\u016fle\u017eit\u00e9 pro sou\u010dasn\u00fd pandemick\u00fd pr\u016fmysl"},"content":{"rendered":"<div id=\"fb-root\"><\/div>\n<p><strong><span dir=\"auto\">Pandemick\u00e1 agenda, d\u016fle\u017eit\u00e1 pro udr\u017een\u00ed zdrav\u00e9ho trhu s mRNA vakc\u00ednami, se spol\u00e9h\u00e1 na v\u0161eobecn\u00fd pocit strachu a nal\u00e9havosti dos\u00e1hnout ekonomick\u00e9ho \u00fasp\u011bchu. Proti t\u011bmto snah\u00e1m p\u016fsob\u00ed v\u0161eobecn\u00fd pokles infek\u010dn\u00edch chorob a nedostatek p\u0159irozen\u00fdch (nevykonstruovan\u00fdch) pandemi\u00ed.<\/span><\/strong><\/p>\n<p><span dir=\"auto\">Jeliko\u017e pandemie Covidu-19 ustoupila a jej\u00ed p\u016fvod vypad\u00e1 znepokojiv\u011b nep\u0159irozen\u011b, pandemick\u00fd pr\u016fmysl se st\u00e1le v\u00edce zaj\u00edm\u00e1 o starov\u011bkou historii, kdy se mu na epidemi\u00edch mnohem sn\u00e1ze vyd\u011bl\u00e1valo.<\/span><\/p>\n<h2><span dir=\"auto\">Biologick\u00e1 v\u00e1lka a v\u00fdznamn\u00e9 smrteln\u00e9 ud\u00e1losti<\/span><\/h2>\n<p><span dir=\"auto\">V roce 1347 arm\u00e1dy Kip\u010daksk\u00e9 turkick\u00e9 konfederace pod veden\u00edm ch\u00e1na D\u017eaniho Bega, kter\u00e9 \u00fato\u010dily na janovskou pevnost v Kaffe na Krymu, katapultovaly mrtv\u00e1 t\u011bla p\u0159es hradby do m\u011bsta.<\/span><\/p>\n<p><span dir=\"auto\">Ned\u011blali to jen kv\u016fli estetice. Byla to po\u010d\u00e1te\u010dn\u00ed forma biologick\u00e9 v\u00e1lky. T\u011bla pat\u0159ila lidem, kte\u0159\u00ed zem\u0159eli na nov\u00fd mor, kter\u00fd se roz\u0161\u00ed\u0159il ze St\u0159edn\u00ed Asie a zni\u010dil kip\u010dakskou arm\u00e1du.<\/span><\/p>\n<p><span dir=\"auto\">Poz\u016fstal\u00ed zjistili, \u017ee jakmile se t\u00edmto mo\u0159em nakaz\u00ed skupina lid\u00ed, roz\u0161\u00ed\u0159\u00ed se t\u00e9m\u011b\u0159 na ka\u017ed\u00e9ho, kdo s n\u00ed byl v \u00fazk\u00e9m kontaktu. Proto se rozhodli o tyto poznatky pod\u011blit is janovsk\u00fdmi obr\u00e1nci. P\u0159\u00edstup s naka\u017een\u00fdmi mrtvolami katapultovan\u00fdmi vzduchem to splnil.<\/span><\/p>\n<p><span dir=\"auto\">Kr\u00e1tce nato se n\u011bkte\u0159\u00ed obr\u00e1nci pluj\u00edc\u00ed dom\u016f do It\u00e1lie zastavili v Syrakus\u00e1ch na Sic\u00edlii, aby si po\u0159\u00eddili z\u00e1soby a str\u00e1vili trochu \u010dasu na b\u0159ehu (nebo mo\u017en\u00e1 v zoufal\u00e9 snaze opustit lod\u011b zasa\u017een\u00e9 mo\u0159em).<\/span><\/p>\n<p><span dir=\"auto\">Pokusy o jejich karant\u00e9nu p\u0159i\u0161ly p\u0159\u00edli\u0161 pozd\u011b a \u010dern\u00e1 smrt u\u017e vnikla do Evropy. Dostala by se tam stejn\u011b po sou\u0161i, ale v t\u00e9to dob\u011b roz\u0161i\u0159uj\u00edc\u00edho se mezin\u00e1rodn\u00edho cestov\u00e1n\u00ed poh\u00e1n\u011bn\u00e9ho galejn\u00edmi otroky a lep\u0161\u00edho vyu\u017e\u00edv\u00e1n\u00ed v\u011btru pro plachetnice se \u0161\u00ed\u0159ila bleskovou rychlost\u00ed a do Anglie dorazila ji\u017e n\u00e1sleduj\u00edc\u00ed rok.<\/span><\/p>\n<p><span dir=\"auto\">Bubenick\u00fd mor se \u0161\u00ed\u0159il z venkova do m\u011bst a vesnic lidmi a potkany, p\u0159\u00edpadn\u011b blechami, kter\u00e9 byly roz\u0161\u00ed\u0159eny u obou.<\/span><\/p>\n<p><span dir=\"auto\">Potkani byli v\u0161ude v otev\u0159en\u00fdch kan\u00e1lech, kter\u00e9 slou\u017eily jako ulice evropsk\u00fdch m\u011bst, tak\u00e9 v zatuchl\u00fdch obchodech s potravinami, kter\u00e9 slou\u017eily jako st\u0159edov\u011bk\u00e9 sp\u00ed\u017ee a ve smradlav\u00fdch st\u00e1j\u00edch, kter\u00e9 slou\u017eily jako sklady.<\/span><\/p>\n<p><span dir=\"auto\">Lid\u00e9 natla\u010den\u00ed v m\u011bstsk\u00fdch slumech, s nohama poh\u00fdnan\u00fdm od k\u0159ivice ze stravy o star\u00e9m chlebu a d\u017ein\u011b, nebyli schopni vyvinout si adekv\u00e1tn\u00ed imunitn\u00ed odpov\u011b\u010f na bakterie zp\u016fsobuj\u00edc\u00ed mor \u2013 p\u0159\u00edpadn\u011b na tuberkul\u00f3zu, prav\u00e9 i neprav\u00e9 ne\u0161tovice \u010di des\u00edtky dal\u0161\u00edch mikroorganism\u016f, kter\u00e9 dnes b\u011b\u017en\u011b ignorujeme.<\/span><\/p>\n<p><span dir=\"auto\">Proto\u017ee spali \u010dty\u0159i v jedn\u00e9 posteli a deseti v jednom pokoji, infekce jednoho \u010dlena dom\u00e1cnosti se rychle \u0161\u00ed\u0159ila.<\/span><\/p>\n<p><span dir=\"auto\">\u010cern\u00e1 smrt, jak se mor \u010dasto naz\u00fdval, zabila v n\u011bkter\u00fdch \u010d\u00e1stech Evropy a\u017e jednoho ze \u010dty\u0159 lid\u00ed a pravd\u011bpodobn\u011b to sam\u00e9 nap\u00e1chala iv Asii. Na modern\u00edch staveni\u0161t\u00edch se st\u00e1le nach\u00e1zej\u00ed masov\u00e9 hroby.<\/span><\/p>\n<p><span dir=\"auto\">Pokud jste v t\u011bch dob\u00e1ch p\u0159e\u017eili d\u011btstv\u00ed, co\u017e v\u011bt\u0161ina d\u011bt\u00ed nep\u0159e\u017eila, pak byl mor a jin\u00e9 epidemie b\u011b\u017enou a p\u0159etrv\u00e1vaj\u00edc\u00ed hrozbou.<\/span><\/p>\n<h2><span dir=\"auto\">\u0158e\u0161en\u00ed probl\u00e9mu klesaj\u00edc\u00ed \u00famrtnosti<\/span><\/h2>\n<p><span dir=\"auto\">Stejn\u011b jako u v\u011bt\u0161iny z mno\u017estv\u00ed pandemi\u00ed minul\u00fdch dob, p\u016fvodce \u010dern\u00e9 smrti, bakterie Yersinia pestis, dnes ji\u017e nep\u0159edstavuje hrozbu.<\/span><\/p>\n<p><span dir=\"auto\">Pokud nedojde k \u00fapln\u00e9mu rozpadu spole\u010dnosti a nov\u00e9mu v\u011bku temna, Yersinia pestis u\u017e nikdy nezp\u016fsob\u00ed epidemii.<\/span><\/p>\n<p><span dir=\"auto\">Antibiotika ji sice \u00fasp\u011b\u0161n\u011b neutralizuj\u00ed, ale co je nejd\u016fle\u017eit\u011bj\u0161\u00ed, dnes m\u00e1me podzemn\u00ed kanalizace a \u010distou vodu, j\u00edme potraviny, kter\u00e9 umo\u017e\u0148uj\u00ed na\u0161emu imunitn\u00edmu syst\u00e9mu fungovat efektivn\u011bji, m\u00e1me v\u011bt\u0161\u00ed a \u010dist\u0161\u00ed domy bez potkan\u016f \u200b\u200ba v\u00edme, co takov\u00e9 nemoci zp\u016fsobuje a jak se vyhnout t\u011bm opravdu \u0161patn\u00fdm.<\/span><\/p>\n<p><span dir=\"auto\">Bez ohledu na v\u00fd\u0161e uveden\u00e9, p\u0159edn\u00ed osobnosti mezin\u00e1rodn\u00edho ve\u0159ejn\u00e9ho zdravotnictv\u00ed cht\u011bj\u00ed, abychom my lid\u00e9 a n\u00e1rodn\u00ed vl\u00e1dy v\u011b\u0159ili, \u017ee se situace zhor\u0161uje.<\/span><\/p>\n<p><span dir=\"auto\">Sv\u011btov\u00e1 zdravotnick\u00e1 organizace (WHO) vykonstruovala \u201e\u00a0<\/span><a href=\"https:\/\/www.badatel.net\/choroba-x-vedci-zacinaju-pracovat-na-vakcine-proti-novej-smrtelnej-pandemickej-chorobe\/\"><span dir=\"auto\">Nemoci X<\/span><\/a><span dir=\"auto\">\u00a0\u201c, proto\u017ee skute\u010dn\u00e9 epidemie neposkytuj\u00ed dostate\u010dn\u011b d\u011bsiv\u00e9 po\u010dty \u00famrt\u00ed. Skupina st\u00e1t\u016f G20 prost\u0159ednictv\u00edm sv\u00e9ho \u201enez\u00e1visl\u00e9ho panelu\u201c na vysok\u00e9 \u00farovni a Sv\u011btov\u00e1 banka od vypuknut\u00ed pandemie Covidu-19 zkresluj\u00ed riziko pandemie pro n\u00e1rodn\u00ed vl\u00e1dy, aby je p\u0159esv\u011bd\u010dily ke zv\u00fd\u0161en\u00ed financov\u00e1n\u00ed t\u00e9to \u201eexisten\u010dn\u00ed hrozby\u201c.<\/span><\/p>\n<p><span dir=\"auto\">Jejich probl\u00e9mem je, \u017ee: za prv\u00e9, ned\u00e1vn\u00e1 historie neposkytuje epidemiologick\u00e1 data o \u00famrtnosti, kterou pot\u0159ebuj\u00ed, a za druh\u00e9, st\u00e1le pravd\u011bpodobn\u011bji se zd\u00e1, \u017ee Covid-19 vznikl v d\u016fsledku jedn\u00e1n\u00ed jejich pandemick\u00e9ho pr\u016fmyslov\u00e9ho komplexu, a ne z p\u0159irozen\u00e9ho zdroje, kter\u00fd pot\u0159ebuj\u00ed k ospravedln\u011bn\u00ed sv\u00fdch tvrzen\u00ed (a vyhnut\u00ed se).<\/span><\/p>\n<p><span dir=\"auto\">Aby p\u0159ekonaly probl\u00e9m klesaj\u00edc\u00ed \u00famrtnosti na infek\u010dn\u00ed choroby a epidemie, mezin\u00e1rodn\u00ed organizace ve\u0159ejn\u00e9ho zdravotnictv\u00ed p\u0159ijaly nov\u00fd modelovac\u00ed p\u0159\u00edstup, kter\u00fd se op\u00edr\u00e1 o st\u0159edov\u011bk\u00fd mor a jin\u00e9 historick\u00e9 ud\u00e1losti hromadn\u00fdch \u00famrt\u00ed.<\/span><\/p>\n<p><span dir=\"auto\">Tyto ud\u00e1losti se pak aplikuj\u00ed na dne\u0161n\u00edch 9 miliard sv\u011btov\u00e9 populace, p\u0159i\u010dem\u017e se ignoruje pokrok ve v\u011bd\u011b a technologi\u00edch (nebo v \u010demkoli jin\u00e9m). Toto se pak pou\u017e\u00edv\u00e1 k zastra\u0161ov\u00e1n\u00ed vl\u00e1d, aby od nich vyl\u00e1kaly v\u011bt\u0161\u00ed mno\u017estv\u00ed pen\u011bz.<\/span><\/p>\n<p><span dir=\"auto\">Takov\u00e9 matematick\u00e9 modelov\u00e1n\u00ed m\u016f\u017ee samoz\u0159ejm\u011b v\u00e9st k obrovsk\u00e9mu po\u010dtu \u00famrt\u00ed. Aplikace uveden\u00fdch model\u016f na dne\u0161n\u00ed populaci poskytuje pr\u016fm\u011brnou ro\u010dn\u00ed \u00famrtnost na respira\u010dn\u00ed viry v d\u016fsledku pandemie p\u0159ibli\u017en\u011b 2,5 milionu lid\u00ed ro\u010dn\u011b.<\/span><\/p>\n<p><span dir=\"auto\">Najednou v\u00e1m \u201ev\u011bda\u201c m\u016f\u017ee \u0159\u00edci, \u017ee v pr\u016fm\u011bru ka\u017ed\u00fd rok um\u00edr\u00e1 v\u00edce lid\u00ed na akutn\u00ed pandemie ne\u017e na b\u011b\u017en\u00e9 ka\u017edodenn\u00ed infek\u010dn\u00ed choroby (zd\u00e1nliv\u011b nudn\u00e9 v\u011bci jako tuberkul\u00f3za, mal\u00e1rie a HIV\/AIDS).<\/span><\/p>\n<p><span dir=\"auto\">Skute\u010dnost, \u017ee t\u00e9m\u011b\u0159 v\u0161ech t\u011bchto 2,5 milionu \u201enamodelovan\u00fdch\u201c lid\u00ed ve skute\u010dnosti zem\u0159elo po experimentu s biologickou zbran\u00ed zm\u00edn\u011bn\u00e9m v \u00favodu \u010dl\u00e1nku nebo po podobn\u00e9 d\u00e1vno zapomenut\u00e9 katastrof\u011b ve sv\u011bt\u011b, je zapomenuta.<\/span><\/p>\n<p><span dir=\"auto\">Abychom pochopili rozsah manipulace, kter\u00e1 se zde pou\u017eila, p\u0159ipome\u0148me si, \u017ee \u00famrtnost na infek\u010dn\u00ed choroby jako p\u0159\u00ed\u010dina smrti za posledn\u00ed dv\u011b stolet\u00ed celkov\u011b prudce klesla, zejm\u00e9na v bohat\u00fdch zem\u00edch.<\/span><\/p>\n<p><span dir=\"auto\">Vysok\u00e1 \u00famrtnost (tj. vy\u0161\u0161\u00ed ne\u017e jejich vypo\u010d\u00edtan\u00fd pr\u016fm\u011br 2,5 milionu ro\u010dn\u011b) se v \u00e9\u0159e p\u0159ed antibiotiky nestala od \u0161pan\u011blsk\u00e9 ch\u0159ipky p\u0159ed v\u00edce ne\u017e stolet\u00edm.<\/span><\/p>\n<p><span dir=\"auto\">Podle WHO hl\u00e1\u0161en\u00e1 \u00famrtnost na Covid-19 t\u00e9m\u011b\u0159 dos\u00e1hla pr\u016fm\u011brn\u00e9 \u00farovn\u011b s n\u011bco p\u0159es 7 milion\u016f \u00famrt\u00ed od roku 2020 do roku 2022. Cht\u011bj\u00ed abychom tomu uv\u011b\u0159ili. P\u0159esn\u011b to tvrdily vl\u00e1d\u00e1m na ned\u00e1vn\u00e9m setk\u00e1n\u00ed G20 v Ji\u017en\u00ed Africe a Komise pro investov\u00e1n\u00ed do zdrav\u00ed \u010dasopisu Lancet by n\u00e1s r\u00e1da p\u0159esv\u011bd\u010dila, abychom s t\u00edm souhlasili.<\/span><\/p>\n<p><span dir=\"auto\">Na t\u00e9to \u00farovni d\u016fslednosti jsou zalo\u017eeny velk\u00e9 pen\u00edze v glob\u00e1ln\u00edm zdravotnictv\u00ed.<\/span><\/p>\n<p><span dir=\"auto\">Modelov\u00e1n\u00ed nemoc\u00ed, pokud se prov\u00e1d\u00ed t\u00edmto zp\u016fsobem, n\u00e1s vrh\u00e1 do tyranie dat. Pro lidstvo se fatamorg\u00e1ny, jako nap\u0159\u00edklad Nemoc X, st\u00e1vaj\u00ed existen\u010dn\u00edmi hrozbami, kter\u00e9 lze p\u0159e\u017e\u00edt jen t\u00edm, \u017ee se spr\u00e1vn\u00fdm lidem poskytne extr\u00e9mn\u011b mnoho pen\u011bz a zbytku populace se bude naru\u0161ovat \u017eivot pomoc\u00ed plo\u0161n\u00fdch pandemick\u00fdch opat\u0159en\u00ed.<\/span><\/p>\n<p><span dir=\"auto\">To je d\u016fle\u017eit\u00e9, proto\u017ee WHO a Sv\u011btov\u00e1 banka k tomu po\u017eaduj\u00ed celkem v\u00edce ne\u017e 30 miliard dolar\u016f a dal\u0161\u00edch p\u0159ibli\u017en\u011b 10,5 miliardy dolar\u016f na program \u201eJedno zdrav\u00ed\u201c (centralizace zdravotnick\u00fdch \u00fadaj\u016f).<\/span><\/p>\n<p><span dir=\"auto\">Naproti tomu sv\u011bt utrat\u00ed jen 3,5 miliardy dolar\u016f na mal\u00e1rii, kter\u00e1 ve skute\u010dnosti ka\u017ed\u00fd rok zabije v\u00edce ne\u017e 600 000 skute\u010dn\u00fdch d\u011bt\u00ed a jej\u00ed stav se zhor\u0161uje.<\/span><\/p>\n<h2><span dir=\"auto\">P\u0159em\u011bna strachu na n\u00e1vratnost investic<\/span><\/h2>\n<p><span dir=\"auto\">P\u0159esto\u017ee reakce na pandemii p\u0159ich\u00e1z\u00ed p\u0159\u00edli\u0161 pozd\u011b na to, aby napravila st\u0159edov\u011bk\u00fd mor, kter\u00fdm se omlouv\u00e1, z\u016fst\u00e1v\u00e1 velmi relevantn\u00ed pro farmaceutick\u00e9 investory, kte\u0159\u00ed vid\u00ed obrovsk\u00fd potenci\u00e1l v p\u0159em\u011bn\u011b pen\u011bz da\u0148ov\u00fdch poplatn\u00edk\u016f na rostouc\u00ed hodnoty akci\u00ed.<\/span><\/p>\n<p><span dir=\"auto\">Vl\u00e1dy podporuj\u00edc\u00ed iniciativu CEPI zam\u011b\u0159enou na vakcinaci do 100 dn\u016f od vyhl\u00e1\u0161en\u00ed pandemie poskytuj\u00ed ve\u0159ejn\u00e9 pen\u00edze na podporu v\u00fdzkumu a udr\u017eov\u00e1n\u00ed v\u00fdrobn\u00ed p\u0159ipravenosti soukrom\u00fdch spole\u010dnost\u00ed, kter\u00e9 pak sv\u00e9 produkty prodaj\u00ed zp\u011bt t\u00fdm\u017e da\u0148ov\u00fdm poplatn\u00edk\u016fm, ide\u00e1ln\u011b povinn\u011b na\u0159\u00edzen\u00fdmi t\u011bmito vl\u00e1dami.<\/span><\/p>\n<p><span dir=\"auto\">Cel\u00e1 arm\u00e1da glob\u00e1ln\u00edch zdravotnick\u00fdch \u00fa\u0159edn\u00edk\u016f se p\u0159ipravuje na realizaci tohoto procesu \u2013 na doporu\u010den\u00ed lockdown\u016f jim sta\u010d\u00ed teoretick\u00e9 riziko a 100denn\u00ed mRNA vakc\u00edny v\u00e1m vr\u00e1t\u00ed svobodu. Obchodn\u00ed argument je zde jednodu\u0161e neodolateln\u00fd.<\/span><\/p>\n<p><span dir=\"auto\">Jak lze p\u0159esv\u011bd\u010dit cel\u00fd glob\u00e1ln\u00ed zdravotnick\u00fd pr\u016fmysl, aby sn\u00ed\u017eil priority skute\u010dn\u00fdch chorob ve prosp\u011bch zisku farmaceutick\u00fdch spole\u010dnost\u00ed?<\/span><\/p>\n<p><span dir=\"auto\">Je\u0161t\u011b p\u0159ed p\u0159ibli\u017en\u011b 40 lety byly hlavn\u00ed faktory zdrav\u00ed, kter\u00e9 umo\u017e\u0148ovaly lidem v bohat\u00fdch zem\u00edch \u017e\u00edt dvakr\u00e1t d\u00e9le ne\u017e p\u0159edchoz\u00ed generace, dob\u0159e akceptov\u00e1ny:<\/span><\/p>\n<ul>\n<li><span dir=\"auto\">lep\u0161\u00ed strava<\/span><\/li>\n<li><span dir=\"auto\">hygiena<\/span><\/li>\n<li><span dir=\"auto\">lep\u0161\u00ed bydlen\u00ed<\/span><\/li>\n<li><span dir=\"auto\">antibiotika<\/span><\/li>\n<li><span dir=\"auto\">m\u00e9n\u011b potkan\u016f<\/span><\/li>\n<\/ul>\n<p><span dir=\"auto\">Zjistili jsme, \u017ee: za prv\u00e9, existuj\u00ed bakterie a viry, kter\u00e9 zp\u016fsobuj\u00ed \u0159adu nemoc\u00ed, a za druh\u00e9, podvy\u017eiven\u00ed lid\u00e9 (nap\u0159\u00edklad s nedostatkem vitam\u00ednu D, zinku a r\u016fzn\u00fdch dal\u0161\u00edch mikro\u017eivin) jsou mnohem h\u016f\u0159e schopni jim odol\u00e1vat.<\/span><\/p>\n<p><span dir=\"auto\">M\u011bli jsme siln\u00fd argument pro trv\u00e1n\u00ed na \u010dist\u00e9 vod\u011b, odv\u00e1d\u011bn\u00ed kanalizace z ulic, v\u010dasnou diagnostiku a l\u00e9\u010dbu infekc\u00ed, up\u0159ednost\u0148ov\u00e1n\u00ed \u010derstv\u00fdch potravin a pou\u017e\u00edv\u00e1n\u00ed vitam\u00ednov\u00fdch dopl\u0148k\u016f.<\/span><\/p>\n<p><span dir=\"auto\">V\u011bt\u0161ina vakc\u00edn p\u0159i\u0161la na trh a\u017e po funusu, ale n\u011bkter\u00e9 mohly b\u00fdt relevantn\u00ed. Lidstvo v\u011bd\u011blo o pot\u0159eb\u011b odd\u011blen\u00ed latr\u00edn od zdroj\u016f pitn\u00e9 vody a nutnosti konzumace \u010derstv\u00e9ho ovoce ji\u017e cel\u00e9 v\u011bky, ale teprve v\u011bda zp\u0159\u00edstupnila tyto v\u00fdhody v\u0161em, nejen vzd\u011blan\u00e9 elit\u011b.<\/span><\/p>\n<p><span dir=\"auto\">Pokud by se \u0161pan\u011blsk\u00e1 ch\u0159ipka vyskytla dnes, \u00famrtnost by byla mnohem ni\u017e\u0161\u00ed. P\u0159edpokl\u00e1d\u00e1 se, \u017ee v\u011bt\u0161ina ob\u011bt\u00ed zem\u0159ela na sekund\u00e1rn\u00ed bakteri\u00e1ln\u00ed infekce, kter\u00e9 lze dnes snadno l\u00e9\u010dit antibiotiky, nebo dokonce na p\u0159ed\u00e1vkov\u00e1n\u00ed aspirinem.<\/span><\/p>\n<p><span dir=\"auto\">Zat\u00edmco bakterie moru nad\u00e1le zp\u016fsobuje ob\u010dasn\u00e9 mal\u00e9 epidemie, podm\u00ednky k tomu, aby zp\u016fsobovala masov\u00e9 pandemie, jsou pry\u010d. Nejv\u011bt\u0161\u00ed epidemie eboly v historii v z\u00e1padn\u00ed Africe v roce 2014 se vyrovnala \u00famrt\u00edm na tuberkul\u00f3zu za pouh\u00e9 \u010dty\u0159i dny.<\/span><\/p>\n<p><span dir=\"auto\">Nejv\u011bt\u0161\u00ed ned\u00e1vn\u00e1 epidemie cholery zp\u016fsoben\u00e1 t\u00edm, \u017ee OSN nezabezpe\u010dila z\u00e1kladn\u00ed hygienu ve sv\u00e9m komplexu na Haiti, zabila m\u00e9n\u011b lid\u00ed ne\u017e ebola.<\/span><\/p>\n<p><span dir=\"auto\">Pot\u0159ebujeme matematick\u00e9 modely k prodeji \u201ep\u0159ipravenosti na pandemii\u201c, proto\u017ee v modern\u00edm sv\u011bt\u011b je re\u00e1ln\u00e9 riziko p\u0159\u00edrodn\u00edch pandemi\u00ed v\u011bt\u0161inou pry\u010d. Riziko \u00fanik\u016f z laborato\u0159\u00ed sice nepominulo, ale preventivn\u00ed opat\u0159en\u00ed pro n\u011b jsou zcela odli\u0161n\u00e1.<\/span><\/p>\n<h2><span dir=\"auto\">V\u00fdb\u011br mezi realitou a historick\u00fdm dramatem<\/span><\/h2>\n<p><span dir=\"auto\">Jin\u00fdmi slovy, mezin\u00e1rodn\u00ed pr\u016fmysl ve\u0159ejn\u00e9ho zdravotnictv\u00ed se st\u00e1v\u00e1 podvodem. Obrovsk\u00e9 masy lid\u00ed \u017eij\u00ed ve l\u017ei a funguj\u00ed jako n\u00e1stroj pro rozvoj trhu pro farmaceutick\u00e9 spole\u010dnosti.<\/span><\/p>\n<p><span dir=\"auto\">Spol\u00e9haj\u00ed se na st\u0159edov\u011bk\u00e1 data, aby prod\u00e1vali v podstat\u011b zbyte\u010dn\u00e9, ale velmi drah\u00e9 talismany modern\u00edmu sv\u011btu. Ve skute\u010dnosti m\u00e1me dv\u011b mo\u017enosti: vr\u00e1tit se ke st\u0159edov\u011bk\u00e9mu \u017eivotn\u00edmu stylu, aby se toto v\u0161echno stalo relevantn\u00edm, nebo akceptovat realitu klesaj\u00edc\u00edho v\u00fdskytu infek\u010dn\u00edch chorob.<\/span><\/p>\n<p><span dir=\"auto\">P\u0159ijmeme-li realitu, pak m\u016f\u017eeme p\u0159\u00edmo vyu\u017e\u00edt na\u0161ich zdroj\u016f nikoli na imagin\u00e1rn\u00ed pandemie, ale na \u0159e\u0161en\u00ed skute\u010dn\u00fdch probl\u00e9m\u016f a faktor\u016f dobr\u00e9ho zdrav\u00ed.<\/span><\/p>\n<p><span dir=\"auto\">Ti, kdo \u0159\u00edd\u00ed glob\u00e1ln\u00ed zdravotn\u00ed politiku, v\u0161ak nyn\u00ed mus\u00ed br\u00e1t v \u00favahu korpor\u00e1tn\u00ed zisky a ji\u017e v\u00edcekr\u00e1t dok\u00e1zali, \u017ee k dosa\u017een\u00ed tohoto c\u00edle jsou schopni vyt\u00e1hnout z ruk\u00e1vu jak\u00fdkoli st\u0159edov\u011bk\u00fd trik.<\/span><\/p>\n<p><span dir=\"auto\">Autor: David Bell, Zdroj:\u00a0<\/span><a href=\"https:\/\/expose-news.com\/2026\/01\/23\/black-death-is-important-to-the-pandemic-industry\/\" target=\"_blank\" rel=\"noopener\"><span dir=\"auto\">expose-news.com<\/span><\/a><\/p>\n<p>&nbsp;<\/p>\n","protected":false},"excerpt":{"rendered":"<p>Pandemick\u00e1 agenda, d\u016fle\u017eit\u00e1 pro udr\u017een\u00ed zdrav\u00e9ho trhu s mRNA vakc\u00ednami, se spol\u00e9h\u00e1 na v\u0161eobecn\u00fd pocit&#8230;<\/p>\n","protected":false},"author":2,"featured_media":97910,"comment_status":"closed","ping_status":"closed","sticky":false,"template":"","format":"standard","meta":[],"categories":[7],"tags":[9936,259,21],"_links":{"self":[{"href":"https:\/\/www.infokuryr.cz\/n\/wp-json\/wp\/v2\/posts\/97909"}],"collection":[{"href":"https:\/\/www.infokuryr.cz\/n\/wp-json\/wp\/v2\/posts"}],"about":[{"href":"https:\/\/www.infokuryr.cz\/n\/wp-json\/wp\/v2\/types\/post"}],"author":[{"embeddable":true,"href":"https:\/\/www.infokuryr.cz\/n\/wp-json\/wp\/v2\/users\/2"}],"replies":[{"embeddable":true,"href":"https:\/\/www.infokuryr.cz\/n\/wp-json\/wp\/v2\/comments?post=97909"}],"version-history":[{"count":0,"href":"https:\/\/www.infokuryr.cz\/n\/wp-json\/wp\/v2\/posts\/97909\/revisions"}],"wp:featuredmedia":[{"embeddable":true,"href":"https:\/\/www.infokuryr.cz\/n\/wp-json\/wp\/v2\/media\/97910"}],"wp:attachment":[{"href":"https:\/\/www.infokuryr.cz\/n\/wp-json\/wp\/v2\/media?parent=97909"}],"wp:term":[{"taxonomy":"category","embeddable":true,"href":"https:\/\/www.infokuryr.cz\/n\/wp-json\/wp\/v2\/categories?post=97909"},{"taxonomy":"post_tag","embeddable":true,"href":"https:\/\/www.infokuryr.cz\/n\/wp-json\/wp\/v2\/tags?post=97909"}],"curies":[{"name":"wp","href":"https:\/\/api.w.org\/{rel}","templated":true}]}}