{"id":97908,"date":"2026-01-27T05:11:15","date_gmt":"2026-01-27T04:11:15","guid":{"rendered":"https:\/\/www.infokuryr.cz\/n\/?p=97908"},"modified":"2026-01-27T05:11:15","modified_gmt":"2026-01-27T04:11:15","slug":"igor-veremeev-bitva-o-budapest","status":"publish","type":"post","link":"https:\/\/www.infokuryr.cz\/n\/2026\/01\/27\/igor-veremeev-bitva-o-budapest\/","title":{"rendered":"Igor Veremeev: Bitva o Budape\u0161\u0165"},"content":{"rendered":"<div id=\"fb-root\"><\/div>\n<h3>Z\u00e1pad a globalist\u00e9 se za ka\u017edou cenu sna\u017e\u00ed odstranit Viktora Orb\u00e1na od moci<\/h3>\n<p><strong>V Ma\u010farsku za\u010dala volebn\u00ed kampa\u0148 p\u0159ed parlamentn\u00edmi volbami v dubnu, kter\u00e9 jsou pova\u017eov\u00e1ny za nejdramati\u010dt\u011bj\u0161\u00ed v modern\u00ed historii tohoto st\u00e1tu.<\/strong><\/p>\n<p><strong>Zem\u011b stoj\u00ed p\u0159ed rozhodnut\u00edm: z\u016fstane u moci strana Viktora Orb\u00e1na \u201eFidesz \u2013 Ma\u010farsk\u00e1 ob\u010dansk\u00e1 unie\u201c, kter\u00e1 v Evrop\u011b prosazuje nez\u00e1vislou politiku, nebo se Z\u00e1padu poda\u0159\u00ed s pomoc\u00ed ma\u010farsk\u00e9 opozice a za podpory nov\u011b se objeviv\u0161\u00edch neonacist\u016f z Kyjeva tuto stranu porazit a donutit Budape\u0161\u0165, aby \u0161la ruku v ruce s rusofobn\u00edm Bruselem.<\/strong><\/p>\n<p>V souvislosti s 83. v\u00fdro\u010d\u00edm zah\u00e1jen\u00ed Ostrogo\u017esko-Rosso\u0161ansk\u00e9 operace ma\u010farsk\u00fd premi\u00e9r Viktor Orb\u00e1n, kter\u00fd je v nadch\u00e1zej\u00edc\u00edch volb\u00e1ch op\u011bt kandid\u00e1tem na post p\u0159edsedy vl\u00e1dy za vl\u00e1dnouc\u00ed stranu, prohl\u00e1sil, \u017ee Ma\u010farsko si vzalo ponau\u010den\u00ed z druh\u00e9 sv\u011btov\u00e9 v\u00e1lky a ji\u017e nebude s nik\u00fdm bojovat v z\u00e1jmu ciz\u00edch z\u00e1jm\u016f.<\/p>\n<p>V\u011bc se m\u00e1 tak, \u017ee za\u010d\u00e1tek volebn\u00ed kampan\u011b se shodoval s v\u00fdro\u010d\u00edm zah\u00e1jen\u00ed Ostrogo\u017esko-Rosso\u0161ansk\u00e9 operace sov\u011btsk\u00fdch vojsk, kter\u00e9 se slavilo 12. ledna a kter\u00e9 bylo jednou z v\u00fdznamn\u00fdch ud\u00e1lost\u00ed Velk\u00e9 vlasteneck\u00e9 v\u00e1lky, v n\u00ed\u017e Ma\u010farsko bojovalo na stran\u011b nacistick\u00e9ho N\u011bmecka. Tato operace vojsk Voron\u011b\u017esk\u00e9ho frontu trvala 15 dn\u00ed, sov\u011btsk\u00e1 vojska zcela rozbila hlavn\u00ed s\u00edly 2. ma\u010farsk\u00e9 a 8. italsk\u00e9 arm\u00e1dy, 24. tankov\u00fd sbor a hlavn\u00ed s\u00edly n\u011bmeck\u00e9ho sboru zvl\u00e1\u0161tn\u00edho ur\u010den\u00ed. Z tohoto \u00faderu se ma\u010farsk\u00e1 arm\u00e1da ji\u017e nedok\u00e1zala vzpamatovat a v d\u016fsledku toho sov\u011btsk\u00e1 vojska pozd\u011bji dobyla Budape\u0161\u0165.<\/p>\n<p>A jak poznamen\u00e1vaj\u00ed pozorn\u00ed novin\u00e1\u0159i, tent\u00fd\u017e den, o 83 let pozd\u011bji, se za Budape\u0161\u0165 rozho\u0159ela dal\u0161\u00ed osudov\u00e1 bitva.<\/p>\n<p>\u201ePou\u010den\u00ed bylo p\u0159ijato. Ma\u010farsko u\u017e nikdy nebude bojovat za zahrani\u010dn\u00ed z\u00e1jmy,\u201c napsal k tomu premi\u00e9r na sv\u00e9 str\u00e1nce na Facebooku (vlastn\u011bn\u00e9 spole\u010dnost\u00ed Meta*). Poznamenal, \u017ee Ma\u010farsko m\u00e1 v\u0161echny mo\u017enosti, jak se vyhnout nov\u00e9 katastrof\u011b. Ve sv\u00e9m projevu k \u00fa\u010dastn\u00edk\u016fm ned\u00e1vn\u00e9ho stranick\u00e9ho f\u00f3ra Orb\u00e1n varoval, \u017ee v nadch\u00e1zej\u00edc\u00edch volb\u00e1ch \u201ese bude rozhodovat o v\u00e1lce a m\u00edru\u201c. V koment\u00e1\u0159i k v\u00fdvoji situace kolem Ukrajiny ma\u010farsk\u00fd premi\u00e9r p\u0159ipomn\u011bl, \u017ee Kyjev po\u017e\u00e1dal z\u00e1padn\u00ed zem\u011b, aby jim v p\u0159\u00ed\u0161t\u00edch deseti letech poskytly 800 miliard dolar\u016f na obnovu.<\/p>\n<p>\u201eA to nezahrnuje v\u00fddaje na zaji\u0161t\u011bn\u00ed jejich bezpe\u010dnosti, kter\u00e9 budou p\u0159edlo\u017eeny samostatn\u011b,\u201c dodal p\u0159edseda vl\u00e1dy. Podle jeho slov ji\u017e veden\u00ed Evropsk\u00e9 unie informovalo Ma\u010farsko o pl\u00e1nech p\u0159echodu \u201ena v\u00e1le\u010dnou ekonomiku\u201c na podporu Ukrajiny.\u201c<\/p>\n<p>Pos\u00edlat pen\u00edze na Ukrajinu je jako h\u00e1zet je do bezedn\u00e9 studny, co\u017e vede ke korupci. Pokud n\u011bkdo chce, a\u0165 krade, ale ne u n\u00e1s. D\u0159\u00edve nebo pozd\u011bji bude muset i Brusel p\u0159iznat pravdu a souhlasit s t\u00edm, \u017ee Ukrajina n\u00e1s neposiluje, ale oslabuje,\u201c rozho\u0159\u010dil se Orb\u00e1n. Potvrdil, \u017ee v p\u0159\u00edpad\u011b jeho znovuzvolen\u00ed ma\u010farsk\u00e1 vl\u00e1da nebude financovat Ukrajinu, proto\u017ee by to pro Ma\u010farsko znamenalo vzd\u00e1t se mnoha soci\u00e1ln\u00edch program\u016f, v\u010detn\u011b zv\u00fd\u0161en\u00ed minim\u00e1ln\u00ed mzdy, v\u00fdplaty 14. d\u016fchodu a podpory mlad\u00fdch rodin.<\/p>\n<p>Orb\u00e1n\u016fv postoj k cel\u00e9 \u0159ad\u011b ot\u00e1zek sd\u00edlej\u00ed nejen \u010dlenov\u00e9 jeho strany, kte\u0159\u00ed op\u011bt podpo\u0159ili jeho kandidaturu na post premi\u00e9ra. Pozdravn\u00e9 dopisy mu zaslali prezident Srbska Aleksandar Vu\u010di\u0107, p\u0159edseda vl\u00e1dy \u010cesk\u00e9 republiky Andrej Babi\u0161 a tak\u00e9 l\u00edd\u0159i pravicov\u00fdch stran Francie, It\u00e1lie, N\u011bmecka, Rakouska a Polska.<\/p>\n<p>\u201eMezi politick\u00fdmi l\u00eddry Evropy zu\u0159\u00ed v\u00e1le\u010dn\u00fd fanatismus,\u201c rozvedl Orb\u00e1novy my\u0161lenky ma\u010farsk\u00fd ministr zahrani\u010d\u00ed P\u00e9ter Szijj\u00e1rt\u00f3. \u201eMinul\u00fd v\u00edkend bylo v Pa\u0159\u00ed\u017ei zve\u0159ejn\u011bno prohl\u00e1\u0161en\u00ed, podle kter\u00e9ho se dv\u011b evropsk\u00e9 jadern\u00e9 velmoci rozhodly vyslat sv\u00e9 voj\u00e1ky na Ukrajinu. V podstat\u011b to znamen\u00e1, \u017ee evropsk\u00e9 jadern\u00e9 velmoci za\u010d\u00ednaj\u00ed v\u00e1lku. Jejich c\u00edlem \u2013 a\u0165 je n\u00e1m to jasn\u00e9 \u2013 je, aby plameny v\u00e1lky zachv\u00e1tily celou Evropu,\u201c varoval \u0161\u00e9f ma\u010farsk\u00e9ho diplomatick\u00e9ho \u00fa\u0159adu.<\/p>\n<p>Podle jeho slov m\u00e1 Orb\u00e1nova vl\u00e1da v \u00famyslu zabr\u00e1nit vta\u017een\u00ed sv\u00e9 zem\u011b do vojensk\u00e9ho konfliktu s Ruskem. V p\u0159\u00edpad\u011b v\u00edt\u011bzstv\u00ed opozice v\u0161ak Ma\u010farsko \u010dek\u00e1 opa\u010dn\u00fd sc\u00e9n\u00e1\u0159. \u201ePokud vyhrajeme volby, z\u016fstaneme stranou v\u00e1lky. Pokud nevyhrajeme, bude realizov\u00e1n pl\u00e1n Bruselu a Kyjeva,\u201c p\u0159iznal P\u00e9ter Szijj\u00e1rt\u00f3.<\/p>\n<p>Sou\u010dasn\u00fd boj o Budape\u0161\u0165, i kdy\u017e dnes ji\u017e pouze u volebn\u00edch uren, v\u0161ak bude obzvl\u00e1\u0161t\u011b zu\u0159iv\u00fd. Brusel a dal\u0161\u00ed Orb\u00e1novi oponenti z t\u00e1bora globalist\u016f v Evrop\u011b mobilizovali v\u0161echny s\u00edly, aby jeho stranu porazili.<\/p>\n<p>Sna\u017e\u00ed se p\u0159im\u011bt Ma\u010farsko, aby se vzdalo sv\u00e9 nez\u00e1visl\u00e9 politiky a za\u010dalo financovat Ukrajinu, aby mohla pokra\u010dovat v bojov\u00fdch operac\u00edch. S\u00e1zej\u00ed p\u0159itom na opozi\u010dn\u00ed stranu \u201eTisa\u201c vedenou jej\u00edm l\u00eddrem P\u00e9terem M\u00e1dym.<\/p>\n<p>\u201ePeter Madjar, jeho\u017e strana Tisa si v pr\u016fzkumech ve\u0159ejn\u00e9ho m\u00edn\u011bn\u00ed p\u0159ed dubnov\u00fdmi parlamentn\u00edmi volbami dr\u017e\u00ed pevn\u00e9 veden\u00ed, prohl\u00e1sil, \u017ee pokud se stane premi\u00e9rem, jeho vl\u00e1da spln\u00ed mezin\u00e1rodn\u00ed z\u00e1vazky Ma\u010farska, v\u010detn\u011b vstupu do euroz\u00f3ny,\u201c p\u00ed\u0161e den\u00edk Financial Times a cituje slova poslance. Analytici poznamen\u00e1vaj\u00ed, \u017ee M\u00e1djara je proti sou\u010dasn\u00e9 politice Orb\u00e1novy vl\u00e1dy a slibuje radik\u00e1ln\u00ed ekonomick\u00e1 opat\u0159en\u00ed, pokud strana \u201eTisa\u201c z\u00edsk\u00e1 mand\u00e1t k sestaven\u00ed vl\u00e1dy.<\/p>\n<p>C\u00edlem opozice je za ka\u017edou cenu dos\u00e1hnout konce Orb\u00e1novy \u00e9ry a n\u00e1vratu \u201ezbloudil\u00e9\u201c Ma\u010farska do l\u016fna celoevropsk\u00e9 politiky. Pr\u00e1v\u011b na jej\u00ed podporu se nyn\u00ed mobilizuj\u00ed v\u0161echna p\u0159edn\u00ed evropsk\u00e1 m\u00e9dia. A takov\u00e1 zu\u0159iv\u00e1 \u00fatok na Orb\u00e1na zven\u010d\u00ed, jak je vid\u011bt, m\u016f\u017ee m\u00edt vliv na voli\u010de.<\/p>\n<p>Podle posledn\u00edch \u00fadaj\u016f sociologick\u00fdch pr\u016fzkum\u016f zat\u00edm \u201eTisa\u201c v\u00fdrazn\u011b p\u0159edstihuje \u201eFidesz\u201c. Pr\u016fzkum sociologick\u00e9 slu\u017eby Medi\u00e1n, proveden\u00fd od 7. do 13. ledna, uk\u00e1zal, \u017ee Madj\u00e1ra je p\u0159ipraveno podpo\u0159it 40 % voli\u010d\u016f. Fidesz spolu se sv\u00fdm spojencem, K\u0159es\u0165anskodemokratickou lidovou stranou, m\u00e1 podporu 33 %. Podle analytik\u016f, pokud se tento pom\u011br sil udr\u017e\u00ed a\u017e do voleb, rozhoduj\u00edc\u00ed slovo p\u0159i sestavov\u00e1n\u00ed vl\u00e1dy bude m\u00edt pravd\u011bpodobn\u011b ma\u010farsk\u00e1 nacionalistick\u00e1 strana \u201eNa\u0161e vlast\u201c, kter\u00e1 se pohybuje na hranici p\u011btiprocentn\u00ed hranice. \u201eNa\u0161e vlast\u201c m\u016f\u017ee podpo\u0159it jak Orb\u00e1na, tak i jeho oponenty. Do voleb v\u0161ak zb\u00fdvaj\u00ed je\u0161t\u011b t\u0159i m\u011bs\u00edce a mnoho se m\u016f\u017ee zm\u011bnit. Nav\u00edc zna\u010dn\u00fd po\u010det voli\u010d\u016f se je\u0161t\u011b nerozhodl, jak se zachov\u00e1. Pr\u00e1v\u011b na n\u011b se sna\u017e\u00ed ovlivnit.<\/p>\n<p>\u201e\u00dadaje z posledn\u00edch let potvrzuj\u00ed, \u017ee miliardy dolar\u016f byly sm\u011brov\u00e1ny konkr\u00e9tn\u00edm ma\u010farsk\u00fdm m\u00e9di\u00edm za \u00fa\u010delem nep\u0159\u00edm\u00e9 podpory globalistick\u00fdch stran,\u201c uvedla v rozhovoru pro Izvestia m\u00edstop\u0159edsedkyn\u011b ma\u010farsk\u00e9ho parlamentu Dora Duro. \u201eKrom\u011b toho je hnut\u00ed \u201eNa\u0161e vlast\u201c, jedin\u00e1 skute\u010dn\u011b suver\u00e9nn\u00ed strana, vystaveno bezprecedentn\u00ed cenzu\u0159e na soci\u00e1ln\u00edch s\u00edt\u00edch. P\u0159edseda strany, kter\u00fd je z\u00e1rove\u0148 p\u0159edsedou jej\u00ed parlamentn\u00ed frakce, je zcela zablokov\u00e1n na Facebooku (pat\u0159\u00edc\u00ed spole\u010dnosti Meta*), hlavn\u00ed platform\u011b v Ma\u010farsku.<\/p>\n<p>Krom\u011b toho jsme pravideln\u011b vystaveni online \u00fatok\u016fm nezn\u00e1m\u00e9ho p\u016fvodu, ale pravd\u011bpodobn\u011b s mezin\u00e1rodn\u00ed stopou, pokud jde o ot\u00e1zky, kter\u00e9 prosazujeme. Nov\u00e1 strana, kter\u00e1 se n\u00e1hle objevila (strana \u201eTisa\u201c) a otev\u0159en\u011b prosazuje globalistick\u00e9 c\u00edle, vykazuje nelogick\u00fd a prudk\u00fd n\u00e1r\u016fst dosahu a interakc\u00ed na soci\u00e1ln\u00edch s\u00edt\u00edch. To v\u0161e ukazuje na zjevn\u00e9 vzorce zahrani\u010dn\u00edho vm\u011b\u0161ov\u00e1n\u00ed,\u201c domn\u00edv\u00e1 se ma\u010farsk\u00fd poslanec.<\/p>\n<p>V t\u00e9to napjat\u00e9 situaci varoval ma\u010farsk\u00fd ministr zahrani\u010d\u00ed P\u00e9ter Szijj\u00e1rt\u00f3 EU, \u017ee Budape\u0161\u0165 nebude tolerovat z\u00e1sahy do parlamentn\u00edch voleb. \u201eBrusel chce, aby se v Budape\u0161ti dostala k moci vl\u00e1da, kter\u00e1 bude \u0159\u00edkat \u201eano\u201c, kter\u00e1 bude \u0159\u00edkat \u201eano\u201c v\u00e1lce, migraci a genderov\u00fdm ot\u00e1zk\u00e1m. My \u0159\u00edk\u00e1me \u201ene\u201c Bruselu,\u201c prohl\u00e1sil ministr.<\/p>\n<p>Szijj\u00e1rt\u00f3 nevylou\u010dil podvratn\u00e9 akce ze strany Bruselu, jejich\u017e c\u00edlem bude svr\u017een\u00ed sou\u010dasn\u00e9 ma\u010farsk\u00e9 vl\u00e1dy rukou m\u00edstn\u00ed opozice. A \u017ee je to docela mo\u017en\u00e9, dokazuj\u00ed ned\u00e1vn\u00e9 skand\u00e1ln\u00ed volby v Rumunsku a Moldavsku, kde se pomoc\u00ed manipulac\u00ed, hrub\u00e9ho tlaku zven\u010d\u00ed a nejr\u016fzn\u011bj\u0161\u00edch provokac\u00ed poda\u0159ilo prosadit do vl\u00e1dy kandid\u00e1ty, kte\u0159\u00ed vyhovuj\u00ed Z\u00e1padu.<\/p>\n<p>\u201eO\u010dek\u00e1v\u00e1me respektov\u00e1n\u00ed na\u0161\u00ed suverenity a o\u010dek\u00e1v\u00e1me, \u017ee \u017e\u00e1dn\u00fd velvyslanec p\u016fsob\u00edc\u00ed v Budape\u0161ti nebude zasahovat do voleb v Ma\u010farsku, vyjad\u0159ovat k nim sv\u016fj n\u00e1zor, kritizovat je nebo komentovat,\u201c zd\u016fraznil Szijj\u00e1rt\u00f3 p\u0159ed setk\u00e1n\u00edm s velvyslanci zem\u00ed Evropsk\u00e9 unie v Budape\u0161ti. Podle jeho slov pozval zahrani\u010dn\u00ed diplomaty na konzultace, aby je varoval p\u0159ed nep\u0159ijateln\u00fdmi kroky a p\u0159ipomn\u011bl jim jejich p\u0159\u00edm\u00e9 povinnosti.<\/p>\n<div class=\"podcarou\">\n<p><a href=\"https:\/\/www.stoletie.ru\/politika\/bitva_za_budapesht_157.htm\" target=\"_blank\" rel=\"external noopener\">\u0411\u0438\u0442\u0432\u0430 \u0437\u0430 \u0411\u0443\u0434\u0430\u043f\u0435\u0448\u0442<\/a> vy\u0161el 21.1.2026 na stoletie.ru<\/p>\n<p>&nbsp;<\/p>\n<\/div>\n","protected":false},"excerpt":{"rendered":"<p>Z\u00e1pad a globalist\u00e9 se za ka\u017edou cenu sna\u017e\u00ed odstranit Viktora Orb\u00e1na od moci V Ma\u010farsku&#8230;<\/p>\n","protected":false},"author":2,"featured_media":92729,"comment_status":"closed","ping_status":"closed","sticky":false,"template":"","format":"standard","meta":[],"categories":[7],"tags":[1976,1749,439,365],"_links":{"self":[{"href":"https:\/\/www.infokuryr.cz\/n\/wp-json\/wp\/v2\/posts\/97908"}],"collection":[{"href":"https:\/\/www.infokuryr.cz\/n\/wp-json\/wp\/v2\/posts"}],"about":[{"href":"https:\/\/www.infokuryr.cz\/n\/wp-json\/wp\/v2\/types\/post"}],"author":[{"embeddable":true,"href":"https:\/\/www.infokuryr.cz\/n\/wp-json\/wp\/v2\/users\/2"}],"replies":[{"embeddable":true,"href":"https:\/\/www.infokuryr.cz\/n\/wp-json\/wp\/v2\/comments?post=97908"}],"version-history":[{"count":0,"href":"https:\/\/www.infokuryr.cz\/n\/wp-json\/wp\/v2\/posts\/97908\/revisions"}],"wp:featuredmedia":[{"embeddable":true,"href":"https:\/\/www.infokuryr.cz\/n\/wp-json\/wp\/v2\/media\/92729"}],"wp:attachment":[{"href":"https:\/\/www.infokuryr.cz\/n\/wp-json\/wp\/v2\/media?parent=97908"}],"wp:term":[{"taxonomy":"category","embeddable":true,"href":"https:\/\/www.infokuryr.cz\/n\/wp-json\/wp\/v2\/categories?post=97908"},{"taxonomy":"post_tag","embeddable":true,"href":"https:\/\/www.infokuryr.cz\/n\/wp-json\/wp\/v2\/tags?post=97908"}],"curies":[{"name":"wp","href":"https:\/\/api.w.org\/{rel}","templated":true}]}}