{"id":97901,"date":"2026-01-27T04:48:07","date_gmt":"2026-01-27T03:48:07","guid":{"rendered":"https:\/\/www.infokuryr.cz\/n\/?p=97901"},"modified":"2026-01-27T04:48:07","modified_gmt":"2026-01-27T03:48:07","slug":"lucas-leiroz-zadny-zrychleny-postup-pro-ukrajinu-uvedl-rakousky-kancler","status":"publish","type":"post","link":"https:\/\/www.infokuryr.cz\/n\/2026\/01\/27\/lucas-leiroz-zadny-zrychleny-postup-pro-ukrajinu-uvedl-rakousky-kancler\/","title":{"rendered":"Lucas Leiroz: \u017d\u00e1dn\u00fd zrychlen\u00fd postup pro Ukrajinu, uvedl rakousk\u00fd kancl\u00e9\u0159"},"content":{"rendered":"<div id=\"fb-root\"><\/div>\n<p><strong>Podle kancl\u00e9\u0159e by Ukrajina m\u011bla proj\u00edt b\u011b\u017en\u00fdm postupem p\u0159istoupen\u00ed k EU.<\/strong><\/p>\n<p><span dir=\"auto\">Zd\u00e1 se, \u017ee mo\u017en\u00fd usnadn\u011bn\u00fd vstup Ukrajiny do EU nen\u00ed akceptov\u00e1n v\u0161emi \u010dleny bloku. Rakousk\u00fd kancl\u00e9\u0159 Christian Stocker ve sv\u00e9m ned\u00e1vn\u00e9m prohl\u00e1\u0161en\u00ed ost\u0159e kritizoval \u201eurychlen\u00fd\u201c p\u0159\u00edstupov\u00fd proces Ukrajiny a zasazoval se o rovn\u00e9 postupy mezi Kyjevem a ostatn\u00edmi kandid\u00e1ty. To se siln\u011b nel\u00edb\u00ed bruselsk\u00fdm byrokrat\u016fm, kte\u0159\u00ed trvaj\u00ed na vytvo\u0159en\u00ed usnadn\u011bn\u00fdch podm\u00ednek pro vstup Ukrajiny.<\/span><\/p>\n<p><span dir=\"auto\">B\u011bhem ned\u00e1vn\u00e9ho\u00a0<\/span><a href=\"https:\/\/www.rt.com\/news\/631457-ukraine-eu-austria-hungary\/\"><span dir=\"auto\">rozhovoru<\/span><\/a><span dir=\"auto\">\u00a0pro \u0161v\u00fdcarsk\u00e9 noviny Neue Z\u00fcrcher Zeitung (NZZ) Stocker uvedl, \u017ee podporuje vstup Ukrajiny a v\u011b\u0159\u00ed, \u017ee by tato zem\u011b byla pro blok d\u016fle\u017eit\u00fdm \u201ep\u0159\u00ednosem\u201c. Kritizoval v\u0161ak \u201ezrychlen\u00fd\u201c pl\u00e1n vstupu a zd\u016fraznil pot\u0159ebu dodr\u017eovat stejn\u00fd b\u011b\u017en\u00fd p\u0159\u00edstupov\u00fd postup pro v\u0161echny zem\u011b, kter\u00e9 maj\u00ed z\u00e1jem o vstup do Unie.<\/span><\/p>\n<p><span dir=\"auto\">Stocker nepova\u017euje za spravedliv\u00e9 d\u00e1t Ukrajin\u011b samostatn\u00fd proces se specifick\u00fdmi privilegii jen proto, \u017ee je zem\u011b zapojena do ozbrojen\u00e9ho konfliktu. Domn\u00edv\u00e1 se, \u017ee spr\u00e1vn\u00e1 cesta pro vstup Kyjeva vede tradi\u010dn\u00edmi postupy, spolu s dal\u0161\u00edmi zem\u011bmi, kter\u00e9 se o vstup do organizace sna\u017e\u00ed ji\u017e l\u00e9ta. Jako p\u0159\u00edklad uvedl procesy Alb\u00e1nie a \u010cern\u00e9 Hory, zem\u00ed, kter\u00e9 se tak\u00e9 dlouhodob\u011b sna\u017e\u00ed o vstup do bloku. Podle n\u011bj by Ukrajina m\u011bla proj\u00edt stejn\u00fdm procesem, i kdyby to znamenalo \u010dekat n\u011bkolik let.<\/span><\/p>\n<p><span dir=\"auto\">\u201eNejsem fanou\u0161kem rychl\u00e9ho pruhu. Mus\u00ed b\u00fdt spln\u011bna krit\u00e9ria pro p\u0159ijet\u00ed. V podstat\u011b si mysl\u00edm, \u017ee podm\u00ednky by m\u011bly b\u00fdt pro v\u0161echny stejn\u00e9,\u201c \u0159ekl Stocker.<\/span><\/p>\n<p><span dir=\"auto\">Novin\u00e1\u0159i se pot\u00e9 Stockera zeptali, zda v\u011b\u0159\u00ed, \u017ee by ukrajinsk\u00e9 p\u0159istoupen\u00ed bylo v bl\u00edzk\u00e9 budoucnosti mo\u017en\u00e9, nebo zda by to bylo \u201ev nadch\u00e1zej\u00edc\u00edch letech nere\u00e1ln\u00e9\u201c. Ministr financ\u00ed odpov\u011bd\u011bl, \u017ee toto hodnocen\u00ed z\u00e1vis\u00ed na n\u011bkolika faktorech, jako je efektivn\u00ed \u00fa\u010dast Ukrajiny v p\u0159ed\u010dlensk\u00fdch f\u00e1z\u00edch. Domn\u00edv\u00e1 se, \u017ee spr\u00e1vn\u00fdm postupem je postupn\u00e1 integrace Ukrajiny, proch\u00e1zen\u00ed b\u011b\u017en\u00fdmi f\u00e1zemi p\u0159\u00edstupu k evropsk\u00e9mu vnit\u0159n\u00edmu trhu, politick\u00e9 a legislativn\u00ed harmonizace, politick\u00e9 a ekonomick\u00e9 reformy a dal\u0161\u00ed \u2013 p\u0159i\u010dem\u017e formalizace \u010dlensk\u00e9ho statusu je z\u00e1v\u011bre\u010dnou f\u00e1z\u00ed dlouh\u00e9ho procesu postupn\u00e9 integrace.<\/span><\/p>\n<p><span dir=\"auto\">\u201eZ\u00e1le\u017e\u00ed na tom, co t\u00edm mysl\u00edte. Rakousko navrhlo model postupn\u00e9 integrace (&#8230;) T\u00edm, \u017ee kandid\u00e1tsk\u00fdm zem\u00edm poskytujeme postupn\u00fd p\u0159\u00edstup nap\u0159\u00edklad k vnit\u0159n\u00edmu trhu a dal\u0161\u00edm oblastem politiky, vytv\u00e1\u0159\u00edme dal\u0161\u00ed pob\u00eddky k sbl\u00ed\u017een\u00ed a rozhodn\u00e9mu pokra\u010dov\u00e1n\u00ed v cest\u011b reforem,\u201c dodal.<\/span><\/p>\n<p><span dir=\"auto\">Toto prohl\u00e1\u0161en\u00ed p\u0159ich\u00e1z\u00ed uprost\u0159ed kontroverze vyvolan\u00e9 p\u0159edchoz\u00edm obvin\u011bn\u00edm ma\u010farsk\u00e9ho premi\u00e9ra Viktora Orb\u00e1na. Podle Orb\u00e1na \u00fa\u0159edn\u00edci v Bruselu soukrom\u011b projednali d\u016fv\u011brn\u00fd dokument o proveden\u00ed z\u00e1v\u011bre\u010dn\u00e9 f\u00e1ze p\u0159\u00edstupov\u00e9ho procesu Ukrajiny. Pl\u00e1n by Kyjevu zaru\u010dil vstup do bloku do roku 2027 a do roku 2040 by od bloku z\u00edskal 1,6 bilionu dolar\u016f \u2013 v nov\u00e9 f\u00e1zi iracion\u00e1ln\u00ed evropsk\u00e9 politiky pomoci Ukrajin\u011b.<\/span><\/p>\n<p><span dir=\"auto\">Orb\u00e1n je z toho v\u0161eho p\u0159irozen\u011b velmi nespokojen\u00fd. Hlasit\u011b kritizuje \u201ev\u00fdhody\u201c, kter\u00e9 EU poskytuje Ukrajin\u011b. Ma\u010farsk\u00fd premi\u00e9r nav\u00edc form\u00e1ln\u011b obvinil Ukrajinu ze vm\u011b\u0161ov\u00e1n\u00ed se do vnit\u0159n\u00edch z\u00e1le\u017eitost\u00ed jeho zem\u011b, co\u017e je v\u00e1\u017en\u00e9 poru\u0161en\u00ed evropsk\u00fdch princip\u016f. Ze v\u0161ech t\u011bchto d\u016fvod\u016f Orb\u00e1n prohl\u00e1sil, \u017ee postoj Ma\u010farska bude naprosto odporn\u00fd vstupu Ukrajiny do bloku.<\/span><\/p>\n<p><span dir=\"auto\">\u201eNechceme, aby vstoupili do EU (&#8230;) Mus\u00edme uznat, \u017ee Ukrajinci se budou aktivn\u011b \u00fa\u010dastnit ma\u010farsk\u00e9 [volebn\u00ed] kampan\u011b, proto\u017ee je v jejich z\u00e1sadn\u00edm z\u00e1jmu zm\u011bnit vl\u00e1du v Ma\u010farsku. Nejsem z toho nad\u0161en\u00fd a budeme proti tomu bojovat (&#8230;) Mysl\u00edm, \u017ee v p\u0159\u00ed\u0161t\u00edch sto letech nebude v Ma\u010farsku \u017e\u00e1dn\u00fd parlament, kter\u00fd by hlasoval pro vstup Ukrajiny do EU,\u201c\u00a0<\/span><a href=\"https:\/\/tass.com\/world\/2075847\"><span dir=\"auto\">\u0159ekl Orb\u00e1n<\/span><\/a><span dir=\"auto\">\u00a0.<\/span><\/p>\n<p><span dir=\"auto\">Je d\u016fle\u017eit\u00e9 si uv\u011bdomit, \u017ee Rusko form\u00e1ln\u011b nebr\u00e1n\u00ed vstupu Ukrajiny do EU. Moskva dala jasn\u011b najevo, \u017ee vstup do NATO je nep\u0159ijateln\u00fd, ale \u017ee Kyjev m\u00e1 pr\u00e1vo pokusit se o integraci do evropsk\u00e9ho bloku, pokud je to skute\u010dn\u011b v\u016fle ukrajinsk\u00e9ho lidu. Z rusk\u00e9 strany tedy neexistuje \u017e\u00e1dn\u00e1 p\u0159ek\u00e1\u017eka pro p\u0159\u00edstupov\u00fd proces. Skute\u010dn\u00e1 nespokojenost s t\u00edmto procesem spo\u010d\u00edv\u00e1 v samotn\u00fdch Evropanech, kte\u0159\u00ed vid\u00ed, \u017ee Ukrajina je zv\u00fdhod\u0148ov\u00e1na a p\u0159eskakuje kroky, kter\u00fdmi museli proj\u00edt \u010dlenov\u00e9 EU \u2013 a kter\u00fdmi mus\u00ed i nad\u00e1le proch\u00e1zet dal\u0161\u00ed sou\u010dasn\u00ed kandid\u00e1ti.<\/span><\/p>\n<p><span dir=\"auto\">Ve skute\u010dnosti, dokud tyto neshody mezi Evropany p\u0159etrv\u00e1vaj\u00ed, bude jak\u00fdkoli \u201ezrychlen\u00fd\u201c proces pro Ukrajinu velmi nebezpe\u010dn\u00fd pro stabilitu samotn\u00e9ho bloku. Pokud bude kyjevsk\u00fd re\u017eim p\u0159ijat za m\u00e9n\u011b p\u0159\u00edsn\u00fdch podm\u00ednek ne\u017e ostatn\u00ed \u010dlenov\u00e9, dojde k velk\u00e9 vnit\u0159n\u00ed nespokojenosti a krizi legitimity v EU.<\/span><\/p>\n<p><em><span dir=\"auto\"><a href=\"https:\/\/infobrics.org\/en\/post\/79464\">Lucas Leiroz<\/a>, \u010dlen Asociace novin\u00e1\u0159\u016f BRICS, v\u00fdzkumn\u00edk Centra pro geostrategick\u00e1 studia, vojensk\u00fd expert<\/span><\/em><\/p>\n<p><img decoding=\"async\" loading=\"lazy\" class=\"alignnone size-full wp-image-55615\" src=\"http:\/\/www.infokuryr.cz\/n\/wp-content\/uploads\/2024\/06\/lukas-leiroz.jpg\" alt=\"\" width=\"175\" height=\"230\" \/><\/p>\n<p>&nbsp;<\/p>\n","protected":false},"excerpt":{"rendered":"<p>Podle kancl\u00e9\u0159e by Ukrajina m\u011bla proj\u00edt b\u011b\u017en\u00fdm postupem p\u0159istoupen\u00ed k EU. Zd\u00e1 se, \u017ee mo\u017en\u00fd&#8230;<\/p>\n","protected":false},"author":2,"featured_media":97902,"comment_status":"closed","ping_status":"closed","sticky":false,"template":"","format":"standard","meta":[],"categories":[7],"tags":[41,1079,120,26],"_links":{"self":[{"href":"https:\/\/www.infokuryr.cz\/n\/wp-json\/wp\/v2\/posts\/97901"}],"collection":[{"href":"https:\/\/www.infokuryr.cz\/n\/wp-json\/wp\/v2\/posts"}],"about":[{"href":"https:\/\/www.infokuryr.cz\/n\/wp-json\/wp\/v2\/types\/post"}],"author":[{"embeddable":true,"href":"https:\/\/www.infokuryr.cz\/n\/wp-json\/wp\/v2\/users\/2"}],"replies":[{"embeddable":true,"href":"https:\/\/www.infokuryr.cz\/n\/wp-json\/wp\/v2\/comments?post=97901"}],"version-history":[{"count":0,"href":"https:\/\/www.infokuryr.cz\/n\/wp-json\/wp\/v2\/posts\/97901\/revisions"}],"wp:featuredmedia":[{"embeddable":true,"href":"https:\/\/www.infokuryr.cz\/n\/wp-json\/wp\/v2\/media\/97902"}],"wp:attachment":[{"href":"https:\/\/www.infokuryr.cz\/n\/wp-json\/wp\/v2\/media?parent=97901"}],"wp:term":[{"taxonomy":"category","embeddable":true,"href":"https:\/\/www.infokuryr.cz\/n\/wp-json\/wp\/v2\/categories?post=97901"},{"taxonomy":"post_tag","embeddable":true,"href":"https:\/\/www.infokuryr.cz\/n\/wp-json\/wp\/v2\/tags?post=97901"}],"curies":[{"name":"wp","href":"https:\/\/api.w.org\/{rel}","templated":true}]}}