{"id":97890,"date":"2026-01-27T00:29:13","date_gmt":"2026-01-26T23:29:13","guid":{"rendered":"https:\/\/www.infokuryr.cz\/n\/?p=97890"},"modified":"2026-01-26T17:24:20","modified_gmt":"2026-01-26T16:24:20","slug":"ondrej-prokop-prasklo-na-piraty-rekordni-sumy-za-poradce-a-cesty-hriba-prosetruji-kvuli-odmenam","status":"publish","type":"post","link":"https:\/\/www.infokuryr.cz\/n\/2026\/01\/27\/ondrej-prokop-prasklo-na-piraty-rekordni-sumy-za-poradce-a-cesty-hriba-prosetruji-kvuli-odmenam\/","title":{"rendered":"Ond\u0159ej Prokop: Prasklo na Pir\u00e1ty! Rekordn\u00ed sumy za poradce a cesty. H\u0159iba pro\u0161et\u0159uj\u00ed kv\u016fli odm\u011bn\u00e1m"},"content":{"rendered":"<div id=\"fb-root\"><\/div>\n<p>Prasklo na Pir\u00e1ty! Radn\u00ed Komrskov\u00e1 doj\u00ed ve\u0159ejn\u00e9 pen\u00edze. Rekordn\u00ed sumu skoro 14 milion\u016f K\u010d nechala vyplatit sv\u00e9 arm\u00e1d\u011b poradc\u016f. Ned\u00e1vno se p\u0159itom pokusila p\u0159ihr\u00e1t i m\u011bstskou zak\u00e1zku kamar\u00e1dce, co\u017e jsme na\u0161t\u011bst\u00ed zarazili! To cel\u00e9 v dob\u011b, kdy Zde\u0148ka H\u0159iba pro\u0161et\u0159uj\u00ed kv\u016fli jeho nez\u00e1konn\u00fdm odm\u011bn\u00e1m. P\u011bkn\u011b se n\u00e1m vybarvili.<\/p>\n<p>\ud83d\udc49 SPOLU d\u00edky Kupkovi kon\u010d\u00ed. Velk\u00e9 mrzen\u00ed z nov\u00fdch po\u0159\u00e1dk\u016f m\u00e1 nejsp\u00ed\u0161 i celo\u017eivotn\u00ed poslanec Marek Benda. ODS pr\u00fd pl\u00e1nuje zm\u011bny a \u0161\u00e9fem klubu mo\u017en\u00e1 ud\u011bl\u00e1 Petra Fialu.<\/p>\n<p>\ud83d\udc49 &#8222;Vl\u00e1dn\u00ed koalice by m\u011bla postavit spole\u010dn\u00e9ho kandid\u00e1ta na prezidenta,&#8220; \u0159ekl Andrej Babi\u0161 na sn\u011bmu hnut\u00ed ANO. Prezidentsk\u00e9 volby se rychle bl\u00ed\u017e\u00ed, tak dr\u017ete palce, a\u0165 se v\u0161e povede!<\/p>\n<p>\ud83d\udc49 \u0160\u00e9fovi Pir\u00e1t\u016f nyn\u00ed hroz\u00ed pokuta a\u017e \u010dtvrt milionu K\u010d. &#8222;Odm\u011bnami H\u0159iba za \u010dlenstv\u00ed v p\u0159edstavenstvu PRE se zab\u00fdv\u00e1 \u00fa\u0159ad v \u0158\u00ed\u010danech,&#8220; psala \u010cT24. To je tak, kdy\u017e si n\u011bkdo &#8222;nev\u0161imne&#8220;, \u017ee mu nez\u00e1konn\u011b chod\u00ed 50 tis\u00edc m\u011bs\u00ed\u010dn\u011b nav\u00edc.\ud83d\ude05\ud83d\ude44<\/p>\n<p>\ud83d\udc49 Vl\u00e1da potvrdila, \u017ee pl\u00e1nuje zcela zru\u0161it televizn\u00ed poplatky od p\u0159\u00ed\u0161t\u00edho roku. Od dubna se tak\u00e9 zv\u00fd\u0161\u00ed platy st\u00e1tn\u00edm zam\u011bstnanc\u016fm a finan\u010dn\u00ed \u00fa\u0159ady se z\u00e1rove\u0148 zam\u011b\u0159\u00ed na m\u00edsta, kde pen\u00edze ut\u00edkaj\u00ed. Nap\u0159. na pot\u00edr\u00e1n\u00ed pr\u00e1ce na\u010derno. Pln\u00edme, co jsme sl\u00edbili.<\/p>\n<p>\ud83d\udc49 V Praze jsme zarazili dal\u0161\u00ed zelen\u00fd nesmysl. Pl\u00e1novan\u00fd z\u00e1kaz taxi se spalovac\u00edm motorem, jak protla\u010dovali Pir\u00e1ti, jsme smetli ze stolu a m\u00edsto toho p\u0159ijali rozumnou alternativu.<\/p>\n<p>\ud83d\udc49 &#8222;Nov\u00e9 onkologick\u00e9 centrum v Motole za 4,5 miliardy by se m\u011blo otev\u0159\u00edt koncem srpna,&#8220; informoval premi\u00e9r Babi\u0161. Z tohoto brzy nejmodern\u011bj\u0161\u00edho centra v \u010cR m\u00e1m obrovskou radost a t\u011b\u0161\u00ed m\u011b, \u017ee s na\u0161\u00ed vl\u00e1dou p\u0159\u00edpravy nabraly \u00fapln\u011b jinou dynamiku.<\/p>\n<p>\ud83d\udc49 P\u0159es 100 tis\u00edc byt\u016f chyb\u00ed v hlavn\u00edm m\u011bst\u011b a ceny let\u00ed raketov\u011b nahoru. Kdy\u017e koalice nic ned\u011bl\u00e1, my na m\u00edst\u011b st\u00e1t nebudeme! Na f\u00f3ru dostupn\u00e9ho bydlen\u00ed, kter\u00e9 jsem svolal, jsme se starosty \u0159e\u0161ili, jak na bytovou krizi. Chci, aby p\u0159\u00ed\u0161t\u00ed zastupitelstvo projednalo na\u0161e n\u00e1vrhy.<\/p>\n<p>To v\u0161e a mnohem v\u00edc se dozv\u00edte ve 166. epizod\u011b m\u00e9ho politick\u00e9ho podcastu. D\u011bkuji v\u00e1m p\u0159edem za zhl\u00e9dnut\u00ed a pros\u00edm o dal\u0161\u00ed sd\u00edlen\u00ed, a\u0165 se pravdu dozv\u00ed co nejv\u00edc lid\u00ed! T\u011b\u0161\u00edm se na dotazy i koment\u00e1\u0159e!<\/p>\n<p><iframe loading=\"lazy\" title=\"Prasklo na Pir\u00e1ty! Rekordn\u00ed sumy za poradce a cesty. H\u0159iba pro\u0161et\u0159uj\u00ed kv\u016fli odm\u011bn\u00e1m | \u010cau Praho #166\" width=\"640\" height=\"360\" src=\"https:\/\/www.youtube.com\/embed\/7vG_ZPUeyRU?feature=oembed\" frameborder=\"0\" allow=\"accelerometer; autoplay; clipboard-write; encrypted-media; gyroscope; picture-in-picture; web-share\" referrerpolicy=\"strict-origin-when-cross-origin\" allowfullscreen><\/iframe><\/p>\n<h4>Ing. Ond\u0159ej Prokop<\/h4>\n<p>&nbsp;<\/p>\n","protected":false},"excerpt":{"rendered":"<p>Prasklo na Pir\u00e1ty! Radn\u00ed Komrskov\u00e1 doj\u00ed ve\u0159ejn\u00e9 pen\u00edze. Rekordn\u00ed sumu skoro 14 milion\u016f K\u010d nechala&#8230;<\/p>\n","protected":false},"author":2,"featured_media":67844,"comment_status":"closed","ping_status":"closed","sticky":false,"template":"","format":"standard","meta":[],"categories":[6],"tags":[1001,1503,2546,137,889],"_links":{"self":[{"href":"https:\/\/www.infokuryr.cz\/n\/wp-json\/wp\/v2\/posts\/97890"}],"collection":[{"href":"https:\/\/www.infokuryr.cz\/n\/wp-json\/wp\/v2\/posts"}],"about":[{"href":"https:\/\/www.infokuryr.cz\/n\/wp-json\/wp\/v2\/types\/post"}],"author":[{"embeddable":true,"href":"https:\/\/www.infokuryr.cz\/n\/wp-json\/wp\/v2\/users\/2"}],"replies":[{"embeddable":true,"href":"https:\/\/www.infokuryr.cz\/n\/wp-json\/wp\/v2\/comments?post=97890"}],"version-history":[{"count":0,"href":"https:\/\/www.infokuryr.cz\/n\/wp-json\/wp\/v2\/posts\/97890\/revisions"}],"wp:featuredmedia":[{"embeddable":true,"href":"https:\/\/www.infokuryr.cz\/n\/wp-json\/wp\/v2\/media\/67844"}],"wp:attachment":[{"href":"https:\/\/www.infokuryr.cz\/n\/wp-json\/wp\/v2\/media?parent=97890"}],"wp:term":[{"taxonomy":"category","embeddable":true,"href":"https:\/\/www.infokuryr.cz\/n\/wp-json\/wp\/v2\/categories?post=97890"},{"taxonomy":"post_tag","embeddable":true,"href":"https:\/\/www.infokuryr.cz\/n\/wp-json\/wp\/v2\/tags?post=97890"}],"curies":[{"name":"wp","href":"https:\/\/api.w.org\/{rel}","templated":true}]}}