{"id":97882,"date":"2026-01-27T00:31:11","date_gmt":"2026-01-26T23:31:11","guid":{"rendered":"https:\/\/www.infokuryr.cz\/n\/?p=97882"},"modified":"2026-01-26T17:12:34","modified_gmt":"2026-01-26T16:12:34","slug":"australie-socialiste-chteji-kontrolovat-spotrebu-elektriny-a-prosazuji-kolaps-site","status":"publish","type":"post","link":"https:\/\/www.infokuryr.cz\/n\/2026\/01\/27\/australie-socialiste-chteji-kontrolovat-spotrebu-elektriny-a-prosazuji-kolaps-site\/","title":{"rendered":"Austr\u00e1lie: Socialist\u00e9 cht\u011bj\u00ed kontrolovat spot\u0159ebu elekt\u0159iny \u2013 a prosazuj\u00ed kolaps s\u00edt\u011b"},"content":{"rendered":"<div id=\"fb-root\"><\/div>\n<p><strong><span dir=\"auto\">Kdy\u017e zemi vl\u00e1dnou socialist\u00e9, zdrav\u00fd rozum \u010dasto jde ven oknem. To je tak\u00e9 p\u0159\u00edpad Austr\u00e1lie, kde energetick\u00e1 transformace zp\u016fsobuje obrovsk\u00e9 probl\u00e9my \u2013 a \u0159e\u0161en\u00ed nab\u00edzen\u00e9 vl\u00e1dou situaci nijak nezlep\u0161uje.<\/span><\/strong><\/p>\n<p><span dir=\"auto\">Proto\u017ee kolem poledne je \u010dasto p\u0159ebytek sol\u00e1rn\u00ed energie, zat\u00edmco v noci mus\u00ed p\u0159evz\u00edt provoz konven\u010dn\u00ed elektr\u00e1rny, p\u0159i\u0161la socialistick\u00e1 vl\u00e1da Austr\u00e1lie s geni\u00e1ln\u00edm n\u00e1padem: t\u0159i hodiny elekt\u0159iny zdarma pro soukrom\u00e9 dom\u00e1cnosti. Elekt\u0159ina sice nen\u00ed ve skute\u010dnosti zdarma, proto\u017ee v\u00fdrobci sol\u00e1rn\u00ed energie jsou placeni prost\u0159ednictv\u00edm dotac\u00ed, ale labouristick\u00e1 vl\u00e1da douf\u00e1, \u017ee touto iniciativou zm\u011bn\u00ed vzorce spot\u0159eby elekt\u0159iny.<\/span><\/p>\n<figure class=\"wp-block-embed is-type-rich is-provider-twitter wp-block-embed-twitter\">\n<div class=\"wp-block-embed__wrapper\">\n<div class=\"twitter-tweet twitter-tweet-rendered\"><iframe id=\"twitter-widget-0\" class=\"\" title=\"X P\u0159\u00edsp\u011bvek\" src=\"https:\/\/platform.twitter.com\/embed\/Tweet.html?dnt=true&amp;embedId=twitter-widget-0&amp;features=eyJ0ZndfdGltZWxpbmVfbGlzdCI6eyJidWNrZXQiOltdLCJ2ZXJzaW9uIjpudWxsfSwidGZ3X2ZvbGxvd2VyX2NvdW50X3N1bnNldCI6eyJidWNrZXQiOnRydWUsInZlcnNpb24iOm51bGx9LCJ0ZndfdHdlZXRfZWRpdF9iYWNrZW5kIjp7ImJ1Y2tldCI6Im9uIiwidmVyc2lvbiI6bnVsbH0sInRmd19yZWZzcmNfc2Vzc2lvbiI6eyJidWNrZXQiOiJvbiIsInZlcnNpb24iOm51bGx9LCJ0ZndfZm9zbnJfc29mdF9pbnRlcnZlbnRpb25zX2VuYWJsZWQiOnsiYnVja2V0Ijoib24iLCJ2ZXJzaW9uIjpudWxsfSwidGZ3X21peGVkX21lZGlhXzE1ODk3Ijp7ImJ1Y2tldCI6InRyZWF0bWVudCIsInZlcnNpb24iOm51bGx9LCJ0ZndfZXhwZXJpbWVudHNfY29va2llX2V4cGlyYXRpb24iOnsiYnVja2V0IjoxMjA5NjAwLCJ2ZXJzaW9uIjpudWxsfSwidGZ3X3Nob3dfYmlyZHdhdGNoX3Bpdm90c19lbmFibGVkIjp7ImJ1Y2tldCI6Im9uIiwidmVyc2lvbiI6bnVsbH0sInRmd19kdXBsaWNhdGVfc2NyaWJlc190b19zZXR0aW5ncyI6eyJidWNrZXQiOiJvbiIsInZlcnNpb24iOm51bGx9LCJ0ZndfdXNlX3Byb2ZpbGVfaW1hZ2Vfc2hhcGVfZW5hYmxlZCI6eyJidWNrZXQiOiJvbiIsInZlcnNpb24iOm51bGx9LCJ0ZndfdmlkZW9faGxzX2R5bmFtaWNfbWFuaWZlc3RzXzE1MDgyIjp7ImJ1Y2tldCI6InRydWVfYml0cmF0ZSIsInZlcnNpb24iOm51bGx9LCJ0ZndfbGVnYWN5X3RpbWVsaW5lX3N1bnNldCI6eyJidWNrZXQiOnRydWUsInZlcnNpb24iOm51bGx9LCJ0ZndfdHdlZXRfZWRpdF9mcm9udGVuZCI6eyJidWNrZXQiOiJvbiIsInZlcnNpb24iOm51bGx9fQ%3D%3D&amp;frame=false&amp;hideCard=false&amp;hideThread=false&amp;id=2015485015581237604&amp;lang=cs&amp;origin=https%3A%2F%2Freport24.news%2Faustralien-sozialisten-wollen-stromverbrauch-lenken-und-foerdern-netzkollaps%2F&amp;sessionId=2c8411eb35a6d5fc421d743553c11f0600a1add6&amp;theme=light&amp;widgetsVersion=2615f7e52b7e0%3A1702314776716&amp;width=550px\" frameborder=\"0\" scrolling=\"no\" allowfullscreen=\"allowfullscreen\" data-tweet-id=\"2015485015581237604\" data-mce-fragment=\"1\"><\/iframe><\/div>\n<\/div>\n<\/figure>\n<p><a href=\"https:\/\/reneweconomy.com.au\/shared-solar-labors-free-power-plan-to-have-daily-cap-to-stop-abuse-by-ev-and-home-battery-owners\/\"><span dir=\"auto\">Pl\u00e1n v\u0161ak ve skute\u010dnosti nevy\u0161el<\/span><\/a><span dir=\"auto\">\u00a0\u2013 alespo\u0148 ne tak, jak doufali nerealisti\u010dt\u00ed pl\u00e1nova\u010di v Canbe\u0159e. Ob\u010dan\u00e9 ve skute\u010dnosti slu\u017ebu vyu\u017e\u00edvali ve v\u011bt\u0161\u00ed m\u00ed\u0159e, \u010d\u00edm\u017e p\u0159et\u00ed\u017eili elektrickou s\u00ed\u0165, kter\u00e1 prost\u011b nen\u00ed na takov\u00e9 nadm\u011brn\u00e9 zat\u00ed\u017een\u00ed navr\u017eena. Nyn\u00ed byl tento slib sta\u017een.<\/span><\/p>\n<p><span dir=\"auto\">\u201eBezplatn\u00e1 elekt\u0159ina\u201c m\u00e1 b\u00fdt nyn\u00ed omezena na 24 kilowatthodin denn\u011b. Zd\u016fvodn\u011bn\u00ed: Vl\u00e1da se ob\u00e1v\u00e1 \u201ezneu\u017e\u00edv\u00e1n\u00ed\u201c ze strany majitel\u016f elektromobil\u016f a dom\u00e1c\u00edch \u00falo\u017en\u00fdch syst\u00e9m\u016f. Nemus\u00edte b\u00fdt odborn\u00edk, abyste vid\u011bli, co se tu d\u011bje. Pokud by se by\u0165 jen \u010dtvrtina soukrom\u00fdch dom\u00e1cnost\u00ed v zemi pokusila odeb\u00edrat b\u011bhem t\u011bchto hodin bezplatn\u00e9ho odb\u011bru zna\u010dn\u00e9 mno\u017estv\u00ed elekt\u0159iny, p\u0159et\u00ed\u017een\u00ed by bylo nevyhnuteln\u00e9. \u017d\u00e1dn\u00e1 st\u00e1vaj\u00edc\u00ed elektrick\u00e1 s\u00ed\u0165 na to nen\u00ed navr\u017eena. Pojistky by se p\u0159ep\u00e1lily, m\u00edstn\u00ed transform\u00e1tory s\u00edt\u011b by se p\u0159eh\u0159\u00e1ly, cel\u00e9 ulice by se pono\u0159ily do tmy \u2013 a to je ten nejlep\u0161\u00ed mo\u017en\u00fd sc\u00e9n\u00e1\u0159. V nejhor\u0161\u00edm p\u0159\u00edpad\u011b by elektrick\u00e9 veden\u00ed a transform\u00e1tory dramaticky selhaly s po\u017e\u00e1ry a explozemi.<\/span><\/p>\n<figure class=\"wp-block-embed is-type-rich is-provider-twitter wp-block-embed-twitter\">\n<div class=\"wp-block-embed__wrapper\">\n<div class=\"twitter-tweet twitter-tweet-rendered\"><iframe id=\"twitter-widget-1\" class=\"\" title=\"X P\u0159\u00edsp\u011bvek\" src=\"https:\/\/platform.twitter.com\/embed\/Tweet.html?dnt=true&amp;embedId=twitter-widget-1&amp;features=eyJ0ZndfdGltZWxpbmVfbGlzdCI6eyJidWNrZXQiOltdLCJ2ZXJzaW9uIjpudWxsfSwidGZ3X2ZvbGxvd2VyX2NvdW50X3N1bnNldCI6eyJidWNrZXQiOnRydWUsInZlcnNpb24iOm51bGx9LCJ0ZndfdHdlZXRfZWRpdF9iYWNrZW5kIjp7ImJ1Y2tldCI6Im9uIiwidmVyc2lvbiI6bnVsbH0sInRmd19yZWZzcmNfc2Vzc2lvbiI6eyJidWNrZXQiOiJvbiIsInZlcnNpb24iOm51bGx9LCJ0ZndfZm9zbnJfc29mdF9pbnRlcnZlbnRpb25zX2VuYWJsZWQiOnsiYnVja2V0Ijoib24iLCJ2ZXJzaW9uIjpudWxsfSwidGZ3X21peGVkX21lZGlhXzE1ODk3Ijp7ImJ1Y2tldCI6InRyZWF0bWVudCIsInZlcnNpb24iOm51bGx9LCJ0ZndfZXhwZXJpbWVudHNfY29va2llX2V4cGlyYXRpb24iOnsiYnVja2V0IjoxMjA5NjAwLCJ2ZXJzaW9uIjpudWxsfSwidGZ3X3Nob3dfYmlyZHdhdGNoX3Bpdm90c19lbmFibGVkIjp7ImJ1Y2tldCI6Im9uIiwidmVyc2lvbiI6bnVsbH0sInRmd19kdXBsaWNhdGVfc2NyaWJlc190b19zZXR0aW5ncyI6eyJidWNrZXQiOiJvbiIsInZlcnNpb24iOm51bGx9LCJ0ZndfdXNlX3Byb2ZpbGVfaW1hZ2Vfc2hhcGVfZW5hYmxlZCI6eyJidWNrZXQiOiJvbiIsInZlcnNpb24iOm51bGx9LCJ0ZndfdmlkZW9faGxzX2R5bmFtaWNfbWFuaWZlc3RzXzE1MDgyIjp7ImJ1Y2tldCI6InRydWVfYml0cmF0ZSIsInZlcnNpb24iOm51bGx9LCJ0ZndfbGVnYWN5X3RpbWVsaW5lX3N1bnNldCI6eyJidWNrZXQiOnRydWUsInZlcnNpb24iOm51bGx9LCJ0ZndfdHdlZXRfZWRpdF9mcm9udGVuZCI6eyJidWNrZXQiOiJvbiIsInZlcnNpb24iOm51bGx9fQ%3D%3D&amp;frame=false&amp;hideCard=false&amp;hideThread=false&amp;id=1537281394769920002&amp;lang=cs&amp;origin=https%3A%2F%2Freport24.news%2Faustralien-sozialisten-wollen-stromverbrauch-lenken-und-foerdern-netzkollaps%2F&amp;sessionId=2c8411eb35a6d5fc421d743553c11f0600a1add6&amp;theme=light&amp;widgetsVersion=2615f7e52b7e0%3A1702314776716&amp;width=550px\" frameborder=\"0\" scrolling=\"no\" allowfullscreen=\"allowfullscreen\" data-tweet-id=\"1537281394769920002\" data-mce-fragment=\"1\"><\/iframe><\/div>\n<\/div>\n<\/figure>\n<p><span dir=\"auto\">P\u0159esn\u011b na to poukazuj\u00ed samotn\u00e1 prohl\u00e1\u0161en\u00ed, kter\u00e1 ministerstvo zjevn\u011b neochotn\u011b uznalo. \u201eVelmi vysok\u00e1 \u0161pi\u010dkov\u00e1 spot\u0159eba\u201c by mohla p\u0159et\u00ed\u017eit m\u00edstn\u00ed s\u00edt\u011b a v\u00e9st k r\u016fstu n\u00e1klad\u016f na s\u00edt\u011b. Jin\u00fdmi slovy: v\u011bci se prodra\u017e\u00ed. Nemluv\u011b o tom, \u017ee i provozovatel\u00e9 s\u00edt\u00ed cht\u011bj\u00ed pokr\u00fdt sv\u00e9 n\u00e1klady, a proto zvy\u0161uj\u00ed ve\u010dern\u00ed a no\u010dn\u00ed tarify, aby to kompenzovali.<\/span><\/p>\n<p><span dir=\"auto\">Austr\u00e1lie je dal\u0161\u00edm p\u0159\u00edkladem toho, jak politika zelen\u00fdch socialist\u016f nejen vytv\u00e1\u0159\u00ed zbyte\u010dn\u00e9 probl\u00e9my, ale tak\u00e9 zhor\u0161uje ty st\u00e1vaj\u00edc\u00ed. Nelze jednodu\u0161e ignorovat fyzik\u00e1ln\u00ed a tr\u017en\u00ed principy a doufat, \u017ee se v\u011bci n\u011bjak vy\u0159e\u0161\u00ed. Kdy\u017e je realita nahrazena ideologi\u00ed, v\u00fdsledek je z\u0159\u00eddka dobr\u00fd.<\/span><\/p>\n<p><img decoding=\"async\" loading=\"lazy\" class=\"alignnone size-full wp-image-1185\" src=\"http:\/\/www.infokuryr.cz\/n\/wp-content\/uploads\/2021\/04\/kuryr-podpis.png\" alt=\"\" width=\"84\" height=\"24\" \/><\/p>\n<p>&nbsp;<\/p>\n<div id=\"repor-7a49e904621de55453690a1219e86960\" class=\"repor-7a49e904621de55453690a1219e86960 repor-inarticle6\">\n<div id=\"repor-1099627371\" class=\"repor-inarticle6 repor-target\" data-repor-trackid=\"68391\" data-repor-trackbid=\"1\">\n<div data-type=\"_mgwidget\" data-widget-id=\"1339558\" data-uid=\"118c0\">\n<div id=\"mgw1339558_118c0\">\n<div>\n<div class=\"mgbox\">\n<div class=\"mgheader\"><\/div>\n<\/div>\n<\/div>\n<\/div>\n<\/div>\n<\/div>\n<\/div>\n","protected":false},"excerpt":{"rendered":"<p>Kdy\u017e zemi vl\u00e1dnou socialist\u00e9, zdrav\u00fd rozum \u010dasto jde ven oknem. To je tak\u00e9 p\u0159\u00edpad Austr\u00e1lie,&#8230;<\/p>\n","protected":false},"author":2,"featured_media":97883,"comment_status":"closed","ping_status":"closed","sticky":false,"template":"","format":"standard","meta":[],"categories":[7],"tags":[434,1299,2320,6035],"_links":{"self":[{"href":"https:\/\/www.infokuryr.cz\/n\/wp-json\/wp\/v2\/posts\/97882"}],"collection":[{"href":"https:\/\/www.infokuryr.cz\/n\/wp-json\/wp\/v2\/posts"}],"about":[{"href":"https:\/\/www.infokuryr.cz\/n\/wp-json\/wp\/v2\/types\/post"}],"author":[{"embeddable":true,"href":"https:\/\/www.infokuryr.cz\/n\/wp-json\/wp\/v2\/users\/2"}],"replies":[{"embeddable":true,"href":"https:\/\/www.infokuryr.cz\/n\/wp-json\/wp\/v2\/comments?post=97882"}],"version-history":[{"count":0,"href":"https:\/\/www.infokuryr.cz\/n\/wp-json\/wp\/v2\/posts\/97882\/revisions"}],"wp:featuredmedia":[{"embeddable":true,"href":"https:\/\/www.infokuryr.cz\/n\/wp-json\/wp\/v2\/media\/97883"}],"wp:attachment":[{"href":"https:\/\/www.infokuryr.cz\/n\/wp-json\/wp\/v2\/media?parent=97882"}],"wp:term":[{"taxonomy":"category","embeddable":true,"href":"https:\/\/www.infokuryr.cz\/n\/wp-json\/wp\/v2\/categories?post=97882"},{"taxonomy":"post_tag","embeddable":true,"href":"https:\/\/www.infokuryr.cz\/n\/wp-json\/wp\/v2\/tags?post=97882"}],"curies":[{"name":"wp","href":"https:\/\/api.w.org\/{rel}","templated":true}]}}