{"id":9788,"date":"2022-04-19T03:00:12","date_gmt":"2022-04-19T01:00:12","guid":{"rendered":"http:\/\/www.infokuryr.cz\/n\/?p=9788"},"modified":"2022-04-19T03:00:12","modified_gmt":"2022-04-19T01:00:12","slug":"nedelnik-adama-b-bartose-83-hra-skoncila-zapomente-slama-u-kravina","status":"publish","type":"post","link":"https:\/\/www.infokuryr.cz\/n\/2022\/04\/19\/nedelnik-adama-b-bartose-83-hra-skoncila-zapomente-slama-u-kravina\/","title":{"rendered":"NED\u011aLN\u00cdK ADAMA B. BARTO\u0160E (83): HRA SKON\u010cILA. ZAPOME\u0147TE. SL\u00c1MA U KRAV\u00cdNA!"},"content":{"rendered":"<div id=\"fb-root\"><\/div>\n<p>Zdrav\u00edm v\u00e1s u sv\u00e9ho ned\u011bln\u00edku, kter\u00fd je pond\u011bln\u00edkem a je\u0161t\u011b nav\u00edc velikono\u010dn\u00edm. Cht\u011blo by to tedy n\u011bco slavnostn\u00edho, nejl\u00e9pe n\u011bjak\u00e9 velikono\u010dn\u00ed poselstv\u00ed. Ale na to j\u00e1 moc nejsem. Nav\u00edc se p\u0159izn\u00e1m, \u017ee jsem byl r\u00e1d, kdy\u017e jsem mohl p\u0159ed n\u011bkolika dny na politiku \u00fapln\u011b zapomenout a b\u011bhem dn\u016f volna se v\u011bnovat rodin\u011b. Abych byl v obraze, \u010dtu si Aeronet a v p\u00e1tek poslouch\u00e1m pana VK na Svobodn\u00e9m vys\u00edla\u010di, ale to je v\u0161e. V z\u00e1jmu zachov\u00e1n\u00ed du\u0161evn\u00edho zdrav\u00ed mainstreamov\u00e9 str\u00e1nky, a\u017e na v\u00fdjimky, rad\u011bji neotv\u00edr\u00e1m.<span id=\"more-12984\"><\/span><\/p>\n<p>Ona nav\u00edc jen m\u00e1lokdy na \u010dlov\u011bka vysko\u010d\u00ed n\u011bjak\u00e1 dobr\u00e1 zpr\u00e1va a kdy\u017e u\u017e n\u011bjak\u00e1 zpr\u00e1va dobr\u00e1 je, t\u00fdk\u00e1 se zpravidla jin\u00e9 zem\u011b a s n\u00e1mi nem\u00e1 mnoho spole\u010dn\u00e9ho. Nap\u0159\u00edklad to Ma\u010farsko, kter\u00e9 jsem zmi\u0148oval p\u0159ed t\u00fddnem \u2013 je p\u011bkn\u00e9, \u017ee Ma\u010fa\u0159i op\u011bt up\u0159ednostnili sv\u00e9 n\u00e1rodn\u00ed z\u00e1jmy, ale co je n\u00e1m to platn\u00e9? Jen se n\u00e1m m\u00edlov\u00fdmi kroky vzdaluj\u00ed. Zat\u00edmco oni si u\u017e n\u011bkolik\u00e1t\u00e9 volebn\u00ed obdob\u00ed v \u0159ad\u011b buduj\u00ed prosperitu, nez\u00e1vislost a stabilitu, my ka\u017edou novou vl\u00e1dou upad\u00e1me st\u00e1le hloub\u011bji a hloub\u011bji do bahna poklonkov\u00e1n\u00ed Z\u00e1padu a n\u00e1rodn\u00ed sebevra\u017edy. Za Babi\u0161e jsme se alespo\u0148 s Ma\u010farskem sna\u017eili udr\u017eovat dobr\u00e9 vztahy, te\u010f se mu ale h\u0148upova vl\u00e1da ostentativn\u011b vyh\u00fdb\u00e1 a od\u0159\u00edk\u00e1v\u00e1 i\u00a0<a href=\"https:\/\/www.idnes.cz\/zpravy\/zahranicni\/madarsko-zrusilo-jednani-v4-cernochova-polsko-viktor-orban-rusko-valka-ukrajina.A220329_112431_zahranicni_kha\" target=\"_blank\" rel=\"noopener\"><em><strong>\u00fa\u010dast na v\u00e9-\u010dty\u0159ce<\/strong><\/em><\/a>.<\/p>\n<p>U n\u00e1s se pak na n\u00e1rodn\u00ed z\u00e1jmy \u00fapln\u011b ka\u0161le. Plyn si klidn\u011b velik\u00e1\u0161sky nakoup\u00edme t\u0159ebas i stokr\u00e1t dra\u017e\u0161\u00ed, proto\u017ee na to z\u0159ejm\u011b m\u00e1me, a ti, co na to nemaj\u00ed, ti si prost\u011b ztlum\u00ed topen\u00ed, \u017ee? A co kdy\u017e nebudou ani potraviny nebo budou tak drah\u00e9, \u017ee na n\u011b oby\u010dejn\u00fd \u010dlov\u011bk nedos\u00e1hne, jak u\u017e i na mainstreamu varuj\u00ed r\u016fzn\u00ed experti? To nen\u00ed na\u0161e starost, \u0159ekne vl\u00e1da, vl\u00e1da tu p\u0159ece nen\u00ed od toho, aby se o \u010dlov\u011bka starala, postarej se, \u010dlov\u011b\u010de, s\u00e1m o sebe, vzk\u00e1zala n\u00e1m Pekarov\u00e1-Adamov\u00e1. Vl\u00e1da je tu z\u0159ejm\u011b jen od toho, aby v\u00e1l\u010dila s Putinem. A kdy\u017e nebude\u0161 m\u00edt co j\u00edst, ob\u010dane, tak dr\u017e p\u016fst. Uskromni se. Vynech j\u00eddlo, jez jenom obden, d\u00e1vej si men\u0161\u00ed porce, b\u011b\u017e se p\u00e1st na louku, vytrestej Putina t\u00edm, \u017ee sn\u00ed\u017e\u00ed\u0161 spot\u0159ebu rusk\u00e9ho obil\u00ed.<\/p>\n<p>N\u011bkomu m\u016f\u017ee p\u0159ipadat, \u017ee p\u0159eh\u00e1n\u00edm, ale je to naopak na\u0161e vl\u00e1da, kter\u00e1 to p\u0159ep\u00edskla u\u017e d\u00e1vno a ka\u017ed\u00fd den se sna\u017e\u00ed trumfnout sebe sama. Odst\u0159ih\u00e1v\u00e1n\u00ed se od rusk\u00e9ho plynu, kdy\u017e nem\u00e1me alternativu, je \u010dist\u00e9 bl\u00e1znovstv\u00ed, i h\u0148up to mus\u00ed v\u011bd\u011bt. Ale n\u011bkdo ho z\u0159ejm\u011b dr\u017e\u00ed za koule a podle toho to vypad\u00e1 \u2013 vl\u00e1da nevl\u00e1dne, vl\u00e1da terorizuje (u\u017e zase \u2013 Babi\u0161ova vl\u00e1da terorizovala skrzev\u00e1 kovid, tato skrze rusko-ukrajinsk\u00fd konflikt, kter\u00fd by se n\u00e1s nemusel nijak t\u00fdkat, ale vl\u00e1d\u011b se zaprv\u00e9 hod\u00ed n\u00e1s s v\u00fdmluvou na n\u011bj terorizovat a zadruh\u00e9 dostala to befelem). Rusko chce, abychom i za obil\u00ed platili v rublech \u2013 norm\u00e1ln\u00ed politik by s t\u00edm nem\u011bl probl\u00e9m, dokonce i Slov\u00e1ci na to z\u0159ejm\u011b p\u0159istoup\u00ed, ale na\u0161e vl\u00e1da je tak protirusk\u00e1, \u017ee nejsp\u00ed\u0161e rad\u011bji zahyne hladem, ne\u017e aby platila v rublech. Tedy p\u0159esn\u011bji \u2013 vl\u00e1da ne, ta to n\u011bjak p\u0159e\u017eije, jako v\u0161e, ale my, oby\u010dejn\u00ed lid\u00e9, to asi odneseme. Vyzvou n\u00e1s vl\u00e1dn\u00ed politici, abychom na protest proti Putinovi sn\u00ed\u017eili p\u0159\u00edjem kalori\u00ed, abychom si \u201eklausovsky\u201c ut\u00e1hli opasky, abychom po\u0161kodili Putina t\u00edm, \u017ee budeme hladov\u011bt? Je to p\u0159esn\u011b v logice ztlumov\u00e1n\u00ed topen\u00ed \u2013 ke kter\u00e9mu krom\u011b vl\u00e1dn\u00edch politik\u016f vyb\u00edzej\u00ed i fanatici z \u0159ad neziskovek, kte\u0159\u00ed v Praze blokuj\u00ed dopravu. V\u0161imli jste si, jak boj proti glob\u00e1ln\u00edmu oteplov\u00e1n\u00ed pohotov\u011b (a jako na \u201en\u011b\u010d\u00ed\u201c objedn\u00e1vku) vym\u011bnili za boj proti Putinovi? A policie k tomu ne\u010dinn\u011b p\u0159ihl\u00ed\u017e\u00ed, tak\u017ee rozzloben\u00ed \u0159idi\u010di musej\u00ed v\u011bc \u0159e\u0161it sami\u2026<\/p>\n<p>Ve skute\u010dnosti je to je\u0161t\u011b hor\u0161\u00ed \u2013 zat\u00edmco n\u00e1m vl\u00e1da vzkazuje, \u017ee tu nen\u00ed pro n\u00e1s a od toho, aby se o n\u00e1s starala, o Ukrajince se naopak star\u00e1, div se u toho nep\u0159etrhne. P\u011bt tis\u00edc na ruku, parkov\u00e1n\u00ed-v-praze-kde-v\u00e1s-napadne, ZOO a pam\u00e1tky zdarma, MHD zdarma, spousta vymo\u017eenost\u00ed, kter\u00e9 \u010cech \/ Moravan \/ Slezan od st\u00e1tu zdarma nikdy neuvid\u00ed. A pak chcete j\u00edt s d\u011btmi do ZOO, zaplat\u00edte si vstupenku a ani se nedostanete do pavilon\u016f, proto\u017ee zahrada je pln\u00e1 Ukrajinc\u016f, co to maj\u00ed zdarma (stalo se ve Dvo\u0159e Kr\u00e1lov\u00e9 nad Labem). Zd\u00e1 se to b\u00fdt jako ten nejm\u00e9n\u011b k\u0159iklav\u00fd p\u0159\u00edklad, proto\u017ee bez ZOO \u017e\u00edt m\u016f\u017eeme a \u017ee neuvid\u00ed zv\u00ed\u0159\u00e1tka, \u0161tve p\u0159edev\u0161\u00edm d\u011bti. Ale \u0161tve to i rodi\u010de, kte\u0159\u00ed rodinnou vstupenku zaplatili (a vstup do ZOO dnes nen\u00ed \u017e\u00e1dnou levnou z\u00e1le\u017eitost\u00ed) a nikdo jim u\u017e pen\u00edze nevr\u00e1t\u00ed. A hlavn\u011b \u2013 jde o princip. Vl\u00e1du \u010ce\u0161i asi nezaj\u00edmaj\u00ed, ale na Ukrajince\u00a0<a href=\"https:\/\/www.idnes.cz\/zpravy\/domaci\/vlada-uprchlici-krize-valka-ubytovani-prispevky.A220412_192207_domaci_wes?zdroj=vykuk_obecny\" target=\"_blank\" rel=\"noopener\"><em><strong>uvol\u0148uje miliardy<\/strong><\/em><\/a>. Tohle nen\u00ed na\u0161e vl\u00e1da, nen\u00ed to vl\u00e1da \u010cesk\u00e9 republiky, je to nejsp\u00ed\u0161e ukrajinsk\u00e1 vl\u00e1da a vrchn\u00ed h\u0148up by se klidn\u011b mohl nechat titulovat jako ukrajinsk\u00fd premi\u00e9r\u2026<\/p>\n<p>A pak je tu ta banderizace \u010desk\u00e9 spole\u010dnosti. Kdyby v tom v\u0161em byl alespo\u0148 premi\u00e9r s\u00e1m jako pomysln\u00fd k\u016fl v plot\u011b, ale za premi\u00e9rem se nev\u00edm-pro\u010d se\u0159adilo cel\u00e9 st\u00e1do v\u00e1le\u010dn\u011b be\u010d\u00edc\u00edch ob\u010dan\u016f a jsou mezi nimi i bezesporu vzd\u011blan\u00e9 osobnosti. Jeden p\u0159\u00edklad za v\u0161echny. Takov\u00e1 Dana Dr\u00e1bov\u00e1 mi nikdy nebyla sympatick\u00e1, ale alespo\u0148 si \u010dlov\u011bk \u0159\u00edkal, \u017ee m\u00e1 n\u011bco v hlav\u011b. Ale pak ji sly\u0161\u00edte v r\u00e1diu, sly\u0161\u00edte ty jej\u00ed vstupy a koment\u00e1\u0159e a \u0159\u00edk\u00e1te si, kde se v t\u011bch lidech ta tupost bere. Najednou je profesn\u00ed odbornost ta tam a vy vid\u00edte jen fanatick\u00e9ho \u010dlov\u011bka, kter\u00fd v televizn\u00edm po\u0159adu m\u00e1lem \u201ehajluje\u201c. Opravdu \u2013 vystupovala v po\u0159adu V\u00e1clava Moravce mezi dal\u0161\u00edmi \u0159e\u010dn\u00edky a kdy\u017e byla moder\u00e1torem p\u0159iv\u00edt\u00e1na a p\u0159edstavena, ta \u017eensk\u00e1 vysko\u010dila jak p\u00e9ro z gau\u010de a zak\u0159i\u010dela\u00a0<a href=\"https:\/\/vimeo.com\/691137237\" target=\"_blank\" rel=\"noopener\"><em><strong>\u201eSl\u00e1va Ukrajin\u011b\u201c<\/strong><\/em><\/a>, co\u017e je banderovsk\u00e9 heslo, ne nepodobn\u00e9mu hitlerovsk\u00e9mu \u201ev\u00edt\u011bzstv\u00ed zdar\u201c. Ruka j\u00ed vyst\u0159elila, ale pak se asi v\u010das zastavila, tak\u017ee ji nevzty\u010dila \u00fapln\u011b, ale v \u00farovni prsou pouze \u201ezahajlovala\u201c ukazov\u00e1kem. A pod s\u00e1\u010dkem m\u011bla pro jistotu je\u0161t\u011b tri\u010dko s havlovsk\u00fdm srd\u00ed\u010dkem v barv\u00e1ch modro\u017elut\u00e9. Pane\u010dku, rad\u011bji nechci dom\u00fd\u0161let, jak\u00e9 m\u00e1 doma povle\u010den\u00ed a co m\u00e1 na no\u010dn\u00edm stolku. Op\u011bt \u2013 je to jen p\u0159\u00edklad, ale z\u00e1m\u011brn\u011b jmenuji tento, proto\u017ee mi p\u0159ijde obzvl\u00e1\u0161t\u011b k\u0159iklav\u00fd. Heslo, pod n\u00edm\u017e byli rukou banderovc\u016f vra\u017ed\u011bni Pol\u00e1ci, \u010ce\u0161i, ale i \u017did\u00e9, a ona ho ve\u0159ejn\u011b proklamuje u V\u00e1clava Moravce? Tohle nevymysl\u00ed\u0161. A hlavn\u011b \u2013 pro\u010d? Pro\u010d m\u00e1 odbornice na jadernou bezpe\u010dnost pot\u0159ebu se identifikovat jako banderovec? Pro\u010d to d\u011bl\u00e1? Co ji k tomu fanatismu vede? Nejhor\u0161\u00ed v\u0161ak je, \u017ee lid\u00ed, kte\u0159\u00ed se takto zbl\u00e1znili, je kolem n\u00e1s nespo\u010det. A aby toho nebylo m\u00e1lo, je\u0161t\u011b nav\u00edc klidn\u011b ud\u00e1vaj\u00ed ty druh\u00e9, kte\u0159\u00ed jejich n\u00e1zor nesd\u00edl\u00ed. Neodsoudil\u00b4s agresi? M\u00e1\u0161 pad\u00e1ka. Neodsoudil\u00b4s agresi? Ud\u00e1m t\u011b policii. Vyskl\u00e1dal sis z legrace eidam na chleb\u00ed\u010dky do tvaru zetka? Pod\u00e1v\u00e1m na tebe trestn\u00ed ozn\u00e1men\u00ed. A u\u017e se zase vesele ud\u00e1v\u00e1, jako za T\u0159et\u00ed \u0159\u00ed\u0161e nebo jako za covidu\u2026 P\u0159itom v N\u011bmecku se konaj\u00ed\u00a0<a href=\"https:\/\/www.irozhlas.cz\/zpravy-svet\/proruska-kolona-pismeno-z-berlin-demonstrace-autoservis-rusko-valka-ukrajina_2204071745_aur\" target=\"_blank\" rel=\"noopener\"><em><strong>spanil\u00e9 j\u00edzdy<\/strong><\/em><\/a>\u00a0na podporu Ruska. Zase jsme n\u011bme\u010dt\u011bj\u0161\u00ed ne\u017e N\u011bmecko, ameri\u010dt\u011bj\u0161\u00ed ne\u017e Amerika\u2026<\/p>\n<p>Do toho v\u0161eho jsme se dozv\u011bd\u011bli, \u017ee budeme v republice m\u00edt americk\u00e9 z\u00e1kladny, tedy n\u011bco, co je\u0161t\u011b p\u0159ed p\u00e1r lety bylo pro \u010deskou spole\u010dnost nep\u0159ijateln\u00e9. Dnes se kolem toho \u017e\u00e1dn\u00e1 debata t\u00e9m\u011b\u0159 nevede a v\u00e9st nehodl\u00e1. Blbka z ministerstva obrany pouze su\u0161e ozn\u00e1m\u00ed, \u017ee toto t\u00e9ma otev\u0159e na jedn\u00e1n\u00ed v USA, jako kdyby k tomu m\u011bla n\u011bjak\u00fd mand\u00e1t (no samoz\u0159ejm\u011b, \u017ee \u017e\u00e1dn\u00fd nem\u00e1 a samoz\u0159ejm\u011b, \u017ee to nen\u00ed ona, kdo n\u011bjak\u00e9 t\u00e9ma otev\u00edr\u00e1, ona pouze pln\u00ed noti\u010dky tak, aby to vypadalo, \u017ee jde o \u010deskou iniciativu). Trikol\u00f3ra proti tomu spr\u00e1vn\u011b ozn\u00e1mila demonstraci (tedy ne, \u017ee by demonstrace k n\u011b\u010demu byly), ale velmi z\u00e1hy se nechala nap\u00e1lit a ozn\u00e1mila, \u017ee akce se prozat\u00edm odkl\u00e1d\u00e1, proto\u017ee vl\u00e1da pr\u00fd \u201eustupuje\u201c. P\u0159itom nikdo od ni\u010deho neustupuje, pouze s n\u00e1mi vl\u00e1da hraje divadlo a premi\u00e9r p\u0159edst\u00edr\u00e1, \u017ee americk\u00e9 z\u00e1kladny nejsou ve h\u0159e, a\u010dkoli je p\u0159itom nejsp\u00ed\u0161e u\u017e d\u00e1vno o v\u0161em rozhodnuto, jen to necht\u011bj\u00ed \u0159\u00edci takto natvrdo. Jen\u017ee a\u017e budou z\u00e1kladny, budou i rakety a a\u017e budou rakety, m\u00e1me zad\u011bl\u00e1no na je\u0161t\u011b v\u011bt\u0161\u00ed pr\u016f\u0161vih, ne\u017e v jak\u00e9m jsme nyn\u00ed, kdy zat\u00edm chceme Putina trestat pouze vlastn\u00edm mrznut\u00edm. NATO je\u0161t\u011b nikomu nep\u0159i\u0161lo na pomoc, nato\u017e Ameri\u010dan\u00e9. Tak jako v tom Ameri\u010dan\u00e9 nechali Ukrajinu, pot\u00e9, co ji i Rusko vyhecovali ke konfliktu, nechaj\u00ed v tom i n\u00e1s, pokud by se konflikt roz\u0161\u00ed\u0159il do st\u0159edn\u00ed Evropy. Budou to jen zpovzd\u00e1l\u00ed sledovat, jak je jejich dobr\u00fdm zvykem \u2013 jako v \u0161edes\u00e1t\u00e9m osm\u00e9m u n\u00e1s, nebo v pades\u00e1t\u00e9m \u0161est\u00e9m v Ma\u010farsku. Na co ale m\u016f\u017eeme vz\u00edt jed, je to, \u017ee jakmile na na\u0161e \u00fazem\u00ed vstoup\u00ed noha americk\u00e9ho voj\u00e1ka, u\u017e ho jen tak neopust\u00ed. Tak\u017ee proamerickou orientaci budou jistit u\u017e nejen loutky ve vl\u00e1d\u011b, ale i americk\u00e1 vojensk\u00e1 p\u0159\u00edtomnost s raketami za z\u00e1dy. Pane\u010dku, to bude ta spr\u00e1vn\u00e1 bratrsk\u00e1 pomoc.<\/p>\n<p>Tohle v\u0161echno jsou tak \u0161patn\u00e9 zpr\u00e1vy, \u017ee ani odlo\u017een\u00ed n\u00e1hubku v MHD to nem\u016f\u017ee kompenzovat. J\u00e1 ho nav\u00edc nenosil, tak\u017ee tu zm\u011bnu nijak neregistruji, a i proto nem\u00e1m d\u016fvod k vl\u00e1d\u011b obdivn\u011b vzhl\u00ed\u017eet, jako\u017ee j\u00ed jde o na\u0161e blaho. Naopak. Uv\u011bdom\u00edte si toti\u017e p\u0159i tom, jak n\u00e1m lhali, l\u017eou a budou lh\u00e1t. Loni jsme n\u00e1hubek nemohli sundat cel\u00fd rok a v MHD ho m\u011bli i p\u0159es l\u00e9to, kdy byl covid nula nula nic. To, \u017ee ho nyn\u00ed nemus\u00edme m\u00edt u\u017e v dubnu, znamen\u00e1 pouze to, \u017ee n\u00e1m loni v l\u00e9t\u011b d\u011bsn\u011b lhali. A z toho m\u016f\u017eeme odvodit, \u017ee n\u00e1m l\u017eou st\u00e1le a ve v\u0161em. A tedy i dnes. Nem\u016f\u017eeme vl\u00e1d\u011b v\u011b\u0159it nic. Vl\u00e1da uk\u00e1zala (\u010diny i slovy), \u017ee tu nen\u00ed pro n\u00e1s. Co to znamen\u00e1? \u017de vl\u00e1da je tu proti n\u00e1m? To mnohem sp\u00ed\u0161e. \u017de je tu v\u00edce pro Ukrajince, ne\u017e pro n\u00e1s? Bohu\u017eel, v\u00edtejte v realit\u011b. A dokonce ani pro ty Ukrajince tu nen\u00ed proto, \u017ee by to bylo jej\u00ed p\u0159esv\u011bd\u010den\u00ed, ale \u017ee nejsp\u00ed\u0161 i to dostala z USA befelem. Proto se Fiala a Raku\u0161an mohou m\u00e1lem p\u0159etrhnout, aby v\u0161echny ty Ukrajince uspokojili, proto\u017ee Ameri\u010dan\u00e9, jak je jejich zvykem, d\u00e1vaj\u00ed od v\u0161eho ruce pry\u010d,\u00a0<a href=\"https:\/\/aeronet.news\/video-sokujici-svedectvi-tlumocnice-jak-si-americke-ambasady-prehazuji-ukrajinske-uprchliky-jako-brambory-a-nechteji-je-pustit-do-usa-ani-kdyz-maji-platna-viza-a-potrebuji-jen-pridat-do-pasu-dite\/\" target=\"_blank\" rel=\"noopener\"><em><strong>i od t\u011bch uprchl\u00edk\u016f<\/strong><\/em><\/a>. A\u017e p\u0159ijde jin\u00fd befel, nebude tu na\u0161e vl\u00e1da u\u017e ani pro Ukrajince (tak jako pro Ukrajince nebyla ani jejich vl\u00e1da v Kyjev\u011b).<\/p>\n<p>Zkr\u00e1tka, tato vl\u00e1da je proti lidu, je proti n\u00e1rodu, je proti mn\u011b a tob\u011b, je proti va\u0161\u00ed rodin\u011b, je proti va\u0161im d\u011btem, je proti tomuto st\u00e1tu. To nen\u00ed nijak p\u0159\u00edjemn\u00e9 poselstv\u00ed a u\u017e v\u016fbec ne velikono\u010dn\u00ed, ale je to pravda. A pravda osvobozuje\u2026<\/p>\n<p>Kdy\u017e tak nad t\u00edm p\u0159em\u00fd\u0161l\u00edm, vl\u00e1da u\u017e nic ani nezast\u00edr\u00e1, vl\u00e1da n\u00e1m u\u017e ani nel\u017ee. U\u017e n\u00e1m to \u0159\u00edk\u00e1 na rovinu. Nejsme tu pro v\u00e1s, nejsme tu pro to, abychom se o v\u00e1s starali, m\u00e1me jin\u00e9 \u00fakoly, neotravujte n\u00e1s, postarejte se o sebe sami. Minul\u00e1 vl\u00e1da se alespo\u0148 pod z\u00e1minkou covidu sna\u017eila p\u0159edst\u00edrat, \u017ee j\u00ed jde o na\u0161e zdrav\u00ed, o na\u0161e dobro, o n\u00e1\u0161 \u017eivot, o na\u0161e p\u0159e\u017eit\u00ed. Tato vl\u00e1da se s n\u011bjak\u00fdmi poh\u00e1dkami u\u017e ani nep\u00e1\u0159e. Na rovinu n\u00e1m \u0159\u00edk\u00e1, \u017ee ji nezaj\u00edm\u00e1me. Opozi\u010dn\u00ed weby zakazuje a likviduje, kritick\u00e9 my\u0161len\u00ed trest\u00e1 st\u00edh\u00e1n\u00edm. U\u017e si na nic nehraje.<\/p>\n<p>Hra skon\u010dila.<\/p>\n<p>Sl\u00e1ma u krav\u00edna!<\/p>\n<p><em>Adam B. Barto\u0161<\/em><br \/>\n<em>p\u0159edseda N\u00e1rodn\u00ed demokracie<\/em><\/p>\n<p><img decoding=\"async\" loading=\"lazy\" class=\"alignnone size-full wp-image-678\" src=\"http:\/\/www.infokuryr.cz\/n\/wp-content\/uploads\/2021\/04\/narodni_demokracie_logo.jpg\" alt=\"\" width=\"300\" height=\"85\" \/><\/p>\n<p>&nbsp;<\/p>\n<p>&nbsp;<\/p>\n","protected":false},"excerpt":{"rendered":"<p>Zdrav\u00edm v\u00e1s u sv\u00e9ho ned\u011bln\u00edku, kter\u00fd je pond\u011bln\u00edkem a je\u0161t\u011b nav\u00edc velikono\u010dn\u00edm. Cht\u011blo by to&#8230;<\/p>\n","protected":false},"author":2,"featured_media":679,"comment_status":"closed","ping_status":"closed","sticky":false,"template":"","format":"standard","meta":[],"categories":[6],"tags":[367,29,85],"_links":{"self":[{"href":"https:\/\/www.infokuryr.cz\/n\/wp-json\/wp\/v2\/posts\/9788"}],"collection":[{"href":"https:\/\/www.infokuryr.cz\/n\/wp-json\/wp\/v2\/posts"}],"about":[{"href":"https:\/\/www.infokuryr.cz\/n\/wp-json\/wp\/v2\/types\/post"}],"author":[{"embeddable":true,"href":"https:\/\/www.infokuryr.cz\/n\/wp-json\/wp\/v2\/users\/2"}],"replies":[{"embeddable":true,"href":"https:\/\/www.infokuryr.cz\/n\/wp-json\/wp\/v2\/comments?post=9788"}],"version-history":[{"count":0,"href":"https:\/\/www.infokuryr.cz\/n\/wp-json\/wp\/v2\/posts\/9788\/revisions"}],"wp:featuredmedia":[{"embeddable":true,"href":"https:\/\/www.infokuryr.cz\/n\/wp-json\/wp\/v2\/media\/679"}],"wp:attachment":[{"href":"https:\/\/www.infokuryr.cz\/n\/wp-json\/wp\/v2\/media?parent=9788"}],"wp:term":[{"taxonomy":"category","embeddable":true,"href":"https:\/\/www.infokuryr.cz\/n\/wp-json\/wp\/v2\/categories?post=9788"},{"taxonomy":"post_tag","embeddable":true,"href":"https:\/\/www.infokuryr.cz\/n\/wp-json\/wp\/v2\/tags?post=9788"}],"curies":[{"name":"wp","href":"https:\/\/api.w.org\/{rel}","templated":true}]}}