{"id":97810,"date":"2026-01-26T06:35:35","date_gmt":"2026-01-26T05:35:35","guid":{"rendered":"https:\/\/www.infokuryr.cz\/n\/?p=97810"},"modified":"2026-01-26T06:35:35","modified_gmt":"2026-01-26T05:35:35","slug":"na-filipinach-se-potopil-trajekt-s-vice-nez-350-lidmi-na-palube","status":"publish","type":"post","link":"https:\/\/www.infokuryr.cz\/n\/2026\/01\/26\/na-filipinach-se-potopil-trajekt-s-vice-nez-350-lidmi-na-palube\/","title":{"rendered":"Na Filip\u00edn\u00e1ch se potopil trajekt s v\u00edce ne\u017e 350 lidmi na palub\u011b"},"content":{"rendered":"<div id=\"fb-root\"><\/div>\n<h3>Nejm\u00e9n\u011b 15 lid\u00ed zahynulo a 28 se st\u00e1le poh\u0159e\u0161uje, uvedla pob\u0159e\u017en\u00ed str\u00e1\u017e<\/h3>\n<p data-start=\"184\" data-end=\"437\"><span dir=\"auto\">Trajekt s 332 cestuj\u00edc\u00edmi a 27 \u010dleny pos\u00e1dky se v pond\u011bl\u00ed potopil na jihu Filip\u00edn pot\u00e9, co se p\u0159evr\u00e1til na cest\u011b z m\u011bsta Zamboanga na ostrov\u011b Mindanao na ostrov Jolo, uvedla filip\u00ednsk\u00e1 pob\u0159e\u017en\u00ed str\u00e1\u017e (PCG).<\/span><\/p>\n<p data-start=\"618\" data-end=\"738\"><span dir=\"auto\">Podle Arsiny Kahing-Nanoh, starostky obce Hadji Muhtamad, kde k incidentu do\u0161lo, bylo p\u016fvodn\u011b potvrzeno, \u017ee zem\u0159elo nejm\u00e9n\u011b osm lid\u00ed.<\/span><\/p>\n<p data-start=\"835\" data-end=\"939\"><span dir=\"auto\">Velitel pob\u0159e\u017en\u00ed str\u00e1\u017ee Romel Dua z ji\u017en\u00edho okresu Mindanao pozd\u011bji agentu\u0159e Reuters sd\u011blil, \u017ee 15 lid\u00ed zem\u0159elo, 316 bylo zachr\u00e1n\u011bno a 28 se st\u00e1le poh\u0159e\u0161uje.<\/span><\/p>\n<p data-start=\"835\" data-end=\"939\"><span dir=\"auto\">Prob\u00edh\u00e1 vy\u0161et\u0159ov\u00e1n\u00ed, kter\u00e9 m\u00e1 zjistit p\u0159\u00ed\u010dinu nehody, a na pomoc p\u0159i z\u00e1chrann\u00fdch prac\u00edch byly nasazeny vojensk\u00e9 letouny a plavidla, dodala Dua.<\/span><\/p>\n<p data-start=\"941\" data-end=\"1077\"><span dir=\"auto\">Video z m\u00edsta \u010dinu ukazuje n\u011bkolik cestuj\u00edc\u00edch, jak se vzn\u00e1\u0161ej\u00ed ve vod\u011b a dr\u017e\u00ed se z\u00e1chrann\u00fdch \u010dlun\u016f, n\u011bkte\u0159\u00ed z nich maj\u00ed na sob\u011b z\u00e1chrann\u00e9 vesty.<\/span><\/p>\n<div style=\"width: 640px;\" class=\"wp-video\"><!--[if lt IE 9]><script>document.createElement('video');<\/script><![endif]-->\n<video class=\"wp-video-shortcode\" id=\"video-97810-1\" width=\"640\" height=\"1291\" preload=\"metadata\" controls=\"controls\"><source type=\"video\/mp4\" src=\"http:\/\/www.infokuryr.cz\/n\/wp-content\/uploads\/2026\/01\/6976c39785f5403add4e5bad.mp4?_=1\" \/><a href=\"http:\/\/www.infokuryr.cz\/n\/wp-content\/uploads\/2026\/01\/6976c39785f5403add4e5bad.mp4\">http:\/\/www.infokuryr.cz\/n\/wp-content\/uploads\/2026\/01\/6976c39785f5403add4e5bad.mp4<\/a><\/video><\/div>\n<p><img decoding=\"async\" loading=\"lazy\" class=\"alignnone size-full wp-image-1185\" src=\"http:\/\/www.infokuryr.cz\/n\/wp-content\/uploads\/2021\/04\/kuryr-podpis.png\" alt=\"\" width=\"84\" height=\"24\" \/><\/p>\n<p>&nbsp;<\/p>\n","protected":false},"excerpt":{"rendered":"<p>Nejm\u00e9n\u011b 15 lid\u00ed zahynulo a 28 se st\u00e1le poh\u0159e\u0161uje, uvedla pob\u0159e\u017en\u00ed str\u00e1\u017e Trajekt s 332&#8230;<\/p>\n","protected":false},"author":2,"featured_media":97812,"comment_status":"closed","ping_status":"closed","sticky":false,"template":"","format":"standard","meta":[],"categories":[7],"tags":[3986,871,4377,10459],"_links":{"self":[{"href":"https:\/\/www.infokuryr.cz\/n\/wp-json\/wp\/v2\/posts\/97810"}],"collection":[{"href":"https:\/\/www.infokuryr.cz\/n\/wp-json\/wp\/v2\/posts"}],"about":[{"href":"https:\/\/www.infokuryr.cz\/n\/wp-json\/wp\/v2\/types\/post"}],"author":[{"embeddable":true,"href":"https:\/\/www.infokuryr.cz\/n\/wp-json\/wp\/v2\/users\/2"}],"replies":[{"embeddable":true,"href":"https:\/\/www.infokuryr.cz\/n\/wp-json\/wp\/v2\/comments?post=97810"}],"version-history":[{"count":0,"href":"https:\/\/www.infokuryr.cz\/n\/wp-json\/wp\/v2\/posts\/97810\/revisions"}],"wp:featuredmedia":[{"embeddable":true,"href":"https:\/\/www.infokuryr.cz\/n\/wp-json\/wp\/v2\/media\/97812"}],"wp:attachment":[{"href":"https:\/\/www.infokuryr.cz\/n\/wp-json\/wp\/v2\/media?parent=97810"}],"wp:term":[{"taxonomy":"category","embeddable":true,"href":"https:\/\/www.infokuryr.cz\/n\/wp-json\/wp\/v2\/categories?post=97810"},{"taxonomy":"post_tag","embeddable":true,"href":"https:\/\/www.infokuryr.cz\/n\/wp-json\/wp\/v2\/tags?post=97810"}],"curies":[{"name":"wp","href":"https:\/\/api.w.org\/{rel}","templated":true}]}}