{"id":97791,"date":"2026-01-26T00:19:27","date_gmt":"2026-01-25T23:19:27","guid":{"rendered":"https:\/\/www.infokuryr.cz\/n\/?p=97791"},"modified":"2026-01-25T15:54:49","modified_gmt":"2026-01-25T14:54:49","slug":"jindrich-kulhavy-politicka-zodpovednost","status":"publish","type":"post","link":"https:\/\/www.infokuryr.cz\/n\/2026\/01\/26\/jindrich-kulhavy-politicka-zodpovednost\/","title":{"rendered":"Jind\u0159ich Kulhav\u00fd: Politick\u00e1 zodpov\u011bdnost"},"content":{"rendered":"<div id=\"fb-root\"><\/div>\n<p><span class=\"anotation\">Rozd\u00edl mezi p\u0159edvolebn\u00edmi sliby a re\u00e1ln\u00fdm chov\u00e1n\u00edm politick\u00fdch stran po vyhran\u00fdch volb\u00e1ch je diametr\u00e1ln\u00ed. Je to vcelku pochopiteln\u00e9, uv\u011bdom\u00edme li si, \u017ee za razantn\u00ed zm\u011bnu nenese nikdo zodpov\u011bdnost. Unik\u00e1tn\u00ed uk\u00e1zkou oto\u010dky byla vl\u00e1da slo\u017een\u00e1 z\u00a0p\u011bti stran a veden\u00e1 Fialou, kdy nebylo spln\u011bno v\u016fbec nic. Ov\u0161em, jak se zd\u00e1, podobn\u00e9 chov\u00e1n\u00ed m\u00e1 i plno dal\u0161\u00edch subjekt\u016f pod\u00edlej\u00edc\u00edch se na vl\u00e1d\u00e1ch p\u0159ed Fialou i po n\u011bm, sou\u010dasnou koalici nevyj\u00edmaje.<\/span><\/p>\n<div id=\"pagetext\">\n<p>Probl\u00e9mem voli\u010d\u016f je jist\u00e1 naivita. V\u011b\u0159\u00ed li v\u00fdrok\u016fm slibuj\u00edc\u00edm ud\u011blat z bahna zlato, je slo\u017een\u00ed dal\u0161\u00ed vl\u00e1dy jejich probl\u00e9mem. V\u011bt\u0161ina p\u0159ed volbami pronesen\u00fdch slov a slib\u016f nem\u00e1 s realitou nic spole\u010dn\u00e9ho. Kdyby toti\u017e n\u011bkdo bral v potaz skute\u010dn\u00fd stav a mo\u017enosti, hovo\u0159il pravdiv\u011b a uv\u011b\u0159iteln\u011b, moc voli\u010d\u016f by nez\u00edskal. Nap\u0159\u00edklad o ekonomick\u00e9m stavu zem\u011b i EU hovo\u0159ila nejv\u00fdsti\u017en\u011bji pan\u00ed docentka Ilona \u0160vihl\u00edkov\u00e1. P\u0159esto je ministryn\u00ed financ\u00ed daleko m\u00e9n\u011b znalostmi vybaven\u00e1 Alena Schillerov\u00e1. Nic oproti n\u00ed, p\u016fsob\u00ed st\u00e1le sympaticky, to ale u ekonoma nen\u00ed d\u016fle\u017eit\u00e9. Tak\u00e9 Kate\u0159ina Kone\u010dn\u00e1 popisuje sou\u010dasn\u00fd stav mnohem realisti\u010dt\u011bji ne\u017e kdokoliv jin\u00fd, p\u0159esto Sta\u010dilo skon\u010dilo ve volb\u00e1ch v poli pora\u017een\u00fdch. Lid\u00e9 necht\u011bj\u00ed sly\u0161et pravdu, sliby zn\u00ed mnohem kr\u00e1sn\u011bji. Bez ohledu na stranickou p\u0159\u00edslu\u0161nost. Ur\u00e1\u017eky a Oganesjanovo komando najat\u00e9 P\u011btikoalic\u00ed ud\u011blaly sv\u00e9.<\/p>\n<p>P\u0159edvolebn\u00ed lhan\u00ed voli\u010d\u016fm spole\u010dn\u011b s propagandistickou snahou m\u00e9di\u00ed pomohly Fialovi vyhr\u00e1t minul\u00e9 volby. I v t\u011bch posledn\u00edch byla jejich snaha extr\u00e9mn\u00ed, nicm\u00e9n\u011b v\u00fdsledky vl\u00e1dnut\u00ed P\u011btikoalice byly natolik tristn\u00ed, \u017ee ani obrovsk\u00e9 \u00fasil\u00ed, dal\u0161\u00ed kupa slib\u016f a p\u0159edsevzet\u00ed a vytv\u00e1\u0159en\u00ed p\u0159ek\u00e1\u017eek ze strany hradn\u00ed dvojice Fialovi k dal\u0161\u00edmu setrv\u00e1n\u00ed ve Strakovce nepomohly. Tak p\u0159\u00ed\u0161ern\u00e9 v\u00fdsledky jeho vl\u00e1da m\u011bla. P\u0159eci jenom, neb\u00fdval\u00e9 mno\u017estv\u00ed skand\u00e1l\u016f, hospod\u00e1\u0159sk\u00e9 kriminality a ztr\u00e1ty smyslu pro realitu jsme tu nem\u011bli. I p\u0159es neaktivitu m\u00e9di\u00ed ve sm\u011bru snahy v\u011bnovat se pr\u016f\u0161vih\u016fm p\u0159ed\u00e1k\u016f vl\u00e1dn\u00edch stran a ml\u010den\u00ed kolem z\u00e1sadn\u00edch kauz, v nich m\u011bli sv\u00e9 stopy Fiala, Raku\u0161an, H\u0159ib a plno dal\u0161\u00edch politik\u016f koali\u010dn\u00ed vl\u00e1dy \u010di z jejich stran, lid\u00e9 p\u0159estali v\u011b\u0159it v n\u011bjak\u00fd \u00fasp\u011bch. Jistou kontrolkou bylo i pozad\u00ed minul\u00fdch voleb usazuj\u00edc\u00edch Fialu do premi\u00e9rsk\u00e9ho k\u0159esla, kdy v p\u0159\u00edprav\u011b na n\u011b v\u00fdrazn\u011b zas\u00e1hnul Rychetsk\u00fdm veden\u00fd \u00dastavn\u00ed soud. Nebylo to sice poprv\u00e9, u\u017e v roku 2009 hr\u00e1l d\u016fle\u017eitou roli v parlamentn\u00edch volb\u00e1ch, i tehdy \u0161lo o to dr\u017eet ODS u moci, ale bav\u00edme se o \u010derstv\u011bj\u0161\u00ed dob\u011b.<\/p>\n<p>V posledn\u00edch volb\u00e1ch vyhr\u00e1l Babi\u0161. Po jeho covidov\u00e9m dobrodru\u017estv\u00ed by to asi logicky ne ka\u017ed\u00fd \u010dekal. P\u0159eci jenom ob\u011bt\u00ed vakcinace a tehdej\u0161\u00edho propadu ekonomiky maj\u00edc\u00edho d\u016fsledek na mnoho mizern\u00fdch konc\u016f firem i jednotlivc\u016f bylo mnoho a dojezd to m\u00e1 i nyn\u00ed. N\u00e1rod ale zapom\u00edn\u00e1. Nav\u00edc sebedestrukce Fialy &amp; spol. byla tot\u00e1ln\u00ed, tak\u017ee to m\u011bl Babi\u0161 jednodu\u0161\u0161\u00ed. To nelze \u0159\u00edct o SPD a Motoristech. Sice n\u011bjak\u00fdm zvl\u00e1\u0161tn\u00edm zp\u016fsobem p\u0159esko\u010dili Sta\u010dilo, co\u017e je\u0161t\u011b v\u00edce p\u0159ekvapilo u Top09, Pir\u00e1t\u016f a STAN, ale ani tak procentu\u00e1ln\u011b nezaz\u00e1\u0159ili. Na parlamentn\u00ed v\u011bt\u0161inu dos\u00e1hnuli, ale na 10% nikoliv.\u00a0 A t\u00edm se stali ve vl\u00e1d\u011b stranami s men\u0161\u00edm vlivem a mizernou nad\u011bj\u00ed v mo\u017enosti prosazovat p\u0159edvolebn\u00ed sliby. Nav\u00edc SPD m\u00e1 sice p\u0159edsedu Sn\u011bmovny, ale vzdalo se mo\u017enosti obsadit ministersk\u00e1 k\u0159esla sv\u00fdmi stran\u00edky. Foldyna by ve vl\u00e1d\u011b jist\u011b \u010de\u0159il klidn\u00e9 vody a Fiala z SPD by se v n\u00ed tak\u00e9 neztratil. I Motorist\u00e9 maj\u00ed p\u00e1r osobnost\u00ed, bohu\u017eel ale jejich prioritou je NATO a EU, by\u0165 bez Green Dealu. Od nov\u00e9ho ministra zahrani\u010d\u00ed bychom \u010dekali jin\u00fd p\u0159\u00edstup k Ukrajin\u011b a v\u011bt\u0161\u00ed rozhled t\u00fdkaj\u00edc\u00ed se i Rusk\u00e9 federace a \u010c\u00edny.<\/p>\n<p>Ub\u011bhlo p\u00e1r t\u00fddn\u016f od jmenov\u00e1n\u00ed nov\u00e9 vl\u00e1dy a ji\u017e padlo n\u011bkolik slib\u016f dan\u00fdch p\u0159ed volbami. Je logick\u00e9, \u017ee SPD p\u0159i po\u010dtu sv\u00fdch poslanc\u016f a de facto nulov\u00e9m zastoupen\u00ed mezi ministry neprosad\u00ed referendum o vystoupen\u00ed z NATO a z EU, kdy\u017e ostatn\u00ed dv\u011b strany pat\u0159\u00ed k prounijn\u00edm a pro NATO. Ale ekonomiku decimuj\u00edc\u00ed n\u00e1kup st\u00edha\u010dek F-35, kter\u00e9 bez americk\u00e9ho svolen\u00ed ani nevzl\u00e9tnou, u\u017e by zkusit ovlivnit m\u011bla. Tak\u00e9 tendr na dostavbu Dukovan. Podobn\u011b vl\u00e1da sl\u00edbila zru\u0161it koncesion\u00e1\u0159sk\u00e9 poplatky a ministr kultury za Motoristy je proti, p\u0159esto\u017ee p\u0159ed volbami jsme sly\u0161eli jin\u00fd n\u00e1zor. A mezi sliby bylo mnoho dal\u0161\u00edho. Jak bude postupovat ukon\u010den\u00ed financov\u00e1n\u00ed politick\u00e9ho neziskov\u00e9ho sektoru, kter\u00fdch neziskovek se to bude t\u00fdkat (nap\u0159.\u010clov\u011bk v t\u00edsni by m\u011bl pot\u00e9 brzy um\u0159\u00edt na skute\u010dnou chudobu) a kolik dal\u0161\u00edch slib\u016f bude napln\u011bno \u010di \u00fapln\u011b padne, to se uvid\u00ed. Dokud ale nedos\u00e1hneme toho, aby politici nesli finan\u010dn\u00ed i mor\u00e1ln\u00ed zodpov\u011bdnost za sv\u00e9 sliby i re\u00e1ln\u00e9 \u010diny, budou se nad\u00e1le nap\u0159\u00ed\u010d stranami chovat jako zlod\u011bji a lh\u00e1\u0159i. Bez trestu nen\u00ed mo\u017en\u00e1 n\u00e1prava.<\/p>\n<p><a href=\"https:\/\/www.inadhled.live\/uvaha-dne\/politicka-zodpovednost\/\">Jind\u0159ich Kulhav\u00fd<\/a><\/p>\n<p><img decoding=\"async\" loading=\"lazy\" class=\"alignnone size-full wp-image-48136\" src=\"http:\/\/www.infokuryr.cz\/n\/wp-content\/uploads\/2024\/02\/kulhavy-jindrich.jpg\" alt=\"\" width=\"219\" height=\"221\" srcset=\"https:\/\/www.infokuryr.cz\/n\/wp-content\/uploads\/2024\/02\/kulhavy-jindrich.jpg 219w, https:\/\/www.infokuryr.cz\/n\/wp-content\/uploads\/2024\/02\/kulhavy-jindrich-150x150.jpg 150w\" sizes=\"(max-width: 219px) 100vw, 219px\" \/><\/p>\n<p>&nbsp;<\/p>\n<\/div>\n","protected":false},"excerpt":{"rendered":"<p>Rozd\u00edl mezi p\u0159edvolebn\u00edmi sliby a re\u00e1ln\u00fdm chov\u00e1n\u00edm politick\u00fdch stran po vyhran\u00fdch volb\u00e1ch je diametr\u00e1ln\u00ed. Je&#8230;<\/p>\n","protected":false},"author":2,"featured_media":97792,"comment_status":"closed","ping_status":"closed","sticky":false,"template":"","format":"standard","meta":[],"categories":[6],"tags":[1503,35,2475],"_links":{"self":[{"href":"https:\/\/www.infokuryr.cz\/n\/wp-json\/wp\/v2\/posts\/97791"}],"collection":[{"href":"https:\/\/www.infokuryr.cz\/n\/wp-json\/wp\/v2\/posts"}],"about":[{"href":"https:\/\/www.infokuryr.cz\/n\/wp-json\/wp\/v2\/types\/post"}],"author":[{"embeddable":true,"href":"https:\/\/www.infokuryr.cz\/n\/wp-json\/wp\/v2\/users\/2"}],"replies":[{"embeddable":true,"href":"https:\/\/www.infokuryr.cz\/n\/wp-json\/wp\/v2\/comments?post=97791"}],"version-history":[{"count":0,"href":"https:\/\/www.infokuryr.cz\/n\/wp-json\/wp\/v2\/posts\/97791\/revisions"}],"wp:featuredmedia":[{"embeddable":true,"href":"https:\/\/www.infokuryr.cz\/n\/wp-json\/wp\/v2\/media\/97792"}],"wp:attachment":[{"href":"https:\/\/www.infokuryr.cz\/n\/wp-json\/wp\/v2\/media?parent=97791"}],"wp:term":[{"taxonomy":"category","embeddable":true,"href":"https:\/\/www.infokuryr.cz\/n\/wp-json\/wp\/v2\/categories?post=97791"},{"taxonomy":"post_tag","embeddable":true,"href":"https:\/\/www.infokuryr.cz\/n\/wp-json\/wp\/v2\/tags?post=97791"}],"curies":[{"name":"wp","href":"https:\/\/api.w.org\/{rel}","templated":true}]}}