{"id":97727,"date":"2026-01-25T00:31:41","date_gmt":"2026-01-24T23:31:41","guid":{"rendered":"https:\/\/www.infokuryr.cz\/n\/?p=97727"},"modified":"2026-01-24T18:30:22","modified_gmt":"2026-01-24T17:30:22","slug":"muceni-znasilneni-krveproliti-marocan-pred-soudem","status":"publish","type":"post","link":"https:\/\/www.infokuryr.cz\/n\/2026\/01\/25\/muceni-znasilneni-krveproliti-marocan-pred-soudem\/","title":{"rendered":"Mu\u010den\u00ed, zn\u00e1siln\u011bn\u00ed, krveprolit\u00ed \u2013 Maro\u010dan p\u0159ed soudem"},"content":{"rendered":"<div id=\"fb-root\"><\/div>\n<p><strong><span dir=\"auto\">Marock\u00fd mu\u017e z\u00e1visl\u00fd na drog\u00e1ch zn\u00e1silnil posti\u017eenou Italku a zanechal po sob\u011b masakr. Z\u00e1chran\u00e1\u0159e \u0161okoval rozsah n\u00e1sil\u00ed. Pachatel byl d\u0159\u00edve ve vazb\u011b za n\u00e1siln\u00e9 napaden\u00ed \u017eeny.<\/span><\/strong><\/p>\n<p><span dir=\"auto\">V byt\u011b v italsk\u00e9m m\u011bst\u011b Treviso se odehr\u00e1ly\u00a0<\/span><a href=\"https:\/\/www.trevisotoday.it\/cronaca\/treviso-violenza-sessuale-sevizie-compagna-41enne-processo-22-gennaio-2026.html\"><span dir=\"auto\">hr\u016fzn\u00e9 sc\u00e9ny<\/span><\/a><span dir=\"auto\"> . Dev\u011bta\u010dty\u0159icetilet\u00e1 \u017eena se zdravotn\u00edm posti\u017een\u00edm u soudu popsala noc mu\u010den\u00ed, kter\u00e1 skon\u010dila \u010dirou hr\u016fzou. Vy\u0161et\u0159ovatel\u00e9 pozd\u011bji sc\u00e9nu popsali jako \u201eautentickou hr\u016fzu\u201c s krv\u00ed na podlah\u00e1ch, n\u00e1bytku a dokonce i na terase. Ob\u017ealovan\u00fd: 41let\u00fd marock\u00fd ob\u010dan s trestn\u00edm rejst\u0159\u00edkem a histori\u00ed probl\u00e9m\u016f s drogami a alkoholem.<\/span><\/p>\n<p><span dir=\"auto\">U soudu \u017eena podala \u0161okuj\u00edc\u00ed sv\u011bdectv\u00ed. \u201eByla jsem zbita, mu\u010dena \u0159eza\u010dkou na krabice a pak m\u011b zn\u00e1silnil lahv\u00ed,\u201c \u0159ekla. Pachatel ji nechal v bezv\u011bdom\u00ed a t\u011b\u017ece zran\u011bnou. Podle zpr\u00e1v italsk\u00fdch m\u00e9di\u00ed byl vztah mezi ob\u011bt\u00ed a pachatelem od za\u010d\u00e1tku jako sud s prachem. Navzdory p\u0159edchoz\u00edmu odsouzen\u00ed za zneu\u017e\u00edv\u00e1n\u00ed \u017eeny a jej\u00edho mal\u00e9ho syna ho po propu\u0161t\u011bn\u00ed z v\u011bzen\u00ed pustila zp\u011bt do sv\u00e9ho bytu. Doufala, \u017ee j\u00ed s jej\u00edm posti\u017een\u00edm pom\u016f\u017ee, a v\u011b\u0159ila jeho slibu: \u201eZm\u011bnila jsem se, uvid\u00ed\u0161, te\u010f to mezi n\u00e1mi bude fungovat.\u201c<\/span><\/p>\n<figure class=\"wp-block-embed is-type-rich is-provider-twitter wp-block-embed-twitter\">\n<div class=\"wp-block-embed__wrapper\">\n<div class=\"twitter-tweet twitter-tweet-rendered\"><iframe id=\"twitter-widget-0\" class=\"\" title=\"X P\u0159\u00edsp\u011bvek\" src=\"https:\/\/platform.twitter.com\/embed\/Tweet.html?dnt=true&amp;embedId=twitter-widget-0&amp;features=eyJ0ZndfdGltZWxpbmVfbGlzdCI6eyJidWNrZXQiOltdLCJ2ZXJzaW9uIjpudWxsfSwidGZ3X2ZvbGxvd2VyX2NvdW50X3N1bnNldCI6eyJidWNrZXQiOnRydWUsInZlcnNpb24iOm51bGx9LCJ0ZndfdHdlZXRfZWRpdF9iYWNrZW5kIjp7ImJ1Y2tldCI6Im9uIiwidmVyc2lvbiI6bnVsbH0sInRmd19yZWZzcmNfc2Vzc2lvbiI6eyJidWNrZXQiOiJvbiIsInZlcnNpb24iOm51bGx9LCJ0ZndfZm9zbnJfc29mdF9pbnRlcnZlbnRpb25zX2VuYWJsZWQiOnsiYnVja2V0Ijoib24iLCJ2ZXJzaW9uIjpudWxsfSwidGZ3X21peGVkX21lZGlhXzE1ODk3Ijp7ImJ1Y2tldCI6InRyZWF0bWVudCIsInZlcnNpb24iOm51bGx9LCJ0ZndfZXhwZXJpbWVudHNfY29va2llX2V4cGlyYXRpb24iOnsiYnVja2V0IjoxMjA5NjAwLCJ2ZXJzaW9uIjpudWxsfSwidGZ3X3Nob3dfYmlyZHdhdGNoX3Bpdm90c19lbmFibGVkIjp7ImJ1Y2tldCI6Im9uIiwidmVyc2lvbiI6bnVsbH0sInRmd19kdXBsaWNhdGVfc2NyaWJlc190b19zZXR0aW5ncyI6eyJidWNrZXQiOiJvbiIsInZlcnNpb24iOm51bGx9LCJ0ZndfdXNlX3Byb2ZpbGVfaW1hZ2Vfc2hhcGVfZW5hYmxlZCI6eyJidWNrZXQiOiJvbiIsInZlcnNpb24iOm51bGx9LCJ0ZndfdmlkZW9faGxzX2R5bmFtaWNfbWFuaWZlc3RzXzE1MDgyIjp7ImJ1Y2tldCI6InRydWVfYml0cmF0ZSIsInZlcnNpb24iOm51bGx9LCJ0ZndfbGVnYWN5X3RpbWVsaW5lX3N1bnNldCI6eyJidWNrZXQiOnRydWUsInZlcnNpb24iOm51bGx9LCJ0ZndfdHdlZXRfZWRpdF9mcm9udGVuZCI6eyJidWNrZXQiOiJvbiIsInZlcnNpb24iOm51bGx9fQ%3D%3D&amp;frame=false&amp;hideCard=false&amp;hideThread=false&amp;id=2014598407189320151&amp;lang=cs&amp;origin=https%3A%2F%2Freport24.news%2Ffolter-vergewaltigung-blutbad-marokkaner-vor-gericht%2F&amp;sessionId=715bf9e67eb808d2c0246c3caa994a5dd944119d&amp;theme=light&amp;widgetsVersion=2615f7e52b7e0%3A1702314776716&amp;width=550px\" frameborder=\"0\" scrolling=\"no\" allowfullscreen=\"allowfullscreen\" data-tweet-id=\"2014598407189320151\" data-mce-fragment=\"1\"><\/iframe><\/div>\n<\/div>\n<\/figure>\n<p><span dir=\"auto\">M\u011bs\u00edce p\u0159ed \u00fatokem se n\u00e1sil\u00ed op\u011bt stup\u0148ovalo. Od z\u00e1\u0159\u00ed 2024 mu\u017e \u00fadajn\u011b \u017eenu st\u00e1le \u010dast\u011bji bil, vyhro\u017eoval j\u00ed kuchy\u0148sk\u00fdm no\u017eem a prohl\u00e1sil: \u201eDnes v noci tu oba zem\u0159eme.\u201c 5. ledna 2025 peklo dos\u00e1hlo sv\u00e9ho vrcholu. Pod vlivem alkoholu a kokainu ji brut\u00e1ln\u011b zbil, vt\u00e1hl do koupelny a \u201eh\u00e1zel ji o bidet, dokud neztratila v\u011bdom\u00ed\u201c, jak uvedl soud.<\/span><\/p>\n<p><span dir=\"auto\">Kdy\u017e \u017eena n\u00e1sleduj\u00edc\u00edho r\u00e1na zavolala na t\u00eds\u0148ovou linku 911 a prosila: \u201ePoj\u010fte, zmasakroval m\u011b,\u201c z\u00e1chran\u00e1\u0159i na\u0161li byt, kter\u00fd p\u0159ipom\u00ednal boji\u0161t\u011b. Ob\u017ealovan\u00fd le\u017eel na posteli, obklopen drogov\u00fdm p\u0159\u00edslu\u0161enstv\u00edm, alobalem a d\u00fdmkou s crackem. Navzdory tomu obvin\u011bn\u00ed nad\u00e1le pop\u00edr\u00e1 a tvrd\u00ed, \u017ee t\u011b\u017ek\u00e9 zran\u011bn\u00ed krku byla \u201enehoda cestou na toaletu\u201c. Mu\u017e je v sou\u010dasn\u00e9 dob\u011b ve v\u011bznici Santa Bona a \u010dek\u00e1 na rozsudek. \u010cel\u00ed obvin\u011bn\u00ed z napaden\u00ed, t\u011b\u017ek\u00e9ho ubl\u00ed\u017een\u00ed na zdrav\u00ed a sexu\u00e1ln\u00edho napaden\u00ed. Rozsudek bude vyhl\u00e1\u0161en 19. \u00fanora.<\/span><\/p>\n<p><span dir=\"auto\">Jedinou zb\u00fdvaj\u00edc\u00ed ot\u00e1zkou je, zda se pachatel \u2013 jak se tak \u010dasto st\u00e1v\u00e1 \u2013 m\u016f\u017ee spolehnout na podporu shov\u00edvav\u00e9ho italsk\u00e9ho justi\u010dn\u00edho syst\u00e9mu, nebo zda se t\u011b\u017ece zneu\u017e\u00edvan\u00e1 \u017eena kone\u010dn\u011b do\u010dk\u00e1 n\u011bjak\u00e9 spravedlnosti. Nav\u00edc je st\u00e1le jasn\u011bj\u0161\u00ed, \u017ee tento drogov\u011b z\u00e1visl\u00fd a n\u00e1siln\u00fd Maro\u010dan p\u0159edstavuje obecnou hrozbu pro bezpe\u010dnost \u017een.<\/span><\/p>\n<p><img decoding=\"async\" loading=\"lazy\" class=\"alignnone size-full wp-image-1185\" src=\"http:\/\/www.infokuryr.cz\/n\/wp-content\/uploads\/2021\/04\/kuryr-podpis.png\" alt=\"\" width=\"84\" height=\"24\" \/><\/p>\n<p>&nbsp;<\/p>\n","protected":false},"excerpt":{"rendered":"<p>Marock\u00fd mu\u017e z\u00e1visl\u00fd na drog\u00e1ch zn\u00e1silnil posti\u017eenou Italku a zanechal po sob\u011b masakr. Z\u00e1chran\u00e1\u0159e \u0161okoval&#8230;<\/p>\n","protected":false},"author":2,"featured_media":97728,"comment_status":"closed","ping_status":"closed","sticky":false,"template":"","format":"standard","meta":[],"categories":[7],"tags":[5358,324,366],"_links":{"self":[{"href":"https:\/\/www.infokuryr.cz\/n\/wp-json\/wp\/v2\/posts\/97727"}],"collection":[{"href":"https:\/\/www.infokuryr.cz\/n\/wp-json\/wp\/v2\/posts"}],"about":[{"href":"https:\/\/www.infokuryr.cz\/n\/wp-json\/wp\/v2\/types\/post"}],"author":[{"embeddable":true,"href":"https:\/\/www.infokuryr.cz\/n\/wp-json\/wp\/v2\/users\/2"}],"replies":[{"embeddable":true,"href":"https:\/\/www.infokuryr.cz\/n\/wp-json\/wp\/v2\/comments?post=97727"}],"version-history":[{"count":0,"href":"https:\/\/www.infokuryr.cz\/n\/wp-json\/wp\/v2\/posts\/97727\/revisions"}],"wp:featuredmedia":[{"embeddable":true,"href":"https:\/\/www.infokuryr.cz\/n\/wp-json\/wp\/v2\/media\/97728"}],"wp:attachment":[{"href":"https:\/\/www.infokuryr.cz\/n\/wp-json\/wp\/v2\/media?parent=97727"}],"wp:term":[{"taxonomy":"category","embeddable":true,"href":"https:\/\/www.infokuryr.cz\/n\/wp-json\/wp\/v2\/categories?post=97727"},{"taxonomy":"post_tag","embeddable":true,"href":"https:\/\/www.infokuryr.cz\/n\/wp-json\/wp\/v2\/tags?post=97727"}],"curies":[{"name":"wp","href":"https:\/\/api.w.org\/{rel}","templated":true}]}}