{"id":97672,"date":"2026-01-24T06:24:14","date_gmt":"2026-01-24T05:24:14","guid":{"rendered":"https:\/\/www.infokuryr.cz\/n\/?p=97672"},"modified":"2026-01-24T06:24:14","modified_gmt":"2026-01-24T05:24:14","slug":"trump-cina-sezere-kanadu","status":"publish","type":"post","link":"https:\/\/www.infokuryr.cz\/n\/2026\/01\/24\/trump-cina-sezere-kanadu\/","title":{"rendered":"Trump: \u010c\u00edna \u201ese\u017eere\u201c Kanadu"},"content":{"rendered":"<div id=\"fb-root\"><\/div>\n<h3>Americk\u00fd prezident uvedl, \u017ee Ottawa se stav\u00ed proti jeho pl\u00e1n\u016fm na z\u0159\u00edzen\u00ed syst\u00e9mu protiraketov\u00e9 obrany v Gr\u00f3nsku<\/h3>\n<p data-start=\"133\" data-end=\"369\"><span dir=\"auto\">Americk\u00fd prezident Donald Trump v p\u00e1tek prohl\u00e1sil, \u017ee \u010c\u00edna\u00a0<\/span><em><span dir=\"auto\">\u201ese\u017eere\u201c<\/span><\/em><span dir=\"auto\">\u00a0Kanadu, pokud Ottawa odm\u00edtne spolupracovat s Washingtonem.<\/span><\/p>\n<p data-start=\"489\" data-end=\"641\"><span dir=\"auto\">Trump na sv\u00e9 platform\u011b Truth Social uvedl, \u017ee Kanada se stav\u00ed proti jeho pl\u00e1novan\u00e9mu syst\u00e9mu protiraketov\u00e9 obrany Golden Dome, kter\u00fd je inspirov\u00e1n izraelsk\u00fdm syst\u00e9mem Iron Dome.<\/span><\/p>\n<p data-start=\"643\" data-end=\"874\"><em><span dir=\"auto\">\u201eKanada je proti v\u00fdstavb\u011b Zlat\u00e9 kupole nad Gr\u00f3nskem, p\u0159esto\u017ee by Zlat\u00e1 kupole Kanadu ochr\u00e1nila. M\u00edsto toho hlasovali pro obchodov\u00e1n\u00ed s \u010c\u00ednou, kter\u00e1 je \u201ase\u017eere\u2018 b\u011bhem prvn\u00edho roku!\u201c<\/span><\/em><span dir=\"auto\">\u00a0napsal Trump.<\/span><\/p>\n<p data-start=\"876\" data-end=\"1098\"><span dir=\"auto\">Prezident uvedl, \u017ee chce, aby Zlat\u00e1 kupole pokr\u00fdvala Gr\u00f3nsko, jeho\u017e anexi od D\u00e1nska pohrozil, a argumentoval, \u017ee kontrola nad arktickou oblast\u00ed by USA umo\u017enila \u010delit vlivu Ruska a \u010c\u00edny.<\/span><\/p>\n<p data-start=\"1100\" data-end=\"1463\"><span dir=\"auto\">Trump v Davosu za\u010d\u00e1tkem tohoto t\u00fddne prohl\u00e1sil, \u017ee by Kanada m\u011bla b\u00fdt vd\u011b\u010dn\u00e1 USA za jejich obranu, a prohl\u00e1sil, \u017ee\u00a0<\/span><em><span dir=\"auto\">\u201eKanada \u017eije d\u00edky Spojen\u00fdm st\u00e1t\u016fm\u201c.<\/span><\/em><span dir=\"auto\">\u00a0Kanadsk\u00fd premi\u00e9r Mark Carney v kritice pop\u0159el, \u017ee by jeho zem\u011b vd\u011b\u010dila za sv\u016fj \u00fasp\u011bch sv\u00e9mu ji\u017en\u00edmu sousedovi, a prohl\u00e1sil, \u017ee sv\u011btov\u00fd \u0159\u00e1d postaven\u00fd na\u00a0<\/span><em><span dir=\"auto\">\u201eamerick\u00e9 hegemonii\u201c<\/span><\/em><span dir=\"auto\">\u00a0je\u00a0<\/span><em><span dir=\"auto\">\u201euprost\u0159ed rozpadu\u201c.<\/span><\/em><\/p>\n<p data-start=\"1465\" data-end=\"1600\"><span dir=\"auto\">Trump pozd\u011bji reagoval na Carneyho pozn\u00e1mky t\u00edm, \u017ee ho odvolal ze sv\u00e9 \u201eRady m\u00edru\u201c, nov\u00e9ho org\u00e1nu ur\u010den\u00e9ho k \u0159e\u0161en\u00ed sv\u011btov\u00fdch konflikt\u016f.<\/span><\/p>\n<p data-start=\"1602\" data-end=\"1878\"><span dir=\"auto\">Peking pop\u0159el, \u017ee by se sna\u017eil podkopat z\u00e1jmy jin\u00fdch zem\u00ed v Arktid\u011b.\u00a0<\/span><em><span dir=\"auto\">\u201eTakzvan\u00e1 \u201a\u010d\u00ednsk\u00e1 hrozba\u2018 je neopodstatn\u011bn\u00e1. \u010c\u00edna se stav\u00ed proti vym\u00fd\u0161len\u00ed nepodlo\u017een\u00fdch narativ\u016f a zneu\u017e\u00edv\u00e1n\u00ed \u010c\u00edny jako z\u00e1minky pro hled\u00e1n\u00ed sobeck\u00fdch zisk\u016f,\u201c<\/span><\/em><span dir=\"auto\">\u00a0uvedl ve \u010dtvrtek mluv\u010d\u00ed ministerstva zahrani\u010d\u00ed Kuo \u0164ia-kun.<\/span><\/p>\n<h2 class=\"article__heading\"><span dir=\"auto\">Pentagon sni\u017euje z\u00e1vazky k obran\u011b Evropy<\/span><\/h2>\n<p><img decoding=\"async\" loading=\"lazy\" class=\"aligncenter\" src=\"https:\/\/mf.b37mrtl.ru\/files\/2026.01\/xxs\/69742f1d20302720b53525d2.jpg\" alt=\"Pentagon sni\u017euje z\u00e1vazky k obran\u011b Evropy\" width=\"697\" height=\"391\" \/><br \/>\n<strong>USA nab\u00eddnou \u201eomezen\u011bj\u0161\u00ed\u201c podporu ostatn\u00edm \u010dlen\u016fm NATO, uv\u00e1d\u00ed jejich revidovan\u00fd strategick\u00fd dokument.<\/strong><\/p>\n<p data-start=\"90\" data-end=\"373\"><span dir=\"auto\">USA up\u0159ednostn\u00ed vlastn\u00ed obranu a sv\u00fdm spojenc\u016fm v Evrop\u011b nab\u00eddnou pouze\u00a0<\/span><em><span dir=\"auto\">\u201eomezenou\u201c<\/span><\/em><span dir=\"auto\">\u00a0podporu, uvedl Pentagon.<\/span><\/p>\n<p data-start=\"496\" data-end=\"694\"><span dir=\"auto\">V revidovan\u00e9 N\u00e1rodn\u00ed obrann\u00e9 strategii zve\u0159ejn\u011bn\u00e9 v p\u00e1tek ministerstvo v\u00e1lky uvedlo, \u017ee evropsk\u00e9 \u010dlensk\u00e9 zem\u011b NATO mus\u00ed hr\u00e1t kl\u00ed\u010dovou roli v ochran\u011b sebe sama a v poskytov\u00e1n\u00ed vojensk\u00e9 pomoci Ukrajin\u011b.<\/span><\/p>\n<p data-start=\"696\" data-end=\"847\"><em><span dir=\"auto\">\u201eA\u010dkoli jsme a budeme i nad\u00e1le anga\u017eovan\u00ed v Evrop\u011b, mus\u00edme \u2013 a budeme \u2013 up\u0159ednost\u0148ovat obranu americk\u00e9 vlasti a odstra\u0161ov\u00e1n\u00ed \u010c\u00edny,\u201c<\/span><\/em><span dir=\"auto\">\u00a0uv\u00e1d\u00ed se v dokumentu.<\/span><\/p>\n<p data-start=\"849\" data-end=\"1023\"><em><span dir=\"auto\">\u201eMinisterstvo proto bude motivovat a umo\u017e\u0148ovat spojenc\u016fm NATO p\u0159evz\u00edt prim\u00e1rn\u00ed odpov\u011bdnost za konven\u010dn\u00ed obranu Evropy s kritickou, ale omezen\u011bj\u0161\u00ed podporou USA.\u201c<\/span><\/em><\/p>\n<p data-start=\"1025\" data-end=\"1255\"><em><span dir=\"auto\">\u201eTo zahrnuje i p\u0159evzet\u00ed veden\u00ed v podpo\u0159e obrany Ukrajiny. Jak \u0159ekl prezident Trump, v\u00e1lka na Ukrajin\u011b mus\u00ed skon\u010dit. Jak v\u0161ak tak\u00e9 zd\u016fraznil, je to v prvn\u00ed \u0159ad\u011b odpov\u011bdnost Evropy,\u201c<\/span><\/em><span dir=\"auto\">\u00a0uv\u00e1d\u00ed se v dokumentu.<\/span><\/p>\n<p data-start=\"68\" data-end=\"306\"><span dir=\"auto\">Revidovan\u00e1 strategie zmi\u0148uje snahy prezidenta Donalda Trumpa tla\u010dit na \u010dleny NATO, aby zv\u00fd\u0161ili v\u00fddaje na obranu a m\u00e9n\u011b se spol\u00e9hali na Washington. \u0160\u00e9f bloku Mark Rutte ned\u00e1vno Trumpovi p\u0159ipsal z\u00e1sluhy za to, \u017ee se NATO v kone\u010dn\u00e9m d\u016fsledku stalo odoln\u011bj\u0161\u00edm.<\/span><\/p>\n<p data-start=\"313\" data-end=\"466\"><em><span dir=\"auto\">\u201eDonutil n\u00e1s v Evrop\u011b, abychom se zapojili, abychom \u010delili d\u016fsledk\u016fm toho, \u017ee se mus\u00edme v\u00edce starat o na\u0161i vlastn\u00ed obranu,\u201c<\/span><\/em><span dir=\"auto\">\u00a0\u0159ekl Rutte ve st\u0159edu televizi Fox News.<\/span><\/p>\n<p data-start=\"313\" data-end=\"466\"><span dir=\"auto\">Z\u00e1rove\u0148 mnoho evropsk\u00fdch p\u0159edstavitel\u016f kritizovalo Trumpovy hrozby anektov\u00e1n\u00edm Gr\u00f3nska od D\u00e1nska, p\u0159i\u010dem\u017e \u0161\u00e9fka zahrani\u010dn\u00ed politiky EU Kaja Kallasov\u00e1 ozna\u010dila jeho postoj za\u00a0<\/span><em><span dir=\"auto\">\u201evelkou r\u00e1nou\u201c<\/span><\/em><span dir=\"auto\">\u00a0pro transatlantick\u00e9 vztahy.\u00a0<\/span><\/p>\n<p data-start=\"313\" data-end=\"466\"><span dir=\"auto\">Pentagon uvedl, \u017ee Trumpovi poskytne\u00a0<\/span><em><span dir=\"auto\">\u201ed\u016fv\u011bryhodn\u00e9 mo\u017enosti\u201c<\/span><\/em><span dir=\"auto\">\u00a0k zaji\u0161t\u011bn\u00ed p\u0159\u00edstupu ke\u00a0<\/span><em><span dir=\"auto\">\u201ekl\u00ed\u010dov\u00e9mu \u00fazem\u00ed\u201c<\/span><\/em><span dir=\"auto\">\u00a0v Gr\u00f3nsku a Panamsk\u00e9mu pr\u016fplavu, kter\u00fd se tak\u00e9 sna\u017eil anektovat.<\/span><\/p>\n<p><img decoding=\"async\" loading=\"lazy\" class=\"alignnone size-full wp-image-1185\" src=\"http:\/\/www.infokuryr.cz\/n\/wp-content\/uploads\/2021\/04\/kuryr-podpis.png\" alt=\"\" width=\"84\" height=\"24\" \/><\/p>\n<p>&nbsp;<\/p>\n","protected":false},"excerpt":{"rendered":"<p>Americk\u00fd prezident uvedl, \u017ee Ottawa se stav\u00ed proti jeho pl\u00e1n\u016fm na z\u0159\u00edzen\u00ed syst\u00e9mu protiraketov\u00e9 obrany&#8230;<\/p>\n","protected":false},"author":2,"featured_media":97673,"comment_status":"closed","ping_status":"closed","sticky":false,"template":"","format":"standard","meta":[],"categories":[7],"tags":[30,283,248,380,452],"_links":{"self":[{"href":"https:\/\/www.infokuryr.cz\/n\/wp-json\/wp\/v2\/posts\/97672"}],"collection":[{"href":"https:\/\/www.infokuryr.cz\/n\/wp-json\/wp\/v2\/posts"}],"about":[{"href":"https:\/\/www.infokuryr.cz\/n\/wp-json\/wp\/v2\/types\/post"}],"author":[{"embeddable":true,"href":"https:\/\/www.infokuryr.cz\/n\/wp-json\/wp\/v2\/users\/2"}],"replies":[{"embeddable":true,"href":"https:\/\/www.infokuryr.cz\/n\/wp-json\/wp\/v2\/comments?post=97672"}],"version-history":[{"count":0,"href":"https:\/\/www.infokuryr.cz\/n\/wp-json\/wp\/v2\/posts\/97672\/revisions"}],"wp:featuredmedia":[{"embeddable":true,"href":"https:\/\/www.infokuryr.cz\/n\/wp-json\/wp\/v2\/media\/97673"}],"wp:attachment":[{"href":"https:\/\/www.infokuryr.cz\/n\/wp-json\/wp\/v2\/media?parent=97672"}],"wp:term":[{"taxonomy":"category","embeddable":true,"href":"https:\/\/www.infokuryr.cz\/n\/wp-json\/wp\/v2\/categories?post=97672"},{"taxonomy":"post_tag","embeddable":true,"href":"https:\/\/www.infokuryr.cz\/n\/wp-json\/wp\/v2\/tags?post=97672"}],"curies":[{"name":"wp","href":"https:\/\/api.w.org\/{rel}","templated":true}]}}