{"id":97586,"date":"2026-01-23T00:31:04","date_gmt":"2026-01-22T23:31:04","guid":{"rendered":"https:\/\/www.infokuryr.cz\/n\/?p=97586"},"modified":"2026-01-22T18:47:11","modified_gmt":"2026-01-22T17:47:11","slug":"kdyz-selhava-dohled-jak-moc-roste-skrze-krize-kontrolu-a-dodrzovani-predpisu","status":"publish","type":"post","link":"https:\/\/www.infokuryr.cz\/n\/2026\/01\/23\/kdyz-selhava-dohled-jak-moc-roste-skrze-krize-kontrolu-a-dodrzovani-predpisu\/","title":{"rendered":"Kdy\u017e selh\u00e1v\u00e1 dohled \u2013 Jak moc roste skrze krize, kontrolu a dodr\u017eov\u00e1n\u00ed p\u0159edpis\u016f"},"content":{"rendered":"<div id=\"fb-root\"><\/div>\n<div class=\"elementor-element elementor-element-1fb4c2c elementor-widget elementor-widget-theme-post-content\" data-id=\"1fb4c2c\" data-element_type=\"widget\" data-widget_type=\"theme-post-content.default\">\n<div class=\"elementor-widget-container\">\n<p><strong><em><span dir=\"auto\">Anal\u00fdza Dr. Josepha Mercoly<\/span><\/em><\/strong><\/p>\n<figure class=\"wp-block-embed is-type-video is-provider-youtube wp-block-embed-youtube wp-embed-aspect-16-9 wp-has-aspect-ratio\">\n<div class=\"wp-block-embed__wrapper\"><iframe loading=\"lazy\" title=\"Z\u00e1\u017eitek Joea Rogana \u010d. 2411 - Gavin de Becker\" src=\"https:\/\/www.youtube.com\/embed\/u04t4fkBIeM?feature=oembed\" width=\"800\" height=\"450\" frameborder=\"0\" allowfullscreen=\"allowfullscreen\" data-mce-fragment=\"1\"><\/iframe><\/div>\n<\/figure>\n<h3 class=\"has-medium-font-size\"><strong><span dir=\"auto\">P\u0159\u00edb\u011bh v kostce<\/span><\/strong><\/h3>\n<ul>\n<li><span dir=\"auto\">Joe Rogan se setkal s bezpe\u010dnostn\u00edm expertem Gavinem de Beckerem, aby diskutovali o vl\u00e1dn\u00edm tajemstv\u00ed, vlivu m\u00e9di\u00ed, zdravotnick\u00fdch org\u00e1n\u016f a o tom, pro\u010d je skepticismus i nad\u00e1le nezbytn\u00fd, kdy\u017e mocn\u00e9 instituce funguj\u00ed s omezenou transparentnost\u00ed nebo smyslupln\u00fdm dohledem.<\/span><\/li>\n<li><span dir=\"auto\">Historick\u00e9 p\u0159\u00edklady citovan\u00e9 de Beckerem ukazuj\u00ed, jak argumenty n\u00e1rodn\u00ed bezpe\u010dnosti umo\u017e\u0148uj\u00ed dlouhodob\u00e9 tajn\u00e9 operace, kter\u00e9 z\u016fst\u00e1vaj\u00ed skryt\u00e9 po cel\u00e1 desetilet\u00ed, dokud se neobjev\u00ed d\u016fkazy a nen\u00ed p\u0159\u00edli\u0161 pozd\u011b na to, aby bylo mo\u017en\u00e9 od\u010dinit zp\u016fsoben\u00e9 \u0161kody.<\/span><\/li>\n<li><span dir=\"auto\">Kontrola je z\u0159\u00eddka zalo\u017eena pouze na n\u00e1sil\u00ed. Opakov\u00e1n\u00ed, medi\u00e1ln\u00ed zaujatost a vnucov\u00e1n\u00ed narativ\u016f formuj\u00ed vn\u00edm\u00e1n\u00ed, omezuj\u00ed p\u0159ijatelnou debatu a vytv\u00e1\u0159ej\u00ed zd\u00e1n\u00ed dobrovoln\u00e9ho konsensu bez zjevn\u00e9ho n\u00e1tlaku.<\/span><\/li>\n<li><span dir=\"auto\">Diskutovali tak\u00e9 o tom, pro\u010d by vakc\u00edny nem\u011bly b\u00fdt pova\u017eov\u00e1ny za jednu kategorii, a zd\u016fraz\u0148ovali rozd\u00edly v riziku onemocn\u011bn\u00ed a individu\u00e1ln\u00edch v\u00fdsledc\u00edch nam\u00edsto plo\u0161n\u00fdch z\u00e1ruk.<\/span><\/li>\n<li><span dir=\"auto\">Praktikov\u00e1n\u00ed skepticismu slou\u017e\u00ed va\u0161\u00ed sebeobran\u011b. To znamen\u00e1 zpomalit uva\u017eov\u00e1n\u00ed, zkoumat motivy a d\u016fkazy a odm\u00edtnout delegovat \u00fasudek na n\u011bkoho jin\u00e9ho.<\/span><\/li>\n<\/ul>\n<p><span dir=\"auto\">V\u011bt\u0161ina lid\u00ed se domn\u00edv\u00e1, \u017ee syst\u00e9my ur\u010den\u00e9 k jejich ochran\u011b funguj\u00ed v rozumn\u00fdch mez\u00edch a podl\u00e9haj\u00ed smyslupln\u00e9mu dohledu. Tento p\u0159edpoklad se obvykle posiluje, kdy\u017e uji\u0161t\u011bn\u00ed poch\u00e1zej\u00ed od instituc\u00ed s v\u011bdeckou d\u016fv\u011bryhodnost\u00ed, vl\u00e1dn\u00ed podporou nebo dlouhodobou autoritou. Tato automatick\u00e1 d\u016fv\u011bra v\u0161ak ovliv\u0148uje, jak jsou rozhodnut\u00ed p\u0159ij\u00edm\u00e1na a jak z\u0159\u00eddka jsou v pr\u016fb\u011bhu \u010dasu zpochyb\u0148ov\u00e1ny z\u00e1kladn\u00ed procesy.<\/span><\/p>\n<p><span dir=\"auto\">Tato ot\u00e1zka dohledu je \u00fast\u0159edn\u00edm t\u00e9matem rozhovoru Joea Rogana s Gavinem de Beckerem, bezpe\u010dnostn\u00edm expertem a zakladatelem spole\u010dnosti Gavin de Becker &amp; Associates, kter\u00e1 se specializuje na anal\u00fdzu hrozeb a ochrann\u00e9 slu\u017eby. Je tak\u00e9 autorem n\u011bkolika knih, v\u010detn\u011b sv\u00e9 nejnov\u011bj\u0161\u00ed pr\u00e1ce \u201eZak\u00e1zan\u00e1 fakta: Vl\u00e1dn\u00ed klam a potla\u010dov\u00e1n\u00ed po\u0161kozen\u00ed mozku v d\u016fsledku vakc\u00edn v d\u011btstv\u00ed\u201c.<\/span><\/p>\n<p><span dir=\"auto\">Ve v\u00fd\u0161e zm\u00edn\u011bn\u00e9 diskusi se de Becker jako kriminolog pod\u011blil o sv\u00e1 zji\u0161t\u011bn\u00ed o neopr\u00e1vn\u011bn\u00fdch vl\u00e1dn\u00edch operac\u00edch a zdokumentovan\u00fdch vzorc\u00edch, kter\u00e9 se objevuj\u00ed, kdy\u017e mocn\u00e9 instituce jednaj\u00ed bez odpov\u011bdnosti. Tyto vzorce jsou d\u016fle\u017eit\u00e9, proto\u017ee ovliv\u0148uj\u00ed politiky, narativy a rozhodnut\u00ed v oblasti ve\u0159ejn\u00e9ho zdrav\u00ed, kter\u00e1 i dnes utv\u00e1\u0159ej\u00ed v\u00e1\u0161 \u017eivot.<\/span><\/p>\n<h2 class=\"wp-block-heading has-medium-font-size\"><strong><span dir=\"auto\">Skryt\u00e1 historie \u201edobr\u00fdch vl\u00e1d\u201c<\/span><\/strong><\/h2>\n<p><span dir=\"auto\">De Becker za\u010d\u00edn\u00e1 zkoum\u00e1n\u00edm tajn\u00fdch zpravodajsk\u00fdch operac\u00ed, kter\u00e9 z\u016fst\u00e1valy po cel\u00e1 desetilet\u00ed utajen\u00e9, zejm\u00e9na projektu Gladio, pov\u00e1le\u010dn\u00e9ho programu iniciovan\u00e9ho \u00da\u0159adem strategick\u00fdch slu\u017eeb (OSS), kter\u00fd se pozd\u011bji stal \u00dast\u0159edn\u00ed zpravodajskou slu\u017ebou (CIA). M\u00edsto \u00fapln\u00e9ho sta\u017een\u00ed z Evropy po v\u00e1lce americk\u00e1 arm\u00e1da na\u0159\u00eddila vybran\u00fdm voj\u00e1k\u016fm, aby z\u016fstali v zemi, ukryli zbran\u011b a v\u00fdbu\u0161niny v podzemn\u00edch skr\u00fd\u0161\u00edch a \u010dekali na dal\u0161\u00ed rozkazy.<\/span><\/p>\n<ul>\n<li><strong><span dir=\"auto\">Projekt Gladio byl ospravedl\u0148ov\u00e1n jako obrana proti komunismu \u2013<\/span><\/strong><span dir=\"auto\">\u00a0\u00fa\u010delem sil z\u016fst\u00e1vaj\u00edc\u00edch v t\u00fdlu bylo \u010delit komunismu a socialismu v Evrop\u011b a zabr\u00e1nit \u0161\u00ed\u0159en\u00ed sov\u011btsk\u00e9ho vlivu, p\u0159i\u010dem\u017e operovaly bez ve\u0159ejn\u00e9ho v\u011bdom\u00ed a kontroly. M\u00edsto toho, aby slou\u017eily jako sp\u00edc\u00ed nouzov\u00e1 rezerva, byly v\u0161ak nasazeny do zem\u00ed ve\u0159ejn\u011b pova\u017eovan\u00fdch za spojence USA.<\/span><\/li>\n<li><strong><span dir=\"auto\">Tyto s\u00edt\u011b p\u00e1chaly n\u00e1siln\u00e9 \u010diny proti civiln\u00edmu obyvatelstvu<\/span><\/strong><span dir=\"auto\">\u00a0\u2013 De Becker uv\u00e1d\u00ed jako p\u0159\u00edklad bombov\u00fd \u00fatok na vlakov\u00e9m n\u00e1dra\u017e\u00ed v Bologni v It\u00e1lii v roce 1980, p\u0159i kter\u00e9m bylo zabito 85 lid\u00ed a stovky dal\u0161\u00edch zran\u011bno, a popisuje jej jako \u00fatok financovan\u00fd a proveden\u00fd CIA. Zmi\u0148uje se tak\u00e9 o dal\u0161\u00edch bombov\u00fdch \u00fatoc\u00edch v N\u011bmecku a It\u00e1lii, v\u010detn\u011b \u00fatoku souvisej\u00edc\u00edho s Oktoberfestem, p\u0159i kter\u00e9m zahynulo 17 lid\u00ed, a poznamen\u00e1v\u00e1, \u017ee se nejednalo o ojedin\u011bl\u00e9 incidenty, ale o sou\u010d\u00e1st koordinovan\u00e9ho syst\u00e9mu akc\u00ed.<\/span><\/li>\n<li><strong><span dir=\"auto\">\u00da\u010delem t\u011bchto \u00fatok\u016f bylo ovlivnit politick\u00e9 v\u00fdsledky<\/span><\/strong><span dir=\"auto\">\u00a0\u2013 vytv\u00e1\u0159en\u00edm \u0161irok\u00e9ho strachu prost\u0159ednictv\u00edm ost\u0159e sledovan\u00fdch n\u00e1siln\u00fdch \u010din\u016f se ve\u0159ejn\u00e9 m\u00edn\u011bn\u00ed posunulo sm\u011brem k autorit\u00e1\u0159sk\u00fdm nebo pravicov\u00fdm vl\u00e1d\u00e1m.<\/span><\/li>\n<li><strong><span dir=\"auto\">Projekt Gladio se dokonce zam\u011b\u0159il na spojeneck\u00e9 politick\u00e9 v\u016fdce \u2013<\/span><\/strong><span dir=\"auto\">\u00a0De Becker se tak\u00e9 zab\u00fdv\u00e1 atent\u00e1tem na Alda Mora, b\u00fdval\u00e9ho italsk\u00e9ho premi\u00e9ra. Moro byl unesen, jeho p\u011bt bodyguard\u016f bylo zabito a o n\u011bkolik t\u00fddn\u016f pozd\u011bji byl nalezen zast\u0159elen\u00fd v kufru auta. Podle de Beckera se tak stalo v r\u00e1mci Projektu Gladio, a\u010dkoli zd\u016fraz\u0148uje, \u017ee se zam\u011b\u0159il na spojeneck\u00e9ho politika, nikoli na zahrani\u010dn\u00edho protivn\u00edka.<\/span><\/li>\n<li><strong><span dir=\"auto\">Existence Projektu Gladio byla po l\u00e9ta pop\u00edr\u00e1na \u2013<\/span><\/strong><span dir=\"auto\">\u00a0ameri\u010dt\u00ed politici opakovan\u011b odm\u00edtali tvrzen\u00ed o programu, a to i za prezidentstv\u00ed George H. W. Bushe, kter\u00fd d\u0159\u00edve p\u016fsobil jako \u0159editel CIA. Ofici\u00e1ln\u00ed uzn\u00e1n\u00ed p\u0159i\u0161lo a\u017e po trval\u00e9m tlaku evropsk\u00fdch politik\u016f, zejm\u00e9na italsk\u00e9ho premi\u00e9ra, kter\u00fd na tuto z\u00e1le\u017eitost upozornil ve\u0159ejnost.<\/span><\/li>\n<li><strong><span dir=\"auto\">Po odhalen\u00ed programu do\u0161lo k pr\u00e1vn\u00edm zvrat\u016fm \u2013<\/span><\/strong><span dir=\"auto\">\u00a0pot\u00e9, co byl projekt Gladio uzn\u00e1n, evropsk\u00e9 soudy znovu otev\u0159ely procesy s teroristy souvisej\u00edc\u00ed s t\u011bmito incidenty. De Becker poznamen\u00e1v\u00e1, \u017ee d\u0159\u00edve v\u011bzn\u011bn\u00e9 osoby byly propu\u0161t\u011bny pot\u00e9, co se objevily d\u016fkazy o tom, \u017ee n\u00e1sil\u00ed bylo financov\u00e1no a \u0159\u00edzeno zpravodajsk\u00fdmi slu\u017ebami, nikoli nez\u00e1visl\u00fdmi extremistick\u00fdmi skupinami.<\/span><\/li>\n<\/ul>\n<p><span dir=\"auto\">De Becker spojuje Projekt Gladio s \u0161ir\u0161\u00edm vzorcem, v n\u011bm\u017e se utajov\u00e1n\u00ed zvy\u0161uje v\u017edy, kdy\u017e je dovol\u00e1na n\u00e1rodn\u00ed bezpe\u010dnost. Dokumentace t\u011bchto ud\u00e1lost\u00ed je ve\u0159ejn\u011b dostupn\u00e1 v b\u011b\u017en\u00fdch zdroj\u00edch a \u010dten\u00e1\u0159e nal\u00e9hav\u011b vyz\u00fdv\u00e1, aby si historick\u00e9 z\u00e1znamy sami prostudovali.<\/span><\/p>\n<h2 class=\"wp-block-heading has-medium-font-size\"><strong><span dir=\"auto\">Stroj\u00edrenstv\u00ed ofici\u00e1ln\u00edch narativ\u016f<\/span><\/strong><\/h2>\n<p><span dir=\"auto\">De Becker a Rogan se pot\u00e9 obracej\u00ed k ot\u00e1zce, jak se informace sama o sob\u011b st\u00e1v\u00e1 n\u00e1strojem moci, jakmile kontrola sl\u00e1bne. De Becker vysv\u011btluje, \u017ee pouh\u00e9 utajen\u00ed jen z\u0159\u00eddka sta\u010d\u00ed k udr\u017een\u00ed kontroly. D\u016fle\u017eit\u011bj\u0161\u00ed je ovliv\u0148ov\u00e1n\u00ed toho, co \u010dlov\u011bk opakovan\u011b sly\u0161\u00ed a kdo sm\u00ed mluvit s autoritou.<\/span><\/p>\n<ul>\n<li><strong><span dir=\"auto\">Dodatky k z\u00e1konu Smith-Mundt odstranily form\u00e1ln\u00ed p\u0159ek\u00e1\u017eky dom\u00e1c\u00ed propagandy \u2013<\/span><\/strong><span dir=\"auto\">\u00a0Rogan poukazuje na zm\u011bny proveden\u00e9 b\u011bhem Obamovy administrativy, kter\u00e9 leg\u00e1ln\u011b umo\u017enily americk\u00fdm \u00fa\u0159ad\u016fm \u0161\u00ed\u0159it propagandu mezi americk\u00fdmi ob\u010dany. De Becker souhlas\u00ed s t\u00edm, \u017ee tento dodatek formalizoval st\u00e1vaj\u00edc\u00ed postupy a odstranil pr\u00e1vn\u00ed rozd\u00edl mezi zahrani\u010dn\u00edmi informa\u010dn\u00edmi kampan\u011bmi a dom\u00e1c\u00edmi vlivov\u00fdmi operacemi ve jm\u00e9nu n\u00e1rodn\u00ed bezpe\u010dnosti.<\/span><\/li>\n<li><strong><span dir=\"auto\">Projekt Mockingbird uk\u00e1zal, jak fungovala medi\u00e1ln\u00ed manipulace dlouho p\u0159ed p\u0159\u00edchodem digit\u00e1ln\u00edch platforem<\/span><\/strong><span dir=\"auto\">\u00a0. De Becker spojuje dodatky k Smith-Mundtovu z\u00e1konu s projektem Mockingbird, operac\u00ed z doby studen\u00e9 v\u00e1lky, jej\u00edm\u017e prost\u0159ednictv\u00edm CIA udr\u017eovala p\u0159\u00edm\u00e9 i nep\u0159\u00edm\u00e9 vztahy s americk\u00fdmi novin\u00e1\u0159i. Podle de Beckera byly zapojeny stovky novin\u00e1\u0159\u016f, n\u011bkte\u0159\u00ed na v\u00fdplatn\u00ed listin\u011b CIA, jin\u00ed neform\u00e1ln\u011b spolupracovali \u0161\u00ed\u0159en\u00edm narativ\u016f, kter\u00e9 slou\u017eily c\u00edl\u016fm zpravodajsk\u00fdch slu\u017eeb. A\u010dkoli Church\u016fv v\u00fdbor program ofici\u00e1ln\u011b ukon\u010dil, de Becker si klade ot\u00e1zku, zda skute\u010dn\u011b skon\u010dil, nebo se pouze vyvinul, zejm\u00e9na vzhledem k okam\u017eit\u00e9mu nadn\u00e1rodn\u00edmu \u0161\u00ed\u0159en\u00ed informac\u00ed.<\/span><\/li>\n<li><strong><span dir=\"auto\">Digit\u00e1ln\u00ed m\u00e9dia rozmazala hranice mezi zahrani\u010dn\u00edmi a dom\u00e1c\u00edmi sd\u011blen\u00edmi \u2013<\/span><\/strong><span dir=\"auto\">\u00a0dezinformace u\u017e nemus\u00ed b\u00fdt p\u0159\u00edmo vkl\u00e1d\u00e1ny do dom\u00e1c\u00edch m\u00e9di\u00ed, aby se k v\u00e1m dostaly. Informace \u0161\u00ed\u0159en\u00e9 v zahrani\u010d\u00ed koluj\u00ed po cel\u00e9m sv\u011bt\u011b b\u011bhem n\u011bkolika hodin a znovu se objevuj\u00ed prost\u0159ednictv\u00edm soci\u00e1ln\u00edch m\u00e9di\u00ed, vyhled\u00e1va\u010d\u016f a sekund\u00e1rn\u00edch zpravodajsk\u00fdch zpr\u00e1v. Proto\u017ee digit\u00e1ln\u00ed platformy nerespektuj\u00ed \u017e\u00e1dn\u00e9 geografick\u00e9 hranice, rozd\u00edl mezi zahrani\u010dn\u00edmi a dom\u00e1c\u00edmi zpr\u00e1vami se rozpad\u00e1. To, co kdysi vy\u017eadovalo form\u00e1ln\u00ed koordinaci se zpravodajsk\u00fdmi organizacemi, se nyn\u00ed d\u011bje prost\u0159ednictv\u00edm algoritmick\u00e9ho zesilov\u00e1n\u00ed a vir\u00e1ln\u00edho opakov\u00e1n\u00ed.<\/span><\/li>\n<li><strong><span dir=\"auto\">De Becker jako p\u0159\u00edklad uvedl manipulaci Twitteru Sa\u00fadskou Ar\u00e1bi\u00ed v letech 2018 a\u017e 2019<\/span><\/strong><span dir=\"auto\">\u00a0\u2013 vysv\u011btlil, \u017ee tis\u00edce automatizovan\u00fdch botov\u00fdch \u00fa\u010dt\u016f byly pou\u017eity k \u0161\u00ed\u0159en\u00ed ur\u010dit\u00fdch narativ\u016f, dokud se z nich nestaly trendy.<\/span><\/li>\n<li><em><span dir=\"auto\">\u201eKdy\u017e jsem vid\u011bl, co se d\u011bje na Twitteru, pomyslel jsem si: \u201aNo, ka\u017ed\u00e1 zem\u011b by to m\u011bla d\u011blat.\u2018 Nemysl\u00edm t\u00edm, \u017ee si mysl\u00edm, \u017ee je to dobr\u00e1 v\u011bc. Jen chci \u0159\u00edct, \u017ee je celkem z\u0159ejm\u00e9, \u017ee pokud m\u00e1te mo\u017enost komunikovat se sv\u00fdm obyvatelstvem\u2026 pokud dok\u00e1\u017eete ovl\u00e1dat jejich vn\u00edm\u00e1n\u00ed, pak je to samoz\u0159ejm\u011b n\u011bco, co ud\u011blala ka\u017ed\u00e1 zem\u011b ve sv\u011btov\u00fdch d\u011bjin\u00e1ch,\u201c<\/span><\/em><span dir=\"auto\">\u00a0poznamenal de Becker.<\/span><\/li>\n<li><strong><span dir=\"auto\">Ka\u017ed\u00e1 zem\u011b m\u00e1 sv\u016fj p\u0159\u00edb\u011bh<\/span><\/strong><span dir=\"auto\">\u00a0\u2013 De Becker poznamen\u00e1v\u00e1, \u017ee ka\u017ed\u00e1 zem\u011b p\u011bstuje z\u00e1kladn\u00ed p\u0159\u00edb\u011bh, kter\u00fd formuje to, jak jej\u00ed obyvatelstvo interpretuje t\u011b\u017ekosti a autoritu. Tyto p\u0159\u00edb\u011bhy se v jednotliv\u00fdch kultur\u00e1ch li\u0161\u00ed, ale v\u0161echny posiluj\u00ed konformitu a omezuj\u00ed kritick\u00e9 zkoum\u00e1n\u00ed. Kdy\u017e se objev\u00ed disentn\u00ed hlasy, \u010dasto se st\u00e1vaj\u00ed ter\u010dem potla\u010dov\u00e1n\u00ed, proto\u017ee naru\u0161uj\u00ed centralizovan\u00fd p\u0159\u00edb\u011bh. De Becker a Rogan spojuj\u00ed tuto dynamiku kontroly informac\u00ed s pandemi\u00ed COVID-19.<\/span><\/li>\n<\/ul>\n<h2 class=\"wp-block-heading has-medium-font-size\"><strong><span dir=\"auto\">Jak se krize vyu\u017e\u00edvaj\u00ed jako katalyz\u00e1tor kontroly<\/span><\/strong><\/h2>\n<p><span dir=\"auto\">Pokud jde o COVID, de Becker odd\u011bluje p\u016fvod viru od n\u00e1sledn\u00fdch reakc\u00ed. Up\u0159es\u0148uje, \u017ee jeho anal\u00fdza nez\u00e1vis\u00ed na tom, zda virus vznikl p\u0159irozen\u011b, nebo lidskou \u010dinnost\u00ed. M\u00edsto toho se zam\u011b\u0159uje na to, co vl\u00e1dy d\u011blaly po vypuknut\u00ed krize a co tyto \u010diny odhaluj\u00ed o tom, jak se moc v nouzov\u00fdch situac\u00edch roz\u0161i\u0159uje.<\/span><\/p>\n<ul>\n<li><strong><span dir=\"auto\">Opat\u0159en\u00ed v souvislosti s COVIDem vedla k omezen\u00edm pro celou populaci \u2013<\/span><\/strong><span dir=\"auto\">\u00a0vl\u00e1dy t\u00e9m\u011b\u0159 ve v\u0161ech z\u00e1padn\u00edch zem\u00edch uvalily na sv\u00e9 obyvatelstvo formy dom\u00e1c\u00edho v\u011bzen\u00ed, podniky byly uzav\u0159eny a svoboda pohybu byla omezena v bezprecedentn\u00ed m\u00ed\u0159e.<\/span><\/li>\n<li><strong><span dir=\"auto\">Soci\u00e1ln\u00ed a politick\u00e9 dopady lockdown\u016f p\u0159ev\u00e1\u017eily dopad samotn\u00e9ho viru \u2013<\/span><\/strong><span dir=\"auto\">\u00a0lockdowny p\u0159edstavovaly jedno z nejv\u00fdznamn\u011bj\u0161\u00edch opat\u0159en\u00ed st\u00e1tn\u00ed kontroly v modern\u00ed historii. Jejich v\u00fdznam nespo\u010d\u00edv\u00e1 jen v zaveden\u00fdch omezen\u00edch, ale tak\u00e9 v demonstraci, \u017ee b\u011b\u017en\u00e9 svobody lze rychle pozastavit a \u017ee je to v\u0161eobecn\u011b p\u0159ij\u00edm\u00e1no.<\/span><\/li>\n<li><strong><span dir=\"auto\">K rychl\u00e9mu dodr\u017eov\u00e1n\u00ed p\u0159edpis\u016f ze strany instituc\u00ed vedly pob\u00eddky, nikoli konspira\u010dn\u00ed teorie<\/span><\/strong><span dir=\"auto\">\u00a0\u2013 kdy\u017e se objevil COVID, cel\u00e1 odv\u011btv\u00ed se rychle reorganizovala, aby splnila nov\u00e9 po\u017eadavky. Spole\u010dnosti bez centr\u00e1ln\u00ed koordinace p\u0159esunuly svou v\u00fdrobu na dezinfek\u010dn\u00ed prost\u0159edky, zna\u010den\u00ed a materi\u00e1ly pro soci\u00e1ln\u00ed distancov\u00e1n\u00ed. K t\u011bmto zm\u011bn\u00e1m do\u0161lo, proto\u017ee dodr\u017eov\u00e1n\u00ed p\u0159edpis\u016f se sladilo s vym\u00e1h\u00e1n\u00edm p\u0159edpis\u016f a ziskem.<\/span><\/li>\n<li><strong><span dir=\"auto\">Simulace pandemie up\u0159ednost\u0148ovaly kontrolu informac\u00ed p\u0159ed l\u00e9ka\u0159sk\u00fdmi opat\u0159en\u00edmi<\/span><\/strong><span dir=\"auto\">\u00a0\u2013 De Becker odkazuje na Ud\u00e1lost 201, ve\u0159ejn\u011b dostupn\u00e9 video simulace pandemie z roku 2019, kterou zorganizovala Nadace Billa a Melindy Gatesov\u00fdch a kter\u00e9 se z\u00fa\u010dastnili z\u00e1stupci CIA, \u010c\u00ednsk\u00e9ho centra pro kontrolu a prevenci nemoc\u00ed, vojensk\u00e9ho veden\u00ed a m\u00e9di\u00ed, jako je CBS.<\/span><\/li>\n<li><em><span dir=\"auto\">\u201eSe\u0161li se a mluvili o tom, co by se stalo v p\u0159\u00edpad\u011b pandemie. Dali pandemii n\u00e1zev a provedli k n\u00ed simula\u010dn\u00ed cvi\u010den\u00ed. Prob\u00edhaly n\u011bjak\u00e9 diskuse o zdrav\u00ed? Ne. \u0160lo v\u00fdhradn\u011b o kontrolu informac\u00ed. Pro\u010d je to zaj\u00edmav\u00e9? Proto\u017ee to bylo v roce 2019, p\u0159edt\u00edm, ne\u017e se objevil COVID. Tak\u017ee na konci roku 2019 tato simula\u010dn\u00ed cvi\u010den\u00ed prob\u00edhala u\u017e roky,\u201c<\/span><\/em><span dir=\"auto\">\u00a0vysv\u011btlil.<\/span><\/li>\n<li><strong><span dir=\"auto\">Omezen\u00ed byla uplat\u0148ov\u00e1na selektivn\u011b zp\u016fsobem, kter\u00fd up\u0159ednost\u0148oval centralizovanou autoritu<\/span><\/strong><span dir=\"auto\">\u00a0\u2013 b\u011bhem karant\u00e9ny z\u016fstaly obchody s alkoholem a velk\u00e9 maloobchodn\u00ed \u0159et\u011bzce otev\u0159en\u00e9, zat\u00edmco kostely a mal\u00e1 shrom\u00e1\u017ed\u011bn\u00ed byla omezena nebo uzav\u0159ena. De Becker to interpretuje jako sou\u010d\u00e1st \u0161ir\u0161\u00edho vzorce, v n\u011bm\u017e vl\u00e1dy toleruj\u00ed instituce, kter\u00e9 nezpochyb\u0148uj\u00ed centralizovanou moc, a z\u00e1rove\u0148 omezuj\u00ed ty, kter\u00e9 podporuj\u00ed nez\u00e1vislou soci\u00e1ln\u00ed soudr\u017enost. Kdy\u017e je lidem zabr\u00e1n\u011bno ve shroma\u017e\u010fov\u00e1n\u00ed za \u00fa\u010delem sd\u00edlen\u00ed z\u00e1\u017eitk\u016f, jako jsou n\u00e1bo\u017eensk\u00e9 ob\u0159ady, koncerty nebo ve\u0159ejn\u00e9 volno\u010dasov\u00e9 aktivity, soci\u00e1ln\u00ed vazby oslabuj\u00ed. Bez t\u011bchto prostor se lid\u00e9 st\u00e1vaj\u00ed izolovan\u011bj\u0161\u00edmi a z\u00e1visl\u00fdmi na zprost\u0159edkovan\u00fdch narativech.<\/span><\/li>\n<li><strong><span dir=\"auto\">Historick\u00e9 paralely s AIDS \u2013<\/span><\/strong><span dir=\"auto\">\u00a0De Becker a Rogan pouk\u00e1zali na krizi AIDS jako na d\u0159\u00edv\u011bj\u0161\u00ed p\u0159\u00edklad, kdy jedin\u00fd vysv\u011btluj\u00edc\u00ed model rychle upevnil a omezil otev\u0159enou debatu. Nap\u0159\u00edklad Peter Duesberg, profesor na Kalifornsk\u00e9 univerzit\u011b v Berkeley a uzn\u00e1van\u00fd v\u00fdzkumn\u00edk rakoviny, zpochybnil p\u0159evl\u00e1daj\u00edc\u00ed narativ o HIV\/AIDS a \u010delil nikoli v\u011bdeck\u00e9 diskusi, ale profesion\u00e1ln\u00edm d\u016fsledk\u016fm. Duesberg tvrdil, \u017ee HIV je slab\u00fd virus, kter\u00fd vzkv\u00e9t\u00e1 v syst\u00e9mech ji\u017e tak naru\u0161en\u00fdch t\u011b\u017ek\u00fdm u\u017e\u00edv\u00e1n\u00edm drog, \u0161patnou v\u00fd\u017eivou a opakovan\u00fdm u\u017e\u00edv\u00e1n\u00edm antibiotik. Komunita homosexu\u00e1l\u016f v t\u00e9 dob\u011b za\u017e\u00edvala obrovskou sexu\u00e1ln\u00ed svobodu, \u010dasto doprov\u00e1zenou t\u011b\u017ek\u00fdm u\u017e\u00edv\u00e1n\u00edm drog, co\u017e Duesberg identifikoval jako p\u0159\u00ed\u010dinu specifick\u00fdch respira\u010dn\u00edch probl\u00e9m\u016f spojen\u00fdch s AIDS.<\/span><\/li>\n<li><strong><span dir=\"auto\">Konven\u010dn\u00ed l\u00e9\u010dba zhor\u0161ila stav pacient\u016f<\/span><\/strong><span dir=\"auto\">\u00a0\u2013 chemoterapeutick\u00fd l\u00e9k azidothymidin (AZT) byl \u0161iroce p\u0159edepisov\u00e1n navzdory jeho zn\u00e1m\u00e9 toxicit\u011b a jeho p\u0159edchoz\u00edmu pou\u017e\u00edv\u00e1n\u00ed k l\u00e9\u010db\u011b rakoviny. Rogan poznamen\u00e1v\u00e1, \u017ee to byl jedin\u00fd chemoterapeutick\u00fd l\u00e9k, kter\u00fd byl kdy p\u0159edeps\u00e1n k dlouhodob\u00e9mu a nep\u0159etr\u017eit\u00e9mu u\u017e\u00edv\u00e1n\u00ed. De Becker vypr\u00e1v\u00ed p\u0159\u00edb\u011bh rumunsk\u00e9 d\u00edvky adoptovan\u00e9 americk\u00fdm p\u00e1rem. D\u00edt\u011b m\u011blo v Rumunsku negativn\u00ed test na HIV, ale po p\u0159\u00edjezdu do Spojen\u00fdch st\u00e1t\u016f bylo HIV pozitivn\u00ed. Pot\u00e9 byla l\u00e9\u010dena AZT a jej\u00ed zdravotn\u00ed stav se rychle a v\u00e1\u017en\u011b zhor\u0161il. Kdy\u017e rodi\u010de kontaktovali Petera Duesberga, poradil jim, aby s u\u017e\u00edv\u00e1n\u00edm l\u00e9k\u016f okam\u017eit\u011b p\u0159estali. Podle de Beckera se stav d\u00edt\u011bte po ukon\u010den\u00ed u\u017e\u00edv\u00e1n\u00ed AZT postupn\u011b zlep\u0161oval. Pozd\u011bji dos\u00e1hla dosp\u011blosti, ot\u011bhotn\u011bla a porodila zdrav\u00e9 d\u00edt\u011b, p\u0159esto\u017ee j\u00ed d\u0159\u00edve byla stanovena o\u010dek\u00e1van\u00e1 d\u00e9lka \u017eivota maxim\u00e1ln\u011b 11 let. Postupem \u010dasu se sni\u017eovala \u00famrtnost souvisej\u00edc\u00ed s AIDS, proto\u017ee AZT se pou\u017e\u00edval m\u00e9n\u011b \u010dasto \u2013 co\u017e vyvolalo ot\u00e1zky ohledn\u011b v\u00fdsledk\u016f l\u00e9\u010dby, kter\u00e9 nebyly b\u011bhem vrcholn\u00e9 krize otev\u0159en\u011b zkoum\u00e1ny.<\/span><\/li>\n<\/ul>\n<p><span dir=\"auto\">V m\u00e9m p\u0159edchoz\u00edm rozhovoru s de Beckerem jsme podrobn\u011bji probrali, jak se strach vyu\u017e\u00edv\u00e1 k ovliv\u0148ov\u00e1n\u00ed chov\u00e1n\u00ed ve\u0159ejnosti a jak se vn\u00edman\u00e9 hrozby vyu\u017e\u00edvaj\u00ed k prosazov\u00e1n\u00ed dodr\u017eov\u00e1n\u00ed p\u0159edpis\u016f v krizov\u00fdch dob\u00e1ch. P\u0159e\u010dt\u011bte si n\u00e1\u0161 rozhovor v \u010d\u00e1sti \u201e\u00a0<\/span><a href=\"https:\/\/articles.mercola.com\/sites\/articles\/archive\/2024\/07\/28\/gavin-de-becker-gift-of-fear.aspx\" target=\"_blank\" rel=\"noreferrer noopener\"><span dir=\"auto\">Bezpe\u010dnostn\u00ed expert Gavin de Becker popisuje dar strachu<\/span><\/a><span dir=\"auto\">\u00a0\u201c.<\/span><\/p>\n<h2 class=\"wp-block-heading has-medium-font-size\"><strong><span dir=\"auto\">Pro\u010d by vakc\u00edny nem\u011bly b\u00fdt pova\u017eov\u00e1ny za jeden produkt<\/span><\/strong><\/h2>\n<p><span dir=\"auto\">P\u0159i diskusi o vakc\u00edn\u00e1ch se de Becker a Rogan zam\u011b\u0159uj\u00ed na z\u00e1sadn\u00ed probl\u00e9m: vakc\u00edny jsou pova\u017eov\u00e1ny za jednu, jednotnou kategorii, nikoli za jednotliv\u00e9 l\u00e9ka\u0159sk\u00e9 z\u00e1kroky, p\u0159esto\u017ee se ka\u017ed\u00e1 vakc\u00edna li\u0161\u00ed sv\u00fdm slo\u017een\u00edm, mechanismem \u00fa\u010dinku, c\u00edlov\u00fdm onemocn\u011bn\u00edm a rizikov\u00fdm profilem. Shrnut\u00ed v\u0161ech vakc\u00edn vede lidi k tomu, \u017ee uva\u017euj\u00ed z hlediska loajality k ur\u010dit\u00e9mu konceptu, sp\u00ed\u0161e ne\u017e k hodnocen\u00ed konkr\u00e9tn\u00edch produkt\u016f a v\u00fdsledk\u016f.<\/span><\/p>\n<ul>\n<li><strong><span dir=\"auto\">Prevalence onemocn\u011bn\u00ed je \u010dasto zam\u011b\u0148ov\u00e1na s individu\u00e1ln\u00edm rizikem \u2013<\/span><\/strong><span dir=\"auto\">\u00a0p\u0159\u00edtomnost onemocn\u011bn\u00ed v populaci automaticky neznamen\u00e1, \u017ee ka\u017ed\u00fd jedinec je vystaven stejn\u00e9mu riziku. Ne\u017e zv\u00e1\u017e\u00edte intervenci, mus\u00edte pochopit, jak je pravd\u011bpodobn\u00e9, \u017ee se vy nebo va\u0161e d\u00edt\u011b s touto nemoc\u00ed setk\u00e1te, jak z\u00e1va\u017en\u00e9 jsou obvykle n\u00e1sledky a zda vakc\u00edna tyto n\u00e1sledky v\u00fdznamn\u011b m\u011bn\u00ed. De Becker poznamen\u00e1v\u00e1, \u017ee ve\u0159ejn\u00e9 sd\u011blov\u00e1n\u00ed \u010dasto toto po\u0159ad\u00ed nedodr\u017euje. M\u00edsto toho se \u010dasto spol\u00e9h\u00e1 na narativy zalo\u017een\u00e9 na strachu, kter\u00e9 prezentuj\u00ed nejhor\u0161\u00ed mo\u017en\u00e9 sc\u00e9n\u00e1\u0159e, ani\u017e by je podlo\u017eily skute\u010dn\u00fdmi m\u00edrami v\u00fdskytu.<\/span><\/li>\n<li><strong><span dir=\"auto\">De Becker uv\u00e1d\u00ed jako p\u0159\u00edklad tetanus.<\/span><\/strong><span dir=\"auto\">\u00a0Vysv\u011btluje, \u017ee tetanus je zp\u016fsoben bakteriemi a nen\u00ed naka\u017eliv\u00fd, co\u017e znamen\u00e1, \u017ee se nem\u016f\u017ee p\u0159en\u00e1\u0161et z \u010dlov\u011bka na \u010dlov\u011bka. Uv\u00e1d\u00ed, \u017ee \u00famrt\u00ed na tetanus jsou ve Spojen\u00fdch st\u00e1tech extr\u00e9mn\u011b vz\u00e1cn\u00e1, p\u0159i\u010dem\u017e za 10 let bylo zaznamen\u00e1no 13 \u00famrt\u00ed, k nim\u017e do\u0161lo p\u0159edev\u0161\u00edm u star\u0161\u00edch osob. Vakc\u00edna proti tetanu m\u016f\u017ee b\u00fdt tak\u00e9 pod\u00e1na po zran\u011bn\u00ed, nikoli opakovan\u011b kojenc\u016fm. To vyvol\u00e1v\u00e1 legitimn\u00ed ot\u00e1zku, pro\u010d velmi mal\u00e9 d\u011bti dost\u00e1vaj\u00ed v\u00edce d\u00e1vek proti nemoci, se kterou se pravd\u011bpodobn\u011b nikdy nesetkaj\u00ed.<\/span><\/li>\n<li><strong><span dir=\"auto\">Dal\u0161\u00edm p\u0159\u00edkladem je d\u011btsk\u00e1 obrna<\/span><\/strong><span dir=\"auto\">\u00a0\u2013 De Becker cituje data CDC, kter\u00e1 ukazuj\u00ed, \u017ee p\u0159ibli\u017en\u011b 99 % lid\u00ed naka\u017een\u00fdch d\u011btskou obrnou nevykazuje \u017e\u00e1dn\u00e9 p\u0159\u00edznaky. Vysv\u011btluje, \u017ee paral\u00fdza, kter\u00e9 se v\u011bt\u0161ina lid\u00ed ob\u00e1v\u00e1, se vyskytuje pouze v mal\u00e9m procentu p\u0159\u00edpad\u016f a \u017ee se mnoho z nich uzdrav\u00ed. Poukazuje tak\u00e9 na to, \u017ee v posledn\u00edch letech v\u011bt\u0161ina hl\u00e1\u0161en\u00fdch p\u0159\u00edpad\u016f d\u011btsk\u00e9 obrny na cel\u00e9m sv\u011bt\u011b souvisela s o\u010dkov\u00e1n\u00edm, nikoli s divok\u00fdm virem d\u011btsk\u00e9 obrny. Rogan potvrzuje, \u017ee tyto informace jsou ve\u0159ejn\u011b dostupn\u00e9 prost\u0159ednictv\u00edm CDC, i kdy\u017e jsou v\u011bt\u0161in\u011b lid\u00ed nezn\u00e1m\u00e9.<\/span><\/li>\n<li><strong><span dir=\"auto\">O spalni\u010dk\u00e1ch a p\u0159\u00edu\u0161nic\u00edch se hovo\u0159\u00ed podobn\u00fdm zp\u016fsobem<\/span><\/strong><span dir=\"auto\">\u00a0\u2013 De Becker vysv\u011btluje, \u017ee po\u010det \u00famrt\u00ed na spalni\u010dky v USA dramaticky poklesl dlouho p\u0159ed rozs\u00e1hl\u00fdm o\u010dkov\u00e1n\u00edm d\u00edky zlep\u0161en\u00ed hygieny a v\u00fd\u017eivy. V\u00edce ne\u017e 20 let v USA nedo\u0161lo k \u017e\u00e1dn\u00fdm \u00famrt\u00edm na spalni\u010dky a pokud k \u00famrt\u00edm pozd\u011bji do\u0161lo, byla extr\u00e9mn\u011b vz\u00e1cn\u00e1. Ve skute\u010dnosti hl\u00e1\u0161en\u00e9 epidemie p\u0159\u00edu\u0161nic postihovaly p\u0159ev\u00e1\u017en\u011b o\u010dkovan\u00e9 osoby.<\/span><\/li>\n<li><strong><span dir=\"auto\">Diskuse se tak\u00e9 zab\u00fdv\u00e1 onemocn\u011bn\u00edmi a ne\u017e\u00e1douc\u00edmi \u00fa\u010dinky souvisej\u00edc\u00edmi s o\u010dkov\u00e1n\u00edm<\/span><\/strong><span dir=\"auto\">\u00a0\u2013 po\u0161kozen\u00ed souvisej\u00edc\u00ed s o\u010dkov\u00e1n\u00edm je v diskus\u00edch na \u00farovni populace obvykle prezentov\u00e1no jako vz\u00e1cn\u00e9 a bagatelizov\u00e1no. Pokud jsou v\u00fdsledky agregov\u00e1ny pomoc\u00ed pr\u016fm\u011br\u016f, je obt\u00ed\u017en\u00e9 identifikovat jednotliv\u00e9 ne\u017e\u00e1douc\u00ed \u00fa\u010dinky, i kdy\u017e jsou z\u00e1va\u017en\u00e9 nebo dlouhodob\u00e9. Z hlediska rizika \u010detnost v\u00fdsledku nesni\u017euje jeho v\u00fdznam pro posti\u017een\u00e9ho jedince.<\/span><\/li>\n<li><strong><span dir=\"auto\">To vede k obecn\u011bj\u0161\u00ed ot\u00e1zce, jak se individu\u00e1ln\u00ed \u0161kody porovn\u00e1vaj\u00ed s p\u0159\u00ednosy na \u00farovni populace<\/span><\/strong><span dir=\"auto\">\u00a0. De Becker vysv\u011btluje, \u017ee posouzen\u00ed rizik vy\u017eaduje ur\u010den\u00ed, kdo nese n\u00e1klady na intervenci. Pokud se \u0161kody soust\u0159ed\u00ed na jednotlivce, zat\u00edmco p\u0159\u00ednosy jsou rozlo\u017eeny mezi celou populaci, tyto individu\u00e1ln\u00ed v\u00fdsledky maj\u00ed tendenci mizet z ve\u0159ejn\u00e9ho \u00fa\u010detnictv\u00ed.<\/span><\/li>\n<li><strong><span dir=\"auto\">Bezpe\u010dnost letectv\u00ed odhaluje slabinu tohoto argumentu<\/span><\/strong><span dir=\"auto\">\u00a0\u2013 Rogan nab\u00edz\u00ed analogii, kter\u00e1 podle de Beckera probl\u00e9m v\u00fdsti\u017en\u011b popisuje. Pokud by se bezpe\u010dnost letectv\u00ed hodnotila stejn\u00fdm zp\u016fsobem, jako se \u010dasto hodnot\u00ed bezpe\u010dnost vakc\u00edn, nehody by se pr\u016fm\u011brovaly na miliony \u00fasp\u011b\u0161n\u00fdch let\u016f a \u00famrt\u00ed by se odm\u00edtala jako statisticky nev\u00fdznamn\u00e1. De Becker poznamen\u00e1v\u00e1, \u017ee letectv\u00ed pova\u017euje ka\u017edou nehodu za nep\u0159ijatelnou, bez ohledu na jej\u00ed vz\u00e1cnost, co\u017e je standard, kter\u00fd se v medic\u00edn\u011b pou\u017e\u00edv\u00e1 jen z\u0159\u00eddka.<\/span><\/li>\n<\/ul>\n<p><span dir=\"auto\">Tyto n\u00e1zory se shoduj\u00ed s d\u0159\u00edv\u011bj\u0161\u00edm rozhovorem, kter\u00fd Rogan vedl s Dr. Suzanne Humphriesovou, spoluautorkou knihy *Rozpl\u00fdv\u00e1n\u00ed iluz\u00ed: Nemoci, vakc\u00edny a zapomenut\u00e1 historie*, jedn\u00e9 z m\u00fdch nejobl\u00edben\u011bj\u0161\u00edch knih o vakc\u00edn\u00e1ch. V rozhovoru vysv\u011btlila historii, v\u011bdeck\u00e9 poznatky a skute\u010dn\u00e9 \u00fa\u010dinky vakc\u00edn. V\u00edce se o tomto podn\u011btn\u00e9m rozhovoru dozv\u00edte v \u010dl\u00e1nku \u201e\u00a0<\/span><a href=\"https:\/\/articles.mercola.com\/sites\/articles\/archive\/2025\/05\/04\/whats-the-real-story-behind-vaccines.aspx\" target=\"_blank\" rel=\"noreferrer noopener\"><span dir=\"auto\">Jak\u00fd je<\/span><\/a><span dir=\"auto\">\u00a0skute\u010dn\u00fd p\u0159\u00edb\u011bh o vakc\u00edn\u00e1ch?\u201c.<\/span><\/p>\n<h2 class=\"wp-block-heading has-medium-font-size\"><strong><span dir=\"auto\">Farmaceutick\u00e9 pob\u00eddky, ochrana odpov\u011bdnosti a medikalizace politiky<\/span><\/strong><\/h2>\n<p><span dir=\"auto\">Pokud jde o farmaceutick\u00e9 spole\u010dnosti, de Becker a Rogan se zam\u011b\u0159uj\u00ed na pr\u00e1vn\u00ed v\u00fdsledky zdokumentovan\u00e9 ve ve\u0159ejn\u00fdch z\u00e1znamech a na to, co tyto v\u00fdsledky odhaluj\u00ed o pob\u00eddk\u00e1ch. Zkoumaj\u00ed uzav\u0159en\u00e9 p\u0159\u00edpady, aby uk\u00e1zali, jak funguje vym\u00e1h\u00e1n\u00ed pr\u00e1va, kdy\u017e k n\u011bmu doch\u00e1z\u00ed bez zm\u011bny z\u00e1kladn\u00edho chov\u00e1n\u00ed.<\/span><\/p>\n<ul>\n<li><strong><span dir=\"auto\">Trestn\u00ed urovn\u00e1n\u00ed odhaluje vzorec st\u00edh\u00e1n\u00ed pot\u00e9, co ji\u017e byla \u0161koda zp\u016fsobena \u2013<\/span><\/strong><span dir=\"auto\">\u00a0n\u011bkolik velk\u00fdch farmaceutick\u00fdch spole\u010dnost\u00ed zaplatilo zna\u010dn\u00e9 pokuty a urovnalo spory souvisej\u00edc\u00ed s neleg\u00e1ln\u00edm marketingem, nepravdiv\u00fdmi tvrzen\u00edmi a dal\u0161\u00edm pochyben\u00edm uznan\u00fdm v soudn\u00edm \u0159\u00edzen\u00ed. Nap\u0159\u00edklad spole\u010dnost Pfizer zaplatila tehdy nejvy\u0161\u0161\u00ed pokutu v historii USA za reklamu na l\u00e9ky pro neschv\u00e1len\u00e9 pou\u017eit\u00ed a za nepravdiv\u00e1 tvrzen\u00ed. Spole\u010dnost Johnson &amp; Johnson tak\u00e9 \u010delila v n\u011bkolika st\u00e1tech zna\u010dn\u00fdm pokut\u00e1m v souvislosti se soudn\u00edmi spory ohledn\u011b d\u011btsk\u00e9ho pudru a opioid\u016f za klamav\u00fd marketing. Zmi\u0148uje tak\u00e9 spole\u010dnost Vioxx od spole\u010dnosti Merck a poznamen\u00e1v\u00e1, \u017ee odhady souvisej\u00edc\u00edch \u00famrt\u00ed se zna\u010dn\u011b li\u0161ily, v\u010detn\u011b \u010d\u00edsel v \u0159\u00e1du stovek tis\u00edc, zat\u00edmco spole\u010dnost i po urovn\u00e1n\u00ed nad\u00e1le generovala zna\u010dn\u00e9 p\u0159\u00edjmy. Dal\u0161\u00edm uv\u00e1d\u011bn\u00fdm p\u0159\u00edkladem je Zyprexa od spole\u010dnosti Eli Lilly, kter\u00e1 krom\u011b pom\u011brn\u011b men\u0161\u00edch finan\u010dn\u00edch pokut souvisej\u00edc\u00edch s reklamou mimo schv\u00e1len\u00e9 indikace a z\u00e1va\u017en\u00fdmi vedlej\u0161\u00edmi \u00fa\u010dinky vynesla des\u00edtky miliard dolar\u016f.<\/span><\/li>\n<li><strong><span dir=\"auto\">Pokuty ztr\u00e1cej\u00ed sv\u016fj odrazuj\u00edc\u00ed \u00fa\u010dinek, pokud jsou ni\u017e\u0161\u00ed ne\u017e zisky \u2013<\/span><\/strong><span dir=\"auto\">\u00a0z t\u011bchto p\u0159\u00edklad\u016f de Becker vyvozuje obecn\u00fd z\u00e1v\u011br, \u017ee pokuty ni\u017e\u0161\u00ed ne\u017e zisky ji\u017e nemaj\u00ed n\u00e1pravn\u00fd \u00fa\u010dinek. Rogan souhlas\u00ed a poznamen\u00e1v\u00e1, \u017ee podobn\u00e9 vzorce v r\u016fzn\u00fdch spole\u010dnostech poukazuj\u00ed sp\u00ed\u0161e na syst\u00e9mov\u00e9 pob\u00eddky ne\u017e na ojedin\u011bl\u00e1 selh\u00e1n\u00ed.<\/span><\/li>\n<li><strong><span dir=\"auto\">V\u00fdrobci vakc\u00edn podl\u00e9haj\u00ed odli\u0161n\u00fdm pravidl\u016fm odpov\u011bdnosti \u2013<\/span><\/strong><span dir=\"auto\">\u00a0De Becker vysv\u011btluje, \u017ee v\u00fdrobci vakc\u00edn nenesou p\u0159\u00edmou ob\u010danskopr\u00e1vn\u00ed odpov\u011bdnost za \u0161kody, \u010d\u00edm\u017e se eliminuje standardn\u00ed forma odpov\u011bdnosti, kter\u00e1 se vztahuje na v\u011bt\u0161inu ostatn\u00edch produkt\u016f. Rogan zd\u016fraz\u0148uje, \u017ee tento nedostatek odpov\u011bdnosti m\u011bn\u00ed zp\u016fsob, jak\u00fdm se posuzuj\u00ed rizika a zm\u00edr\u0148uj\u00ed n\u00e1sledky.<\/span><\/li>\n<li><strong><span dir=\"auto\">Antikoncepce byla nov\u011b definov\u00e1na jako opat\u0159en\u00ed ve\u0159ejn\u00e9ho zdrav\u00ed \u2013<\/span><\/strong><span dir=\"auto\">\u00a0c\u00edlov\u00e9 skupiny obyvatelstva se st\u00e1le v\u00edce medikalizovan\u011b zam\u011b\u0159ovaly a p\u0159esunuly se z explicitn\u00ed politick\u00e9 debaty do oblasti zdravotn\u00ed p\u00e9\u010de, pl\u00e1novan\u00e9ho rodi\u010dovstv\u00ed a program\u016f ve\u0159ejn\u00e9ho zdrav\u00ed. De Becker poukazuje na to, \u017ee existuj\u00ed zdokumentovan\u00e9 p\u0159\u00edpady nucen\u00fdch sterilizac\u00ed, kter\u00e9 pozd\u011bji vl\u00e1dy uznaly a v t\u00e9 dob\u011b byly \u010dasto ospravedl\u0148ov\u00e1ny jako iniciativy ve\u0159ejn\u00e9ho zdrav\u00ed.<\/span><\/li>\n<li><strong><span dir=\"auto\">N\u011bkter\u00e9 o\u010dkovac\u00ed kampan\u011b byly pozd\u011bji spojov\u00e1ny s nezve\u0159ejn\u011bn\u00fdmi \u00fa\u010dinky na plodnost<\/span><\/strong><span dir=\"auto\">\u00a0\u2013 De Becker uv\u00e1d\u00ed programy, v nich\u017e byl lidsk\u00fd choriov\u00fd gonadotropin (hCG), hormon produkovan\u00fd b\u011bhem t\u011bhotenstv\u00ed, pod\u00e1v\u00e1n bez zve\u0159ejn\u011bn\u00ed spolu s o\u010dkov\u00e1n\u00edm proti tetanu.<\/span><\/li>\n<li><em><span dir=\"auto\">\u201eZabra\u0148ovalo jim to ot\u011bhotn\u011bt. A m\u011bli Sv\u011btovou zdravotnickou organizaci, jej\u00edm\u017e z\u00e1kladn\u00edm \u00fakolem je sni\u017eovat populaci. Od sam\u00e9ho za\u010d\u00e1tku pracovali na tomto HCG<\/span><\/em><span dir=\"auto\">\u00a0,\u201c prozradil de Becker.<\/span><\/li>\n<li><strong><span dir=\"auto\">Popula\u010dn\u00ed politika byla integrov\u00e1na do zdravotnick\u00e9ho a ve\u0159ejn\u00e9ho zdravotn\u00edho syst\u00e9mu<\/span><\/strong><span dir=\"auto\">\u00a0. Jedn\u00edm z kl\u00ed\u010dov\u00fdch p\u0159\u00edklad\u016f, kter\u00e9 de Becker uv\u00e1d\u00ed, je Memorandum \u010d. 200 o studii n\u00e1rodn\u00ed bezpe\u010dnosti, b\u011b\u017en\u011b zn\u00e1m\u00e9 jako Kissingerova zpr\u00e1va, kter\u00e9 vykreslovalo popula\u010dn\u00ed r\u016fst v rozvojov\u00fdch zem\u00edch jako hrozbu pro strategick\u00e9 a ekonomick\u00e9 z\u00e1jmy USA. Vysv\u011btluje, \u017ee zpr\u00e1va se zam\u011b\u0159ovala na zem\u011b bohat\u00e9 na zdroje a zd\u016fraz\u0148ovala pot\u0159ebu sn\u00ed\u017eit popula\u010dn\u00ed r\u016fst, aby se k t\u011bmto zdroj\u016fm udr\u017eel p\u0159\u00edstup. V\u00fdslovn\u011b doporu\u010dovala vyu\u017eit\u00ed potravinov\u00e9 pomoci, ekonomick\u00e9ho vlivu a program\u016f ve\u0159ejn\u00e9ho zdrav\u00ed jako n\u00e1stroj\u016f k ovlivn\u011bn\u00ed porodnosti v t\u011bchto oblastech.<\/span><\/li>\n<\/ul>\n<h2 class=\"wp-block-heading has-medium-font-size\"><strong><span dir=\"auto\">Pro\u010d je skepticismus formou sebeobrany<\/span><\/strong><\/h2>\n<p><span dir=\"auto\">De Becker nal\u00e9h\u00e1 na Ameri\u010dany, aby praktikovali skepticismus, proto\u017ee ten v kone\u010dn\u00e9m d\u016fsledku ur\u010duje, kdo m\u00e1 moc. Vyjad\u0159uje to takto: \u201ePokud nejste skepti\u010dt\u00ed, vl\u00e1da vl\u00e1dne n\u00e1m. My nevl\u00e1dneme vl\u00e1d\u011b.\u201c Skepticismus nen\u00ed cynismus ani impulzivn\u00ed ned\u016fv\u011bra. Je to discipl\u00edna \u2013 praxe odkl\u00e1d\u00e1n\u00ed z\u00e1v\u011br\u016f dostate\u010dn\u011b dlouho na to, aby se prozkoumaly motivace, d\u016fkazy a d\u016fsledky, ne\u017e se automaticky s nimi souhlas\u00ed.<\/span><\/p>\n<p><span dir=\"auto\">Pokud v\u00e1m bude \u0159e\u010deno, \u017ee produkt je bezpe\u010dn\u00fd, \u017ee je nutn\u00e9 dodr\u017eovat ur\u010dit\u00e1 pravidla nebo \u017ee omezen\u00ed je pouze do\u010dasn\u00e9, zeptejte se, kdo m\u00e1 z va\u0161eho souhlasu prosp\u011bch, jak\u00e9 d\u016fkazy toto tvrzen\u00ed podporuj\u00ed a zda byly tyto d\u016fkazy nez\u00e1visle ov\u011b\u0159eny. To znamen\u00e1, \u017ee si mus\u00edte prov\u00e9st vlastn\u00ed pr\u016fzkum, proj\u00edt si z\u00e1znamy o praxi a soudn\u00ed dokumenty a p\u0159e\u010d\u00edst si ve\u0159ejn\u011b dostupn\u00e9 a zve\u0159ejn\u011bn\u00e9 spisy. Informace jsou k dispozici, pokud jste ochotni je hledat.<\/span><\/p>\n<p><span dir=\"auto\">V oblastech, jako je n\u00e1rodn\u00ed bezpe\u010dnost, ve\u0159ejn\u00e9 zdrav\u00ed a regulace podnik\u016f, za\u010d\u00edn\u00e1 odpov\u011bdnost tehdy, kdy\u017e se s \u017e\u00e1dnou instituc\u00ed nezach\u00e1z\u00ed jako s nedotknutelnou. Skepticismus neodm\u00edt\u00e1 odbornost; odm\u00edt\u00e1 se vzd\u00e1t vlastn\u00edho \u00fasudku. Syst\u00e9my ur\u010den\u00e9 k ochran\u011b ve\u0159ejnosti z\u016fst\u00e1vaj\u00ed odpov\u011bdn\u00e9 pouze tehdy, jsou-li podrobeny neust\u00e1l\u00e9 kontrole. Bez t\u00e9to kontroly se dozv\u00edte, co se skute\u010dn\u011b stalo, a\u017e o n\u011bkolik let pozd\u011bji, kdy\u017e jsou n\u00e1sledky ji\u017e trval\u00e9 a ti, kdo jsou za to zodpov\u011bdn\u00ed, u\u017e d\u00e1vno ode\u0161li.<\/span><\/p>\n<h2 class=\"wp-block-heading has-medium-font-size\"><strong><span dir=\"auto\">\u010casto kladen\u00e9 ot\u00e1zky (FAQ) o moci a dohledu<\/span><\/strong><\/h2>\n<p><strong><span dir=\"auto\">Ot\u00e1zka: Pro\u010d mus\u00edm zpochyb\u0148ovat instituce, kter\u00e9 maj\u00ed chr\u00e1nit ve\u0159ejn\u00e9 zdrav\u00ed a bezpe\u010dnost?<\/span><\/strong><\/p>\n<p><strong><span dir=\"auto\">A:<\/span><\/strong><span dir=\"auto\">\u00a0Zpochyb\u0148uj\u00ed instituce, proto\u017ee historie ukazuje, \u017ee autorita nevede automaticky k odpov\u011bdnosti. Politika a produkty jsou \u010dasto formov\u00e1ny sp\u00ed\u0161e pob\u00eddkami, pr\u00e1vn\u00edmi z\u00e1rukami a kontrolou informac\u00ed ne\u017e samotn\u00fdmi v\u00fdsledky. Kladen\u00ed ot\u00e1zek jim pom\u00e1h\u00e1 pochopit, jak byla rozhodnut\u00ed \u010din\u011bna, jak\u00e9 d\u016fkazy byly zva\u017eov\u00e1ny a kdo nese d\u016fsledky, kdy\u017e tato rozhodnut\u00ed zp\u016fsob\u00ed \u0161kodu.<\/span><\/p>\n<p><strong><span dir=\"auto\">Ot\u00e1zka: Znamen\u00e1 skepticismus odm\u00edt\u00e1n\u00ed v\u011bdy nebo odborn\u00fdch znalost\u00ed?<\/span><\/strong><\/p>\n<p><strong><span dir=\"auto\">A:<\/span><\/strong><span dir=\"auto\">\u00a0Ne. B\u00fdt skeptick\u00fd znamen\u00e1 hodnotit tvrzen\u00ed na z\u00e1klad\u011b d\u016fkaz\u016f, pob\u00eddek a v\u00fdsledk\u016f, sp\u00ed\u0161e ne\u017e zcela outsourcovat sv\u016fj \u00fasudek. M\u016f\u017eete respektovat odborn\u00e9 znalosti, ani\u017e byste je pova\u017eovali za neomyln\u00e9 nebo nezpochybniteln\u00e9.<\/span><\/p>\n<p><strong><span dir=\"auto\">Ot\u00e1zka: Jak ovliv\u0148uje kontrola m\u00e9di\u00ed moc vl\u00e1dy?<\/span><\/strong><\/p>\n<p><strong><span dir=\"auto\">A:<\/span><\/strong><span dir=\"auto\">\u00a0Informace formuj\u00ed vn\u00edm\u00e1n\u00ed. Kdy\u017e se narativy opakuj\u00ed prost\u0159ednictv\u00edm d\u016fv\u011bryhodn\u00fdch kan\u00e1l\u016f a odli\u0161n\u00e9 n\u00e1zory jsou marginalizov\u00e1ny, shoda vznik\u00e1 bez n\u00e1tlaku. M\u016f\u017eete se domn\u00edvat, \u017ee si vol\u00edte svobodn\u011b, zat\u00edmco rozsah p\u0159ijateln\u00fdch n\u00e1zor\u016f je ji\u017e z\u00fa\u017een.<\/span><\/p>\n<p><strong><span dir=\"auto\">Ot\u00e1zka: Pro\u010d se digit\u00e1ln\u00ed m\u00e9dia li\u0161\u00ed od p\u0159edchoz\u00edch propagandistick\u00fdch snah?<\/span><\/strong><\/p>\n<p><strong><span dir=\"auto\">A:<\/span><\/strong><span dir=\"auto\">\u00a0Digit\u00e1ln\u00ed platformy ru\u0161\u00ed geografick\u00e9 hranice. Zpr\u00e1vy publikovan\u00e9 kdekoli se \u0161\u00ed\u0159\u00ed v\u0161ude a jsou \u0161\u00ed\u0159eny algoritmy sp\u00ed\u0161e ne\u017e editory. D\u00edky tomu je spr\u00e1va vn\u00edm\u00e1n\u00ed rychlej\u0161\u00ed, m\u00e9n\u011b viditeln\u00e1 a h\u016f\u0159e dohledateln\u00e1 ke zdroji.<\/span><\/p>\n<p><strong><span dir=\"auto\">Ot\u00e1zka: Jak vypad\u00e1 skepticismus v praxi?<\/span><\/strong><\/p>\n<p><span dir=\"auto\">A: Znamen\u00e1 to odkl\u00e1dat rozhodnut\u00ed, kter\u00e1 vy\u017eaduj\u00ed okam\u017eit\u00e9 schv\u00e1len\u00ed. D\u00edv\u00e1te se na prim\u00e1rn\u00ed zdroje, z\u00e1znamy z praxe, soudn\u00ed rozhodnut\u00ed a zve\u0159ejn\u011bn\u00e9 dokumenty, pokud jsou k dispozici. Rozli\u0161ujete mezi uji\u0161t\u011bn\u00edmi a d\u016fkazy a vyh\u00fdb\u00e1te se tomu, abyste instituce pova\u017eovali za nedotknuteln\u00e9. Skepticismus v\u00e1s udr\u017euje v kontaktu, informovanosti a schopnosti \u010dinit rozhodnut\u00ed na z\u00e1klad\u011b toho, co si m\u016f\u017eete ov\u011b\u0159it, nikoli na z\u00e1klad\u011b toho, co je v\u00e1m prezentov\u00e1no jako p\u0159ijateln\u00e9.<\/span><\/p>\n<h4><span dir=\"auto\">Zdroje:<\/span><\/h4>\n<ul class=\"wp-block-list\">\n<li><sup><span dir=\"auto\">1,\u00a0<\/span><\/sup>\u00a0<sup><span dir=\"auto\">2,\u00a0<\/span><\/sup>\u00a0<sup><span dir=\"auto\">3,\u00a0<\/span><\/sup>\u00a0<sup><span dir=\"auto\">4,\u00a0<\/span><\/sup>\u00a0<sup><span dir=\"auto\">5,\u00a0<\/span><\/sup>\u00a0<sup><span dir=\"auto\">6,\u00a0<\/span><\/sup>\u00a0<sup><span dir=\"auto\">7,\u00a0<\/span><\/sup>\u00a0<sup><span dir=\"auto\">8,\u00a0<\/span><\/sup>\u00a0<sup><span dir=\"auto\">9\u00a0<\/span><\/sup>\u00a0<a href=\"https:\/\/www.youtube.com\/watch?v=u04t4fkBIeM\" target=\"_blank\" rel=\"noreferrer noopener\"><span dir=\"auto\">YouTube, Z\u00e1\u017eitek s Joem Roganem \u010d. 2411 &#8211; Gavin de Becker, 14. listopadu 2025<\/span><\/a><\/li>\n<\/ul>\n<\/div>\n<\/div>\n<div class=\"elementor-element elementor-element-8c57238 quelle dc-has-condition dc-condition-empty elementor-widget elementor-widget-heading\" data-id=\"8c57238\" data-element_type=\"widget\" data-widget_type=\"heading.default\">\n<div class=\"elementor-widget-container\">\n<h3 class=\"elementor-heading-title elementor-size-default\"><span style=\"font-size: 10pt;\"><a href=\"https:\/\/articles.mercola.com\/sites\/articles\/archive\/2026\/01\/18\/government-secrecy-media-control-public-health.aspx\" target=\"_blank\" rel=\"nofollow noopener\"><span dir=\"auto\">Zdroj<\/span><\/a><\/span><\/h3>\n<p>&nbsp;<\/p>\n<\/div>\n<\/div>\n","protected":false},"excerpt":{"rendered":"<p>Anal\u00fdza Dr. Josepha Mercoly P\u0159\u00edb\u011bh v kostce Joe Rogan se setkal s bezpe\u010dnostn\u00edm expertem Gavinem&#8230;<\/p>\n","protected":false},"author":2,"featured_media":97587,"comment_status":"closed","ping_status":"closed","sticky":false,"template":"","format":"standard","meta":[],"categories":[7],"tags":[1042,371,1749,2812,2452],"_links":{"self":[{"href":"https:\/\/www.infokuryr.cz\/n\/wp-json\/wp\/v2\/posts\/97586"}],"collection":[{"href":"https:\/\/www.infokuryr.cz\/n\/wp-json\/wp\/v2\/posts"}],"about":[{"href":"https:\/\/www.infokuryr.cz\/n\/wp-json\/wp\/v2\/types\/post"}],"author":[{"embeddable":true,"href":"https:\/\/www.infokuryr.cz\/n\/wp-json\/wp\/v2\/users\/2"}],"replies":[{"embeddable":true,"href":"https:\/\/www.infokuryr.cz\/n\/wp-json\/wp\/v2\/comments?post=97586"}],"version-history":[{"count":1,"href":"https:\/\/www.infokuryr.cz\/n\/wp-json\/wp\/v2\/posts\/97586\/revisions"}],"predecessor-version":[{"id":97588,"href":"https:\/\/www.infokuryr.cz\/n\/wp-json\/wp\/v2\/posts\/97586\/revisions\/97588"}],"wp:featuredmedia":[{"embeddable":true,"href":"https:\/\/www.infokuryr.cz\/n\/wp-json\/wp\/v2\/media\/97587"}],"wp:attachment":[{"href":"https:\/\/www.infokuryr.cz\/n\/wp-json\/wp\/v2\/media?parent=97586"}],"wp:term":[{"taxonomy":"category","embeddable":true,"href":"https:\/\/www.infokuryr.cz\/n\/wp-json\/wp\/v2\/categories?post=97586"},{"taxonomy":"post_tag","embeddable":true,"href":"https:\/\/www.infokuryr.cz\/n\/wp-json\/wp\/v2\/tags?post=97586"}],"curies":[{"name":"wp","href":"https:\/\/api.w.org\/{rel}","templated":true}]}}